{"id":5402,"date":"2025-10-30T14:50:26","date_gmt":"2025-10-30T17:50:26","guid":{"rendered":"https:\/\/diariodelsurdigital.com.ar\/?p=5402"},"modified":"2025-10-30T14:50:27","modified_gmt":"2025-10-30T17:50:27","slug":"frigerio-presento-un-proyecto-de-ley-que-busca-crear-65-cargos-nuevos-dentro-del-servicio-penitenciario","status":"publish","type":"post","link":"https:\/\/diariodelsurdigital.com.ar\/?p=5402","title":{"rendered":"Frigerio present\u00f3 un proyecto de ley que busca crear 65 cargos nuevos dentro del Servicio Penitenciario"},"content":{"rendered":"\n<p>El Ejecutivo Provincial envi\u00f3 a la Legislatura un proyecto de ley para reforzar la seguridad y el funcionamiento del sistema carcelario, buscando crear 65 nuevos puestos de Agentes Penitenciarios y Oficiales Subadjutores.<\/p>\n\n\n\n<p>El gobernador, Rogelio Frigerio, envi\u00f3 este jueves a la Legislatura un proyecto de ley que busca ampliar la dotaci\u00f3n de personal en la Direcci\u00f3n General del Servicio Penitenciario, con la creaci\u00f3n de 65 cargos nuevos que, de ser aprobados, fortalecer\u00e1n el cuerpo de seguridad de las c\u00e1rceles provinciales.<\/p>\n\n\n\n<p>La iniciativa contempla espec\u00edficamente la incorporaci\u00f3n de 50 cargos para Agentes Penitenciarios, el cuerpo base de seguridad y vigilancia. A estos se suman 15 cargos de Oficial Subadjutor de escalaf\u00f3n cuerpo general. De aprobarse, esta medida implicar\u00eda una significativa inyecci\u00f3n de recursos humanos para mejorar las condiciones operativas y de seguridad en las unidades penales de Entre R\u00edos.<\/p>\n\n\n\n<p>Adicionalmente, el texto del proyecto faculta al Poder Ejecutivo a realizar las modificaciones presupuestarias necesarias, incluyendo la incorporaci\u00f3n de estos cargos al Presupuesto vigente y las adecuaciones de partidas de erogaciones para garantizar el pago y funcionamiento de las nuevas incorporaciones. La aprobaci\u00f3n del proyecto depender\u00e1 ahora del debate y la votaci\u00f3n en las c\u00e1maras legislativas.<\/p>\n","protected":false},"excerpt":{"rendered":"<p>El Ejecutivo Provincial envi\u00f3 a la Legislatura un proyecto de ley para reforzar la seguridad y el funcionamiento del sistema carcelario, buscando crear 65 nuevos puestos de Agentes Penitenciarios y Oficiales Subadjutores. El gobernador, Rogelio Frigerio, envi\u00f3 este jueves a la Legislatura un proyecto de ley que busca ampliar la dotaci\u00f3n de personal en la [&hellip;]<\/p>\n","protected":false},"author":4,"featured_media":5404,"comment_status":"open","ping_status":"open","sticky":false,"template":"","format":"standard","meta":{"footnotes":""},"categories":[17],"tags":[],"class_list":{"0":"post-5402","1":"post","2":"type-post","3":"status-publish","4":"format-standard","5":"has-post-thumbnail","7":"category-provinciales"},"yoast_head":"<!-- This site is optimized with the Yoast SEO plugin v27.4 - https:\/\/yoast.com\/product\/yoast-seo-wordpress\/ -->\n<title>Frigerio present\u00f3 un proyecto de ley que busca crear 65 cargos nuevos dentro del Servicio Penitenciario - Diario del Sur<\/title>\n<meta name=\"robots\" content=\"index, follow, max-snippet:-1, max-image-preview:large, max-video-preview:-1\" \/>\n<link rel=\"canonical\" href=\"https:\/\/diariodelsurdigital.com.ar\/?p=5402\" \/>\n<meta property=\"og:locale\" content=\"es_ES\" \/>\n<meta property=\"og:type\" content=\"article\" \/>\n<meta property=\"og:title\" content=\"Frigerio present\u00f3 un proyecto de ley que busca crear 65 cargos nuevos dentro del Servicio Penitenciario - Diario del Sur\" \/>\n<meta property=\"og:description\" content=\"El Ejecutivo Provincial envi\u00f3 a la Legislatura un proyecto de ley para reforzar la seguridad y el funcionamiento del sistema carcelario, buscando crear 65 nuevos puestos de Agentes Penitenciarios y Oficiales Subadjutores. El gobernador, Rogelio Frigerio, envi\u00f3 este jueves a la Legislatura un proyecto de ley que busca ampliar la dotaci\u00f3n de personal en la [&hellip;]\" \/>\n<meta property=\"og:url\" content=\"https:\/\/diariodelsurdigital.com.ar\/?p=5402\" \/>\n<meta property=\"og:site_name\" content=\"Diario del Sur\" \/>\n<meta property=\"article:published_time\" content=\"2025-10-30T17:50:26+00:00\" \/>\n<meta property=\"article:modified_time\" content=\"2025-10-30T17:50:27+00:00\" \/>\n<meta property=\"og:image\" content=\"https:\/\/diariodelsurdigital.com.ar\/wp-content\/uploads\/2025\/10\/md-14-1.webp\" \/>\n\t<meta property=\"og:image:width\" content=\"992\" \/>\n\t<meta property=\"og:image:height\" content=\"661\" \/>\n\t<meta property=\"og:image:type\" content=\"image\/webp\" \/>\n<meta name=\"author\" content=\"Diario del Sur Digital\" \/>\n<meta name=\"twitter:card\" content=\"summary_large_image\" \/>\n<meta name=\"twitter:label1\" content=\"Escrito por\" \/>\n\t<meta name=\"twitter:data1\" content=\"Diario del Sur Digital\" \/>\n\t<meta name=\"twitter:label2\" content=\"Tiempo de lectura\" \/>\n\t<meta name=\"twitter:data2\" content=\"2 minutos\" \/>\n<script type=\"application\/ld+json\" class=\"yoast-schema-graph\">{\"@context\":\"https:\\\/\\\/schema.org\",\"@graph\":[{\"@type\":\"Article\",\"@id\":\"https:\\\/\\\/diariodelsurdigital.com.ar\\\/?p=5402#article\",\"isPartOf\":{\"@id\":\"https:\\\/\\\/diariodelsurdigital.com.ar\\\/?p=5402\"},\"author\":{\"name\":\"Diario del Sur Digital\",\"@id\":\"https:\\\/\\\/diariodelsurdigital.com.ar\\\/#\\\/schema\\\/person\\\/1a4992532ed62965c968031b49195c81\"},\"headline\":\"Frigerio present\u00f3 un proyecto de ley que busca crear 65 cargos nuevos dentro del Servicio Penitenciario\",\"datePublished\":\"2025-10-30T17:50:26+00:00\",\"dateModified\":\"2025-10-30T17:50:27+00:00\",\"mainEntityOfPage\":{\"@id\":\"https:\\\/\\\/diariodelsurdigital.com.ar\\\/?p=5402\"},\"wordCount\":220,\"commentCount\":0,\"image\":{\"@id\":\"https:\\\/\\\/diariodelsurdigital.com.ar\\\/?p=5402#primaryimage\"},\"thumbnailUrl\":\"https:\\\/\\\/diariodelsurdigital.com.ar\\\/wp-content\\\/uploads\\\/2025\\\/10\\\/md-14-1.webp\",\"articleSection\":[\"Provinciales\"],\"inLanguage\":\"es\",\"potentialAction\":[{\"@type\":\"CommentAction\",\"name\":\"Comment\",\"target\":[\"https:\\\/\\\/diariodelsurdigital.com.ar\\\/?p=5402#respond\"]}]},{\"@type\":\"WebPage\",\"@id\":\"https:\\\/\\\/diariodelsurdigital.com.ar\\\/?p=5402\",\"url\":\"https:\\\/\\\/diariodelsurdigital.com.ar\\\/?p=5402\",\"name\":\"Frigerio present\u00f3 un proyecto de ley que busca crear 65 cargos nuevos dentro del Servicio Penitenciario - Diario del Sur\",\"isPartOf\":{\"@id\":\"https:\\\/\\\/diariodelsurdigital.com.ar\\\/#website\"},\"primaryImageOfPage\":{\"@id\":\"https:\\\/\\\/diariodelsurdigital.com.ar\\\/?p=5402#primaryimage\"},\"image\":{\"@id\":\"https:\\\/\\\/diariodelsurdigital.com.ar\\\/?p=5402#primaryimage\"},\"thumbnailUrl\":\"https:\\\/\\\/diariodelsurdigital.com.ar\\\/wp-content\\\/uploads\\\/2025\\\/10\\\/md-14-1.webp\",\"datePublished\":\"2025-10-30T17:50:26+00:00\",\"dateModified\":\"2025-10-30T17:50:27+00:00\",\"author\":{\"@id\":\"https:\\\/\\\/diariodelsurdigital.com.ar\\\/#\\\/schema\\\/person\\\/1a4992532ed62965c968031b49195c81\"},\"breadcrumb\":{\"@id\":\"https:\\\/\\\/diariodelsurdigital.com.ar\\\/?p=5402#breadcrumb\"},\"inLanguage\":\"es\",\"potentialAction\":[{\"@type\":\"ReadAction\",\"target\":[\"https:\\\/\\\/diariodelsurdigital.com.ar\\\/?p=5402\"]}]},{\"@type\":\"ImageObject\",\"inLanguage\":\"es\",\"@id\":\"https:\\\/\\\/diariodelsurdigital.com.ar\\\/?p=5402#primaryimage\",\"url\":\"https:\\\/\\\/diariodelsurdigital.com.ar\\\/wp-content\\\/uploads\\\/2025\\\/10\\\/md-14-1.webp\",\"contentUrl\":\"https:\\\/\\\/diariodelsurdigital.com.ar\\\/wp-content\\\/uploads\\\/2025\\\/10\\\/md-14-1.webp\",\"width\":992,\"height\":661},{\"@type\":\"BreadcrumbList\",\"@id\":\"https:\\\/\\\/diariodelsurdigital.com.ar\\\/?p=5402#breadcrumb\",\"itemListElement\":[{\"@type\":\"ListItem\",\"position\":1,\"name\":\"Portada\",\"item\":\"https:\\\/\\\/diariodelsurdigital.com.ar\\\/\"},{\"@type\":\"ListItem\",\"position\":2,\"name\":\"Frigerio present\u00f3 un proyecto de ley que busca crear 65 cargos nuevos dentro del Servicio Penitenciario\"}]},{\"@type\":\"WebSite\",\"@id\":\"https:\\\/\\\/diariodelsurdigital.com.ar\\\/#website\",\"url\":\"https:\\\/\\\/diariodelsurdigital.com.ar\\\/\",\"name\":\"Diario del Sur\",\"description\":\"Digital\",\"potentialAction\":[{\"@type\":\"SearchAction\",\"target\":{\"@type\":\"EntryPoint\",\"urlTemplate\":\"https:\\\/\\\/diariodelsurdigital.com.ar\\\/?s={search_term_string}\"},\"query-input\":{\"@type\":\"PropertyValueSpecification\",\"valueRequired\":true,\"valueName\":\"search_term_string\"}}],\"inLanguage\":\"es\"},{\"@type\":\"Person\",\"@id\":\"https:\\\/\\\/diariodelsurdigital.com.ar\\\/#\\\/schema\\\/person\\\/1a4992532ed62965c968031b49195c81\",\"name\":\"Diario del Sur Digital\",\"image\":{\"@type\":\"ImageObject\",\"inLanguage\":\"es\",\"@id\":\"https:\\\/\\\/secure.gravatar.com\\\/avatar\\\/f0c7c47fc7146d19828273b9b8eda651c9c7ab583767e6338d3d3bee825adf76?s=96&d=mm&r=g\",\"url\":\"https:\\\/\\\/secure.gravatar.com\\\/avatar\\\/f0c7c47fc7146d19828273b9b8eda651c9c7ab583767e6338d3d3bee825adf76?s=96&d=mm&r=g\",\"contentUrl\":\"https:\\\/\\\/secure.gravatar.com\\\/avatar\\\/f0c7c47fc7146d19828273b9b8eda651c9c7ab583767e6338d3d3bee825adf76?s=96&d=mm&r=g\",\"caption\":\"Diario del Sur Digital\"},\"url\":\"https:\\\/\\\/diariodelsurdigital.com.ar\\\/?author=4\"}]}<\/script>\n<!-- \/ Yoast SEO plugin. -->","yoast_head_json":{"title":"Frigerio present\u00f3 un proyecto de ley que busca crear 65 cargos nuevos dentro del Servicio Penitenciario - Diario del Sur","robots":{"index":"index","follow":"follow","max-snippet":"max-snippet:-1","max-image-preview":"max-image-preview:large","max-video-preview":"max-video-preview:-1"},"canonical":"https:\/\/diariodelsurdigital.com.ar\/?p=5402","og_locale":"es_ES","og_type":"article","og_title":"Frigerio present\u00f3 un proyecto de ley que busca crear 65 cargos nuevos dentro del Servicio Penitenciario - Diario del Sur","og_description":"El Ejecutivo Provincial envi\u00f3 a la Legislatura un proyecto de ley para reforzar la seguridad y el funcionamiento del sistema carcelario, buscando crear 65 nuevos puestos de Agentes Penitenciarios y Oficiales Subadjutores. El gobernador, Rogelio Frigerio, envi\u00f3 este jueves a la Legislatura un proyecto de ley que busca ampliar la dotaci\u00f3n de personal en la [&hellip;]","og_url":"https:\/\/diariodelsurdigital.com.ar\/?p=5402","og_site_name":"Diario del Sur","article_published_time":"2025-10-30T17:50:26+00:00","article_modified_time":"2025-10-30T17:50:27+00:00","og_image":[{"width":992,"height":661,"url":"https:\/\/diariodelsurdigital.com.ar\/wp-content\/uploads\/2025\/10\/md-14-1.webp","type":"image\/webp"}],"author":"Diario del Sur Digital","twitter_card":"summary_large_image","twitter_misc":{"Escrito por":"Diario del Sur Digital","Tiempo de lectura":"2 minutos"},"schema":{"@context":"https:\/\/schema.org","@graph":[{"@type":"Article","@id":"https:\/\/diariodelsurdigital.com.ar\/?p=5402#article","isPartOf":{"@id":"https:\/\/diariodelsurdigital.com.ar\/?p=5402"},"author":{"name":"Diario del Sur Digital","@id":"https:\/\/diariodelsurdigital.com.ar\/#\/schema\/person\/1a4992532ed62965c968031b49195c81"},"headline":"Frigerio present\u00f3 un proyecto de ley que busca crear 65 cargos nuevos dentro del Servicio Penitenciario","datePublished":"2025-10-30T17:50:26+00:00","dateModified":"2025-10-30T17:50:27+00:00","mainEntityOfPage":{"@id":"https:\/\/diariodelsurdigital.com.ar\/?p=5402"},"wordCount":220,"commentCount":0,"image":{"@id":"https:\/\/diariodelsurdigital.com.ar\/?p=5402#primaryimage"},"thumbnailUrl":"https:\/\/diariodelsurdigital.com.ar\/wp-content\/uploads\/2025\/10\/md-14-1.webp","articleSection":["Provinciales"],"inLanguage":"es","potentialAction":[{"@type":"CommentAction","name":"Comment","target":["https:\/\/diariodelsurdigital.com.ar\/?p=5402#respond"]}]},{"@type":"WebPage","@id":"https:\/\/diariodelsurdigital.com.ar\/?p=5402","url":"https:\/\/diariodelsurdigital.com.ar\/?p=5402","name":"Frigerio present\u00f3 un proyecto de ley que busca crear 65 cargos nuevos dentro del Servicio Penitenciario - Diario del Sur","isPartOf":{"@id":"https:\/\/diariodelsurdigital.com.ar\/#website"},"primaryImageOfPage":{"@id":"https:\/\/diariodelsurdigital.com.ar\/?p=5402#primaryimage"},"image":{"@id":"https:\/\/diariodelsurdigital.com.ar\/?p=5402#primaryimage"},"thumbnailUrl":"https:\/\/diariodelsurdigital.com.ar\/wp-content\/uploads\/2025\/10\/md-14-1.webp","datePublished":"2025-10-30T17:50:26+00:00","dateModified":"2025-10-30T17:50:27+00:00","author":{"@id":"https:\/\/diariodelsurdigital.com.ar\/#\/schema\/person\/1a4992532ed62965c968031b49195c81"},"breadcrumb":{"@id":"https:\/\/diariodelsurdigital.com.ar\/?p=5402#breadcrumb"},"inLanguage":"es","potentialAction":[{"@type":"ReadAction","target":["https:\/\/diariodelsurdigital.com.ar\/?p=5402"]}]},{"@type":"ImageObject","inLanguage":"es","@id":"https:\/\/diariodelsurdigital.com.ar\/?p=5402#primaryimage","url":"https:\/\/diariodelsurdigital.com.ar\/wp-content\/uploads\/2025\/10\/md-14-1.webp","contentUrl":"https:\/\/diariodelsurdigital.com.ar\/wp-content\/uploads\/2025\/10\/md-14-1.webp","width":992,"height":661},{"@type":"BreadcrumbList","@id":"https:\/\/diariodelsurdigital.com.ar\/?p=5402#breadcrumb","itemListElement":[{"@type":"ListItem","position":1,"name":"Portada","item":"https:\/\/diariodelsurdigital.com.ar\/"},{"@type":"ListItem","position":2,"name":"Frigerio present\u00f3 un proyecto de ley que busca crear 65 cargos nuevos dentro del Servicio Penitenciario"}]},{"@type":"WebSite","@id":"https:\/\/diariodelsurdigital.com.ar\/#website","url":"https:\/\/diariodelsurdigital.com.ar\/","name":"Diario del Sur","description":"Digital","potentialAction":[{"@type":"SearchAction","target":{"@type":"EntryPoint","urlTemplate":"https:\/\/diariodelsurdigital.com.ar\/?s={search_term_string}"},"query-input":{"@type":"PropertyValueSpecification","valueRequired":true,"valueName":"search_term_string"}}],"inLanguage":"es"},{"@type":"Person","@id":"https:\/\/diariodelsurdigital.com.ar\/#\/schema\/person\/1a4992532ed62965c968031b49195c81","name":"Diario del Sur Digital","image":{"@type":"ImageObject","inLanguage":"es","@id":"https:\/\/secure.gravatar.com\/avatar\/f0c7c47fc7146d19828273b9b8eda651c9c7ab583767e6338d3d3bee825adf76?s=96&d=mm&r=g","url":"https:\/\/secure.gravatar.com\/avatar\/f0c7c47fc7146d19828273b9b8eda651c9c7ab583767e6338d3d3bee825adf76?s=96&d=mm&r=g","contentUrl":"https:\/\/secure.gravatar.com\/avatar\/f0c7c47fc7146d19828273b9b8eda651c9c7ab583767e6338d3d3bee825adf76?s=96&d=mm&r=g","caption":"Diario del Sur Digital"},"url":"https:\/\/diariodelsurdigital.com.ar\/?author=4"}]}},"_links":{"self":[{"href":"https:\/\/diariodelsurdigital.com.ar\/index.php?rest_route=\/wp\/v2\/posts\/5402","targetHints":{"allow":["GET"]}}],"collection":[{"href":"https:\/\/diariodelsurdigital.com.ar\/index.php?rest_route=\/wp\/v2\/posts"}],"about":[{"href":"https:\/\/diariodelsurdigital.com.ar\/index.php?rest_route=\/wp\/v2\/types\/post"}],"author":[{"embeddable":true,"href":"https:\/\/diariodelsurdigital.com.ar\/index.php?rest_route=\/wp\/v2\/users\/4"}],"replies":[{"embeddable":true,"href":"https:\/\/diariodelsurdigital.com.ar\/index.php?rest_route=%2Fwp%2Fv2%2Fcomments&post=5402"}],"version-history":[{"count":1,"href":"https:\/\/diariodelsurdigital.com.ar\/index.php?rest_route=\/wp\/v2\/posts\/5402\/revisions"}],"predecessor-version":[{"id":5405,"href":"https:\/\/diariodelsurdigital.com.ar\/index.php?rest_route=\/wp\/v2\/posts\/5402\/revisions\/5405"}],"wp:featuredmedia":[{"embeddable":true,"href":"https:\/\/diariodelsurdigital.com.ar\/index.php?rest_route=\/wp\/v2\/media\/5404"}],"wp:attachment":[{"href":"https:\/\/diariodelsurdigital.com.ar\/index.php?rest_route=%2Fwp%2Fv2%2Fmedia&parent=5402"}],"wp:term":[{"taxonomy":"category","embeddable":true,"href":"https:\/\/diariodelsurdigital.com.ar\/index.php?rest_route=%2Fwp%2Fv2%2Fcategories&post=5402"},{"taxonomy":"post_tag","embeddable":true,"href":"https:\/\/diariodelsurdigital.com.ar\/index.php?rest_route=%2Fwp%2Fv2%2Ftags&post=5402"}],"curies":[{"name":"wp","href":"https:\/\/api.w.org\/{rel}","templated":true}]}}