{"id":5403,"date":"2025-10-30T15:11:48","date_gmt":"2025-10-30T18:11:48","guid":{"rendered":"https:\/\/diariodelsurdigital.com.ar\/?p=5403"},"modified":"2025-10-30T15:11:49","modified_gmt":"2025-10-30T18:11:49","slug":"rossi-cargo-contra-rosario-romero-bahl-y-michel","status":"publish","type":"post","link":"https:\/\/diariodelsurdigital.com.ar\/?p=5403","title":{"rendered":"Rossi carg\u00f3 contra Rosario Romero, Bahl y Michel"},"content":{"rendered":"\n<h4 class=\"wp-block-heading\" id=\"nota-title\">\u201cBahl y Michel tendr\u00edan que devolver las bancas, eso ser\u00eda lo l\u00f3gico\u201d, dispar\u00f3 el ex Vicegobernador y Presidente Municipal de Santa Elena.<\/h4>\n\n\n\n<p><strong>En comunicaci\u00f3n con Radio La Voz, Rossi realiz\u00f3 duras consideraciones sobre la derrota del peronismo entrerriano en las elecciones legislativas nacionales y al pedido de suspensi\u00f3n de la matr\u00edcula del abogado Carlos Guillermo Reggiardo.<\/strong><\/p>\n\n\n\n<p>Afirm\u00f3 que en Entre R\u00edos,\u00a0<strong>\u201cse robaron un presupuesto. Se robaron 53 millones de contratos truchos, \u00bfqui\u00e9n se hace cargo, los bolseros, los que alquilan viviendas para vivir y que est\u00e1n imputados? \u00bfY los que se llevaron?\u201d.<\/strong><\/p>\n\n\n\n<p>Con respecto a los resultados electorales del pasado domingo manifest\u00f3:&nbsp;<strong>\u201cAc\u00e1 era ganarle a la alianza, a Milei y a Frigerio. Ac\u00e1 el peronismo est\u00e1 intacto, no hay divisi\u00f3n, ten\u00e9s que ver la gesti\u00f3n municipal \u00fanica en Entre R\u00edos\u201d.<\/strong><strong><\/strong><\/p>\n\n\n\n<p><strong>\u201cVos mir\u00e1s los resultados del departamento La Paz, entre las cuatro l\u00edneas hay mayor\u00eda que La Libertad Avanza\u201d,<\/strong>&nbsp;se\u00f1al\u00f3.<\/p>\n\n\n\n<p>Rossi remarc\u00f3:&nbsp;<strong>\u201cSi el peronismo no arma una reconstrucci\u00f3n real. En Paran\u00e1 hubo seccionales que perdimos hasta por 40 puntos, se perdi\u00f3 por un promedio de 27 puntos. En Diamante, perdimos por 35 puntos. En Victoria la exvicegobernadora y la intendenta perdieron por 35 puntos. En Gualeguay perdimos por 35 puntos. En Gualeguaych\u00fa perdimos por casi 25 puntos. En Uruguay de Lauritto por casi 20 puntos. En Villaguay perdimos por casi 15 puntos. En Crespo perdimos por 30 puntos\u201d.<\/strong><\/p>\n\n\n\n<p>Se\u00f1al\u00f3 que a partir de estos resultados electorales,<strong>\u00a0\u201chay que juntarse todos. En el peronismo, los que perdieron por esc\u00e1ndalo, no pueden ser candidatos, no pueden convocar a la reconstrucci\u00f3n; que ayuden, pero si perd\u00e9s en Paran\u00e1 por 30 \u2013 40 puntos no pod\u00e9s venir a decir yo soy la reorganizadora del PJ\u201d<\/strong>, dijo Rossi en obvia alusi\u00f3n a la intendente de Paran\u00e1, Rosario Romero.<\/p>\n\n\n\n<p>Enfatiz\u00f3 el Intendente:&nbsp;<strong>\u201cBahl y Michel tendr\u00edan que devolver las bancas, eso ser\u00eda lo l\u00f3gico\u201d.<\/strong><strong><\/strong><\/p>\n\n\n\n<p><strong>\u201cFrigerio sac\u00f3 el 53% con todos los reclamos. Los entrerrianos y los argentinos no votan tipos corruptos. Lo de Bahl es escandaloso, evidentemente, nadie puede confirmar, que tiene la protecci\u00f3n del Ministerio P\u00fablico Fiscal, porque si yo hubiera sido vicegobernador estar\u00eda preso. Para que pueda salir un contrato tiene que haber una resoluci\u00f3n, para que salga un cheque tiene que firmar el Vicegobernador, para que salga un subsidio tiene que firmar el Vicegobernador\u201d.<\/strong><\/p>\n\n\n\n<p>Fuente: Radio La Voz<\/p>\n","protected":false},"excerpt":{"rendered":"<p>\u201cBahl y Michel tendr\u00edan que devolver las bancas, eso ser\u00eda lo l\u00f3gico\u201d, dispar\u00f3 el ex Vicegobernador y Presidente Municipal de Santa Elena. En comunicaci\u00f3n con Radio La Voz, Rossi realiz\u00f3 duras consideraciones sobre la derrota del peronismo entrerriano en las elecciones legislativas nacionales y al pedido de suspensi\u00f3n de la matr\u00edcula del abogado Carlos Guillermo [&hellip;]<\/p>\n","protected":false},"author":2,"featured_media":5416,"comment_status":"open","ping_status":"open","sticky":false,"template":"","format":"standard","meta":{"footnotes":""},"categories":[22,17],"tags":[],"class_list":{"0":"post-5403","1":"post","2":"type-post","3":"status-publish","4":"format-standard","5":"has-post-thumbnail","7":"category-politica","8":"category-provinciales"},"yoast_head":"<!-- This site is optimized with the Yoast SEO plugin v27.4 - https:\/\/yoast.com\/product\/yoast-seo-wordpress\/ -->\n<title>Rossi carg\u00f3 contra Rosario Romero, Bahl y Michel - Diario del Sur<\/title>\n<meta name=\"robots\" content=\"index, follow, max-snippet:-1, max-image-preview:large, max-video-preview:-1\" \/>\n<link rel=\"canonical\" href=\"https:\/\/diariodelsurdigital.com.ar\/?p=5403\" \/>\n<meta property=\"og:locale\" content=\"es_ES\" \/>\n<meta property=\"og:type\" content=\"article\" \/>\n<meta property=\"og:title\" content=\"Rossi carg\u00f3 contra Rosario Romero, Bahl y Michel - Diario del Sur\" \/>\n<meta property=\"og:description\" content=\"\u201cBahl y Michel tendr\u00edan que devolver las bancas, eso ser\u00eda lo l\u00f3gico\u201d, dispar\u00f3 el ex Vicegobernador y Presidente Municipal de Santa Elena. En comunicaci\u00f3n con Radio La Voz, Rossi realiz\u00f3 duras consideraciones sobre la derrota del peronismo entrerriano en las elecciones legislativas nacionales y al pedido de suspensi\u00f3n de la matr\u00edcula del abogado Carlos Guillermo [&hellip;]\" \/>\n<meta property=\"og:url\" content=\"https:\/\/diariodelsurdigital.com.ar\/?p=5403\" \/>\n<meta property=\"og:site_name\" content=\"Diario del Sur\" \/>\n<meta property=\"article:published_time\" content=\"2025-10-30T18:11:48+00:00\" \/>\n<meta property=\"article:modified_time\" content=\"2025-10-30T18:11:49+00:00\" \/>\n<meta property=\"og:image\" content=\"https:\/\/diariodelsurdigital.com.ar\/wp-content\/uploads\/2025\/10\/b_1707495359-1.jpg\" \/>\n\t<meta property=\"og:image:width\" content=\"454\" \/>\n\t<meta property=\"og:image:height\" content=\"303\" \/>\n\t<meta property=\"og:image:type\" content=\"image\/jpeg\" \/>\n<meta name=\"author\" content=\"Diario del Sur Digital\" \/>\n<meta name=\"twitter:card\" content=\"summary_large_image\" \/>\n<meta name=\"twitter:label1\" content=\"Escrito por\" \/>\n\t<meta name=\"twitter:data1\" content=\"Diario del Sur Digital\" \/>\n\t<meta name=\"twitter:label2\" content=\"Tiempo de lectura\" \/>\n\t<meta name=\"twitter:data2\" content=\"2 minutos\" \/>\n<script type=\"application\/ld+json\" class=\"yoast-schema-graph\">{\"@context\":\"https:\\\/\\\/schema.org\",\"@graph\":[{\"@type\":\"Article\",\"@id\":\"https:\\\/\\\/diariodelsurdigital.com.ar\\\/?p=5403#article\",\"isPartOf\":{\"@id\":\"https:\\\/\\\/diariodelsurdigital.com.ar\\\/?p=5403\"},\"author\":{\"name\":\"Diario del Sur Digital\",\"@id\":\"https:\\\/\\\/diariodelsurdigital.com.ar\\\/#\\\/schema\\\/person\\\/6136a32571657f7dba980b88b04c5465\"},\"headline\":\"Rossi carg\u00f3 contra Rosario Romero, Bahl y Michel\",\"datePublished\":\"2025-10-30T18:11:48+00:00\",\"dateModified\":\"2025-10-30T18:11:49+00:00\",\"mainEntityOfPage\":{\"@id\":\"https:\\\/\\\/diariodelsurdigital.com.ar\\\/?p=5403\"},\"wordCount\":416,\"commentCount\":0,\"image\":{\"@id\":\"https:\\\/\\\/diariodelsurdigital.com.ar\\\/?p=5403#primaryimage\"},\"thumbnailUrl\":\"https:\\\/\\\/diariodelsurdigital.com.ar\\\/wp-content\\\/uploads\\\/2025\\\/10\\\/b_1707495359-1.jpg\",\"articleSection\":[\"Pol\u00edtica\",\"Provinciales\"],\"inLanguage\":\"es\",\"potentialAction\":[{\"@type\":\"CommentAction\",\"name\":\"Comment\",\"target\":[\"https:\\\/\\\/diariodelsurdigital.com.ar\\\/?p=5403#respond\"]}]},{\"@type\":\"WebPage\",\"@id\":\"https:\\\/\\\/diariodelsurdigital.com.ar\\\/?p=5403\",\"url\":\"https:\\\/\\\/diariodelsurdigital.com.ar\\\/?p=5403\",\"name\":\"Rossi carg\u00f3 contra Rosario Romero, Bahl y Michel - Diario del Sur\",\"isPartOf\":{\"@id\":\"https:\\\/\\\/diariodelsurdigital.com.ar\\\/#website\"},\"primaryImageOfPage\":{\"@id\":\"https:\\\/\\\/diariodelsurdigital.com.ar\\\/?p=5403#primaryimage\"},\"image\":{\"@id\":\"https:\\\/\\\/diariodelsurdigital.com.ar\\\/?p=5403#primaryimage\"},\"thumbnailUrl\":\"https:\\\/\\\/diariodelsurdigital.com.ar\\\/wp-content\\\/uploads\\\/2025\\\/10\\\/b_1707495359-1.jpg\",\"datePublished\":\"2025-10-30T18:11:48+00:00\",\"dateModified\":\"2025-10-30T18:11:49+00:00\",\"author\":{\"@id\":\"https:\\\/\\\/diariodelsurdigital.com.ar\\\/#\\\/schema\\\/person\\\/6136a32571657f7dba980b88b04c5465\"},\"breadcrumb\":{\"@id\":\"https:\\\/\\\/diariodelsurdigital.com.ar\\\/?p=5403#breadcrumb\"},\"inLanguage\":\"es\",\"potentialAction\":[{\"@type\":\"ReadAction\",\"target\":[\"https:\\\/\\\/diariodelsurdigital.com.ar\\\/?p=5403\"]}]},{\"@type\":\"ImageObject\",\"inLanguage\":\"es\",\"@id\":\"https:\\\/\\\/diariodelsurdigital.com.ar\\\/?p=5403#primaryimage\",\"url\":\"https:\\\/\\\/diariodelsurdigital.com.ar\\\/wp-content\\\/uploads\\\/2025\\\/10\\\/b_1707495359-1.jpg\",\"contentUrl\":\"https:\\\/\\\/diariodelsurdigital.com.ar\\\/wp-content\\\/uploads\\\/2025\\\/10\\\/b_1707495359-1.jpg\",\"width\":454,\"height\":303},{\"@type\":\"BreadcrumbList\",\"@id\":\"https:\\\/\\\/diariodelsurdigital.com.ar\\\/?p=5403#breadcrumb\",\"itemListElement\":[{\"@type\":\"ListItem\",\"position\":1,\"name\":\"Portada\",\"item\":\"https:\\\/\\\/diariodelsurdigital.com.ar\\\/\"},{\"@type\":\"ListItem\",\"position\":2,\"name\":\"Rossi carg\u00f3 contra Rosario Romero, Bahl y Michel\"}]},{\"@type\":\"WebSite\",\"@id\":\"https:\\\/\\\/diariodelsurdigital.com.ar\\\/#website\",\"url\":\"https:\\\/\\\/diariodelsurdigital.com.ar\\\/\",\"name\":\"Diario del Sur\",\"description\":\"Digital\",\"potentialAction\":[{\"@type\":\"SearchAction\",\"target\":{\"@type\":\"EntryPoint\",\"urlTemplate\":\"https:\\\/\\\/diariodelsurdigital.com.ar\\\/?s={search_term_string}\"},\"query-input\":{\"@type\":\"PropertyValueSpecification\",\"valueRequired\":true,\"valueName\":\"search_term_string\"}}],\"inLanguage\":\"es\"},{\"@type\":\"Person\",\"@id\":\"https:\\\/\\\/diariodelsurdigital.com.ar\\\/#\\\/schema\\\/person\\\/6136a32571657f7dba980b88b04c5465\",\"name\":\"Diario del Sur Digital\",\"image\":{\"@type\":\"ImageObject\",\"inLanguage\":\"es\",\"@id\":\"https:\\\/\\\/secure.gravatar.com\\\/avatar\\\/4c29ceac98541dd42460b2474aaa5dd37594d6ce6cb3cf2c101d09b48ee287ba?s=96&d=mm&r=g\",\"url\":\"https:\\\/\\\/secure.gravatar.com\\\/avatar\\\/4c29ceac98541dd42460b2474aaa5dd37594d6ce6cb3cf2c101d09b48ee287ba?s=96&d=mm&r=g\",\"contentUrl\":\"https:\\\/\\\/secure.gravatar.com\\\/avatar\\\/4c29ceac98541dd42460b2474aaa5dd37594d6ce6cb3cf2c101d09b48ee287ba?s=96&d=mm&r=g\",\"caption\":\"Diario del Sur Digital\"},\"url\":\"https:\\\/\\\/diariodelsurdigital.com.ar\\\/?author=2\"}]}<\/script>\n<!-- \/ Yoast SEO plugin. -->","yoast_head_json":{"title":"Rossi carg\u00f3 contra Rosario Romero, Bahl y Michel - Diario del Sur","robots":{"index":"index","follow":"follow","max-snippet":"max-snippet:-1","max-image-preview":"max-image-preview:large","max-video-preview":"max-video-preview:-1"},"canonical":"https:\/\/diariodelsurdigital.com.ar\/?p=5403","og_locale":"es_ES","og_type":"article","og_title":"Rossi carg\u00f3 contra Rosario Romero, Bahl y Michel - Diario del Sur","og_description":"\u201cBahl y Michel tendr\u00edan que devolver las bancas, eso ser\u00eda lo l\u00f3gico\u201d, dispar\u00f3 el ex Vicegobernador y Presidente Municipal de Santa Elena. En comunicaci\u00f3n con Radio La Voz, Rossi realiz\u00f3 duras consideraciones sobre la derrota del peronismo entrerriano en las elecciones legislativas nacionales y al pedido de suspensi\u00f3n de la matr\u00edcula del abogado Carlos Guillermo [&hellip;]","og_url":"https:\/\/diariodelsurdigital.com.ar\/?p=5403","og_site_name":"Diario del Sur","article_published_time":"2025-10-30T18:11:48+00:00","article_modified_time":"2025-10-30T18:11:49+00:00","og_image":[{"width":454,"height":303,"url":"https:\/\/diariodelsurdigital.com.ar\/wp-content\/uploads\/2025\/10\/b_1707495359-1.jpg","type":"image\/jpeg"}],"author":"Diario del Sur Digital","twitter_card":"summary_large_image","twitter_misc":{"Escrito por":"Diario del Sur Digital","Tiempo de lectura":"2 minutos"},"schema":{"@context":"https:\/\/schema.org","@graph":[{"@type":"Article","@id":"https:\/\/diariodelsurdigital.com.ar\/?p=5403#article","isPartOf":{"@id":"https:\/\/diariodelsurdigital.com.ar\/?p=5403"},"author":{"name":"Diario del Sur Digital","@id":"https:\/\/diariodelsurdigital.com.ar\/#\/schema\/person\/6136a32571657f7dba980b88b04c5465"},"headline":"Rossi carg\u00f3 contra Rosario Romero, Bahl y Michel","datePublished":"2025-10-30T18:11:48+00:00","dateModified":"2025-10-30T18:11:49+00:00","mainEntityOfPage":{"@id":"https:\/\/diariodelsurdigital.com.ar\/?p=5403"},"wordCount":416,"commentCount":0,"image":{"@id":"https:\/\/diariodelsurdigital.com.ar\/?p=5403#primaryimage"},"thumbnailUrl":"https:\/\/diariodelsurdigital.com.ar\/wp-content\/uploads\/2025\/10\/b_1707495359-1.jpg","articleSection":["Pol\u00edtica","Provinciales"],"inLanguage":"es","potentialAction":[{"@type":"CommentAction","name":"Comment","target":["https:\/\/diariodelsurdigital.com.ar\/?p=5403#respond"]}]},{"@type":"WebPage","@id":"https:\/\/diariodelsurdigital.com.ar\/?p=5403","url":"https:\/\/diariodelsurdigital.com.ar\/?p=5403","name":"Rossi carg\u00f3 contra Rosario Romero, Bahl y Michel - Diario del Sur","isPartOf":{"@id":"https:\/\/diariodelsurdigital.com.ar\/#website"},"primaryImageOfPage":{"@id":"https:\/\/diariodelsurdigital.com.ar\/?p=5403#primaryimage"},"image":{"@id":"https:\/\/diariodelsurdigital.com.ar\/?p=5403#primaryimage"},"thumbnailUrl":"https:\/\/diariodelsurdigital.com.ar\/wp-content\/uploads\/2025\/10\/b_1707495359-1.jpg","datePublished":"2025-10-30T18:11:48+00:00","dateModified":"2025-10-30T18:11:49+00:00","author":{"@id":"https:\/\/diariodelsurdigital.com.ar\/#\/schema\/person\/6136a32571657f7dba980b88b04c5465"},"breadcrumb":{"@id":"https:\/\/diariodelsurdigital.com.ar\/?p=5403#breadcrumb"},"inLanguage":"es","potentialAction":[{"@type":"ReadAction","target":["https:\/\/diariodelsurdigital.com.ar\/?p=5403"]}]},{"@type":"ImageObject","inLanguage":"es","@id":"https:\/\/diariodelsurdigital.com.ar\/?p=5403#primaryimage","url":"https:\/\/diariodelsurdigital.com.ar\/wp-content\/uploads\/2025\/10\/b_1707495359-1.jpg","contentUrl":"https:\/\/diariodelsurdigital.com.ar\/wp-content\/uploads\/2025\/10\/b_1707495359-1.jpg","width":454,"height":303},{"@type":"BreadcrumbList","@id":"https:\/\/diariodelsurdigital.com.ar\/?p=5403#breadcrumb","itemListElement":[{"@type":"ListItem","position":1,"name":"Portada","item":"https:\/\/diariodelsurdigital.com.ar\/"},{"@type":"ListItem","position":2,"name":"Rossi carg\u00f3 contra Rosario Romero, Bahl y Michel"}]},{"@type":"WebSite","@id":"https:\/\/diariodelsurdigital.com.ar\/#website","url":"https:\/\/diariodelsurdigital.com.ar\/","name":"Diario del Sur","description":"Digital","potentialAction":[{"@type":"SearchAction","target":{"@type":"EntryPoint","urlTemplate":"https:\/\/diariodelsurdigital.com.ar\/?s={search_term_string}"},"query-input":{"@type":"PropertyValueSpecification","valueRequired":true,"valueName":"search_term_string"}}],"inLanguage":"es"},{"@type":"Person","@id":"https:\/\/diariodelsurdigital.com.ar\/#\/schema\/person\/6136a32571657f7dba980b88b04c5465","name":"Diario del Sur Digital","image":{"@type":"ImageObject","inLanguage":"es","@id":"https:\/\/secure.gravatar.com\/avatar\/4c29ceac98541dd42460b2474aaa5dd37594d6ce6cb3cf2c101d09b48ee287ba?s=96&d=mm&r=g","url":"https:\/\/secure.gravatar.com\/avatar\/4c29ceac98541dd42460b2474aaa5dd37594d6ce6cb3cf2c101d09b48ee287ba?s=96&d=mm&r=g","contentUrl":"https:\/\/secure.gravatar.com\/avatar\/4c29ceac98541dd42460b2474aaa5dd37594d6ce6cb3cf2c101d09b48ee287ba?s=96&d=mm&r=g","caption":"Diario del Sur Digital"},"url":"https:\/\/diariodelsurdigital.com.ar\/?author=2"}]}},"_links":{"self":[{"href":"https:\/\/diariodelsurdigital.com.ar\/index.php?rest_route=\/wp\/v2\/posts\/5403","targetHints":{"allow":["GET"]}}],"collection":[{"href":"https:\/\/diariodelsurdigital.com.ar\/index.php?rest_route=\/wp\/v2\/posts"}],"about":[{"href":"https:\/\/diariodelsurdigital.com.ar\/index.php?rest_route=\/wp\/v2\/types\/post"}],"author":[{"embeddable":true,"href":"https:\/\/diariodelsurdigital.com.ar\/index.php?rest_route=\/wp\/v2\/users\/2"}],"replies":[{"embeddable":true,"href":"https:\/\/diariodelsurdigital.com.ar\/index.php?rest_route=%2Fwp%2Fv2%2Fcomments&post=5403"}],"version-history":[{"count":1,"href":"https:\/\/diariodelsurdigital.com.ar\/index.php?rest_route=\/wp\/v2\/posts\/5403\/revisions"}],"predecessor-version":[{"id":5417,"href":"https:\/\/diariodelsurdigital.com.ar\/index.php?rest_route=\/wp\/v2\/posts\/5403\/revisions\/5417"}],"wp:featuredmedia":[{"embeddable":true,"href":"https:\/\/diariodelsurdigital.com.ar\/index.php?rest_route=\/wp\/v2\/media\/5416"}],"wp:attachment":[{"href":"https:\/\/diariodelsurdigital.com.ar\/index.php?rest_route=%2Fwp%2Fv2%2Fmedia&parent=5403"}],"wp:term":[{"taxonomy":"category","embeddable":true,"href":"https:\/\/diariodelsurdigital.com.ar\/index.php?rest_route=%2Fwp%2Fv2%2Fcategories&post=5403"},{"taxonomy":"post_tag","embeddable":true,"href":"https:\/\/diariodelsurdigital.com.ar\/index.php?rest_route=%2Fwp%2Fv2%2Ftags&post=5403"}],"curies":[{"name":"wp","href":"https:\/\/api.w.org\/{rel}","templated":true}]}}