{"id":5406,"date":"2025-10-30T14:54:03","date_gmt":"2025-10-30T17:54:03","guid":{"rendered":"https:\/\/diariodelsurdigital.com.ar\/?p=5406"},"modified":"2025-10-30T14:54:04","modified_gmt":"2025-10-30T17:54:04","slug":"el-ajuste-de-milei-es-escandaloso-agmer-alerta-por-el-recorte-historico-en-el-presupuesto-educativo-2026","status":"publish","type":"post","link":"https:\/\/diariodelsurdigital.com.ar\/?p=5406","title":{"rendered":"\u00abEl ajuste de Milei es escandaloso\u00bb: Agmer alerta por el recorte hist\u00f3rico en el Presupuesto Educativo 2026"},"content":{"rendered":"\n<p>El proyecto de Presupuesto 2026 en debate en el Congreso Nacional reduce la participaci\u00f3n de \u00abEducaci\u00f3n y Cultura\u00bb en el PBI al 0,75%, el nivel m\u00e1s bajo en una d\u00e9cada. Ante la Comisi\u00f3n la secretaria general de CTERA, Sonia Alesso, advirti\u00f3 que el proyecto representa un \u00abfuerte ajuste y retroceso hist\u00f3rico\u00bb que amenaza con una \u00abcat\u00e1strofe educativa\u00bb. Desde Entre R\u00edos, el gremio Agmer respald\u00f3 la denuncia y calific\u00f3 el recorte como \u00abescandaloso\u00bb.<\/p>\n\n\n\n<p>Esta semana se debati\u00f3 en la Comisi\u00f3n de Educaci\u00f3n y Cultura del Senado de la Naci\u00f3n el Presupuesto Educativo 2026, que gener\u00f3 un fuerte rechazo en el sector gremial por la dr\u00e1stica reducci\u00f3n de fondos por parte del Gobierno.<\/p>\n\n\n\n<p>Los n\u00fameros presentados muestran que la inversi\u00f3n en \u00abEducaci\u00f3n y Cultura\u00bb caer\u00e1 al 0,75% del PBI, un m\u00ednimo hist\u00f3rico en los \u00faltimos 10 a\u00f1os. Este recorte se instrumenta mediante cambios de alto impacto como:<\/p>\n\n\n\n<p>La derogaci\u00f3n del art\u00edculo 9 de la Ley de Educaci\u00f3n Nacional, que exige destinar al menos el 6% del PBI a la educaci\u00f3n.<br>La reducci\u00f3n progresiva de la inversi\u00f3n en ciencia y tecnolog\u00eda.<br>El impacto en el Fondo Nacional para las Escuelas de Educaci\u00f3n T\u00e9cnico Profesional (INET).<br>Ctera denunci\u00f3 un retroceso hist\u00f3rico con recortes cifrados<br>Durante su intervenci\u00f3n ante el Senado la Secretaria General de la Confederaci\u00f3n de Trabajadores de la Educaci\u00f3n de la Rep\u00fablica Argentina (Ctera), Sonia Alesso, denunci\u00f3 que el proyecto de Presupuesto Educativo 2026 consolida un ajuste y retroceso hist\u00f3rico en el financiamiento, al reducir la inversi\u00f3n educativa a 0,68% del PBI, el nivel m\u00e1s bajo desde 2003.<\/p>\n\n\n\n<p>Alesso alert\u00f3 que esta desinversi\u00f3n podr\u00eda provocar una \u00abcat\u00e1strofe educativa\u00bb, similar a la vivida en los a\u00f1os 90, dejando a las provincias sin recursos para pagar los salarios docentes. La dirigente detall\u00f3 los recortes m\u00e1s severos que incluye el proyecto:<\/p>\n\n\n\n<p>Infraestructura escolar: \u2013 84,4%<br>Formaci\u00f3n docente (INFoD): \u201371,2%<br>Educaci\u00f3n t\u00e9cnica (INET): \u2013 84,5%<br>Eliminaci\u00f3n del FONID (Fondo Nacional de Incentivo Docente).<br>Becas estudiantiles: Denuncia de un mill\u00f3n de chicos sin apoyo.<br>La Secretaria General afirm\u00f3 que el objetivo final del ajuste es la privatizaci\u00f3n de la educaci\u00f3n p\u00fablica y cuestion\u00f3 la hipocres\u00eda de hablar de \u201ccalidad educativa\u201d mientras se congela el piso salarial nacional. \u201cLa educaci\u00f3n no puede ser la variable de ajuste\u201d, expres\u00f3, exigiendo a los legisladores la restituci\u00f3n del Fonid y el cumplimiento de la Ley de Financiamiento Educativo.<\/p>\n\n\n\n<p>Agmer calific\u00f3 el ajuste como \u00abescandaloso\u00bb<br>Por su parte la Asociaci\u00f3n Gremial del Magisterio de Entre R\u00edos (Agmer), adhiri\u00f3 a las cr\u00edticas de Ctera, se\u00f1alando que \u201cel ajuste que Milei y Frigerio est\u00e1n llevando adelante es escandaloso\u201d.<\/p>\n\n\n\n<p>El gremio justific\u00f3 su posici\u00f3n al considerar que \u201cel gobernador es quien ejecuta la motosierra en la provincia y el presidente en el pa\u00eds\u201d, y expres\u00f3 que el dr\u00e1stico panorama denunciado por Ctera \u201cse vivencia d\u00eda a d\u00eda\u201d en las escuelas.<\/p>\n","protected":false},"excerpt":{"rendered":"<p>El proyecto de Presupuesto 2026 en debate en el Congreso Nacional reduce la participaci\u00f3n de \u00abEducaci\u00f3n y Cultura\u00bb en el PBI al 0,75%, el nivel m\u00e1s bajo en una d\u00e9cada. Ante la Comisi\u00f3n la secretaria general de CTERA, Sonia Alesso, advirti\u00f3 que el proyecto representa un \u00abfuerte ajuste y retroceso hist\u00f3rico\u00bb que amenaza con una [&hellip;]<\/p>\n","protected":false},"author":4,"featured_media":5407,"comment_status":"open","ping_status":"open","sticky":false,"template":"","format":"standard","meta":{"footnotes":""},"categories":[17],"tags":[],"class_list":{"0":"post-5406","1":"post","2":"type-post","3":"status-publish","4":"format-standard","5":"has-post-thumbnail","7":"category-provinciales"},"yoast_head":"<!-- This site is optimized with the Yoast SEO plugin v27.4 - https:\/\/yoast.com\/product\/yoast-seo-wordpress\/ -->\n<title>&quot;El ajuste de Milei es escandaloso&quot;: Agmer alerta por el recorte hist\u00f3rico en el Presupuesto Educativo 2026 - Diario del Sur<\/title>\n<meta name=\"robots\" content=\"index, follow, max-snippet:-1, max-image-preview:large, max-video-preview:-1\" \/>\n<link rel=\"canonical\" href=\"https:\/\/diariodelsurdigital.com.ar\/?p=5406\" \/>\n<meta property=\"og:locale\" content=\"es_ES\" \/>\n<meta property=\"og:type\" content=\"article\" \/>\n<meta property=\"og:title\" content=\"&quot;El ajuste de Milei es escandaloso&quot;: Agmer alerta por el recorte hist\u00f3rico en el Presupuesto Educativo 2026 - Diario del Sur\" \/>\n<meta property=\"og:description\" content=\"El proyecto de Presupuesto 2026 en debate en el Congreso Nacional reduce la participaci\u00f3n de \u00abEducaci\u00f3n y Cultura\u00bb en el PBI al 0,75%, el nivel m\u00e1s bajo en una d\u00e9cada. Ante la Comisi\u00f3n la secretaria general de CTERA, Sonia Alesso, advirti\u00f3 que el proyecto representa un \u00abfuerte ajuste y retroceso hist\u00f3rico\u00bb que amenaza con una [&hellip;]\" \/>\n<meta property=\"og:url\" content=\"https:\/\/diariodelsurdigital.com.ar\/?p=5406\" \/>\n<meta property=\"og:site_name\" content=\"Diario del Sur\" \/>\n<meta property=\"article:published_time\" content=\"2025-10-30T17:54:03+00:00\" \/>\n<meta property=\"article:modified_time\" content=\"2025-10-30T17:54:04+00:00\" \/>\n<meta property=\"og:image\" content=\"https:\/\/diariodelsurdigital.com.ar\/wp-content\/uploads\/2025\/10\/md-15-1.webp\" \/>\n\t<meta property=\"og:image:width\" content=\"992\" \/>\n\t<meta property=\"og:image:height\" content=\"558\" \/>\n\t<meta property=\"og:image:type\" content=\"image\/webp\" \/>\n<meta name=\"author\" content=\"Diario del Sur Digital\" \/>\n<meta name=\"twitter:card\" content=\"summary_large_image\" \/>\n<meta name=\"twitter:label1\" content=\"Escrito por\" \/>\n\t<meta name=\"twitter:data1\" content=\"Diario del Sur Digital\" \/>\n\t<meta name=\"twitter:label2\" content=\"Tiempo de lectura\" \/>\n\t<meta name=\"twitter:data2\" content=\"3 minutos\" \/>\n<script type=\"application\/ld+json\" class=\"yoast-schema-graph\">{\"@context\":\"https:\\\/\\\/schema.org\",\"@graph\":[{\"@type\":\"Article\",\"@id\":\"https:\\\/\\\/diariodelsurdigital.com.ar\\\/?p=5406#article\",\"isPartOf\":{\"@id\":\"https:\\\/\\\/diariodelsurdigital.com.ar\\\/?p=5406\"},\"author\":{\"name\":\"Diario del Sur Digital\",\"@id\":\"https:\\\/\\\/diariodelsurdigital.com.ar\\\/#\\\/schema\\\/person\\\/1a4992532ed62965c968031b49195c81\"},\"headline\":\"\u00abEl ajuste de Milei es escandaloso\u00bb: Agmer alerta por el recorte hist\u00f3rico en el Presupuesto Educativo 2026\",\"datePublished\":\"2025-10-30T17:54:03+00:00\",\"dateModified\":\"2025-10-30T17:54:04+00:00\",\"mainEntityOfPage\":{\"@id\":\"https:\\\/\\\/diariodelsurdigital.com.ar\\\/?p=5406\"},\"wordCount\":527,\"commentCount\":0,\"image\":{\"@id\":\"https:\\\/\\\/diariodelsurdigital.com.ar\\\/?p=5406#primaryimage\"},\"thumbnailUrl\":\"https:\\\/\\\/diariodelsurdigital.com.ar\\\/wp-content\\\/uploads\\\/2025\\\/10\\\/md-15-1.webp\",\"articleSection\":[\"Provinciales\"],\"inLanguage\":\"es\",\"potentialAction\":[{\"@type\":\"CommentAction\",\"name\":\"Comment\",\"target\":[\"https:\\\/\\\/diariodelsurdigital.com.ar\\\/?p=5406#respond\"]}]},{\"@type\":\"WebPage\",\"@id\":\"https:\\\/\\\/diariodelsurdigital.com.ar\\\/?p=5406\",\"url\":\"https:\\\/\\\/diariodelsurdigital.com.ar\\\/?p=5406\",\"name\":\"\\\"El ajuste de Milei es escandaloso\\\": Agmer alerta por el recorte hist\u00f3rico en el Presupuesto Educativo 2026 - Diario del Sur\",\"isPartOf\":{\"@id\":\"https:\\\/\\\/diariodelsurdigital.com.ar\\\/#website\"},\"primaryImageOfPage\":{\"@id\":\"https:\\\/\\\/diariodelsurdigital.com.ar\\\/?p=5406#primaryimage\"},\"image\":{\"@id\":\"https:\\\/\\\/diariodelsurdigital.com.ar\\\/?p=5406#primaryimage\"},\"thumbnailUrl\":\"https:\\\/\\\/diariodelsurdigital.com.ar\\\/wp-content\\\/uploads\\\/2025\\\/10\\\/md-15-1.webp\",\"datePublished\":\"2025-10-30T17:54:03+00:00\",\"dateModified\":\"2025-10-30T17:54:04+00:00\",\"author\":{\"@id\":\"https:\\\/\\\/diariodelsurdigital.com.ar\\\/#\\\/schema\\\/person\\\/1a4992532ed62965c968031b49195c81\"},\"breadcrumb\":{\"@id\":\"https:\\\/\\\/diariodelsurdigital.com.ar\\\/?p=5406#breadcrumb\"},\"inLanguage\":\"es\",\"potentialAction\":[{\"@type\":\"ReadAction\",\"target\":[\"https:\\\/\\\/diariodelsurdigital.com.ar\\\/?p=5406\"]}]},{\"@type\":\"ImageObject\",\"inLanguage\":\"es\",\"@id\":\"https:\\\/\\\/diariodelsurdigital.com.ar\\\/?p=5406#primaryimage\",\"url\":\"https:\\\/\\\/diariodelsurdigital.com.ar\\\/wp-content\\\/uploads\\\/2025\\\/10\\\/md-15-1.webp\",\"contentUrl\":\"https:\\\/\\\/diariodelsurdigital.com.ar\\\/wp-content\\\/uploads\\\/2025\\\/10\\\/md-15-1.webp\",\"width\":992,\"height\":558},{\"@type\":\"BreadcrumbList\",\"@id\":\"https:\\\/\\\/diariodelsurdigital.com.ar\\\/?p=5406#breadcrumb\",\"itemListElement\":[{\"@type\":\"ListItem\",\"position\":1,\"name\":\"Portada\",\"item\":\"https:\\\/\\\/diariodelsurdigital.com.ar\\\/\"},{\"@type\":\"ListItem\",\"position\":2,\"name\":\"\u00abEl ajuste de Milei es escandaloso\u00bb: Agmer alerta por el recorte hist\u00f3rico en el Presupuesto Educativo 2026\"}]},{\"@type\":\"WebSite\",\"@id\":\"https:\\\/\\\/diariodelsurdigital.com.ar\\\/#website\",\"url\":\"https:\\\/\\\/diariodelsurdigital.com.ar\\\/\",\"name\":\"Diario del Sur\",\"description\":\"Digital\",\"potentialAction\":[{\"@type\":\"SearchAction\",\"target\":{\"@type\":\"EntryPoint\",\"urlTemplate\":\"https:\\\/\\\/diariodelsurdigital.com.ar\\\/?s={search_term_string}\"},\"query-input\":{\"@type\":\"PropertyValueSpecification\",\"valueRequired\":true,\"valueName\":\"search_term_string\"}}],\"inLanguage\":\"es\"},{\"@type\":\"Person\",\"@id\":\"https:\\\/\\\/diariodelsurdigital.com.ar\\\/#\\\/schema\\\/person\\\/1a4992532ed62965c968031b49195c81\",\"name\":\"Diario del Sur Digital\",\"image\":{\"@type\":\"ImageObject\",\"inLanguage\":\"es\",\"@id\":\"https:\\\/\\\/secure.gravatar.com\\\/avatar\\\/f0c7c47fc7146d19828273b9b8eda651c9c7ab583767e6338d3d3bee825adf76?s=96&d=mm&r=g\",\"url\":\"https:\\\/\\\/secure.gravatar.com\\\/avatar\\\/f0c7c47fc7146d19828273b9b8eda651c9c7ab583767e6338d3d3bee825adf76?s=96&d=mm&r=g\",\"contentUrl\":\"https:\\\/\\\/secure.gravatar.com\\\/avatar\\\/f0c7c47fc7146d19828273b9b8eda651c9c7ab583767e6338d3d3bee825adf76?s=96&d=mm&r=g\",\"caption\":\"Diario del Sur Digital\"},\"url\":\"https:\\\/\\\/diariodelsurdigital.com.ar\\\/?author=4\"}]}<\/script>\n<!-- \/ Yoast SEO plugin. -->","yoast_head_json":{"title":"\"El ajuste de Milei es escandaloso\": Agmer alerta por el recorte hist\u00f3rico en el Presupuesto Educativo 2026 - Diario del Sur","robots":{"index":"index","follow":"follow","max-snippet":"max-snippet:-1","max-image-preview":"max-image-preview:large","max-video-preview":"max-video-preview:-1"},"canonical":"https:\/\/diariodelsurdigital.com.ar\/?p=5406","og_locale":"es_ES","og_type":"article","og_title":"\"El ajuste de Milei es escandaloso\": Agmer alerta por el recorte hist\u00f3rico en el Presupuesto Educativo 2026 - Diario del Sur","og_description":"El proyecto de Presupuesto 2026 en debate en el Congreso Nacional reduce la participaci\u00f3n de \u00abEducaci\u00f3n y Cultura\u00bb en el PBI al 0,75%, el nivel m\u00e1s bajo en una d\u00e9cada. Ante la Comisi\u00f3n la secretaria general de CTERA, Sonia Alesso, advirti\u00f3 que el proyecto representa un \u00abfuerte ajuste y retroceso hist\u00f3rico\u00bb que amenaza con una [&hellip;]","og_url":"https:\/\/diariodelsurdigital.com.ar\/?p=5406","og_site_name":"Diario del Sur","article_published_time":"2025-10-30T17:54:03+00:00","article_modified_time":"2025-10-30T17:54:04+00:00","og_image":[{"width":992,"height":558,"url":"https:\/\/diariodelsurdigital.com.ar\/wp-content\/uploads\/2025\/10\/md-15-1.webp","type":"image\/webp"}],"author":"Diario del Sur Digital","twitter_card":"summary_large_image","twitter_misc":{"Escrito por":"Diario del Sur Digital","Tiempo de lectura":"3 minutos"},"schema":{"@context":"https:\/\/schema.org","@graph":[{"@type":"Article","@id":"https:\/\/diariodelsurdigital.com.ar\/?p=5406#article","isPartOf":{"@id":"https:\/\/diariodelsurdigital.com.ar\/?p=5406"},"author":{"name":"Diario del Sur Digital","@id":"https:\/\/diariodelsurdigital.com.ar\/#\/schema\/person\/1a4992532ed62965c968031b49195c81"},"headline":"\u00abEl ajuste de Milei es escandaloso\u00bb: Agmer alerta por el recorte hist\u00f3rico en el Presupuesto Educativo 2026","datePublished":"2025-10-30T17:54:03+00:00","dateModified":"2025-10-30T17:54:04+00:00","mainEntityOfPage":{"@id":"https:\/\/diariodelsurdigital.com.ar\/?p=5406"},"wordCount":527,"commentCount":0,"image":{"@id":"https:\/\/diariodelsurdigital.com.ar\/?p=5406#primaryimage"},"thumbnailUrl":"https:\/\/diariodelsurdigital.com.ar\/wp-content\/uploads\/2025\/10\/md-15-1.webp","articleSection":["Provinciales"],"inLanguage":"es","potentialAction":[{"@type":"CommentAction","name":"Comment","target":["https:\/\/diariodelsurdigital.com.ar\/?p=5406#respond"]}]},{"@type":"WebPage","@id":"https:\/\/diariodelsurdigital.com.ar\/?p=5406","url":"https:\/\/diariodelsurdigital.com.ar\/?p=5406","name":"\"El ajuste de Milei es escandaloso\": Agmer alerta por el recorte hist\u00f3rico en el Presupuesto Educativo 2026 - Diario del Sur","isPartOf":{"@id":"https:\/\/diariodelsurdigital.com.ar\/#website"},"primaryImageOfPage":{"@id":"https:\/\/diariodelsurdigital.com.ar\/?p=5406#primaryimage"},"image":{"@id":"https:\/\/diariodelsurdigital.com.ar\/?p=5406#primaryimage"},"thumbnailUrl":"https:\/\/diariodelsurdigital.com.ar\/wp-content\/uploads\/2025\/10\/md-15-1.webp","datePublished":"2025-10-30T17:54:03+00:00","dateModified":"2025-10-30T17:54:04+00:00","author":{"@id":"https:\/\/diariodelsurdigital.com.ar\/#\/schema\/person\/1a4992532ed62965c968031b49195c81"},"breadcrumb":{"@id":"https:\/\/diariodelsurdigital.com.ar\/?p=5406#breadcrumb"},"inLanguage":"es","potentialAction":[{"@type":"ReadAction","target":["https:\/\/diariodelsurdigital.com.ar\/?p=5406"]}]},{"@type":"ImageObject","inLanguage":"es","@id":"https:\/\/diariodelsurdigital.com.ar\/?p=5406#primaryimage","url":"https:\/\/diariodelsurdigital.com.ar\/wp-content\/uploads\/2025\/10\/md-15-1.webp","contentUrl":"https:\/\/diariodelsurdigital.com.ar\/wp-content\/uploads\/2025\/10\/md-15-1.webp","width":992,"height":558},{"@type":"BreadcrumbList","@id":"https:\/\/diariodelsurdigital.com.ar\/?p=5406#breadcrumb","itemListElement":[{"@type":"ListItem","position":1,"name":"Portada","item":"https:\/\/diariodelsurdigital.com.ar\/"},{"@type":"ListItem","position":2,"name":"\u00abEl ajuste de Milei es escandaloso\u00bb: Agmer alerta por el recorte hist\u00f3rico en el Presupuesto Educativo 2026"}]},{"@type":"WebSite","@id":"https:\/\/diariodelsurdigital.com.ar\/#website","url":"https:\/\/diariodelsurdigital.com.ar\/","name":"Diario del Sur","description":"Digital","potentialAction":[{"@type":"SearchAction","target":{"@type":"EntryPoint","urlTemplate":"https:\/\/diariodelsurdigital.com.ar\/?s={search_term_string}"},"query-input":{"@type":"PropertyValueSpecification","valueRequired":true,"valueName":"search_term_string"}}],"inLanguage":"es"},{"@type":"Person","@id":"https:\/\/diariodelsurdigital.com.ar\/#\/schema\/person\/1a4992532ed62965c968031b49195c81","name":"Diario del Sur Digital","image":{"@type":"ImageObject","inLanguage":"es","@id":"https:\/\/secure.gravatar.com\/avatar\/f0c7c47fc7146d19828273b9b8eda651c9c7ab583767e6338d3d3bee825adf76?s=96&d=mm&r=g","url":"https:\/\/secure.gravatar.com\/avatar\/f0c7c47fc7146d19828273b9b8eda651c9c7ab583767e6338d3d3bee825adf76?s=96&d=mm&r=g","contentUrl":"https:\/\/secure.gravatar.com\/avatar\/f0c7c47fc7146d19828273b9b8eda651c9c7ab583767e6338d3d3bee825adf76?s=96&d=mm&r=g","caption":"Diario del Sur Digital"},"url":"https:\/\/diariodelsurdigital.com.ar\/?author=4"}]}},"_links":{"self":[{"href":"https:\/\/diariodelsurdigital.com.ar\/index.php?rest_route=\/wp\/v2\/posts\/5406","targetHints":{"allow":["GET"]}}],"collection":[{"href":"https:\/\/diariodelsurdigital.com.ar\/index.php?rest_route=\/wp\/v2\/posts"}],"about":[{"href":"https:\/\/diariodelsurdigital.com.ar\/index.php?rest_route=\/wp\/v2\/types\/post"}],"author":[{"embeddable":true,"href":"https:\/\/diariodelsurdigital.com.ar\/index.php?rest_route=\/wp\/v2\/users\/4"}],"replies":[{"embeddable":true,"href":"https:\/\/diariodelsurdigital.com.ar\/index.php?rest_route=%2Fwp%2Fv2%2Fcomments&post=5406"}],"version-history":[{"count":1,"href":"https:\/\/diariodelsurdigital.com.ar\/index.php?rest_route=\/wp\/v2\/posts\/5406\/revisions"}],"predecessor-version":[{"id":5408,"href":"https:\/\/diariodelsurdigital.com.ar\/index.php?rest_route=\/wp\/v2\/posts\/5406\/revisions\/5408"}],"wp:featuredmedia":[{"embeddable":true,"href":"https:\/\/diariodelsurdigital.com.ar\/index.php?rest_route=\/wp\/v2\/media\/5407"}],"wp:attachment":[{"href":"https:\/\/diariodelsurdigital.com.ar\/index.php?rest_route=%2Fwp%2Fv2%2Fmedia&parent=5406"}],"wp:term":[{"taxonomy":"category","embeddable":true,"href":"https:\/\/diariodelsurdigital.com.ar\/index.php?rest_route=%2Fwp%2Fv2%2Fcategories&post=5406"},{"taxonomy":"post_tag","embeddable":true,"href":"https:\/\/diariodelsurdigital.com.ar\/index.php?rest_route=%2Fwp%2Fv2%2Ftags&post=5406"}],"curies":[{"name":"wp","href":"https:\/\/api.w.org\/{rel}","templated":true}]}}