{"id":5422,"date":"2025-10-30T16:36:00","date_gmt":"2025-10-30T19:36:00","guid":{"rendered":"https:\/\/diariodelsurdigital.com.ar\/?p=5422"},"modified":"2025-10-30T16:36:00","modified_gmt":"2025-10-30T19:36:00","slug":"invertiran-38-millones-para-reparar-una-escuela-de-concordia-inaugurada-en-2019","status":"publish","type":"post","link":"https:\/\/diariodelsurdigital.com.ar\/?p=5422","title":{"rendered":"Invertir\u00e1n $38 millones para reparar una escuela de Concordia inaugurada en 2019"},"content":{"rendered":"\n<figure class=\"wp-block-image\"><img decoding=\"async\" src=\"https:\/\/media.elentrerios.com\/fotos-v2\/2025\/10\/30\/l_1761829354.jpg\" alt=\"\" title=\"\"\/><\/figure>\n\n\n\n<p>El Ministerio de Planeamiento, Infraestructura y Servicios avanza con obras destinadas a fortalecer la infraestructura educativa en el territorio provincial. En la oportunidad, se llev\u00f3 a cabo la apertura de sobres para ejecutar trabajos de reparaci\u00f3n edilicia en la escuela N\u00ba36 \u201cJuana Manso\u201d de Concordia, y que beneficiar\u00e1n a m\u00e1s de 560 estudiantes.<\/p>\n\n\n\n<h3 class=\"wp-block-heading\">Reparaci\u00f3n a 6 a\u00f1os de su inauguraci\u00f3n<\/h3>\n\n\n\n<p>El establecimiento se encuentra ubicado en calle Misiones 1651 y fue inaugurado en 2019. Se compone de siete aulas, un laboratorio, \u00e1reas administrativas, sanitarios y un sal\u00f3n de usos m\u00faltiples que tambi\u00e9n funciona como gimnasio.<\/p>\n\n\n\n<p>\u00abCon el paso del tiempo, el edificio comenz\u00f3 a presentar filtraciones, da\u00f1os en cielorrasos, deficiencias en los desag\u00fces y deterioro en los sanitarios, lo que motiv\u00f3 la necesidad de una intervenci\u00f3n\u00bb, precisaron en el comunicado remitido a&nbsp;<strong>El Entre R\u00edos<\/strong>.<\/p>\n\n\n\n<p>El proyecto prev\u00e9 la reparaci\u00f3n de cubiertas de techos, cielorrasos y desag\u00fces, adem\u00e1s del recambio de grifer\u00edas, descargas de inodoros y la construcci\u00f3n de una nueva rejilla de drenaje. Tambi\u00e9n se intervendr\u00e1 el sector deportivo, con limpieza y nivelaci\u00f3n del terreno norte, y se llevar\u00e1 a cabo una revisi\u00f3n del sistema el\u00e9ctrico, junto al cambio de canaletas, cenefas y babetas.<\/p>\n\n\n\n<h3 class=\"wp-block-heading\">Presupuesto<\/h3>\n\n\n\n<p>El presupuesto oficial para la obra asciende a 38.333.832 pesos, con un plazo de ejecuci\u00f3n de 60 d\u00edas corridos. En el procedimiento de cotejo de precios, se realiz\u00f3 en las instalaciones de la escuela y se presentaron dos empresas oferentes: Russo Carlos Alberto y Cocco Construcciones S.R.L.<\/p>\n\n\n\n<p>Hern\u00e1n Jacob, coordinador general del Ministerio de Planeamiento, se\u00f1al\u00f3 que \u00aba la escuela N\u00ba36 de Concordia asisten m\u00e1s de 500 chicos de los barrios cercanos, y estas obras buscan dar soluci\u00f3n a problemas edilicios para que puedan aprender y desarrollar sus actividades deportivas en espacios funcionales y en condiciones adecuadas\u00bb.<\/p>\n\n\n\n<p>Del acto participaron la rectora de la instituci\u00f3n, profesora Daniela A. L\u00f3pez; el director departamental de Escuelas de Concordia, profesor Jos\u00e9 Luis Ferrari; la supervisora de Zona II, profesora Marina Fornasari; el supervisor profesor N\u00e9stor Maschio; el vocal de CAFESG, Mart\u00edn Dri; el jefe zonal departamental de Concordia, Jos\u00e9 Luis Malvasio; y personal t\u00e9cnico de la Direcci\u00f3n General de Arquitectura y Construcciones, Miguel \u00c1ngel Dur\u00e1n.<\/p>\n\n\n\n<p>Fuente: El Entre Rios<\/p>\n","protected":false},"excerpt":{"rendered":"<p>El Ministerio de Planeamiento, Infraestructura y Servicios avanza con obras destinadas a fortalecer la infraestructura educativa en el territorio provincial. En la oportunidad, se llev\u00f3 a cabo la apertura de sobres para ejecutar trabajos de reparaci\u00f3n edilicia en la escuela N\u00ba36 \u201cJuana Manso\u201d de Concordia, y que beneficiar\u00e1n a m\u00e1s de 560 estudiantes. Reparaci\u00f3n a [&hellip;]<\/p>\n","protected":false},"author":3,"featured_media":5423,"comment_status":"open","ping_status":"open","sticky":false,"template":"","format":"standard","meta":{"footnotes":""},"categories":[16],"tags":[],"class_list":{"0":"post-5422","1":"post","2":"type-post","3":"status-publish","4":"format-standard","5":"has-post-thumbnail","7":"category-locales"},"yoast_head":"<!-- This site is optimized with the Yoast SEO plugin v27.4 - https:\/\/yoast.com\/product\/yoast-seo-wordpress\/ -->\n<title>Invertir\u00e1n $38 millones para reparar una escuela de Concordia inaugurada en 2019 - Diario del Sur<\/title>\n<meta name=\"robots\" content=\"index, follow, max-snippet:-1, max-image-preview:large, max-video-preview:-1\" \/>\n<link rel=\"canonical\" href=\"https:\/\/diariodelsurdigital.com.ar\/?p=5422\" \/>\n<meta property=\"og:locale\" content=\"es_ES\" \/>\n<meta property=\"og:type\" content=\"article\" \/>\n<meta property=\"og:title\" content=\"Invertir\u00e1n $38 millones para reparar una escuela de Concordia inaugurada en 2019 - Diario del Sur\" \/>\n<meta property=\"og:description\" content=\"El Ministerio de Planeamiento, Infraestructura y Servicios avanza con obras destinadas a fortalecer la infraestructura educativa en el territorio provincial. En la oportunidad, se llev\u00f3 a cabo la apertura de sobres para ejecutar trabajos de reparaci\u00f3n edilicia en la escuela N\u00ba36 \u201cJuana Manso\u201d de Concordia, y que beneficiar\u00e1n a m\u00e1s de 560 estudiantes. Reparaci\u00f3n a [&hellip;]\" \/>\n<meta property=\"og:url\" content=\"https:\/\/diariodelsurdigital.com.ar\/?p=5422\" \/>\n<meta property=\"og:site_name\" content=\"Diario del Sur\" \/>\n<meta property=\"article:published_time\" content=\"2025-10-30T19:36:00+00:00\" \/>\n<meta property=\"og:image\" content=\"https:\/\/diariodelsurdigital.com.ar\/wp-content\/uploads\/2025\/10\/o_1761829310.jpg\" \/>\n\t<meta property=\"og:image:width\" content=\"1230\" \/>\n\t<meta property=\"og:image:height\" content=\"820\" \/>\n\t<meta property=\"og:image:type\" content=\"image\/jpeg\" \/>\n<meta name=\"author\" content=\"Diario del Sur Digital\" \/>\n<meta name=\"twitter:card\" content=\"summary_large_image\" \/>\n<meta name=\"twitter:label1\" content=\"Escrito por\" \/>\n\t<meta name=\"twitter:data1\" content=\"Diario del Sur Digital\" \/>\n\t<meta name=\"twitter:label2\" content=\"Tiempo de lectura\" \/>\n\t<meta name=\"twitter:data2\" content=\"3 minutos\" \/>\n<script type=\"application\/ld+json\" class=\"yoast-schema-graph\">{\"@context\":\"https:\\\/\\\/schema.org\",\"@graph\":[{\"@type\":\"Article\",\"@id\":\"https:\\\/\\\/diariodelsurdigital.com.ar\\\/?p=5422#article\",\"isPartOf\":{\"@id\":\"https:\\\/\\\/diariodelsurdigital.com.ar\\\/?p=5422\"},\"author\":{\"name\":\"Diario del Sur Digital\",\"@id\":\"https:\\\/\\\/diariodelsurdigital.com.ar\\\/#\\\/schema\\\/person\\\/d794acb23337e88c6e4004a39c32be62\"},\"headline\":\"Invertir\u00e1n $38 millones para reparar una escuela de Concordia inaugurada en 2019\",\"datePublished\":\"2025-10-30T19:36:00+00:00\",\"mainEntityOfPage\":{\"@id\":\"https:\\\/\\\/diariodelsurdigital.com.ar\\\/?p=5422\"},\"wordCount\":404,\"commentCount\":0,\"image\":{\"@id\":\"https:\\\/\\\/diariodelsurdigital.com.ar\\\/?p=5422#primaryimage\"},\"thumbnailUrl\":\"https:\\\/\\\/diariodelsurdigital.com.ar\\\/wp-content\\\/uploads\\\/2025\\\/10\\\/o_1761829310.jpg\",\"articleSection\":[\"Locales\"],\"inLanguage\":\"es\",\"potentialAction\":[{\"@type\":\"CommentAction\",\"name\":\"Comment\",\"target\":[\"https:\\\/\\\/diariodelsurdigital.com.ar\\\/?p=5422#respond\"]}]},{\"@type\":\"WebPage\",\"@id\":\"https:\\\/\\\/diariodelsurdigital.com.ar\\\/?p=5422\",\"url\":\"https:\\\/\\\/diariodelsurdigital.com.ar\\\/?p=5422\",\"name\":\"Invertir\u00e1n $38 millones para reparar una escuela de Concordia inaugurada en 2019 - Diario del Sur\",\"isPartOf\":{\"@id\":\"https:\\\/\\\/diariodelsurdigital.com.ar\\\/#website\"},\"primaryImageOfPage\":{\"@id\":\"https:\\\/\\\/diariodelsurdigital.com.ar\\\/?p=5422#primaryimage\"},\"image\":{\"@id\":\"https:\\\/\\\/diariodelsurdigital.com.ar\\\/?p=5422#primaryimage\"},\"thumbnailUrl\":\"https:\\\/\\\/diariodelsurdigital.com.ar\\\/wp-content\\\/uploads\\\/2025\\\/10\\\/o_1761829310.jpg\",\"datePublished\":\"2025-10-30T19:36:00+00:00\",\"author\":{\"@id\":\"https:\\\/\\\/diariodelsurdigital.com.ar\\\/#\\\/schema\\\/person\\\/d794acb23337e88c6e4004a39c32be62\"},\"breadcrumb\":{\"@id\":\"https:\\\/\\\/diariodelsurdigital.com.ar\\\/?p=5422#breadcrumb\"},\"inLanguage\":\"es\",\"potentialAction\":[{\"@type\":\"ReadAction\",\"target\":[\"https:\\\/\\\/diariodelsurdigital.com.ar\\\/?p=5422\"]}]},{\"@type\":\"ImageObject\",\"inLanguage\":\"es\",\"@id\":\"https:\\\/\\\/diariodelsurdigital.com.ar\\\/?p=5422#primaryimage\",\"url\":\"https:\\\/\\\/diariodelsurdigital.com.ar\\\/wp-content\\\/uploads\\\/2025\\\/10\\\/o_1761829310.jpg\",\"contentUrl\":\"https:\\\/\\\/diariodelsurdigital.com.ar\\\/wp-content\\\/uploads\\\/2025\\\/10\\\/o_1761829310.jpg\",\"width\":1230,\"height\":820},{\"@type\":\"BreadcrumbList\",\"@id\":\"https:\\\/\\\/diariodelsurdigital.com.ar\\\/?p=5422#breadcrumb\",\"itemListElement\":[{\"@type\":\"ListItem\",\"position\":1,\"name\":\"Portada\",\"item\":\"https:\\\/\\\/diariodelsurdigital.com.ar\\\/\"},{\"@type\":\"ListItem\",\"position\":2,\"name\":\"Invertir\u00e1n $38 millones para reparar una escuela de Concordia inaugurada en 2019\"}]},{\"@type\":\"WebSite\",\"@id\":\"https:\\\/\\\/diariodelsurdigital.com.ar\\\/#website\",\"url\":\"https:\\\/\\\/diariodelsurdigital.com.ar\\\/\",\"name\":\"Diario del Sur\",\"description\":\"Digital\",\"potentialAction\":[{\"@type\":\"SearchAction\",\"target\":{\"@type\":\"EntryPoint\",\"urlTemplate\":\"https:\\\/\\\/diariodelsurdigital.com.ar\\\/?s={search_term_string}\"},\"query-input\":{\"@type\":\"PropertyValueSpecification\",\"valueRequired\":true,\"valueName\":\"search_term_string\"}}],\"inLanguage\":\"es\"},{\"@type\":\"Person\",\"@id\":\"https:\\\/\\\/diariodelsurdigital.com.ar\\\/#\\\/schema\\\/person\\\/d794acb23337e88c6e4004a39c32be62\",\"name\":\"Diario del Sur Digital\",\"image\":{\"@type\":\"ImageObject\",\"inLanguage\":\"es\",\"@id\":\"https:\\\/\\\/secure.gravatar.com\\\/avatar\\\/47679bcfa15734cfdefc176b6ad58adeeccac22b2e03e095ada6c622af2b463a?s=96&d=mm&r=g\",\"url\":\"https:\\\/\\\/secure.gravatar.com\\\/avatar\\\/47679bcfa15734cfdefc176b6ad58adeeccac22b2e03e095ada6c622af2b463a?s=96&d=mm&r=g\",\"contentUrl\":\"https:\\\/\\\/secure.gravatar.com\\\/avatar\\\/47679bcfa15734cfdefc176b6ad58adeeccac22b2e03e095ada6c622af2b463a?s=96&d=mm&r=g\",\"caption\":\"Diario del Sur Digital\"},\"url\":\"https:\\\/\\\/diariodelsurdigital.com.ar\\\/?author=3\"}]}<\/script>\n<!-- \/ Yoast SEO plugin. -->","yoast_head_json":{"title":"Invertir\u00e1n $38 millones para reparar una escuela de Concordia inaugurada en 2019 - Diario del Sur","robots":{"index":"index","follow":"follow","max-snippet":"max-snippet:-1","max-image-preview":"max-image-preview:large","max-video-preview":"max-video-preview:-1"},"canonical":"https:\/\/diariodelsurdigital.com.ar\/?p=5422","og_locale":"es_ES","og_type":"article","og_title":"Invertir\u00e1n $38 millones para reparar una escuela de Concordia inaugurada en 2019 - Diario del Sur","og_description":"El Ministerio de Planeamiento, Infraestructura y Servicios avanza con obras destinadas a fortalecer la infraestructura educativa en el territorio provincial. En la oportunidad, se llev\u00f3 a cabo la apertura de sobres para ejecutar trabajos de reparaci\u00f3n edilicia en la escuela N\u00ba36 \u201cJuana Manso\u201d de Concordia, y que beneficiar\u00e1n a m\u00e1s de 560 estudiantes. Reparaci\u00f3n a [&hellip;]","og_url":"https:\/\/diariodelsurdigital.com.ar\/?p=5422","og_site_name":"Diario del Sur","article_published_time":"2025-10-30T19:36:00+00:00","og_image":[{"width":1230,"height":820,"url":"https:\/\/diariodelsurdigital.com.ar\/wp-content\/uploads\/2025\/10\/o_1761829310.jpg","type":"image\/jpeg"}],"author":"Diario del Sur Digital","twitter_card":"summary_large_image","twitter_misc":{"Escrito por":"Diario del Sur Digital","Tiempo de lectura":"3 minutos"},"schema":{"@context":"https:\/\/schema.org","@graph":[{"@type":"Article","@id":"https:\/\/diariodelsurdigital.com.ar\/?p=5422#article","isPartOf":{"@id":"https:\/\/diariodelsurdigital.com.ar\/?p=5422"},"author":{"name":"Diario del Sur Digital","@id":"https:\/\/diariodelsurdigital.com.ar\/#\/schema\/person\/d794acb23337e88c6e4004a39c32be62"},"headline":"Invertir\u00e1n $38 millones para reparar una escuela de Concordia inaugurada en 2019","datePublished":"2025-10-30T19:36:00+00:00","mainEntityOfPage":{"@id":"https:\/\/diariodelsurdigital.com.ar\/?p=5422"},"wordCount":404,"commentCount":0,"image":{"@id":"https:\/\/diariodelsurdigital.com.ar\/?p=5422#primaryimage"},"thumbnailUrl":"https:\/\/diariodelsurdigital.com.ar\/wp-content\/uploads\/2025\/10\/o_1761829310.jpg","articleSection":["Locales"],"inLanguage":"es","potentialAction":[{"@type":"CommentAction","name":"Comment","target":["https:\/\/diariodelsurdigital.com.ar\/?p=5422#respond"]}]},{"@type":"WebPage","@id":"https:\/\/diariodelsurdigital.com.ar\/?p=5422","url":"https:\/\/diariodelsurdigital.com.ar\/?p=5422","name":"Invertir\u00e1n $38 millones para reparar una escuela de Concordia inaugurada en 2019 - Diario del Sur","isPartOf":{"@id":"https:\/\/diariodelsurdigital.com.ar\/#website"},"primaryImageOfPage":{"@id":"https:\/\/diariodelsurdigital.com.ar\/?p=5422#primaryimage"},"image":{"@id":"https:\/\/diariodelsurdigital.com.ar\/?p=5422#primaryimage"},"thumbnailUrl":"https:\/\/diariodelsurdigital.com.ar\/wp-content\/uploads\/2025\/10\/o_1761829310.jpg","datePublished":"2025-10-30T19:36:00+00:00","author":{"@id":"https:\/\/diariodelsurdigital.com.ar\/#\/schema\/person\/d794acb23337e88c6e4004a39c32be62"},"breadcrumb":{"@id":"https:\/\/diariodelsurdigital.com.ar\/?p=5422#breadcrumb"},"inLanguage":"es","potentialAction":[{"@type":"ReadAction","target":["https:\/\/diariodelsurdigital.com.ar\/?p=5422"]}]},{"@type":"ImageObject","inLanguage":"es","@id":"https:\/\/diariodelsurdigital.com.ar\/?p=5422#primaryimage","url":"https:\/\/diariodelsurdigital.com.ar\/wp-content\/uploads\/2025\/10\/o_1761829310.jpg","contentUrl":"https:\/\/diariodelsurdigital.com.ar\/wp-content\/uploads\/2025\/10\/o_1761829310.jpg","width":1230,"height":820},{"@type":"BreadcrumbList","@id":"https:\/\/diariodelsurdigital.com.ar\/?p=5422#breadcrumb","itemListElement":[{"@type":"ListItem","position":1,"name":"Portada","item":"https:\/\/diariodelsurdigital.com.ar\/"},{"@type":"ListItem","position":2,"name":"Invertir\u00e1n $38 millones para reparar una escuela de Concordia inaugurada en 2019"}]},{"@type":"WebSite","@id":"https:\/\/diariodelsurdigital.com.ar\/#website","url":"https:\/\/diariodelsurdigital.com.ar\/","name":"Diario del Sur","description":"Digital","potentialAction":[{"@type":"SearchAction","target":{"@type":"EntryPoint","urlTemplate":"https:\/\/diariodelsurdigital.com.ar\/?s={search_term_string}"},"query-input":{"@type":"PropertyValueSpecification","valueRequired":true,"valueName":"search_term_string"}}],"inLanguage":"es"},{"@type":"Person","@id":"https:\/\/diariodelsurdigital.com.ar\/#\/schema\/person\/d794acb23337e88c6e4004a39c32be62","name":"Diario del Sur Digital","image":{"@type":"ImageObject","inLanguage":"es","@id":"https:\/\/secure.gravatar.com\/avatar\/47679bcfa15734cfdefc176b6ad58adeeccac22b2e03e095ada6c622af2b463a?s=96&d=mm&r=g","url":"https:\/\/secure.gravatar.com\/avatar\/47679bcfa15734cfdefc176b6ad58adeeccac22b2e03e095ada6c622af2b463a?s=96&d=mm&r=g","contentUrl":"https:\/\/secure.gravatar.com\/avatar\/47679bcfa15734cfdefc176b6ad58adeeccac22b2e03e095ada6c622af2b463a?s=96&d=mm&r=g","caption":"Diario del Sur Digital"},"url":"https:\/\/diariodelsurdigital.com.ar\/?author=3"}]}},"_links":{"self":[{"href":"https:\/\/diariodelsurdigital.com.ar\/index.php?rest_route=\/wp\/v2\/posts\/5422","targetHints":{"allow":["GET"]}}],"collection":[{"href":"https:\/\/diariodelsurdigital.com.ar\/index.php?rest_route=\/wp\/v2\/posts"}],"about":[{"href":"https:\/\/diariodelsurdigital.com.ar\/index.php?rest_route=\/wp\/v2\/types\/post"}],"author":[{"embeddable":true,"href":"https:\/\/diariodelsurdigital.com.ar\/index.php?rest_route=\/wp\/v2\/users\/3"}],"replies":[{"embeddable":true,"href":"https:\/\/diariodelsurdigital.com.ar\/index.php?rest_route=%2Fwp%2Fv2%2Fcomments&post=5422"}],"version-history":[{"count":1,"href":"https:\/\/diariodelsurdigital.com.ar\/index.php?rest_route=\/wp\/v2\/posts\/5422\/revisions"}],"predecessor-version":[{"id":5424,"href":"https:\/\/diariodelsurdigital.com.ar\/index.php?rest_route=\/wp\/v2\/posts\/5422\/revisions\/5424"}],"wp:featuredmedia":[{"embeddable":true,"href":"https:\/\/diariodelsurdigital.com.ar\/index.php?rest_route=\/wp\/v2\/media\/5423"}],"wp:attachment":[{"href":"https:\/\/diariodelsurdigital.com.ar\/index.php?rest_route=%2Fwp%2Fv2%2Fmedia&parent=5422"}],"wp:term":[{"taxonomy":"category","embeddable":true,"href":"https:\/\/diariodelsurdigital.com.ar\/index.php?rest_route=%2Fwp%2Fv2%2Fcategories&post=5422"},{"taxonomy":"post_tag","embeddable":true,"href":"https:\/\/diariodelsurdigital.com.ar\/index.php?rest_route=%2Fwp%2Fv2%2Ftags&post=5422"}],"curies":[{"name":"wp","href":"https:\/\/api.w.org\/{rel}","templated":true}]}}