{"id":5426,"date":"2025-10-31T09:33:35","date_gmt":"2025-10-31T12:33:35","guid":{"rendered":"https:\/\/diariodelsurdigital.com.ar\/?p=5426"},"modified":"2025-10-31T09:33:36","modified_gmt":"2025-10-31T12:33:36","slug":"brasil-en-alerta-por-lo-que-pueda-suceder-tras-la-operacion-contencion-de-rio-de-janeiro","status":"publish","type":"post","link":"https:\/\/diariodelsurdigital.com.ar\/?p=5426","title":{"rendered":"Brasil en alerta por lo que pueda suceder tras la \u201cOperaci\u00f3n Contenci\u00f3n\u201d de R\u00edo de Janeiro"},"content":{"rendered":"\n<p>Tras el recuento de los muertos, m\u00e1s de 120, para todo el pa\u00eds ha comenzado el tiempo de la espera, marcado por una pregunta: \u201c\u00bfqu\u00e9 pasar\u00e1 ahora?\u201d<\/p>\n\n\n\n<p><\/p>\n\n\n\n<p>El temor, que aumenta con el paso de las horas, es el de una posible represalia del Comando Vermelho. Uno de los principales l\u00edderes del grupo y primer objetivo de la operaci\u00f3n del martes en el complejo de favelas do Alemao y da Penha, Edgar Alves Andrade, conocido como Doca da Penha o Urso, sigue pr\u00f3fugo. Nadie sabe d\u00f3nde se esconde ni qui\u00e9n lo protege. Se teme que sea el primero en presionar para que se produzca una venganza, reavivando una mecha que Brasil ya conoci\u00f3 en 2006 en San Pablo.<\/p>\n\n\n\n<p>En aquel momento, fue el principal grupo criminal del pa\u00eds, el Primer Comando de la Capital (PCC), el que oblig\u00f3 a la capital financiera del pa\u00eds a un confinamiento forzoso durante una semana tras sembrar la muerte y el caos, atacando comisar\u00edas y matando a decenas de polic\u00edas. El balance fue dram\u00e1tico, con m\u00e1s de 500 muertos. El motivo en 2006 fue la decisi\u00f3n de la Secretar\u00eda de Administraci\u00f3n Penitenciaria del Estado de San Pablo de trasladar a 756 reclusos del PCC a la prisi\u00f3n de m\u00e1xima seguridad de Presidente Venceslau, en el estado de San Pablo.<\/p>\n\n\n\n<p>Tambi\u00e9n en R\u00edo de Janeiro, en las \u00faltimas horas, las autoridades han decidido trasladar a los reclusos que forman la c\u00fapula del Comando Vermelho, la llamada \u201cComisi\u00f3n\u201d, en total una decena de personas, a una prisi\u00f3n estatal de m\u00e1xima seguridad en R\u00edo de Janeiro, Bangu 1, a la espera de trasladarlos posteriormente a una de las prisiones federales del pa\u00eds consideradas m\u00e1s seguras.<\/p>\n\n\n\n<p>Entre los reclusos que figuran en la lista se encuentran Marco Antonio Pereira Firmino, o My Thor, considerado uno de los principales l\u00edderes, y Rian Maur\u00edcio Tavares Mota, tambi\u00e9n conocido como Da Marinha, famoso por ser un experto operador de drones. El objetivo es impedir la comunicaci\u00f3n con los grandes jefes del Comando Vermelho, que ya se encuentran en prisiones federales, como Fernandinho Beira-Mar y M\u00e1rcio dos Santos Nepomuceno, conocido como Marcinho VP, y sobre todo con el exterior.<\/p>\n\n\n\n<p>Fuentes de la investigaci\u00f3n han declarado a Infobae que la reacci\u00f3n del Comando Vermelho a la operaci\u00f3n policial de ayer, con drones bomba y armas de alto calibre, fue ordenada desde el interior de la prisi\u00f3n de Bangu III. El Comando Vermelho, al igual que el Primer Comando de la Capital (PCC), es una organizaci\u00f3n criminal que nace en las c\u00e1rceles sobre las que, al igual que el PCC, ejerce un control interno. Ahora se teme que desde las c\u00e1rceles pueda comenzar una serie de revueltas para desestabilizar el pa\u00eds.<\/p>\n\n\n\n<p>Una cuenta de Instagram, gestionada por personas cercanas a Marcinho VP, critic\u00f3 la operaci\u00f3n. \u201cHoy R\u00edo se ha convertido en escenario de luto e indignaci\u00f3n. La favela pide paz\u201d, se lee en la publicaci\u00f3n, que incluye una foto con los muertos en la operaci\u00f3n.<\/p>\n\n\n\n<p>En otra publicaci\u00f3n compartida, el comentario es m\u00e1s duro. \u201cLo que ha ocurrido en Complexo do Alem\u00e3o y Penha tiene un nombre: \u00a1masacre!\u201d.<\/p>\n\n\n\n<p>La posibilidad de una venganza del Comando Vermelho en R\u00edo en las pr\u00f3ximas horas y d\u00edas es alta, tambi\u00e9n porque el gobierno de R\u00edo, a pesar de la pol\u00e9mica, sigue defendiendo la operaci\u00f3n. El gobernador, Cl\u00e1udio Castro, del Partido Liberal (PL) de Jair Bolsonaro, declar\u00f3 que \u201cla operaci\u00f3n ha sido un \u00e9xito\u201d, y a\u00f1adi\u00f3 que \u201clas v\u00edctimas solo han sido los polic\u00edas\u201d, que han sido cuatro.<\/p>\n\n\n\n<p>El secretario de la Polic\u00eda Civil, Felipe Curi, tambi\u00e9n ha anunciado que investigar\u00e1 por fraude procesal a quienes retiraron los cad\u00e1veres de las personas fallecidas en la zona boscosa alrededor de las favelas afectadas por la operaci\u00f3n. M\u00e1s de 70 cad\u00e1veres han sido trasladados en las \u00faltimas horas y expuestos p\u00fablicamente en una plaza del Complexo da Penha.<\/p>\n\n\n\n<p>\u201cVale la pena recordar, para desmentir ciertas narrativas, que parece haberse producido una especie de milagro con estos cad\u00e1veres. Estas personas se encontraban en el bosque, equipadas con trajes de camuflaje, chalecos antibalas y armas. Ahora, muchos de ellos aparecen solo en calzoncillos o pantalones cortos, sin ning\u00fan equipo, como si hubieran atravesado un portal y se hubieran cambiado de ropa\u201d, dijo Curi.<\/p>\n\n\n\n<p>Mucho depender\u00e1 tambi\u00e9n de c\u00f3mo act\u00faen los dem\u00e1s grupos criminales y de c\u00f3mo pretendan sacar partido de lo ocurrido. El territorio de R\u00edo es desde hace tiempo objeto de disputa con las milicias, grupos paramilitares formados por antiguos agentes de polic\u00eda convertidos en narcotraficantes que tienen todo el inter\u00e9s en ocupar ahora el espacio dejado por sus enemigos.<\/p>\n\n\n\n<p>La decisi\u00f3n del PCC tambi\u00e9n podr\u00eda influir en la evoluci\u00f3n de los acontecimientos. A principios de a\u00f1o, el PCC firm\u00f3 una tregua con el Comando Vermelho, que posteriormente se disolvi\u00f3, pero aun as\u00ed podr\u00eda beneficiarse de la inestabilidad actual. Si las autoridades federales concentran sus esfuerzos en R\u00edo, esto podr\u00eda aliviar la presi\u00f3n sobre San Pablo.<\/p>\n\n\n\n<p>El impacto pol\u00edtico de la operaci\u00f3n tampoco debe descuidarse, sobre todo a largo plazo. De hecho, el enfrentamiento con el Gobierno federal no cesa. Castro ha vuelto a criticar su falta de apoyo diciendo que ahora espera \u201cintegraci\u00f3n y financiaci\u00f3n\u201d. \u201cNo responderemos a ning\u00fan ministro o autoridad que quiera convertir este momento en una batalla pol\u00edtica. El mensaje es: o se unen a la lucha contra la delincuencia o desaparecen\u201d, afirm\u00f3.<\/p>\n\n\n\n<p>Apenas unas horas despu\u00e9s de la conclusi\u00f3n de la operaci\u00f3n, Castro hab\u00eda polemizado diciendo que el Gobierno de Lula le hab\u00eda negado en tres ocasiones los blindados militares de la Marina brasile\u00f1a. Seg\u00fan el sitio web de noticias Poder 360, entre los motivos del rechazo se encontraba el temor a que pudieran ser robados por los narcotraficantes.<\/p>\n","protected":false},"excerpt":{"rendered":"<p>Tras el recuento de los muertos, m\u00e1s de 120, para todo el pa\u00eds ha comenzado el tiempo de la espera, marcado por una pregunta: \u201c\u00bfqu\u00e9 pasar\u00e1 ahora?\u201d El temor, que aumenta con el paso de las horas, es el de una posible represalia del Comando Vermelho. Uno de los principales l\u00edderes del grupo y primer [&hellip;]<\/p>\n","protected":false},"author":4,"featured_media":5427,"comment_status":"open","ping_status":"open","sticky":false,"template":"","format":"standard","meta":{"footnotes":""},"categories":[20],"tags":[],"class_list":{"0":"post-5426","1":"post","2":"type-post","3":"status-publish","4":"format-standard","5":"has-post-thumbnail","7":"category-internacionales"},"yoast_head":"<!-- This site is optimized with the Yoast SEO plugin v27.4 - https:\/\/yoast.com\/product\/yoast-seo-wordpress\/ -->\n<title>Brasil en alerta por lo que pueda suceder tras la \u201cOperaci\u00f3n Contenci\u00f3n\u201d de R\u00edo de Janeiro - Diario del Sur<\/title>\n<meta name=\"robots\" content=\"index, follow, max-snippet:-1, max-image-preview:large, max-video-preview:-1\" \/>\n<link rel=\"canonical\" href=\"https:\/\/diariodelsurdigital.com.ar\/?p=5426\" \/>\n<meta property=\"og:locale\" content=\"es_ES\" \/>\n<meta property=\"og:type\" content=\"article\" \/>\n<meta property=\"og:title\" content=\"Brasil en alerta por lo que pueda suceder tras la \u201cOperaci\u00f3n Contenci\u00f3n\u201d de R\u00edo de Janeiro - Diario del Sur\" \/>\n<meta property=\"og:description\" content=\"Tras el recuento de los muertos, m\u00e1s de 120, para todo el pa\u00eds ha comenzado el tiempo de la espera, marcado por una pregunta: \u201c\u00bfqu\u00e9 pasar\u00e1 ahora?\u201d El temor, que aumenta con el paso de las horas, es el de una posible represalia del Comando Vermelho. Uno de los principales l\u00edderes del grupo y primer [&hellip;]\" \/>\n<meta property=\"og:url\" content=\"https:\/\/diariodelsurdigital.com.ar\/?p=5426\" \/>\n<meta property=\"og:site_name\" content=\"Diario del Sur\" \/>\n<meta property=\"article:published_time\" content=\"2025-10-31T12:33:35+00:00\" \/>\n<meta property=\"article:modified_time\" content=\"2025-10-31T12:33:36+00:00\" \/>\n<meta property=\"og:image\" content=\"https:\/\/diariodelsurdigital.com.ar\/wp-content\/uploads\/2025\/10\/md-19.webp\" \/>\n\t<meta property=\"og:image:width\" content=\"992\" \/>\n\t<meta property=\"og:image:height\" content=\"660\" \/>\n\t<meta property=\"og:image:type\" content=\"image\/webp\" \/>\n<meta name=\"author\" content=\"Diario del Sur Digital\" \/>\n<meta name=\"twitter:card\" content=\"summary_large_image\" \/>\n<meta name=\"twitter:label1\" content=\"Escrito por\" \/>\n\t<meta name=\"twitter:data1\" content=\"Diario del Sur Digital\" \/>\n\t<meta name=\"twitter:label2\" content=\"Tiempo de lectura\" \/>\n\t<meta name=\"twitter:data2\" content=\"5 minutos\" \/>\n<script type=\"application\/ld+json\" class=\"yoast-schema-graph\">{\"@context\":\"https:\\\/\\\/schema.org\",\"@graph\":[{\"@type\":\"Article\",\"@id\":\"https:\\\/\\\/diariodelsurdigital.com.ar\\\/?p=5426#article\",\"isPartOf\":{\"@id\":\"https:\\\/\\\/diariodelsurdigital.com.ar\\\/?p=5426\"},\"author\":{\"name\":\"Diario del Sur Digital\",\"@id\":\"https:\\\/\\\/diariodelsurdigital.com.ar\\\/#\\\/schema\\\/person\\\/1a4992532ed62965c968031b49195c81\"},\"headline\":\"Brasil en alerta por lo que pueda suceder tras la \u201cOperaci\u00f3n Contenci\u00f3n\u201d de R\u00edo de Janeiro\",\"datePublished\":\"2025-10-31T12:33:35+00:00\",\"dateModified\":\"2025-10-31T12:33:36+00:00\",\"mainEntityOfPage\":{\"@id\":\"https:\\\/\\\/diariodelsurdigital.com.ar\\\/?p=5426\"},\"wordCount\":1053,\"commentCount\":0,\"image\":{\"@id\":\"https:\\\/\\\/diariodelsurdigital.com.ar\\\/?p=5426#primaryimage\"},\"thumbnailUrl\":\"https:\\\/\\\/diariodelsurdigital.com.ar\\\/wp-content\\\/uploads\\\/2025\\\/10\\\/md-19.webp\",\"articleSection\":[\"Internacionales\"],\"inLanguage\":\"es\",\"potentialAction\":[{\"@type\":\"CommentAction\",\"name\":\"Comment\",\"target\":[\"https:\\\/\\\/diariodelsurdigital.com.ar\\\/?p=5426#respond\"]}]},{\"@type\":\"WebPage\",\"@id\":\"https:\\\/\\\/diariodelsurdigital.com.ar\\\/?p=5426\",\"url\":\"https:\\\/\\\/diariodelsurdigital.com.ar\\\/?p=5426\",\"name\":\"Brasil en alerta por lo que pueda suceder tras la \u201cOperaci\u00f3n Contenci\u00f3n\u201d de R\u00edo de Janeiro - Diario del Sur\",\"isPartOf\":{\"@id\":\"https:\\\/\\\/diariodelsurdigital.com.ar\\\/#website\"},\"primaryImageOfPage\":{\"@id\":\"https:\\\/\\\/diariodelsurdigital.com.ar\\\/?p=5426#primaryimage\"},\"image\":{\"@id\":\"https:\\\/\\\/diariodelsurdigital.com.ar\\\/?p=5426#primaryimage\"},\"thumbnailUrl\":\"https:\\\/\\\/diariodelsurdigital.com.ar\\\/wp-content\\\/uploads\\\/2025\\\/10\\\/md-19.webp\",\"datePublished\":\"2025-10-31T12:33:35+00:00\",\"dateModified\":\"2025-10-31T12:33:36+00:00\",\"author\":{\"@id\":\"https:\\\/\\\/diariodelsurdigital.com.ar\\\/#\\\/schema\\\/person\\\/1a4992532ed62965c968031b49195c81\"},\"breadcrumb\":{\"@id\":\"https:\\\/\\\/diariodelsurdigital.com.ar\\\/?p=5426#breadcrumb\"},\"inLanguage\":\"es\",\"potentialAction\":[{\"@type\":\"ReadAction\",\"target\":[\"https:\\\/\\\/diariodelsurdigital.com.ar\\\/?p=5426\"]}]},{\"@type\":\"ImageObject\",\"inLanguage\":\"es\",\"@id\":\"https:\\\/\\\/diariodelsurdigital.com.ar\\\/?p=5426#primaryimage\",\"url\":\"https:\\\/\\\/diariodelsurdigital.com.ar\\\/wp-content\\\/uploads\\\/2025\\\/10\\\/md-19.webp\",\"contentUrl\":\"https:\\\/\\\/diariodelsurdigital.com.ar\\\/wp-content\\\/uploads\\\/2025\\\/10\\\/md-19.webp\",\"width\":992,\"height\":660},{\"@type\":\"BreadcrumbList\",\"@id\":\"https:\\\/\\\/diariodelsurdigital.com.ar\\\/?p=5426#breadcrumb\",\"itemListElement\":[{\"@type\":\"ListItem\",\"position\":1,\"name\":\"Portada\",\"item\":\"https:\\\/\\\/diariodelsurdigital.com.ar\\\/\"},{\"@type\":\"ListItem\",\"position\":2,\"name\":\"Brasil en alerta por lo que pueda suceder tras la \u201cOperaci\u00f3n Contenci\u00f3n\u201d de R\u00edo de Janeiro\"}]},{\"@type\":\"WebSite\",\"@id\":\"https:\\\/\\\/diariodelsurdigital.com.ar\\\/#website\",\"url\":\"https:\\\/\\\/diariodelsurdigital.com.ar\\\/\",\"name\":\"Diario del Sur\",\"description\":\"Digital\",\"potentialAction\":[{\"@type\":\"SearchAction\",\"target\":{\"@type\":\"EntryPoint\",\"urlTemplate\":\"https:\\\/\\\/diariodelsurdigital.com.ar\\\/?s={search_term_string}\"},\"query-input\":{\"@type\":\"PropertyValueSpecification\",\"valueRequired\":true,\"valueName\":\"search_term_string\"}}],\"inLanguage\":\"es\"},{\"@type\":\"Person\",\"@id\":\"https:\\\/\\\/diariodelsurdigital.com.ar\\\/#\\\/schema\\\/person\\\/1a4992532ed62965c968031b49195c81\",\"name\":\"Diario del Sur Digital\",\"image\":{\"@type\":\"ImageObject\",\"inLanguage\":\"es\",\"@id\":\"https:\\\/\\\/secure.gravatar.com\\\/avatar\\\/f0c7c47fc7146d19828273b9b8eda651c9c7ab583767e6338d3d3bee825adf76?s=96&d=mm&r=g\",\"url\":\"https:\\\/\\\/secure.gravatar.com\\\/avatar\\\/f0c7c47fc7146d19828273b9b8eda651c9c7ab583767e6338d3d3bee825adf76?s=96&d=mm&r=g\",\"contentUrl\":\"https:\\\/\\\/secure.gravatar.com\\\/avatar\\\/f0c7c47fc7146d19828273b9b8eda651c9c7ab583767e6338d3d3bee825adf76?s=96&d=mm&r=g\",\"caption\":\"Diario del Sur Digital\"},\"url\":\"https:\\\/\\\/diariodelsurdigital.com.ar\\\/?author=4\"}]}<\/script>\n<!-- \/ Yoast SEO plugin. -->","yoast_head_json":{"title":"Brasil en alerta por lo que pueda suceder tras la \u201cOperaci\u00f3n Contenci\u00f3n\u201d de R\u00edo de Janeiro - Diario del Sur","robots":{"index":"index","follow":"follow","max-snippet":"max-snippet:-1","max-image-preview":"max-image-preview:large","max-video-preview":"max-video-preview:-1"},"canonical":"https:\/\/diariodelsurdigital.com.ar\/?p=5426","og_locale":"es_ES","og_type":"article","og_title":"Brasil en alerta por lo que pueda suceder tras la \u201cOperaci\u00f3n Contenci\u00f3n\u201d de R\u00edo de Janeiro - Diario del Sur","og_description":"Tras el recuento de los muertos, m\u00e1s de 120, para todo el pa\u00eds ha comenzado el tiempo de la espera, marcado por una pregunta: \u201c\u00bfqu\u00e9 pasar\u00e1 ahora?\u201d El temor, que aumenta con el paso de las horas, es el de una posible represalia del Comando Vermelho. Uno de los principales l\u00edderes del grupo y primer [&hellip;]","og_url":"https:\/\/diariodelsurdigital.com.ar\/?p=5426","og_site_name":"Diario del Sur","article_published_time":"2025-10-31T12:33:35+00:00","article_modified_time":"2025-10-31T12:33:36+00:00","og_image":[{"width":992,"height":660,"url":"https:\/\/diariodelsurdigital.com.ar\/wp-content\/uploads\/2025\/10\/md-19.webp","type":"image\/webp"}],"author":"Diario del Sur Digital","twitter_card":"summary_large_image","twitter_misc":{"Escrito por":"Diario del Sur Digital","Tiempo de lectura":"5 minutos"},"schema":{"@context":"https:\/\/schema.org","@graph":[{"@type":"Article","@id":"https:\/\/diariodelsurdigital.com.ar\/?p=5426#article","isPartOf":{"@id":"https:\/\/diariodelsurdigital.com.ar\/?p=5426"},"author":{"name":"Diario del Sur Digital","@id":"https:\/\/diariodelsurdigital.com.ar\/#\/schema\/person\/1a4992532ed62965c968031b49195c81"},"headline":"Brasil en alerta por lo que pueda suceder tras la \u201cOperaci\u00f3n Contenci\u00f3n\u201d de R\u00edo de Janeiro","datePublished":"2025-10-31T12:33:35+00:00","dateModified":"2025-10-31T12:33:36+00:00","mainEntityOfPage":{"@id":"https:\/\/diariodelsurdigital.com.ar\/?p=5426"},"wordCount":1053,"commentCount":0,"image":{"@id":"https:\/\/diariodelsurdigital.com.ar\/?p=5426#primaryimage"},"thumbnailUrl":"https:\/\/diariodelsurdigital.com.ar\/wp-content\/uploads\/2025\/10\/md-19.webp","articleSection":["Internacionales"],"inLanguage":"es","potentialAction":[{"@type":"CommentAction","name":"Comment","target":["https:\/\/diariodelsurdigital.com.ar\/?p=5426#respond"]}]},{"@type":"WebPage","@id":"https:\/\/diariodelsurdigital.com.ar\/?p=5426","url":"https:\/\/diariodelsurdigital.com.ar\/?p=5426","name":"Brasil en alerta por lo que pueda suceder tras la \u201cOperaci\u00f3n Contenci\u00f3n\u201d de R\u00edo de Janeiro - Diario del Sur","isPartOf":{"@id":"https:\/\/diariodelsurdigital.com.ar\/#website"},"primaryImageOfPage":{"@id":"https:\/\/diariodelsurdigital.com.ar\/?p=5426#primaryimage"},"image":{"@id":"https:\/\/diariodelsurdigital.com.ar\/?p=5426#primaryimage"},"thumbnailUrl":"https:\/\/diariodelsurdigital.com.ar\/wp-content\/uploads\/2025\/10\/md-19.webp","datePublished":"2025-10-31T12:33:35+00:00","dateModified":"2025-10-31T12:33:36+00:00","author":{"@id":"https:\/\/diariodelsurdigital.com.ar\/#\/schema\/person\/1a4992532ed62965c968031b49195c81"},"breadcrumb":{"@id":"https:\/\/diariodelsurdigital.com.ar\/?p=5426#breadcrumb"},"inLanguage":"es","potentialAction":[{"@type":"ReadAction","target":["https:\/\/diariodelsurdigital.com.ar\/?p=5426"]}]},{"@type":"ImageObject","inLanguage":"es","@id":"https:\/\/diariodelsurdigital.com.ar\/?p=5426#primaryimage","url":"https:\/\/diariodelsurdigital.com.ar\/wp-content\/uploads\/2025\/10\/md-19.webp","contentUrl":"https:\/\/diariodelsurdigital.com.ar\/wp-content\/uploads\/2025\/10\/md-19.webp","width":992,"height":660},{"@type":"BreadcrumbList","@id":"https:\/\/diariodelsurdigital.com.ar\/?p=5426#breadcrumb","itemListElement":[{"@type":"ListItem","position":1,"name":"Portada","item":"https:\/\/diariodelsurdigital.com.ar\/"},{"@type":"ListItem","position":2,"name":"Brasil en alerta por lo que pueda suceder tras la \u201cOperaci\u00f3n Contenci\u00f3n\u201d de R\u00edo de Janeiro"}]},{"@type":"WebSite","@id":"https:\/\/diariodelsurdigital.com.ar\/#website","url":"https:\/\/diariodelsurdigital.com.ar\/","name":"Diario del Sur","description":"Digital","potentialAction":[{"@type":"SearchAction","target":{"@type":"EntryPoint","urlTemplate":"https:\/\/diariodelsurdigital.com.ar\/?s={search_term_string}"},"query-input":{"@type":"PropertyValueSpecification","valueRequired":true,"valueName":"search_term_string"}}],"inLanguage":"es"},{"@type":"Person","@id":"https:\/\/diariodelsurdigital.com.ar\/#\/schema\/person\/1a4992532ed62965c968031b49195c81","name":"Diario del Sur Digital","image":{"@type":"ImageObject","inLanguage":"es","@id":"https:\/\/secure.gravatar.com\/avatar\/f0c7c47fc7146d19828273b9b8eda651c9c7ab583767e6338d3d3bee825adf76?s=96&d=mm&r=g","url":"https:\/\/secure.gravatar.com\/avatar\/f0c7c47fc7146d19828273b9b8eda651c9c7ab583767e6338d3d3bee825adf76?s=96&d=mm&r=g","contentUrl":"https:\/\/secure.gravatar.com\/avatar\/f0c7c47fc7146d19828273b9b8eda651c9c7ab583767e6338d3d3bee825adf76?s=96&d=mm&r=g","caption":"Diario del Sur Digital"},"url":"https:\/\/diariodelsurdigital.com.ar\/?author=4"}]}},"_links":{"self":[{"href":"https:\/\/diariodelsurdigital.com.ar\/index.php?rest_route=\/wp\/v2\/posts\/5426","targetHints":{"allow":["GET"]}}],"collection":[{"href":"https:\/\/diariodelsurdigital.com.ar\/index.php?rest_route=\/wp\/v2\/posts"}],"about":[{"href":"https:\/\/diariodelsurdigital.com.ar\/index.php?rest_route=\/wp\/v2\/types\/post"}],"author":[{"embeddable":true,"href":"https:\/\/diariodelsurdigital.com.ar\/index.php?rest_route=\/wp\/v2\/users\/4"}],"replies":[{"embeddable":true,"href":"https:\/\/diariodelsurdigital.com.ar\/index.php?rest_route=%2Fwp%2Fv2%2Fcomments&post=5426"}],"version-history":[{"count":1,"href":"https:\/\/diariodelsurdigital.com.ar\/index.php?rest_route=\/wp\/v2\/posts\/5426\/revisions"}],"predecessor-version":[{"id":5428,"href":"https:\/\/diariodelsurdigital.com.ar\/index.php?rest_route=\/wp\/v2\/posts\/5426\/revisions\/5428"}],"wp:featuredmedia":[{"embeddable":true,"href":"https:\/\/diariodelsurdigital.com.ar\/index.php?rest_route=\/wp\/v2\/media\/5427"}],"wp:attachment":[{"href":"https:\/\/diariodelsurdigital.com.ar\/index.php?rest_route=%2Fwp%2Fv2%2Fmedia&parent=5426"}],"wp:term":[{"taxonomy":"category","embeddable":true,"href":"https:\/\/diariodelsurdigital.com.ar\/index.php?rest_route=%2Fwp%2Fv2%2Fcategories&post=5426"},{"taxonomy":"post_tag","embeddable":true,"href":"https:\/\/diariodelsurdigital.com.ar\/index.php?rest_route=%2Fwp%2Fv2%2Ftags&post=5426"}],"curies":[{"name":"wp","href":"https:\/\/api.w.org\/{rel}","templated":true}]}}