{"id":543,"date":"2025-01-12T21:45:59","date_gmt":"2025-01-13T00:45:59","guid":{"rendered":"https:\/\/diariodelsurdigital.com.ar\/?p=543"},"modified":"2025-01-12T21:46:01","modified_gmt":"2025-01-13T00:46:01","slug":"el-viento-propago-el-fuego-que-atraveso-la-ruta-14","status":"publish","type":"post","link":"https:\/\/diariodelsurdigital.com.ar\/?p=543","title":{"rendered":"El viento propag\u00f3 el fuego que atraves\u00f3 la Ruta 14"},"content":{"rendered":"\n<h2 class=\"wp-block-heading\" id=\"nota-title\"> <\/h2>\n\n\n\n<figure class=\"wp-block-image size-full\"><img loading=\"lazy\" decoding=\"async\" width=\"768\" height=\"512\" src=\"https:\/\/diariodelsurdigital.com.ar\/wp-content\/uploads\/2025\/01\/r_1736727292.jpg\" alt=\"\" class=\"wp-image-544\" srcset=\"https:\/\/diariodelsurdigital.com.ar\/wp-content\/uploads\/2025\/01\/r_1736727292.jpg 768w, https:\/\/diariodelsurdigital.com.ar\/wp-content\/uploads\/2025\/01\/r_1736727292-300x200.jpg 300w, https:\/\/diariodelsurdigital.com.ar\/wp-content\/uploads\/2025\/01\/r_1736727292-630x420.jpg 630w, https:\/\/diariodelsurdigital.com.ar\/wp-content\/uploads\/2025\/01\/r_1736727292-696x464.jpg 696w\" sizes=\"auto, (max-width: 768px) 100vw, 768px\" \/><\/figure>\n\n\n\n<p>Hasta pasadas las 20 horas de este domingo, eran dos los focos de incendios que segu\u00edan activos en el departamento Concordia. El que se hab\u00eda declarado en la zona de Magnasco, por efecto del viento, cruz\u00f3 la autov\u00eda Artigas en direcci\u00f3n a La Criolla, seg\u00fan consign\u00f3 <em>Diario R\u00edo Uruguay<\/em><\/p>\n\n\n\n<p><a href=\"whatsapp:\/\/send?text=DRU:%20Impactantes%20im%C3%A1genes%20del%20gran%20incendio%20que%20atraves%C3%B3%20la%20Ruta%2014%20afectando%20forestaciones%20y%20quintas%20-%20https:\/\/www.diarioriouruguay.com.ar\/uid-84335\"><\/a><a href=\"https:\/\/www.diarioriouruguay.com.ar\/interes-general\/impactantes-imgenes-del-gran-incendio-que-atraves-la-ruta-14-afectando-forestaciones-y-quintas.htm#\"><\/a><a href=\"https:\/\/www.diarioriouruguay.com.ar\/interes-general\/impactantes-imgenes-del-gran-incendio-que-atraves-la-ruta-14-afectando-forestaciones-y-quintas.htm#\"><\/a>En el lugar trabajaban efectivos de varios cuerpos de bomberos, tanto voluntarios como de la Polic\u00eda de Entre R\u00edos. Como as\u00ed tambi\u00e9n los propietarios de varias quintas y forestaciones de la zona que sumaban sus veh\u00edculos para tratar de evitar que el fuego se multiplicara.<\/p>\n\n\n\n<p>Pero m\u00e1s all\u00e1 de esos esfuerzos, el viento que soplaba de Este a Oste fue lo propicio para que, cerca de las 19 hs., las llamas siguieran hasta cruzar la doble mano de la Autov\u00eda Jos\u00e9 Gervasio Art\u00edgas, lo que incluso llev\u00f3 a que los veh\u00edculos que circulaban esa zona debieran aminorar al m\u00ednimo sus velocidades, ya que la visibilidad se reduc\u00eda a pocos metros a causa del humo.<\/p>\n\n\n\n<figure class=\"wp-block-image size-full\"><img loading=\"lazy\" decoding=\"async\" width=\"768\" height=\"512\" src=\"https:\/\/diariodelsurdigital.com.ar\/wp-content\/uploads\/2025\/01\/r_1736727283.jpg\" alt=\"\" class=\"wp-image-546\" srcset=\"https:\/\/diariodelsurdigital.com.ar\/wp-content\/uploads\/2025\/01\/r_1736727283.jpg 768w, https:\/\/diariodelsurdigital.com.ar\/wp-content\/uploads\/2025\/01\/r_1736727283-300x200.jpg 300w, https:\/\/diariodelsurdigital.com.ar\/wp-content\/uploads\/2025\/01\/r_1736727283-630x420.jpg 630w, https:\/\/diariodelsurdigital.com.ar\/wp-content\/uploads\/2025\/01\/r_1736727283-696x464.jpg 696w\" sizes=\"auto, (max-width: 768px) 100vw, 768px\" \/><\/figure>\n\n\n\n<figure class=\"wp-block-image size-full\"><img loading=\"lazy\" decoding=\"async\" width=\"768\" height=\"512\" src=\"https:\/\/diariodelsurdigital.com.ar\/wp-content\/uploads\/2025\/01\/r_1736727294.jpg\" alt=\"\" class=\"wp-image-547\" srcset=\"https:\/\/diariodelsurdigital.com.ar\/wp-content\/uploads\/2025\/01\/r_1736727294.jpg 768w, https:\/\/diariodelsurdigital.com.ar\/wp-content\/uploads\/2025\/01\/r_1736727294-300x200.jpg 300w, https:\/\/diariodelsurdigital.com.ar\/wp-content\/uploads\/2025\/01\/r_1736727294-630x420.jpg 630w, https:\/\/diariodelsurdigital.com.ar\/wp-content\/uploads\/2025\/01\/r_1736727294-696x464.jpg 696w\" sizes=\"auto, (max-width: 768px) 100vw, 768px\" \/><\/figure>\n\n\n\n<p>Fuente y Fotos: Diario R\u00edo Uruguay<\/p>\n","protected":false},"excerpt":{"rendered":"<p>Hasta pasadas las 20 horas de este domingo, eran dos los focos de incendios que segu\u00edan activos en el departamento Concordia. El que se hab\u00eda declarado en la zona de Magnasco, por efecto del viento, cruz\u00f3 la autov\u00eda Artigas en direcci\u00f3n a La Criolla, seg\u00fan consign\u00f3 Diario R\u00edo Uruguay En el lugar trabajaban efectivos de [&hellip;]<\/p>\n","protected":false},"author":2,"featured_media":545,"comment_status":"open","ping_status":"open","sticky":false,"template":"","format":"standard","meta":{"footnotes":""},"categories":[16],"tags":[],"class_list":{"0":"post-543","1":"post","2":"type-post","3":"status-publish","4":"format-standard","5":"has-post-thumbnail","7":"category-locales"},"yoast_head":"<!-- This site is optimized with the Yoast SEO plugin v27.4 - https:\/\/yoast.com\/product\/yoast-seo-wordpress\/ -->\n<title>El viento propag\u00f3 el fuego que atraves\u00f3 la Ruta 14 - Diario del Sur<\/title>\n<meta name=\"robots\" content=\"index, follow, max-snippet:-1, max-image-preview:large, max-video-preview:-1\" \/>\n<link rel=\"canonical\" href=\"https:\/\/diariodelsurdigital.com.ar\/?p=543\" \/>\n<meta property=\"og:locale\" content=\"es_ES\" \/>\n<meta property=\"og:type\" content=\"article\" \/>\n<meta property=\"og:title\" content=\"El viento propag\u00f3 el fuego que atraves\u00f3 la Ruta 14 - Diario del Sur\" \/>\n<meta property=\"og:description\" content=\"Hasta pasadas las 20 horas de este domingo, eran dos los focos de incendios que segu\u00edan activos en el departamento Concordia. El que se hab\u00eda declarado en la zona de Magnasco, por efecto del viento, cruz\u00f3 la autov\u00eda Artigas en direcci\u00f3n a La Criolla, seg\u00fan consign\u00f3 Diario R\u00edo Uruguay En el lugar trabajaban efectivos de [&hellip;]\" \/>\n<meta property=\"og:url\" content=\"https:\/\/diariodelsurdigital.com.ar\/?p=543\" \/>\n<meta property=\"og:site_name\" content=\"Diario del Sur\" \/>\n<meta property=\"article:published_time\" content=\"2025-01-13T00:45:59+00:00\" \/>\n<meta property=\"article:modified_time\" content=\"2025-01-13T00:46:01+00:00\" \/>\n<meta property=\"og:image\" content=\"https:\/\/diariodelsurdigital.com.ar\/wp-content\/uploads\/2025\/01\/r_1736727282.jpg\" \/>\n\t<meta property=\"og:image:width\" content=\"768\" \/>\n\t<meta property=\"og:image:height\" content=\"512\" \/>\n\t<meta property=\"og:image:type\" content=\"image\/jpeg\" \/>\n<meta name=\"author\" content=\"Diario del Sur Digital\" \/>\n<meta name=\"twitter:card\" content=\"summary_large_image\" \/>\n<meta name=\"twitter:label1\" content=\"Escrito por\" \/>\n\t<meta name=\"twitter:data1\" content=\"Diario del Sur Digital\" \/>\n\t<meta name=\"twitter:label2\" content=\"Tiempo de lectura\" \/>\n\t<meta name=\"twitter:data2\" content=\"2 minutos\" \/>\n<script type=\"application\/ld+json\" class=\"yoast-schema-graph\">{\"@context\":\"https:\\\/\\\/schema.org\",\"@graph\":[{\"@type\":\"Article\",\"@id\":\"https:\\\/\\\/diariodelsurdigital.com.ar\\\/?p=543#article\",\"isPartOf\":{\"@id\":\"https:\\\/\\\/diariodelsurdigital.com.ar\\\/?p=543\"},\"author\":{\"name\":\"Diario del Sur Digital\",\"@id\":\"https:\\\/\\\/diariodelsurdigital.com.ar\\\/#\\\/schema\\\/person\\\/6136a32571657f7dba980b88b04c5465\"},\"headline\":\"El viento propag\u00f3 el fuego que atraves\u00f3 la Ruta 14\",\"datePublished\":\"2025-01-13T00:45:59+00:00\",\"dateModified\":\"2025-01-13T00:46:01+00:00\",\"mainEntityOfPage\":{\"@id\":\"https:\\\/\\\/diariodelsurdigital.com.ar\\\/?p=543\"},\"wordCount\":193,\"commentCount\":0,\"image\":{\"@id\":\"https:\\\/\\\/diariodelsurdigital.com.ar\\\/?p=543#primaryimage\"},\"thumbnailUrl\":\"https:\\\/\\\/diariodelsurdigital.com.ar\\\/wp-content\\\/uploads\\\/2025\\\/01\\\/r_1736727282.jpg\",\"articleSection\":[\"Locales\"],\"inLanguage\":\"es\",\"potentialAction\":[{\"@type\":\"CommentAction\",\"name\":\"Comment\",\"target\":[\"https:\\\/\\\/diariodelsurdigital.com.ar\\\/?p=543#respond\"]}]},{\"@type\":\"WebPage\",\"@id\":\"https:\\\/\\\/diariodelsurdigital.com.ar\\\/?p=543\",\"url\":\"https:\\\/\\\/diariodelsurdigital.com.ar\\\/?p=543\",\"name\":\"El viento propag\u00f3 el fuego que atraves\u00f3 la Ruta 14 - Diario del Sur\",\"isPartOf\":{\"@id\":\"https:\\\/\\\/diariodelsurdigital.com.ar\\\/#website\"},\"primaryImageOfPage\":{\"@id\":\"https:\\\/\\\/diariodelsurdigital.com.ar\\\/?p=543#primaryimage\"},\"image\":{\"@id\":\"https:\\\/\\\/diariodelsurdigital.com.ar\\\/?p=543#primaryimage\"},\"thumbnailUrl\":\"https:\\\/\\\/diariodelsurdigital.com.ar\\\/wp-content\\\/uploads\\\/2025\\\/01\\\/r_1736727282.jpg\",\"datePublished\":\"2025-01-13T00:45:59+00:00\",\"dateModified\":\"2025-01-13T00:46:01+00:00\",\"author\":{\"@id\":\"https:\\\/\\\/diariodelsurdigital.com.ar\\\/#\\\/schema\\\/person\\\/6136a32571657f7dba980b88b04c5465\"},\"breadcrumb\":{\"@id\":\"https:\\\/\\\/diariodelsurdigital.com.ar\\\/?p=543#breadcrumb\"},\"inLanguage\":\"es\",\"potentialAction\":[{\"@type\":\"ReadAction\",\"target\":[\"https:\\\/\\\/diariodelsurdigital.com.ar\\\/?p=543\"]}]},{\"@type\":\"ImageObject\",\"inLanguage\":\"es\",\"@id\":\"https:\\\/\\\/diariodelsurdigital.com.ar\\\/?p=543#primaryimage\",\"url\":\"https:\\\/\\\/diariodelsurdigital.com.ar\\\/wp-content\\\/uploads\\\/2025\\\/01\\\/r_1736727282.jpg\",\"contentUrl\":\"https:\\\/\\\/diariodelsurdigital.com.ar\\\/wp-content\\\/uploads\\\/2025\\\/01\\\/r_1736727282.jpg\",\"width\":768,\"height\":512},{\"@type\":\"BreadcrumbList\",\"@id\":\"https:\\\/\\\/diariodelsurdigital.com.ar\\\/?p=543#breadcrumb\",\"itemListElement\":[{\"@type\":\"ListItem\",\"position\":1,\"name\":\"Portada\",\"item\":\"https:\\\/\\\/diariodelsurdigital.com.ar\\\/\"},{\"@type\":\"ListItem\",\"position\":2,\"name\":\"El viento propag\u00f3 el fuego que atraves\u00f3 la Ruta 14\"}]},{\"@type\":\"WebSite\",\"@id\":\"https:\\\/\\\/diariodelsurdigital.com.ar\\\/#website\",\"url\":\"https:\\\/\\\/diariodelsurdigital.com.ar\\\/\",\"name\":\"Diario del Sur\",\"description\":\"Digital\",\"potentialAction\":[{\"@type\":\"SearchAction\",\"target\":{\"@type\":\"EntryPoint\",\"urlTemplate\":\"https:\\\/\\\/diariodelsurdigital.com.ar\\\/?s={search_term_string}\"},\"query-input\":{\"@type\":\"PropertyValueSpecification\",\"valueRequired\":true,\"valueName\":\"search_term_string\"}}],\"inLanguage\":\"es\"},{\"@type\":\"Person\",\"@id\":\"https:\\\/\\\/diariodelsurdigital.com.ar\\\/#\\\/schema\\\/person\\\/6136a32571657f7dba980b88b04c5465\",\"name\":\"Diario del Sur Digital\",\"image\":{\"@type\":\"ImageObject\",\"inLanguage\":\"es\",\"@id\":\"https:\\\/\\\/secure.gravatar.com\\\/avatar\\\/4c29ceac98541dd42460b2474aaa5dd37594d6ce6cb3cf2c101d09b48ee287ba?s=96&d=mm&r=g\",\"url\":\"https:\\\/\\\/secure.gravatar.com\\\/avatar\\\/4c29ceac98541dd42460b2474aaa5dd37594d6ce6cb3cf2c101d09b48ee287ba?s=96&d=mm&r=g\",\"contentUrl\":\"https:\\\/\\\/secure.gravatar.com\\\/avatar\\\/4c29ceac98541dd42460b2474aaa5dd37594d6ce6cb3cf2c101d09b48ee287ba?s=96&d=mm&r=g\",\"caption\":\"Diario del Sur Digital\"},\"url\":\"https:\\\/\\\/diariodelsurdigital.com.ar\\\/?author=2\"}]}<\/script>\n<!-- \/ Yoast SEO plugin. -->","yoast_head_json":{"title":"El viento propag\u00f3 el fuego que atraves\u00f3 la Ruta 14 - Diario del Sur","robots":{"index":"index","follow":"follow","max-snippet":"max-snippet:-1","max-image-preview":"max-image-preview:large","max-video-preview":"max-video-preview:-1"},"canonical":"https:\/\/diariodelsurdigital.com.ar\/?p=543","og_locale":"es_ES","og_type":"article","og_title":"El viento propag\u00f3 el fuego que atraves\u00f3 la Ruta 14 - Diario del Sur","og_description":"Hasta pasadas las 20 horas de este domingo, eran dos los focos de incendios que segu\u00edan activos en el departamento Concordia. El que se hab\u00eda declarado en la zona de Magnasco, por efecto del viento, cruz\u00f3 la autov\u00eda Artigas en direcci\u00f3n a La Criolla, seg\u00fan consign\u00f3 Diario R\u00edo Uruguay En el lugar trabajaban efectivos de [&hellip;]","og_url":"https:\/\/diariodelsurdigital.com.ar\/?p=543","og_site_name":"Diario del Sur","article_published_time":"2025-01-13T00:45:59+00:00","article_modified_time":"2025-01-13T00:46:01+00:00","og_image":[{"width":768,"height":512,"url":"https:\/\/diariodelsurdigital.com.ar\/wp-content\/uploads\/2025\/01\/r_1736727282.jpg","type":"image\/jpeg"}],"author":"Diario del Sur Digital","twitter_card":"summary_large_image","twitter_misc":{"Escrito por":"Diario del Sur Digital","Tiempo de lectura":"2 minutos"},"schema":{"@context":"https:\/\/schema.org","@graph":[{"@type":"Article","@id":"https:\/\/diariodelsurdigital.com.ar\/?p=543#article","isPartOf":{"@id":"https:\/\/diariodelsurdigital.com.ar\/?p=543"},"author":{"name":"Diario del Sur Digital","@id":"https:\/\/diariodelsurdigital.com.ar\/#\/schema\/person\/6136a32571657f7dba980b88b04c5465"},"headline":"El viento propag\u00f3 el fuego que atraves\u00f3 la Ruta 14","datePublished":"2025-01-13T00:45:59+00:00","dateModified":"2025-01-13T00:46:01+00:00","mainEntityOfPage":{"@id":"https:\/\/diariodelsurdigital.com.ar\/?p=543"},"wordCount":193,"commentCount":0,"image":{"@id":"https:\/\/diariodelsurdigital.com.ar\/?p=543#primaryimage"},"thumbnailUrl":"https:\/\/diariodelsurdigital.com.ar\/wp-content\/uploads\/2025\/01\/r_1736727282.jpg","articleSection":["Locales"],"inLanguage":"es","potentialAction":[{"@type":"CommentAction","name":"Comment","target":["https:\/\/diariodelsurdigital.com.ar\/?p=543#respond"]}]},{"@type":"WebPage","@id":"https:\/\/diariodelsurdigital.com.ar\/?p=543","url":"https:\/\/diariodelsurdigital.com.ar\/?p=543","name":"El viento propag\u00f3 el fuego que atraves\u00f3 la Ruta 14 - Diario del Sur","isPartOf":{"@id":"https:\/\/diariodelsurdigital.com.ar\/#website"},"primaryImageOfPage":{"@id":"https:\/\/diariodelsurdigital.com.ar\/?p=543#primaryimage"},"image":{"@id":"https:\/\/diariodelsurdigital.com.ar\/?p=543#primaryimage"},"thumbnailUrl":"https:\/\/diariodelsurdigital.com.ar\/wp-content\/uploads\/2025\/01\/r_1736727282.jpg","datePublished":"2025-01-13T00:45:59+00:00","dateModified":"2025-01-13T00:46:01+00:00","author":{"@id":"https:\/\/diariodelsurdigital.com.ar\/#\/schema\/person\/6136a32571657f7dba980b88b04c5465"},"breadcrumb":{"@id":"https:\/\/diariodelsurdigital.com.ar\/?p=543#breadcrumb"},"inLanguage":"es","potentialAction":[{"@type":"ReadAction","target":["https:\/\/diariodelsurdigital.com.ar\/?p=543"]}]},{"@type":"ImageObject","inLanguage":"es","@id":"https:\/\/diariodelsurdigital.com.ar\/?p=543#primaryimage","url":"https:\/\/diariodelsurdigital.com.ar\/wp-content\/uploads\/2025\/01\/r_1736727282.jpg","contentUrl":"https:\/\/diariodelsurdigital.com.ar\/wp-content\/uploads\/2025\/01\/r_1736727282.jpg","width":768,"height":512},{"@type":"BreadcrumbList","@id":"https:\/\/diariodelsurdigital.com.ar\/?p=543#breadcrumb","itemListElement":[{"@type":"ListItem","position":1,"name":"Portada","item":"https:\/\/diariodelsurdigital.com.ar\/"},{"@type":"ListItem","position":2,"name":"El viento propag\u00f3 el fuego que atraves\u00f3 la Ruta 14"}]},{"@type":"WebSite","@id":"https:\/\/diariodelsurdigital.com.ar\/#website","url":"https:\/\/diariodelsurdigital.com.ar\/","name":"Diario del Sur","description":"Digital","potentialAction":[{"@type":"SearchAction","target":{"@type":"EntryPoint","urlTemplate":"https:\/\/diariodelsurdigital.com.ar\/?s={search_term_string}"},"query-input":{"@type":"PropertyValueSpecification","valueRequired":true,"valueName":"search_term_string"}}],"inLanguage":"es"},{"@type":"Person","@id":"https:\/\/diariodelsurdigital.com.ar\/#\/schema\/person\/6136a32571657f7dba980b88b04c5465","name":"Diario del Sur Digital","image":{"@type":"ImageObject","inLanguage":"es","@id":"https:\/\/secure.gravatar.com\/avatar\/4c29ceac98541dd42460b2474aaa5dd37594d6ce6cb3cf2c101d09b48ee287ba?s=96&d=mm&r=g","url":"https:\/\/secure.gravatar.com\/avatar\/4c29ceac98541dd42460b2474aaa5dd37594d6ce6cb3cf2c101d09b48ee287ba?s=96&d=mm&r=g","contentUrl":"https:\/\/secure.gravatar.com\/avatar\/4c29ceac98541dd42460b2474aaa5dd37594d6ce6cb3cf2c101d09b48ee287ba?s=96&d=mm&r=g","caption":"Diario del Sur Digital"},"url":"https:\/\/diariodelsurdigital.com.ar\/?author=2"}]}},"_links":{"self":[{"href":"https:\/\/diariodelsurdigital.com.ar\/index.php?rest_route=\/wp\/v2\/posts\/543","targetHints":{"allow":["GET"]}}],"collection":[{"href":"https:\/\/diariodelsurdigital.com.ar\/index.php?rest_route=\/wp\/v2\/posts"}],"about":[{"href":"https:\/\/diariodelsurdigital.com.ar\/index.php?rest_route=\/wp\/v2\/types\/post"}],"author":[{"embeddable":true,"href":"https:\/\/diariodelsurdigital.com.ar\/index.php?rest_route=\/wp\/v2\/users\/2"}],"replies":[{"embeddable":true,"href":"https:\/\/diariodelsurdigital.com.ar\/index.php?rest_route=%2Fwp%2Fv2%2Fcomments&post=543"}],"version-history":[{"count":1,"href":"https:\/\/diariodelsurdigital.com.ar\/index.php?rest_route=\/wp\/v2\/posts\/543\/revisions"}],"predecessor-version":[{"id":548,"href":"https:\/\/diariodelsurdigital.com.ar\/index.php?rest_route=\/wp\/v2\/posts\/543\/revisions\/548"}],"wp:featuredmedia":[{"embeddable":true,"href":"https:\/\/diariodelsurdigital.com.ar\/index.php?rest_route=\/wp\/v2\/media\/545"}],"wp:attachment":[{"href":"https:\/\/diariodelsurdigital.com.ar\/index.php?rest_route=%2Fwp%2Fv2%2Fmedia&parent=543"}],"wp:term":[{"taxonomy":"category","embeddable":true,"href":"https:\/\/diariodelsurdigital.com.ar\/index.php?rest_route=%2Fwp%2Fv2%2Fcategories&post=543"},{"taxonomy":"post_tag","embeddable":true,"href":"https:\/\/diariodelsurdigital.com.ar\/index.php?rest_route=%2Fwp%2Fv2%2Ftags&post=543"}],"curies":[{"name":"wp","href":"https:\/\/api.w.org\/{rel}","templated":true}]}}