{"id":5432,"date":"2025-10-31T09:39:08","date_gmt":"2025-10-31T12:39:08","guid":{"rendered":"https:\/\/diariodelsurdigital.com.ar\/?p=5432"},"modified":"2025-10-31T09:39:09","modified_gmt":"2025-10-31T12:39:09","slug":"tras-la-derrota-cristina-kirchner-cuestiono-a-kicillof-fue-un-error-politico-desdoblar-la-eleccion","status":"publish","type":"post","link":"https:\/\/diariodelsurdigital.com.ar\/?p=5432","title":{"rendered":"Tras la derrota, Cristina Kirchner cuestion\u00f3 a Kicillof: \u201cFue un error pol\u00edtico desdoblar la elecci\u00f3n\u201d"},"content":{"rendered":"\n<p>Cristina Kirchner public\u00f3 este viernes un extenso documento pol\u00edtico titulado \u201cElecci\u00f3n 26 de octubre\u201d, donde analiz\u00f3 los resultados de los \u00faltimos comicios y lanz\u00f3 una dura autocr\u00edtica hacia la conducci\u00f3n bonaerense del peronismo. As\u00ed, la ex mandataria cuestion\u00f3 la decisi\u00f3n del gobernador Axel Kicillof de desdoblar las elecciones provinciales, a la que calific\u00f3 como un \u201cerror pol\u00edtico\u201d que tuvo consecuencias nacionales.<\/p>\n\n\n\n<p><\/p>\n\n\n\n<p>En una carta dirigida a la militancia peronista, la expresidenta critic\u00f3 al gobernador bonaerense. Sin embargo, se\u00f1al\u00f3: \u201cSigo sosteniendo el valor de la unidad como instrumento pol\u00edtico de construcci\u00f3n\u201d.<\/p>\n\n\n\n<p>\u201cLa excepci\u00f3n de lo ocurrido en la Provincia de Buenos Aires obedece a un error pol\u00edtico al equivocar la estrategia electoral, decidiendo el desdoblamiento\u201d, escribi\u00f3. \u201cLo dijimos p\u00fablicamente el 14 de abril\u2026 Instru\u00ed a nuestra fuerza pol\u00edtica a desistir del Proyecto de Ley de Concurrencia Electoral, que ten\u00eda como objetivo que los bonaerenses votaran una sola vez, para no dividir los esfuerzos en dos elecciones separadas por apenas 49 d\u00edas\u201d.<\/p>\n\n\n\n<p>Cristina record\u00f3 que en aquel momento advirti\u00f3 el riesgo de separar los comicios y que incluso lo hizo \u201cde coraz\u00f3n\u201d, porque \u2014seg\u00fan remarc\u00f3\u2014 \u201cno me interesa tener raz\u00f3n, me interesa ganar las elecciones\u201d. Seg\u00fan su interpretaci\u00f3n, el adelantamiento de los comicios provinciales actu\u00f3 como una suerte de \u201cbalotaje anticipado\u201d, que permiti\u00f3 reagrupar el voto antiperonista y condicion\u00f3 el resultado del 26 de octubre.<\/p>\n\n\n\n<p>El documento, de m\u00e1s de diez apartados, combina an\u00e1lisis hist\u00f3rico, diagn\u00f3stico econ\u00f3mico y denuncia judicial. Sin embargo, el punto m\u00e1s destacado fue el cuestionamiento directo al gobernador bonaerense, aunque haya evitado mencionar su nombre. \u201cAdelantar las elecciones de la PBA era muy riesgoso tanto por su peso electoral y su valor simb\u00f3lico, como porque si se perd\u00eda iba a tener un efecto devastador para el peronismo a nivel nacional\u201d.<\/p>\n\n\n\n<p>Pese a los reproches y advertencias, y en el final de la carta p\u00fablica, CFK se manifest\u00f3 a favor de mantener la unidad peronista. \u201cSigo sosteniendo el valor de la unidad como instrumento pol\u00edtico de construcci\u00f3n nacional, popular y democr\u00e1tica\u201d, escribi\u00f3 desde San Jos\u00e9 1111, el lugar donde cumple prisi\u00f3n. Y concluy\u00f3: \u201cNecesitamos dirigentes con cabeza, coraz\u00f3n y mucho, pero mucho coraje\u201d.<\/p>\n\n\n\n<p>M\u00e1s all\u00e1 de la cr\u00edtica puntual, la exmandataria ampli\u00f3 su an\u00e1lisis con referencias a factores econ\u00f3micos, medi\u00e1ticos y geopol\u00edticos. Atribuy\u00f3 parte del resultado a la \u201ccampa\u00f1a del miedo\u201d impulsada -seg\u00fan dijo- por sectores que advirtieron que si el Gobierno perd\u00eda las elecciones \u201ctodo iba a explotar\u201d. Incluso, apunt\u00f3 contra el presidente de Estados Unidos, Donald Trump, a quien acus\u00f3 de condicionar el apoyo del Tesoro de Estados Unidos a una victoria de Javier Milei.<\/p>\n\n\n\n<p>En otro tramo, denunci\u00f3 una \u201cofensiva para romper el peronismo\u201d, vinculando su prisi\u00f3n y proscripci\u00f3n con una \u201cestrategia de disciplinamiento pol\u00edtico, medi\u00e1tico y judicial\u201d destinada a debilitar el campo nacional y popular\u201d.<\/p>\n\n\n\n<p>Los principales textuales de CFK<\/p>\n\n\n\n<p>.\u201cLa excepci\u00f3n de lo ocurrido en la Provincia de Buenos Aires obedece a un error pol\u00edtico al equivocar la estrategia electoral, decidiendo el desdoblamiento. No lo digo con el diario del lunes, como suelen hacer los \u2018expertos y analistas\u2019. Lo dijimos p\u00fablicamente el 14 de abril cuando, ante la decisi\u00f3n del Gobernador de desdoblar la elecci\u00f3n provincial, como presidenta del PJ nacional instru\u00ed a nuestra fuerza pol\u00edtica en la Legislatura bonaerense a desistir del Proyecto de Ley de Concurrencia Electoral que ten\u00eda como objetivo que los bonaerenses votaran una sola vez PARA NO DIVIDIR LOS ESFUERZOS EN DOS ELECCIONES SEPARADAS POR APENAS 49 D\u00cdAS\u201d.<\/p>\n\n\n\n<p>.\u201cAdem\u00e1s, en privado (por la caracter\u00edstica del planteo) tambi\u00e9n sostuve que adelantar las elecciones de la PBA era muy riesgoso tanto por su peso electoral y su valor simb\u00f3lico, como porque si se perd\u00eda iba a tener un efecto devastador para el peronismo a nivel nacional y si se ganaba iba a producir un \u2018efecto balotaje\u2019 que permitir\u00eda reagrupar todo el voto antiperonista para las legislativas de octubre\u201d.<\/p>\n\n\n\n<p>.\u201cDesde la reapertura de la democracia en 1983, todos los Presidentes, salvo De La R\u00faa y Alberto Fern\u00e1ndez, ganaron la primera elecci\u00f3n parlamentaria siguiente. (\u2026) Perm\u00edtanme entonces, en este punto, un homenaje a mi compa\u00f1ero de vida en esta semana de Octubre. N\u00e9stor dec\u00eda: \u2018no hay derrotas definitivas ni triunfos eternos\u2019\u201d.<\/p>\n\n\n\n<p>\u201cLa diferencia de casi 14 puntos en la elecci\u00f3n del 7 de septiembre en PBA, oper\u00f3 como una PASO o balotaje que permiti\u00f3 reagrupar el voto antiperonista en la elecci\u00f3n del pasado 26 de octubre. Nada nuevo bajo el sol. S\u00f3lo basta recordar el 40% de Macri en las generales del 2019 o el 40% de la suma de Menem y L\u00f3pez Murphy en 2003, pese al desastre del 2001 y el fracaso de la convertibilidad\u201d.<\/p>\n\n\n\n<p>.\u201cAl viejo antiperonismo se le sum\u00f3 otro factor: el miedo; un actor determinante ante la posibilidad de una crisis pol\u00edtica que terminara agravando la ya terrible situaci\u00f3n de la gente de a pie. Algunos creyeron que si el gobierno perd\u00eda la elecci\u00f3n de medio t\u00e9rmino, se ca\u00eda. Unos en forma absolutamente interesada y otros por estupidez, agitaban desde medios y discursos esa posibilidad\u201d.<\/p>\n\n\n\n<p>.\u201cA este cuadro ya casi folcl\u00f3rico de la Argentina se sum\u00f3, nada m\u00e1s ni nada menos, que el Presidente de los EEUU, Donald Trump, diciendo que si Milei no ganaba las elecciones la ayuda del Tesoro norteamericano, que al comprar pesos insufl\u00f3 d\u00f3lares al sistema bi-monetario argentino, se iba a terminar. Con la amenaza de que todo iba a explotar lograron una sobre-estimulaci\u00f3n emocional en una parte del electorado\u201d.<\/p>\n\n\n\n<p>.\u201cEl valor del d\u00f3lar es el que gu\u00eda, alarma o fulmina a la econom\u00eda bi-monetaria de la Argentina que, endeudada como nunca en la historia, ha sumado a un nuevo e in\u00e9dito acreedor: el Tesoro de los Estados Unidos. Los argentinos compran d\u00f3lares y los yankis compran pesos\u2026 \u00bfQu\u00e9 puede salir mal?\u201d<\/p>\n\n\n\n<p>.\u201cVan a poner en juego todo lo que haga falta. Empezaron apenas un mes y medio despu\u00e9s de la muerte del Papa Francisco cuando, en forma in\u00e9dita y en tiempo r\u00e9cord, ordenaron mi prisi\u00f3n y mi proscripci\u00f3n de por vida para ejercer cargos p\u00fablicos\u201d.<\/p>\n\n\n\n<p>.\u201cAl d\u00eda siguiente de la elecci\u00f3n del 26 de octubre, la Corte de Los Tres sobresey\u00f3, por un lado, a Mauricio Macri, nada m\u00e1s ni nada menos que por el espionaje comprobado a los familiares de las v\u00edctimas del ARA San Juan; a Caputo en una causa penal; a Sturzenegger en una causa por abuso de autoridad, en la que la v\u00edctima era mi hija Florencia, y al propio Milei en otra causa penal. Ese mismo d\u00eda y a la misma hora, esa misma Corte confirm\u00f3 la condena contra Mart\u00edn Sabbatella (\u2026) y coron\u00f3 su d\u00eda de furia antiperonista confirmando dos condenas contra Guillermo Moreno, que incluyen no s\u00f3lo privaci\u00f3n de la libertad, sino INHABILITACI\u00d3N DE POR VIDA PARA EJERCER CARGOS P\u00daBLICOS\u201d.<\/p>\n\n\n\n<p>.\u201cComo siempre lo he hecho en cada una de las oportunidades que me toc\u00f3 decidir (y no en pocas contra viento y marea), sigo sosteniendo el valor de la unidad como instrumento pol\u00edtico de construcci\u00f3n nacional, popular y democr\u00e1tica. Unidad a la que se debe sumar militancia con cohesi\u00f3n y claridad estrat\u00e9gica y program\u00e1tica\u201d, public\u00f3 InfoBae.<\/p>\n","protected":false},"excerpt":{"rendered":"<p>Cristina Kirchner public\u00f3 este viernes un extenso documento pol\u00edtico titulado \u201cElecci\u00f3n 26 de octubre\u201d, donde analiz\u00f3 los resultados de los \u00faltimos comicios y lanz\u00f3 una dura autocr\u00edtica hacia la conducci\u00f3n bonaerense del peronismo. As\u00ed, la ex mandataria cuestion\u00f3 la decisi\u00f3n del gobernador Axel Kicillof de desdoblar las elecciones provinciales, a la que calific\u00f3 como un [&hellip;]<\/p>\n","protected":false},"author":4,"featured_media":5433,"comment_status":"open","ping_status":"open","sticky":false,"template":"","format":"standard","meta":{"footnotes":""},"categories":[18,22],"tags":[],"class_list":{"0":"post-5432","1":"post","2":"type-post","3":"status-publish","4":"format-standard","5":"has-post-thumbnail","7":"category-nacionales","8":"category-politica"},"yoast_head":"<!-- This site is optimized with the Yoast SEO plugin v27.4 - https:\/\/yoast.com\/product\/yoast-seo-wordpress\/ -->\n<title>Tras la derrota, Cristina Kirchner cuestion\u00f3 a Kicillof: \u201cFue un error pol\u00edtico desdoblar la elecci\u00f3n\u201d - Diario del Sur<\/title>\n<meta name=\"robots\" content=\"index, follow, max-snippet:-1, max-image-preview:large, max-video-preview:-1\" \/>\n<link rel=\"canonical\" href=\"https:\/\/diariodelsurdigital.com.ar\/?p=5432\" \/>\n<meta property=\"og:locale\" content=\"es_ES\" \/>\n<meta property=\"og:type\" content=\"article\" \/>\n<meta property=\"og:title\" content=\"Tras la derrota, Cristina Kirchner cuestion\u00f3 a Kicillof: \u201cFue un error pol\u00edtico desdoblar la elecci\u00f3n\u201d - Diario del Sur\" \/>\n<meta property=\"og:description\" content=\"Cristina Kirchner public\u00f3 este viernes un extenso documento pol\u00edtico titulado \u201cElecci\u00f3n 26 de octubre\u201d, donde analiz\u00f3 los resultados de los \u00faltimos comicios y lanz\u00f3 una dura autocr\u00edtica hacia la conducci\u00f3n bonaerense del peronismo. As\u00ed, la ex mandataria cuestion\u00f3 la decisi\u00f3n del gobernador Axel Kicillof de desdoblar las elecciones provinciales, a la que calific\u00f3 como un [&hellip;]\" \/>\n<meta property=\"og:url\" content=\"https:\/\/diariodelsurdigital.com.ar\/?p=5432\" \/>\n<meta property=\"og:site_name\" content=\"Diario del Sur\" \/>\n<meta property=\"article:published_time\" content=\"2025-10-31T12:39:08+00:00\" \/>\n<meta property=\"article:modified_time\" content=\"2025-10-31T12:39:09+00:00\" \/>\n<meta property=\"og:image\" content=\"https:\/\/diariodelsurdigital.com.ar\/wp-content\/uploads\/2025\/10\/md-21-1.webp\" \/>\n\t<meta property=\"og:image:width\" content=\"992\" \/>\n\t<meta property=\"og:image:height\" content=\"744\" \/>\n\t<meta property=\"og:image:type\" content=\"image\/webp\" \/>\n<meta name=\"author\" content=\"Diario del Sur Digital\" \/>\n<meta name=\"twitter:card\" content=\"summary_large_image\" \/>\n<meta name=\"twitter:label1\" content=\"Escrito por\" \/>\n\t<meta name=\"twitter:data1\" content=\"Diario del Sur Digital\" \/>\n\t<meta name=\"twitter:label2\" content=\"Tiempo de lectura\" \/>\n\t<meta name=\"twitter:data2\" content=\"6 minutos\" \/>\n<script type=\"application\/ld+json\" class=\"yoast-schema-graph\">{\"@context\":\"https:\\\/\\\/schema.org\",\"@graph\":[{\"@type\":\"Article\",\"@id\":\"https:\\\/\\\/diariodelsurdigital.com.ar\\\/?p=5432#article\",\"isPartOf\":{\"@id\":\"https:\\\/\\\/diariodelsurdigital.com.ar\\\/?p=5432\"},\"author\":{\"name\":\"Diario del Sur Digital\",\"@id\":\"https:\\\/\\\/diariodelsurdigital.com.ar\\\/#\\\/schema\\\/person\\\/1a4992532ed62965c968031b49195c81\"},\"headline\":\"Tras la derrota, Cristina Kirchner cuestion\u00f3 a Kicillof: \u201cFue un error pol\u00edtico desdoblar la elecci\u00f3n\u201d\",\"datePublished\":\"2025-10-31T12:39:08+00:00\",\"dateModified\":\"2025-10-31T12:39:09+00:00\",\"mainEntityOfPage\":{\"@id\":\"https:\\\/\\\/diariodelsurdigital.com.ar\\\/?p=5432\"},\"wordCount\":1279,\"commentCount\":0,\"image\":{\"@id\":\"https:\\\/\\\/diariodelsurdigital.com.ar\\\/?p=5432#primaryimage\"},\"thumbnailUrl\":\"https:\\\/\\\/diariodelsurdigital.com.ar\\\/wp-content\\\/uploads\\\/2025\\\/10\\\/md-21-1.webp\",\"articleSection\":[\"Nacionales\",\"Pol\u00edtica\"],\"inLanguage\":\"es\",\"potentialAction\":[{\"@type\":\"CommentAction\",\"name\":\"Comment\",\"target\":[\"https:\\\/\\\/diariodelsurdigital.com.ar\\\/?p=5432#respond\"]}]},{\"@type\":\"WebPage\",\"@id\":\"https:\\\/\\\/diariodelsurdigital.com.ar\\\/?p=5432\",\"url\":\"https:\\\/\\\/diariodelsurdigital.com.ar\\\/?p=5432\",\"name\":\"Tras la derrota, Cristina Kirchner cuestion\u00f3 a Kicillof: \u201cFue un error pol\u00edtico desdoblar la elecci\u00f3n\u201d - Diario del Sur\",\"isPartOf\":{\"@id\":\"https:\\\/\\\/diariodelsurdigital.com.ar\\\/#website\"},\"primaryImageOfPage\":{\"@id\":\"https:\\\/\\\/diariodelsurdigital.com.ar\\\/?p=5432#primaryimage\"},\"image\":{\"@id\":\"https:\\\/\\\/diariodelsurdigital.com.ar\\\/?p=5432#primaryimage\"},\"thumbnailUrl\":\"https:\\\/\\\/diariodelsurdigital.com.ar\\\/wp-content\\\/uploads\\\/2025\\\/10\\\/md-21-1.webp\",\"datePublished\":\"2025-10-31T12:39:08+00:00\",\"dateModified\":\"2025-10-31T12:39:09+00:00\",\"author\":{\"@id\":\"https:\\\/\\\/diariodelsurdigital.com.ar\\\/#\\\/schema\\\/person\\\/1a4992532ed62965c968031b49195c81\"},\"breadcrumb\":{\"@id\":\"https:\\\/\\\/diariodelsurdigital.com.ar\\\/?p=5432#breadcrumb\"},\"inLanguage\":\"es\",\"potentialAction\":[{\"@type\":\"ReadAction\",\"target\":[\"https:\\\/\\\/diariodelsurdigital.com.ar\\\/?p=5432\"]}]},{\"@type\":\"ImageObject\",\"inLanguage\":\"es\",\"@id\":\"https:\\\/\\\/diariodelsurdigital.com.ar\\\/?p=5432#primaryimage\",\"url\":\"https:\\\/\\\/diariodelsurdigital.com.ar\\\/wp-content\\\/uploads\\\/2025\\\/10\\\/md-21-1.webp\",\"contentUrl\":\"https:\\\/\\\/diariodelsurdigital.com.ar\\\/wp-content\\\/uploads\\\/2025\\\/10\\\/md-21-1.webp\",\"width\":992,\"height\":744},{\"@type\":\"BreadcrumbList\",\"@id\":\"https:\\\/\\\/diariodelsurdigital.com.ar\\\/?p=5432#breadcrumb\",\"itemListElement\":[{\"@type\":\"ListItem\",\"position\":1,\"name\":\"Portada\",\"item\":\"https:\\\/\\\/diariodelsurdigital.com.ar\\\/\"},{\"@type\":\"ListItem\",\"position\":2,\"name\":\"Tras la derrota, Cristina Kirchner cuestion\u00f3 a Kicillof: \u201cFue un error pol\u00edtico desdoblar la elecci\u00f3n\u201d\"}]},{\"@type\":\"WebSite\",\"@id\":\"https:\\\/\\\/diariodelsurdigital.com.ar\\\/#website\",\"url\":\"https:\\\/\\\/diariodelsurdigital.com.ar\\\/\",\"name\":\"Diario del Sur\",\"description\":\"Digital\",\"potentialAction\":[{\"@type\":\"SearchAction\",\"target\":{\"@type\":\"EntryPoint\",\"urlTemplate\":\"https:\\\/\\\/diariodelsurdigital.com.ar\\\/?s={search_term_string}\"},\"query-input\":{\"@type\":\"PropertyValueSpecification\",\"valueRequired\":true,\"valueName\":\"search_term_string\"}}],\"inLanguage\":\"es\"},{\"@type\":\"Person\",\"@id\":\"https:\\\/\\\/diariodelsurdigital.com.ar\\\/#\\\/schema\\\/person\\\/1a4992532ed62965c968031b49195c81\",\"name\":\"Diario del Sur Digital\",\"image\":{\"@type\":\"ImageObject\",\"inLanguage\":\"es\",\"@id\":\"https:\\\/\\\/secure.gravatar.com\\\/avatar\\\/f0c7c47fc7146d19828273b9b8eda651c9c7ab583767e6338d3d3bee825adf76?s=96&d=mm&r=g\",\"url\":\"https:\\\/\\\/secure.gravatar.com\\\/avatar\\\/f0c7c47fc7146d19828273b9b8eda651c9c7ab583767e6338d3d3bee825adf76?s=96&d=mm&r=g\",\"contentUrl\":\"https:\\\/\\\/secure.gravatar.com\\\/avatar\\\/f0c7c47fc7146d19828273b9b8eda651c9c7ab583767e6338d3d3bee825adf76?s=96&d=mm&r=g\",\"caption\":\"Diario del Sur Digital\"},\"url\":\"https:\\\/\\\/diariodelsurdigital.com.ar\\\/?author=4\"}]}<\/script>\n<!-- \/ Yoast SEO plugin. -->","yoast_head_json":{"title":"Tras la derrota, Cristina Kirchner cuestion\u00f3 a Kicillof: \u201cFue un error pol\u00edtico desdoblar la elecci\u00f3n\u201d - Diario del Sur","robots":{"index":"index","follow":"follow","max-snippet":"max-snippet:-1","max-image-preview":"max-image-preview:large","max-video-preview":"max-video-preview:-1"},"canonical":"https:\/\/diariodelsurdigital.com.ar\/?p=5432","og_locale":"es_ES","og_type":"article","og_title":"Tras la derrota, Cristina Kirchner cuestion\u00f3 a Kicillof: \u201cFue un error pol\u00edtico desdoblar la elecci\u00f3n\u201d - Diario del Sur","og_description":"Cristina Kirchner public\u00f3 este viernes un extenso documento pol\u00edtico titulado \u201cElecci\u00f3n 26 de octubre\u201d, donde analiz\u00f3 los resultados de los \u00faltimos comicios y lanz\u00f3 una dura autocr\u00edtica hacia la conducci\u00f3n bonaerense del peronismo. As\u00ed, la ex mandataria cuestion\u00f3 la decisi\u00f3n del gobernador Axel Kicillof de desdoblar las elecciones provinciales, a la que calific\u00f3 como un [&hellip;]","og_url":"https:\/\/diariodelsurdigital.com.ar\/?p=5432","og_site_name":"Diario del Sur","article_published_time":"2025-10-31T12:39:08+00:00","article_modified_time":"2025-10-31T12:39:09+00:00","og_image":[{"width":992,"height":744,"url":"https:\/\/diariodelsurdigital.com.ar\/wp-content\/uploads\/2025\/10\/md-21-1.webp","type":"image\/webp"}],"author":"Diario del Sur Digital","twitter_card":"summary_large_image","twitter_misc":{"Escrito por":"Diario del Sur Digital","Tiempo de lectura":"6 minutos"},"schema":{"@context":"https:\/\/schema.org","@graph":[{"@type":"Article","@id":"https:\/\/diariodelsurdigital.com.ar\/?p=5432#article","isPartOf":{"@id":"https:\/\/diariodelsurdigital.com.ar\/?p=5432"},"author":{"name":"Diario del Sur Digital","@id":"https:\/\/diariodelsurdigital.com.ar\/#\/schema\/person\/1a4992532ed62965c968031b49195c81"},"headline":"Tras la derrota, Cristina Kirchner cuestion\u00f3 a Kicillof: \u201cFue un error pol\u00edtico desdoblar la elecci\u00f3n\u201d","datePublished":"2025-10-31T12:39:08+00:00","dateModified":"2025-10-31T12:39:09+00:00","mainEntityOfPage":{"@id":"https:\/\/diariodelsurdigital.com.ar\/?p=5432"},"wordCount":1279,"commentCount":0,"image":{"@id":"https:\/\/diariodelsurdigital.com.ar\/?p=5432#primaryimage"},"thumbnailUrl":"https:\/\/diariodelsurdigital.com.ar\/wp-content\/uploads\/2025\/10\/md-21-1.webp","articleSection":["Nacionales","Pol\u00edtica"],"inLanguage":"es","potentialAction":[{"@type":"CommentAction","name":"Comment","target":["https:\/\/diariodelsurdigital.com.ar\/?p=5432#respond"]}]},{"@type":"WebPage","@id":"https:\/\/diariodelsurdigital.com.ar\/?p=5432","url":"https:\/\/diariodelsurdigital.com.ar\/?p=5432","name":"Tras la derrota, Cristina Kirchner cuestion\u00f3 a Kicillof: \u201cFue un error pol\u00edtico desdoblar la elecci\u00f3n\u201d - Diario del Sur","isPartOf":{"@id":"https:\/\/diariodelsurdigital.com.ar\/#website"},"primaryImageOfPage":{"@id":"https:\/\/diariodelsurdigital.com.ar\/?p=5432#primaryimage"},"image":{"@id":"https:\/\/diariodelsurdigital.com.ar\/?p=5432#primaryimage"},"thumbnailUrl":"https:\/\/diariodelsurdigital.com.ar\/wp-content\/uploads\/2025\/10\/md-21-1.webp","datePublished":"2025-10-31T12:39:08+00:00","dateModified":"2025-10-31T12:39:09+00:00","author":{"@id":"https:\/\/diariodelsurdigital.com.ar\/#\/schema\/person\/1a4992532ed62965c968031b49195c81"},"breadcrumb":{"@id":"https:\/\/diariodelsurdigital.com.ar\/?p=5432#breadcrumb"},"inLanguage":"es","potentialAction":[{"@type":"ReadAction","target":["https:\/\/diariodelsurdigital.com.ar\/?p=5432"]}]},{"@type":"ImageObject","inLanguage":"es","@id":"https:\/\/diariodelsurdigital.com.ar\/?p=5432#primaryimage","url":"https:\/\/diariodelsurdigital.com.ar\/wp-content\/uploads\/2025\/10\/md-21-1.webp","contentUrl":"https:\/\/diariodelsurdigital.com.ar\/wp-content\/uploads\/2025\/10\/md-21-1.webp","width":992,"height":744},{"@type":"BreadcrumbList","@id":"https:\/\/diariodelsurdigital.com.ar\/?p=5432#breadcrumb","itemListElement":[{"@type":"ListItem","position":1,"name":"Portada","item":"https:\/\/diariodelsurdigital.com.ar\/"},{"@type":"ListItem","position":2,"name":"Tras la derrota, Cristina Kirchner cuestion\u00f3 a Kicillof: \u201cFue un error pol\u00edtico desdoblar la elecci\u00f3n\u201d"}]},{"@type":"WebSite","@id":"https:\/\/diariodelsurdigital.com.ar\/#website","url":"https:\/\/diariodelsurdigital.com.ar\/","name":"Diario del Sur","description":"Digital","potentialAction":[{"@type":"SearchAction","target":{"@type":"EntryPoint","urlTemplate":"https:\/\/diariodelsurdigital.com.ar\/?s={search_term_string}"},"query-input":{"@type":"PropertyValueSpecification","valueRequired":true,"valueName":"search_term_string"}}],"inLanguage":"es"},{"@type":"Person","@id":"https:\/\/diariodelsurdigital.com.ar\/#\/schema\/person\/1a4992532ed62965c968031b49195c81","name":"Diario del Sur Digital","image":{"@type":"ImageObject","inLanguage":"es","@id":"https:\/\/secure.gravatar.com\/avatar\/f0c7c47fc7146d19828273b9b8eda651c9c7ab583767e6338d3d3bee825adf76?s=96&d=mm&r=g","url":"https:\/\/secure.gravatar.com\/avatar\/f0c7c47fc7146d19828273b9b8eda651c9c7ab583767e6338d3d3bee825adf76?s=96&d=mm&r=g","contentUrl":"https:\/\/secure.gravatar.com\/avatar\/f0c7c47fc7146d19828273b9b8eda651c9c7ab583767e6338d3d3bee825adf76?s=96&d=mm&r=g","caption":"Diario del Sur Digital"},"url":"https:\/\/diariodelsurdigital.com.ar\/?author=4"}]}},"_links":{"self":[{"href":"https:\/\/diariodelsurdigital.com.ar\/index.php?rest_route=\/wp\/v2\/posts\/5432","targetHints":{"allow":["GET"]}}],"collection":[{"href":"https:\/\/diariodelsurdigital.com.ar\/index.php?rest_route=\/wp\/v2\/posts"}],"about":[{"href":"https:\/\/diariodelsurdigital.com.ar\/index.php?rest_route=\/wp\/v2\/types\/post"}],"author":[{"embeddable":true,"href":"https:\/\/diariodelsurdigital.com.ar\/index.php?rest_route=\/wp\/v2\/users\/4"}],"replies":[{"embeddable":true,"href":"https:\/\/diariodelsurdigital.com.ar\/index.php?rest_route=%2Fwp%2Fv2%2Fcomments&post=5432"}],"version-history":[{"count":1,"href":"https:\/\/diariodelsurdigital.com.ar\/index.php?rest_route=\/wp\/v2\/posts\/5432\/revisions"}],"predecessor-version":[{"id":5434,"href":"https:\/\/diariodelsurdigital.com.ar\/index.php?rest_route=\/wp\/v2\/posts\/5432\/revisions\/5434"}],"wp:featuredmedia":[{"embeddable":true,"href":"https:\/\/diariodelsurdigital.com.ar\/index.php?rest_route=\/wp\/v2\/media\/5433"}],"wp:attachment":[{"href":"https:\/\/diariodelsurdigital.com.ar\/index.php?rest_route=%2Fwp%2Fv2%2Fmedia&parent=5432"}],"wp:term":[{"taxonomy":"category","embeddable":true,"href":"https:\/\/diariodelsurdigital.com.ar\/index.php?rest_route=%2Fwp%2Fv2%2Fcategories&post=5432"},{"taxonomy":"post_tag","embeddable":true,"href":"https:\/\/diariodelsurdigital.com.ar\/index.php?rest_route=%2Fwp%2Fv2%2Ftags&post=5432"}],"curies":[{"name":"wp","href":"https:\/\/api.w.org\/{rel}","templated":true}]}}