{"id":5442,"date":"2025-10-31T19:27:37","date_gmt":"2025-10-31T22:27:37","guid":{"rendered":"https:\/\/diariodelsurdigital.com.ar\/?p=5442"},"modified":"2025-10-31T19:28:18","modified_gmt":"2025-10-31T22:28:18","slug":"proponen-declarar-por-ley-la-emergencia-de-las-micro-y-pequenas-empresas-de-entre-rios","status":"publish","type":"post","link":"https:\/\/diariodelsurdigital.com.ar\/?p=5442","title":{"rendered":"Proponen declarar por ley la emergencia de las Micro y Peque\u00f1as Empresas de Entre R\u00edos"},"content":{"rendered":"\n<figure class=\"wp-block-image\"><img decoding=\"async\" src=\"https:\/\/media.elentrerios.com\/fotos-v2\/2025\/08\/14\/l_1755160999.jpg\" alt=\"\" title=\"\"\/><\/figure>\n\n\n\n<p>Un proyecto de ley que ingres\u00f3 este viernes a la C\u00e1mara de Diputados propone que se declare \u201cla emergencia econ\u00f3mica, productiva, fiscal, laboral, financiera y tarifaria de las Micro y Peque\u00f1as Empresas radicadas en la provincia de Entre R\u00edos\u201d. La iniciativa comprender\u00e1 \u201ca todas las Micro y Peque\u00f1as Empresas, cuyos titulares, personas humanas o jur\u00eddicas, hubieran obtenido el certificado MIPyME seg\u00fan lo establecido por Ley Nacional N\u00ba 27.264 \u2018Programa de Recuperaci\u00f3n Productiva\u2019 y sus normas complementarias, que desarrollen su actividad econ\u00f3mica principal en el territorio de la Provincia de Entre R\u00edos, y que encuadren dentro de las caracter\u00edsticas conforme Ley Nacional N\u00ba 24.467 Promoci\u00f3n del Crecimiento y Desarrollo de las Peque\u00f1as y Medianas Empresas\u201d.<\/p>\n\n\n\n<p>Tambi\u00e9n incluir\u00e1 a \u201clas cooperativas y f\u00e1bricas o empresas recuperadas que se encuentren inscriptas en el Instituto Nacional de Asociativismo y Econom\u00eda Social (Inaes), como as\u00ed tambi\u00e9n los agricultores y agricultoras familiares, en forma individual, asociativa o cooperativa, que cumplan con los requisitos de los art\u00edculos 5\u00ba y 6\u00ba de la Ley Nacional N\u00ba 27.118 y sus normas reglamentarias y no superen las 35 personas en su conformaci\u00f3n\u201d.<\/p>\n\n\n\n<p>El proyecto, cuya autora en la diputada justicialista, Andrea Zoff, tiene \u201ccomo objetivo brindar una respuesta inmediata, concreta y de bajo costo fiscal, ejerciendo la potestad de regulaci\u00f3n econ\u00f3mica provincial, ante la delicada situaci\u00f3n que atraviesan miles de Micro y Peque\u00f1as Empresas en la provincia de Entre R\u00edos, a ra\u00edz del contexto macroecon\u00f3mico nacional e internacional, caracterizado por su elevada volatilidad e incertidumbre\u201d.<br>Zoff sostuvo que \u201cla declaraci\u00f3n de emergencia no es un mero acto formal, sino el reconocimiento t\u00e9cnico de una situaci\u00f3n de crisis que habilita la aplicaci\u00f3n de instrumentos de pol\u00edtica p\u00fablica excepcionales y focalizados para evitar el colapso de un segmento econ\u00f3mico estrat\u00e9gico\u201d.<\/p>\n\n\n\n<h3 class=\"wp-block-heading\">No es subsidio<\/h3>\n\n\n\n<p>La finalidad del proyecto \u201ces garantizar la supervivencia del entramado productivo entrerriano, proteger el empleo, reducir cierres de empresas y evitar una profundizaci\u00f3n de la recesi\u00f3n econ\u00f3mica que agudice la desigualdad territorial y social\u201d.<\/p>\n\n\n\n<p>Zoff aclar\u00f3 que \u201ceste no es un proyecto de subsidios generalizados ni de alto impacto fiscal. Es una herramienta legislativa de emergencia, transitoria, selectiva y con una clara orientaci\u00f3n al sostenimiento de la capacidad productiva. Est\u00e1 pensada para dar un alivio financiero e impositivo inmediato y construir, junto a los sectores productivos, una estrategia provincial de reactivaci\u00f3n con base en el desarrollo end\u00f3geno a mediano plazo\u201d.<\/p>\n\n\n\n<h3 class=\"wp-block-heading\">Datos de la realidad<\/h3>\n\n\n\n<p>La legisladora cit\u00f3 que \u201clos datos concretos de la realidad, provenientes de fuentes oficiales, validan la necesidad de la intervenci\u00f3n estatal de emergencia. Seg\u00fan las principales variables del mercado de trabajo publicadas por la Superintendencia de Riesgos del Trabajo (SRT) para la provincia de Entre R\u00edos, con foco en la evoluci\u00f3n de los\/as trabajadores\/as registrados\/as y empleadores durante los primeros diecinueve meses de la actual gesti\u00f3n nacional, entre noviembre de 2023 y junio de 2025, se desprende un marcado retroceso en los indicadores clave del empleo formal, lo que constituye un indicio de fragilidad econ\u00f3mica y productiva\u201d.<\/p>\n\n\n\n<h3 class=\"wp-block-heading\">Conclusiones que fundamentan la necesidad de la norma<\/h3>\n\n\n\n<p>Algunas de las conclusiones que cit\u00f3 Zoff \u201cdemuestran la afectaci\u00f3n directa sobre el segmento de menor tama\u00f1o, objetivo de esta ley\u201d son que \u201centre noviembre de 2023 y junio de 2025, se redujo la cantidad de empleadores en 572 casos\u201d; que \u201cen t\u00e9rminos absolutos, \u2018Comercio al por mayor y al por menor; reparaci\u00f3n de veh\u00edculos automotores y motocicletas\u2019 es el sector m\u00e1s afectado, con una p\u00e9rdida de 145 empleadores, reflejando la contracci\u00f3n del consumo\u201d; que \u201cen t\u00e9rminos relativos, el sector m\u00e1s afectado es el de \u2018Servicios art\u00edsticos, culturales, deportivos y de esparcimiento\u2019, que ha registrado una p\u00e9rdida del 15,4% en el total de empleadores\u201d.<\/p>\n\n\n\n<p>Tambi\u00e9n destac\u00f3 que \u201cen el mismo per\u00edodo, se perdieron 11.334 puestos de trabajo registrados en unidades productivas (-4,0%)\u201d; que \u201cen t\u00e9rminos relativos, el sector m\u00e1s afectado tambi\u00e9n es \u2018Administraci\u00f3n p\u00fablica, defensa y seguridad social obligatoria (-37,1%)\u201d; que \u201csi se analiza la reducci\u00f3n de casos de empleadores, se observa que los principales afectados, en estos primeros diecinueve meses de la gesti\u00f3n de Milei, son las empresas de hasta 500 trabajadores\/as: 99,7% del total de los casos (570 empresas menos)\u201d.<\/p>\n\n\n\n<h3 class=\"wp-block-heading\">N\u00facleo central del tejido productivo y del empleo en Entre R\u00edos<\/h3>\n\n\n\n<p>La diputada precis\u00f3 que \u201clas MiPyMEs constituyen el n\u00facleo central del tejido productivo y del empleo en Entre R\u00edos, generan empleo privado formal y son actores fundamentales en las econom\u00edas regionales, en la generaci\u00f3n de valor agregado local y la diversificaci\u00f3n de la matriz productiva, siendo un factor clave en la fijaci\u00f3n de poblaci\u00f3n y el equilibrio territorial. La vulnerabilidad estructural de las microempresas (de menor escala y capacidad de acceso a financiamiento) las convierte en el segmento m\u00e1s sensible a los shocks externos e internos\u201d.<\/p>\n\n\n\n<p>No obstante aquella importancia, Zoff sostuvo que \u201cen el \u00faltimo a\u00f1o estas empresas han enfrentado una combinaci\u00f3n cr\u00edtica de factores adversos que inciden negativamente sobre sus costos operativos, la liquidez y la rentabilidad: Ca\u00edda de la demanda interna y el consumo, evidenciada en la contracci\u00f3n de los \u00edndices de ventas minoristas; altas tasas de inter\u00e9s que configuran un escenario de restricci\u00f3n crediticia severa y limitan el acceso al cr\u00e9dito productivo; aumento de los costos fijos, especialmente en servicios p\u00fablicos y alquileres, afectando directamente el capital de trabajo\u201d.<\/p>\n\n\n\n<p>Adem\u00e1s de \u201cpresi\u00f3n tributaria y dificultades operativas y financieras para cumplir con obligaciones fiscales; incertidumbre cambiaria y restricciones en la operatoria de comercio exterior que dificultan la previsibilidad en la cadena de aprovisionamiento de insumos\u201d, lo que consider\u00f3 un \u201cescenario (que) ha generado un creciente riesgo de discontinuidad operativa, descapitalizaci\u00f3n, p\u00e9rdida de puestos de trabajo de calidad y deterioro de la competitividad local. La situaci\u00f3n exige una reacci\u00f3n \u00e1gil, focalizada y contrac\u00edclica del Estado provincial, en el marco de su funci\u00f3n de fomento y ordenamiento econ\u00f3mico, en coordinaci\u00f3n con los sectores, p\u00fablico y privado, que permita contener el impacto inmediato y sentar las bases para la resiliencia y recuperaci\u00f3n productiva. Es en este punto donde la responsabilidad ineludible del Estado provincial se manifiesta como garante de la estabilidad econ\u00f3mica m\u00ednima y protector del entramado productivo local\u201d.<\/p>\n\n\n\n<p>Fuente: El Entre Rios<\/p>\n","protected":false},"excerpt":{"rendered":"<p>Un proyecto de ley que ingres\u00f3 este viernes a la C\u00e1mara de Diputados propone que se declare \u201cla emergencia econ\u00f3mica, productiva, fiscal, laboral, financiera y tarifaria de las Micro y Peque\u00f1as Empresas radicadas en la provincia de Entre R\u00edos\u201d. La iniciativa comprender\u00e1 \u201ca todas las Micro y Peque\u00f1as Empresas, cuyos titulares, personas humanas o jur\u00eddicas, [&hellip;]<\/p>\n","protected":false},"author":3,"featured_media":5443,"comment_status":"open","ping_status":"open","sticky":false,"template":"","format":"standard","meta":{"footnotes":""},"categories":[19],"tags":[],"class_list":{"0":"post-5442","1":"post","2":"type-post","3":"status-publish","4":"format-standard","5":"has-post-thumbnail","7":"category-interes-general"},"yoast_head":"<!-- This site is optimized with the Yoast SEO plugin v27.4 - https:\/\/yoast.com\/product\/yoast-seo-wordpress\/ -->\n<title>Proponen declarar por ley la emergencia de las Micro y Peque\u00f1as Empresas de Entre R\u00edos - Diario del Sur<\/title>\n<meta name=\"robots\" content=\"index, follow, max-snippet:-1, max-image-preview:large, max-video-preview:-1\" \/>\n<link rel=\"canonical\" href=\"https:\/\/diariodelsurdigital.com.ar\/?p=5442\" \/>\n<meta property=\"og:locale\" content=\"es_ES\" \/>\n<meta property=\"og:type\" content=\"article\" \/>\n<meta property=\"og:title\" content=\"Proponen declarar por ley la emergencia de las Micro y Peque\u00f1as Empresas de Entre R\u00edos - Diario del Sur\" \/>\n<meta property=\"og:description\" content=\"Un proyecto de ley que ingres\u00f3 este viernes a la C\u00e1mara de Diputados propone que se declare \u201cla emergencia econ\u00f3mica, productiva, fiscal, laboral, financiera y tarifaria de las Micro y Peque\u00f1as Empresas radicadas en la provincia de Entre R\u00edos\u201d. La iniciativa comprender\u00e1 \u201ca todas las Micro y Peque\u00f1as Empresas, cuyos titulares, personas humanas o jur\u00eddicas, [&hellip;]\" \/>\n<meta property=\"og:url\" content=\"https:\/\/diariodelsurdigital.com.ar\/?p=5442\" \/>\n<meta property=\"og:site_name\" content=\"Diario del Sur\" \/>\n<meta property=\"article:published_time\" content=\"2025-10-31T22:27:37+00:00\" \/>\n<meta property=\"article:modified_time\" content=\"2025-10-31T22:28:18+00:00\" \/>\n<meta property=\"og:image\" content=\"https:\/\/diariodelsurdigital.com.ar\/wp-content\/uploads\/2025\/10\/l_1755160999.jpg\" \/>\n\t<meta property=\"og:image:width\" content=\"870\" \/>\n\t<meta property=\"og:image:height\" content=\"580\" \/>\n\t<meta property=\"og:image:type\" content=\"image\/jpeg\" \/>\n<meta name=\"author\" content=\"Diario del Sur Digital\" \/>\n<meta name=\"twitter:card\" content=\"summary_large_image\" \/>\n<meta name=\"twitter:label1\" content=\"Escrito por\" \/>\n\t<meta name=\"twitter:data1\" content=\"Diario del Sur Digital\" \/>\n\t<meta name=\"twitter:label2\" content=\"Tiempo de lectura\" \/>\n\t<meta name=\"twitter:data2\" content=\"6 minutos\" \/>\n<script type=\"application\/ld+json\" class=\"yoast-schema-graph\">{\"@context\":\"https:\\\/\\\/schema.org\",\"@graph\":[{\"@type\":\"Article\",\"@id\":\"https:\\\/\\\/diariodelsurdigital.com.ar\\\/?p=5442#article\",\"isPartOf\":{\"@id\":\"https:\\\/\\\/diariodelsurdigital.com.ar\\\/?p=5442\"},\"author\":{\"name\":\"Diario del Sur Digital\",\"@id\":\"https:\\\/\\\/diariodelsurdigital.com.ar\\\/#\\\/schema\\\/person\\\/d794acb23337e88c6e4004a39c32be62\"},\"headline\":\"Proponen declarar por ley la emergencia de las Micro y Peque\u00f1as Empresas de Entre R\u00edos\",\"datePublished\":\"2025-10-31T22:27:37+00:00\",\"dateModified\":\"2025-10-31T22:28:18+00:00\",\"mainEntityOfPage\":{\"@id\":\"https:\\\/\\\/diariodelsurdigital.com.ar\\\/?p=5442\"},\"wordCount\":1110,\"commentCount\":0,\"image\":{\"@id\":\"https:\\\/\\\/diariodelsurdigital.com.ar\\\/?p=5442#primaryimage\"},\"thumbnailUrl\":\"https:\\\/\\\/diariodelsurdigital.com.ar\\\/wp-content\\\/uploads\\\/2025\\\/10\\\/l_1755160999.jpg\",\"articleSection\":[\"Inter\u00e9s General\"],\"inLanguage\":\"es\",\"potentialAction\":[{\"@type\":\"CommentAction\",\"name\":\"Comment\",\"target\":[\"https:\\\/\\\/diariodelsurdigital.com.ar\\\/?p=5442#respond\"]}]},{\"@type\":\"WebPage\",\"@id\":\"https:\\\/\\\/diariodelsurdigital.com.ar\\\/?p=5442\",\"url\":\"https:\\\/\\\/diariodelsurdigital.com.ar\\\/?p=5442\",\"name\":\"Proponen declarar por ley la emergencia de las Micro y Peque\u00f1as Empresas de Entre R\u00edos - Diario del Sur\",\"isPartOf\":{\"@id\":\"https:\\\/\\\/diariodelsurdigital.com.ar\\\/#website\"},\"primaryImageOfPage\":{\"@id\":\"https:\\\/\\\/diariodelsurdigital.com.ar\\\/?p=5442#primaryimage\"},\"image\":{\"@id\":\"https:\\\/\\\/diariodelsurdigital.com.ar\\\/?p=5442#primaryimage\"},\"thumbnailUrl\":\"https:\\\/\\\/diariodelsurdigital.com.ar\\\/wp-content\\\/uploads\\\/2025\\\/10\\\/l_1755160999.jpg\",\"datePublished\":\"2025-10-31T22:27:37+00:00\",\"dateModified\":\"2025-10-31T22:28:18+00:00\",\"author\":{\"@id\":\"https:\\\/\\\/diariodelsurdigital.com.ar\\\/#\\\/schema\\\/person\\\/d794acb23337e88c6e4004a39c32be62\"},\"breadcrumb\":{\"@id\":\"https:\\\/\\\/diariodelsurdigital.com.ar\\\/?p=5442#breadcrumb\"},\"inLanguage\":\"es\",\"potentialAction\":[{\"@type\":\"ReadAction\",\"target\":[\"https:\\\/\\\/diariodelsurdigital.com.ar\\\/?p=5442\"]}]},{\"@type\":\"ImageObject\",\"inLanguage\":\"es\",\"@id\":\"https:\\\/\\\/diariodelsurdigital.com.ar\\\/?p=5442#primaryimage\",\"url\":\"https:\\\/\\\/diariodelsurdigital.com.ar\\\/wp-content\\\/uploads\\\/2025\\\/10\\\/l_1755160999.jpg\",\"contentUrl\":\"https:\\\/\\\/diariodelsurdigital.com.ar\\\/wp-content\\\/uploads\\\/2025\\\/10\\\/l_1755160999.jpg\",\"width\":870,\"height\":580},{\"@type\":\"BreadcrumbList\",\"@id\":\"https:\\\/\\\/diariodelsurdigital.com.ar\\\/?p=5442#breadcrumb\",\"itemListElement\":[{\"@type\":\"ListItem\",\"position\":1,\"name\":\"Portada\",\"item\":\"https:\\\/\\\/diariodelsurdigital.com.ar\\\/\"},{\"@type\":\"ListItem\",\"position\":2,\"name\":\"Proponen declarar por ley la emergencia de las Micro y Peque\u00f1as Empresas de Entre R\u00edos\"}]},{\"@type\":\"WebSite\",\"@id\":\"https:\\\/\\\/diariodelsurdigital.com.ar\\\/#website\",\"url\":\"https:\\\/\\\/diariodelsurdigital.com.ar\\\/\",\"name\":\"Diario del Sur\",\"description\":\"Digital\",\"potentialAction\":[{\"@type\":\"SearchAction\",\"target\":{\"@type\":\"EntryPoint\",\"urlTemplate\":\"https:\\\/\\\/diariodelsurdigital.com.ar\\\/?s={search_term_string}\"},\"query-input\":{\"@type\":\"PropertyValueSpecification\",\"valueRequired\":true,\"valueName\":\"search_term_string\"}}],\"inLanguage\":\"es\"},{\"@type\":\"Person\",\"@id\":\"https:\\\/\\\/diariodelsurdigital.com.ar\\\/#\\\/schema\\\/person\\\/d794acb23337e88c6e4004a39c32be62\",\"name\":\"Diario del Sur Digital\",\"image\":{\"@type\":\"ImageObject\",\"inLanguage\":\"es\",\"@id\":\"https:\\\/\\\/secure.gravatar.com\\\/avatar\\\/47679bcfa15734cfdefc176b6ad58adeeccac22b2e03e095ada6c622af2b463a?s=96&d=mm&r=g\",\"url\":\"https:\\\/\\\/secure.gravatar.com\\\/avatar\\\/47679bcfa15734cfdefc176b6ad58adeeccac22b2e03e095ada6c622af2b463a?s=96&d=mm&r=g\",\"contentUrl\":\"https:\\\/\\\/secure.gravatar.com\\\/avatar\\\/47679bcfa15734cfdefc176b6ad58adeeccac22b2e03e095ada6c622af2b463a?s=96&d=mm&r=g\",\"caption\":\"Diario del Sur Digital\"},\"url\":\"https:\\\/\\\/diariodelsurdigital.com.ar\\\/?author=3\"}]}<\/script>\n<!-- \/ Yoast SEO plugin. -->","yoast_head_json":{"title":"Proponen declarar por ley la emergencia de las Micro y Peque\u00f1as Empresas de Entre R\u00edos - Diario del Sur","robots":{"index":"index","follow":"follow","max-snippet":"max-snippet:-1","max-image-preview":"max-image-preview:large","max-video-preview":"max-video-preview:-1"},"canonical":"https:\/\/diariodelsurdigital.com.ar\/?p=5442","og_locale":"es_ES","og_type":"article","og_title":"Proponen declarar por ley la emergencia de las Micro y Peque\u00f1as Empresas de Entre R\u00edos - Diario del Sur","og_description":"Un proyecto de ley que ingres\u00f3 este viernes a la C\u00e1mara de Diputados propone que se declare \u201cla emergencia econ\u00f3mica, productiva, fiscal, laboral, financiera y tarifaria de las Micro y Peque\u00f1as Empresas radicadas en la provincia de Entre R\u00edos\u201d. La iniciativa comprender\u00e1 \u201ca todas las Micro y Peque\u00f1as Empresas, cuyos titulares, personas humanas o jur\u00eddicas, [&hellip;]","og_url":"https:\/\/diariodelsurdigital.com.ar\/?p=5442","og_site_name":"Diario del Sur","article_published_time":"2025-10-31T22:27:37+00:00","article_modified_time":"2025-10-31T22:28:18+00:00","og_image":[{"width":870,"height":580,"url":"https:\/\/diariodelsurdigital.com.ar\/wp-content\/uploads\/2025\/10\/l_1755160999.jpg","type":"image\/jpeg"}],"author":"Diario del Sur Digital","twitter_card":"summary_large_image","twitter_misc":{"Escrito por":"Diario del Sur Digital","Tiempo de lectura":"6 minutos"},"schema":{"@context":"https:\/\/schema.org","@graph":[{"@type":"Article","@id":"https:\/\/diariodelsurdigital.com.ar\/?p=5442#article","isPartOf":{"@id":"https:\/\/diariodelsurdigital.com.ar\/?p=5442"},"author":{"name":"Diario del Sur Digital","@id":"https:\/\/diariodelsurdigital.com.ar\/#\/schema\/person\/d794acb23337e88c6e4004a39c32be62"},"headline":"Proponen declarar por ley la emergencia de las Micro y Peque\u00f1as Empresas de Entre R\u00edos","datePublished":"2025-10-31T22:27:37+00:00","dateModified":"2025-10-31T22:28:18+00:00","mainEntityOfPage":{"@id":"https:\/\/diariodelsurdigital.com.ar\/?p=5442"},"wordCount":1110,"commentCount":0,"image":{"@id":"https:\/\/diariodelsurdigital.com.ar\/?p=5442#primaryimage"},"thumbnailUrl":"https:\/\/diariodelsurdigital.com.ar\/wp-content\/uploads\/2025\/10\/l_1755160999.jpg","articleSection":["Inter\u00e9s General"],"inLanguage":"es","potentialAction":[{"@type":"CommentAction","name":"Comment","target":["https:\/\/diariodelsurdigital.com.ar\/?p=5442#respond"]}]},{"@type":"WebPage","@id":"https:\/\/diariodelsurdigital.com.ar\/?p=5442","url":"https:\/\/diariodelsurdigital.com.ar\/?p=5442","name":"Proponen declarar por ley la emergencia de las Micro y Peque\u00f1as Empresas de Entre R\u00edos - Diario del Sur","isPartOf":{"@id":"https:\/\/diariodelsurdigital.com.ar\/#website"},"primaryImageOfPage":{"@id":"https:\/\/diariodelsurdigital.com.ar\/?p=5442#primaryimage"},"image":{"@id":"https:\/\/diariodelsurdigital.com.ar\/?p=5442#primaryimage"},"thumbnailUrl":"https:\/\/diariodelsurdigital.com.ar\/wp-content\/uploads\/2025\/10\/l_1755160999.jpg","datePublished":"2025-10-31T22:27:37+00:00","dateModified":"2025-10-31T22:28:18+00:00","author":{"@id":"https:\/\/diariodelsurdigital.com.ar\/#\/schema\/person\/d794acb23337e88c6e4004a39c32be62"},"breadcrumb":{"@id":"https:\/\/diariodelsurdigital.com.ar\/?p=5442#breadcrumb"},"inLanguage":"es","potentialAction":[{"@type":"ReadAction","target":["https:\/\/diariodelsurdigital.com.ar\/?p=5442"]}]},{"@type":"ImageObject","inLanguage":"es","@id":"https:\/\/diariodelsurdigital.com.ar\/?p=5442#primaryimage","url":"https:\/\/diariodelsurdigital.com.ar\/wp-content\/uploads\/2025\/10\/l_1755160999.jpg","contentUrl":"https:\/\/diariodelsurdigital.com.ar\/wp-content\/uploads\/2025\/10\/l_1755160999.jpg","width":870,"height":580},{"@type":"BreadcrumbList","@id":"https:\/\/diariodelsurdigital.com.ar\/?p=5442#breadcrumb","itemListElement":[{"@type":"ListItem","position":1,"name":"Portada","item":"https:\/\/diariodelsurdigital.com.ar\/"},{"@type":"ListItem","position":2,"name":"Proponen declarar por ley la emergencia de las Micro y Peque\u00f1as Empresas de Entre R\u00edos"}]},{"@type":"WebSite","@id":"https:\/\/diariodelsurdigital.com.ar\/#website","url":"https:\/\/diariodelsurdigital.com.ar\/","name":"Diario del Sur","description":"Digital","potentialAction":[{"@type":"SearchAction","target":{"@type":"EntryPoint","urlTemplate":"https:\/\/diariodelsurdigital.com.ar\/?s={search_term_string}"},"query-input":{"@type":"PropertyValueSpecification","valueRequired":true,"valueName":"search_term_string"}}],"inLanguage":"es"},{"@type":"Person","@id":"https:\/\/diariodelsurdigital.com.ar\/#\/schema\/person\/d794acb23337e88c6e4004a39c32be62","name":"Diario del Sur Digital","image":{"@type":"ImageObject","inLanguage":"es","@id":"https:\/\/secure.gravatar.com\/avatar\/47679bcfa15734cfdefc176b6ad58adeeccac22b2e03e095ada6c622af2b463a?s=96&d=mm&r=g","url":"https:\/\/secure.gravatar.com\/avatar\/47679bcfa15734cfdefc176b6ad58adeeccac22b2e03e095ada6c622af2b463a?s=96&d=mm&r=g","contentUrl":"https:\/\/secure.gravatar.com\/avatar\/47679bcfa15734cfdefc176b6ad58adeeccac22b2e03e095ada6c622af2b463a?s=96&d=mm&r=g","caption":"Diario del Sur Digital"},"url":"https:\/\/diariodelsurdigital.com.ar\/?author=3"}]}},"_links":{"self":[{"href":"https:\/\/diariodelsurdigital.com.ar\/index.php?rest_route=\/wp\/v2\/posts\/5442","targetHints":{"allow":["GET"]}}],"collection":[{"href":"https:\/\/diariodelsurdigital.com.ar\/index.php?rest_route=\/wp\/v2\/posts"}],"about":[{"href":"https:\/\/diariodelsurdigital.com.ar\/index.php?rest_route=\/wp\/v2\/types\/post"}],"author":[{"embeddable":true,"href":"https:\/\/diariodelsurdigital.com.ar\/index.php?rest_route=\/wp\/v2\/users\/3"}],"replies":[{"embeddable":true,"href":"https:\/\/diariodelsurdigital.com.ar\/index.php?rest_route=%2Fwp%2Fv2%2Fcomments&post=5442"}],"version-history":[{"count":2,"href":"https:\/\/diariodelsurdigital.com.ar\/index.php?rest_route=\/wp\/v2\/posts\/5442\/revisions"}],"predecessor-version":[{"id":5445,"href":"https:\/\/diariodelsurdigital.com.ar\/index.php?rest_route=\/wp\/v2\/posts\/5442\/revisions\/5445"}],"wp:featuredmedia":[{"embeddable":true,"href":"https:\/\/diariodelsurdigital.com.ar\/index.php?rest_route=\/wp\/v2\/media\/5443"}],"wp:attachment":[{"href":"https:\/\/diariodelsurdigital.com.ar\/index.php?rest_route=%2Fwp%2Fv2%2Fmedia&parent=5442"}],"wp:term":[{"taxonomy":"category","embeddable":true,"href":"https:\/\/diariodelsurdigital.com.ar\/index.php?rest_route=%2Fwp%2Fv2%2Fcategories&post=5442"},{"taxonomy":"post_tag","embeddable":true,"href":"https:\/\/diariodelsurdigital.com.ar\/index.php?rest_route=%2Fwp%2Fv2%2Ftags&post=5442"}],"curies":[{"name":"wp","href":"https:\/\/api.w.org\/{rel}","templated":true}]}}