{"id":5481,"date":"2025-11-01T11:45:23","date_gmt":"2025-11-01T14:45:23","guid":{"rendered":"https:\/\/diariodelsurdigital.com.ar\/?p=5481"},"modified":"2025-11-01T11:45:24","modified_gmt":"2025-11-01T14:45:24","slug":"menor-de-edad-embistio-a-una-agente-policial-y-demandaran-a-los-padres","status":"publish","type":"post","link":"https:\/\/diariodelsurdigital.com.ar\/?p=5481","title":{"rendered":"Menor de edad embisti\u00f3 a una agente policial y demandar\u00e1n a los padres"},"content":{"rendered":"\n<h4 class=\"wp-block-heading\" id=\"nota-title\"> Una funcionaria policial result\u00f3 gravemente lesionada luego de ser colisionada por una motocicleta durante un operativo de control en la zona de calle Rondeau, entre Espa\u00f1a y 9 de Julio. El hecho se conoci\u00f3 este viernes pero ocurri\u00f3 el jueves, alrededor de las 20, seg\u00fan inform\u00f3 la polic\u00eda local. Se identific\u00f3 a una nena de 14 a\u00f1os como autora del hecho y se confirm\u00f3 que la Polic\u00eda iniciar\u00e1 una demanda civil contra los padres.<\/h4>\n\n\n\n<p>Seg\u00fan informaron desde la Jefatura departamental, la agente Celia Brasesco se encontraba desempe\u00f1ando tareas de prevenci\u00f3n cuando fue embestida de frente por una motociclista que, tras el impacto, se dio a la fuga a bordo de una moto tipo enduro de color negro.<\/p>\n\n\n\n<p>La funcionaria fue trasladada de inmediato al Policl\u00ednico local, donde se constat\u00f3 que presentaba una fractura en su brazo derecho, lesi\u00f3n que motiv\u00f3 la intervenci\u00f3n de la Fiscal\u00eda en turno.<\/p>\n\n\n\n<p>A partir del hecho, la Divisi\u00f3n Investigaciones e Inteligencia Criminal de la Jefatura Departamental Victoria activ\u00f3 un operativo para dar con la responsable. En menos de 12 horas, los investigadores lograron identificar a la conductora y al motoveh\u00edculo involucrado, el cual fue localizado en un domicilio ubicado en calles Viamonte y Cortada de la Virgen.<\/p>\n\n\n\n<p>Con orden judicial, se efectu\u00f3 un allanamiento en el inmueble, donde se secuestr\u00f3 la motocicleta \u2014una Motomel enduro de color negra\u2014 y se procedi\u00f3 a la identificaci\u00f3n de la autora, una adolescente de 14 a\u00f1os.<\/p>\n\n\n\n<p>La agente Brasesco contin\u00faa bajo atenci\u00f3n m\u00e9dica y con parte laboral debido a la gravedad de las lesiones sufridas. Desde la instituci\u00f3n policial se inform\u00f3 que se iniciar\u00e1n acciones civiles contra los progenitores de la menor y el titular registral del veh\u00edculo, mientras la Justicia de Menores analiza las circunstancias del caso.<\/p>\n\n\n\n<p>Fuente:\u00a0An\u00e1lisis Digital<\/p>\n","protected":false},"excerpt":{"rendered":"<p>Una funcionaria policial result\u00f3 gravemente lesionada luego de ser colisionada por una motocicleta durante un operativo de control en la zona de calle Rondeau, entre Espa\u00f1a y 9 de Julio. El hecho se conoci\u00f3 este viernes pero ocurri\u00f3 el jueves, alrededor de las 20, seg\u00fan inform\u00f3 la polic\u00eda local. Se identific\u00f3 a una nena de [&hellip;]<\/p>\n","protected":false},"author":2,"featured_media":5482,"comment_status":"open","ping_status":"open","sticky":false,"template":"","format":"standard","meta":{"footnotes":""},"categories":[19,17],"tags":[],"class_list":{"0":"post-5481","1":"post","2":"type-post","3":"status-publish","4":"format-standard","5":"has-post-thumbnail","7":"category-interes-general","8":"category-provinciales"},"yoast_head":"<!-- This site is optimized with the Yoast SEO plugin v27.4 - https:\/\/yoast.com\/product\/yoast-seo-wordpress\/ -->\n<title>Menor de edad embisti\u00f3 a una agente policial y demandar\u00e1n a los padres - Diario del Sur<\/title>\n<meta name=\"robots\" content=\"index, follow, max-snippet:-1, max-image-preview:large, max-video-preview:-1\" \/>\n<link rel=\"canonical\" href=\"https:\/\/diariodelsurdigital.com.ar\/?p=5481\" \/>\n<meta property=\"og:locale\" content=\"es_ES\" \/>\n<meta property=\"og:type\" content=\"article\" \/>\n<meta property=\"og:title\" content=\"Menor de edad embisti\u00f3 a una agente policial y demandar\u00e1n a los padres - Diario del Sur\" \/>\n<meta property=\"og:description\" content=\"Una funcionaria policial result\u00f3 gravemente lesionada luego de ser colisionada por una motocicleta durante un operativo de control en la zona de calle Rondeau, entre Espa\u00f1a y 9 de Julio. El hecho se conoci\u00f3 este viernes pero ocurri\u00f3 el jueves, alrededor de las 20, seg\u00fan inform\u00f3 la polic\u00eda local. Se identific\u00f3 a una nena de [&hellip;]\" \/>\n<meta property=\"og:url\" content=\"https:\/\/diariodelsurdigital.com.ar\/?p=5481\" \/>\n<meta property=\"og:site_name\" content=\"Diario del Sur\" \/>\n<meta property=\"article:published_time\" content=\"2025-11-01T14:45:23+00:00\" \/>\n<meta property=\"article:modified_time\" content=\"2025-11-01T14:45:24+00:00\" \/>\n<meta property=\"og:image\" content=\"https:\/\/diariodelsurdigital.com.ar\/wp-content\/uploads\/2025\/11\/l_1761992984.jpg\" \/>\n\t<meta property=\"og:image:width\" content=\"438\" \/>\n\t<meta property=\"og:image:height\" content=\"291\" \/>\n\t<meta property=\"og:image:type\" content=\"image\/jpeg\" \/>\n<meta name=\"author\" content=\"Diario del Sur Digital\" \/>\n<meta name=\"twitter:card\" content=\"summary_large_image\" \/>\n<meta name=\"twitter:label1\" content=\"Escrito por\" \/>\n\t<meta name=\"twitter:data1\" content=\"Diario del Sur Digital\" \/>\n\t<meta name=\"twitter:label2\" content=\"Tiempo de lectura\" \/>\n\t<meta name=\"twitter:data2\" content=\"2 minutos\" \/>\n<script type=\"application\/ld+json\" class=\"yoast-schema-graph\">{\"@context\":\"https:\\\/\\\/schema.org\",\"@graph\":[{\"@type\":\"Article\",\"@id\":\"https:\\\/\\\/diariodelsurdigital.com.ar\\\/?p=5481#article\",\"isPartOf\":{\"@id\":\"https:\\\/\\\/diariodelsurdigital.com.ar\\\/?p=5481\"},\"author\":{\"name\":\"Diario del Sur Digital\",\"@id\":\"https:\\\/\\\/diariodelsurdigital.com.ar\\\/#\\\/schema\\\/person\\\/6136a32571657f7dba980b88b04c5465\"},\"headline\":\"Menor de edad embisti\u00f3 a una agente policial y demandar\u00e1n a los padres\",\"datePublished\":\"2025-11-01T14:45:23+00:00\",\"dateModified\":\"2025-11-01T14:45:24+00:00\",\"mainEntityOfPage\":{\"@id\":\"https:\\\/\\\/diariodelsurdigital.com.ar\\\/?p=5481\"},\"wordCount\":324,\"commentCount\":0,\"image\":{\"@id\":\"https:\\\/\\\/diariodelsurdigital.com.ar\\\/?p=5481#primaryimage\"},\"thumbnailUrl\":\"https:\\\/\\\/diariodelsurdigital.com.ar\\\/wp-content\\\/uploads\\\/2025\\\/11\\\/l_1761992984.jpg\",\"articleSection\":[\"Inter\u00e9s General\",\"Provinciales\"],\"inLanguage\":\"es\",\"potentialAction\":[{\"@type\":\"CommentAction\",\"name\":\"Comment\",\"target\":[\"https:\\\/\\\/diariodelsurdigital.com.ar\\\/?p=5481#respond\"]}]},{\"@type\":\"WebPage\",\"@id\":\"https:\\\/\\\/diariodelsurdigital.com.ar\\\/?p=5481\",\"url\":\"https:\\\/\\\/diariodelsurdigital.com.ar\\\/?p=5481\",\"name\":\"Menor de edad embisti\u00f3 a una agente policial y demandar\u00e1n a los padres - Diario del Sur\",\"isPartOf\":{\"@id\":\"https:\\\/\\\/diariodelsurdigital.com.ar\\\/#website\"},\"primaryImageOfPage\":{\"@id\":\"https:\\\/\\\/diariodelsurdigital.com.ar\\\/?p=5481#primaryimage\"},\"image\":{\"@id\":\"https:\\\/\\\/diariodelsurdigital.com.ar\\\/?p=5481#primaryimage\"},\"thumbnailUrl\":\"https:\\\/\\\/diariodelsurdigital.com.ar\\\/wp-content\\\/uploads\\\/2025\\\/11\\\/l_1761992984.jpg\",\"datePublished\":\"2025-11-01T14:45:23+00:00\",\"dateModified\":\"2025-11-01T14:45:24+00:00\",\"author\":{\"@id\":\"https:\\\/\\\/diariodelsurdigital.com.ar\\\/#\\\/schema\\\/person\\\/6136a32571657f7dba980b88b04c5465\"},\"breadcrumb\":{\"@id\":\"https:\\\/\\\/diariodelsurdigital.com.ar\\\/?p=5481#breadcrumb\"},\"inLanguage\":\"es\",\"potentialAction\":[{\"@type\":\"ReadAction\",\"target\":[\"https:\\\/\\\/diariodelsurdigital.com.ar\\\/?p=5481\"]}]},{\"@type\":\"ImageObject\",\"inLanguage\":\"es\",\"@id\":\"https:\\\/\\\/diariodelsurdigital.com.ar\\\/?p=5481#primaryimage\",\"url\":\"https:\\\/\\\/diariodelsurdigital.com.ar\\\/wp-content\\\/uploads\\\/2025\\\/11\\\/l_1761992984.jpg\",\"contentUrl\":\"https:\\\/\\\/diariodelsurdigital.com.ar\\\/wp-content\\\/uploads\\\/2025\\\/11\\\/l_1761992984.jpg\",\"width\":438,\"height\":291},{\"@type\":\"BreadcrumbList\",\"@id\":\"https:\\\/\\\/diariodelsurdigital.com.ar\\\/?p=5481#breadcrumb\",\"itemListElement\":[{\"@type\":\"ListItem\",\"position\":1,\"name\":\"Portada\",\"item\":\"https:\\\/\\\/diariodelsurdigital.com.ar\\\/\"},{\"@type\":\"ListItem\",\"position\":2,\"name\":\"Menor de edad embisti\u00f3 a una agente policial y demandar\u00e1n a los padres\"}]},{\"@type\":\"WebSite\",\"@id\":\"https:\\\/\\\/diariodelsurdigital.com.ar\\\/#website\",\"url\":\"https:\\\/\\\/diariodelsurdigital.com.ar\\\/\",\"name\":\"Diario del Sur\",\"description\":\"Digital\",\"potentialAction\":[{\"@type\":\"SearchAction\",\"target\":{\"@type\":\"EntryPoint\",\"urlTemplate\":\"https:\\\/\\\/diariodelsurdigital.com.ar\\\/?s={search_term_string}\"},\"query-input\":{\"@type\":\"PropertyValueSpecification\",\"valueRequired\":true,\"valueName\":\"search_term_string\"}}],\"inLanguage\":\"es\"},{\"@type\":\"Person\",\"@id\":\"https:\\\/\\\/diariodelsurdigital.com.ar\\\/#\\\/schema\\\/person\\\/6136a32571657f7dba980b88b04c5465\",\"name\":\"Diario del Sur Digital\",\"image\":{\"@type\":\"ImageObject\",\"inLanguage\":\"es\",\"@id\":\"https:\\\/\\\/secure.gravatar.com\\\/avatar\\\/4c29ceac98541dd42460b2474aaa5dd37594d6ce6cb3cf2c101d09b48ee287ba?s=96&d=mm&r=g\",\"url\":\"https:\\\/\\\/secure.gravatar.com\\\/avatar\\\/4c29ceac98541dd42460b2474aaa5dd37594d6ce6cb3cf2c101d09b48ee287ba?s=96&d=mm&r=g\",\"contentUrl\":\"https:\\\/\\\/secure.gravatar.com\\\/avatar\\\/4c29ceac98541dd42460b2474aaa5dd37594d6ce6cb3cf2c101d09b48ee287ba?s=96&d=mm&r=g\",\"caption\":\"Diario del Sur Digital\"},\"url\":\"https:\\\/\\\/diariodelsurdigital.com.ar\\\/?author=2\"}]}<\/script>\n<!-- \/ Yoast SEO plugin. -->","yoast_head_json":{"title":"Menor de edad embisti\u00f3 a una agente policial y demandar\u00e1n a los padres - Diario del Sur","robots":{"index":"index","follow":"follow","max-snippet":"max-snippet:-1","max-image-preview":"max-image-preview:large","max-video-preview":"max-video-preview:-1"},"canonical":"https:\/\/diariodelsurdigital.com.ar\/?p=5481","og_locale":"es_ES","og_type":"article","og_title":"Menor de edad embisti\u00f3 a una agente policial y demandar\u00e1n a los padres - Diario del Sur","og_description":"Una funcionaria policial result\u00f3 gravemente lesionada luego de ser colisionada por una motocicleta durante un operativo de control en la zona de calle Rondeau, entre Espa\u00f1a y 9 de Julio. El hecho se conoci\u00f3 este viernes pero ocurri\u00f3 el jueves, alrededor de las 20, seg\u00fan inform\u00f3 la polic\u00eda local. Se identific\u00f3 a una nena de [&hellip;]","og_url":"https:\/\/diariodelsurdigital.com.ar\/?p=5481","og_site_name":"Diario del Sur","article_published_time":"2025-11-01T14:45:23+00:00","article_modified_time":"2025-11-01T14:45:24+00:00","og_image":[{"width":438,"height":291,"url":"https:\/\/diariodelsurdigital.com.ar\/wp-content\/uploads\/2025\/11\/l_1761992984.jpg","type":"image\/jpeg"}],"author":"Diario del Sur Digital","twitter_card":"summary_large_image","twitter_misc":{"Escrito por":"Diario del Sur Digital","Tiempo de lectura":"2 minutos"},"schema":{"@context":"https:\/\/schema.org","@graph":[{"@type":"Article","@id":"https:\/\/diariodelsurdigital.com.ar\/?p=5481#article","isPartOf":{"@id":"https:\/\/diariodelsurdigital.com.ar\/?p=5481"},"author":{"name":"Diario del Sur Digital","@id":"https:\/\/diariodelsurdigital.com.ar\/#\/schema\/person\/6136a32571657f7dba980b88b04c5465"},"headline":"Menor de edad embisti\u00f3 a una agente policial y demandar\u00e1n a los padres","datePublished":"2025-11-01T14:45:23+00:00","dateModified":"2025-11-01T14:45:24+00:00","mainEntityOfPage":{"@id":"https:\/\/diariodelsurdigital.com.ar\/?p=5481"},"wordCount":324,"commentCount":0,"image":{"@id":"https:\/\/diariodelsurdigital.com.ar\/?p=5481#primaryimage"},"thumbnailUrl":"https:\/\/diariodelsurdigital.com.ar\/wp-content\/uploads\/2025\/11\/l_1761992984.jpg","articleSection":["Inter\u00e9s General","Provinciales"],"inLanguage":"es","potentialAction":[{"@type":"CommentAction","name":"Comment","target":["https:\/\/diariodelsurdigital.com.ar\/?p=5481#respond"]}]},{"@type":"WebPage","@id":"https:\/\/diariodelsurdigital.com.ar\/?p=5481","url":"https:\/\/diariodelsurdigital.com.ar\/?p=5481","name":"Menor de edad embisti\u00f3 a una agente policial y demandar\u00e1n a los padres - Diario del Sur","isPartOf":{"@id":"https:\/\/diariodelsurdigital.com.ar\/#website"},"primaryImageOfPage":{"@id":"https:\/\/diariodelsurdigital.com.ar\/?p=5481#primaryimage"},"image":{"@id":"https:\/\/diariodelsurdigital.com.ar\/?p=5481#primaryimage"},"thumbnailUrl":"https:\/\/diariodelsurdigital.com.ar\/wp-content\/uploads\/2025\/11\/l_1761992984.jpg","datePublished":"2025-11-01T14:45:23+00:00","dateModified":"2025-11-01T14:45:24+00:00","author":{"@id":"https:\/\/diariodelsurdigital.com.ar\/#\/schema\/person\/6136a32571657f7dba980b88b04c5465"},"breadcrumb":{"@id":"https:\/\/diariodelsurdigital.com.ar\/?p=5481#breadcrumb"},"inLanguage":"es","potentialAction":[{"@type":"ReadAction","target":["https:\/\/diariodelsurdigital.com.ar\/?p=5481"]}]},{"@type":"ImageObject","inLanguage":"es","@id":"https:\/\/diariodelsurdigital.com.ar\/?p=5481#primaryimage","url":"https:\/\/diariodelsurdigital.com.ar\/wp-content\/uploads\/2025\/11\/l_1761992984.jpg","contentUrl":"https:\/\/diariodelsurdigital.com.ar\/wp-content\/uploads\/2025\/11\/l_1761992984.jpg","width":438,"height":291},{"@type":"BreadcrumbList","@id":"https:\/\/diariodelsurdigital.com.ar\/?p=5481#breadcrumb","itemListElement":[{"@type":"ListItem","position":1,"name":"Portada","item":"https:\/\/diariodelsurdigital.com.ar\/"},{"@type":"ListItem","position":2,"name":"Menor de edad embisti\u00f3 a una agente policial y demandar\u00e1n a los padres"}]},{"@type":"WebSite","@id":"https:\/\/diariodelsurdigital.com.ar\/#website","url":"https:\/\/diariodelsurdigital.com.ar\/","name":"Diario del Sur","description":"Digital","potentialAction":[{"@type":"SearchAction","target":{"@type":"EntryPoint","urlTemplate":"https:\/\/diariodelsurdigital.com.ar\/?s={search_term_string}"},"query-input":{"@type":"PropertyValueSpecification","valueRequired":true,"valueName":"search_term_string"}}],"inLanguage":"es"},{"@type":"Person","@id":"https:\/\/diariodelsurdigital.com.ar\/#\/schema\/person\/6136a32571657f7dba980b88b04c5465","name":"Diario del Sur Digital","image":{"@type":"ImageObject","inLanguage":"es","@id":"https:\/\/secure.gravatar.com\/avatar\/4c29ceac98541dd42460b2474aaa5dd37594d6ce6cb3cf2c101d09b48ee287ba?s=96&d=mm&r=g","url":"https:\/\/secure.gravatar.com\/avatar\/4c29ceac98541dd42460b2474aaa5dd37594d6ce6cb3cf2c101d09b48ee287ba?s=96&d=mm&r=g","contentUrl":"https:\/\/secure.gravatar.com\/avatar\/4c29ceac98541dd42460b2474aaa5dd37594d6ce6cb3cf2c101d09b48ee287ba?s=96&d=mm&r=g","caption":"Diario del Sur Digital"},"url":"https:\/\/diariodelsurdigital.com.ar\/?author=2"}]}},"_links":{"self":[{"href":"https:\/\/diariodelsurdigital.com.ar\/index.php?rest_route=\/wp\/v2\/posts\/5481","targetHints":{"allow":["GET"]}}],"collection":[{"href":"https:\/\/diariodelsurdigital.com.ar\/index.php?rest_route=\/wp\/v2\/posts"}],"about":[{"href":"https:\/\/diariodelsurdigital.com.ar\/index.php?rest_route=\/wp\/v2\/types\/post"}],"author":[{"embeddable":true,"href":"https:\/\/diariodelsurdigital.com.ar\/index.php?rest_route=\/wp\/v2\/users\/2"}],"replies":[{"embeddable":true,"href":"https:\/\/diariodelsurdigital.com.ar\/index.php?rest_route=%2Fwp%2Fv2%2Fcomments&post=5481"}],"version-history":[{"count":1,"href":"https:\/\/diariodelsurdigital.com.ar\/index.php?rest_route=\/wp\/v2\/posts\/5481\/revisions"}],"predecessor-version":[{"id":5483,"href":"https:\/\/diariodelsurdigital.com.ar\/index.php?rest_route=\/wp\/v2\/posts\/5481\/revisions\/5483"}],"wp:featuredmedia":[{"embeddable":true,"href":"https:\/\/diariodelsurdigital.com.ar\/index.php?rest_route=\/wp\/v2\/media\/5482"}],"wp:attachment":[{"href":"https:\/\/diariodelsurdigital.com.ar\/index.php?rest_route=%2Fwp%2Fv2%2Fmedia&parent=5481"}],"wp:term":[{"taxonomy":"category","embeddable":true,"href":"https:\/\/diariodelsurdigital.com.ar\/index.php?rest_route=%2Fwp%2Fv2%2Fcategories&post=5481"},{"taxonomy":"post_tag","embeddable":true,"href":"https:\/\/diariodelsurdigital.com.ar\/index.php?rest_route=%2Fwp%2Fv2%2Ftags&post=5481"}],"curies":[{"name":"wp","href":"https:\/\/api.w.org\/{rel}","templated":true}]}}