{"id":5484,"date":"2025-11-01T11:51:11","date_gmt":"2025-11-01T14:51:11","guid":{"rendered":"https:\/\/diariodelsurdigital.com.ar\/?p=5484"},"modified":"2025-11-01T11:51:12","modified_gmt":"2025-11-01T14:51:12","slug":"colon-se-moviliza-por-un-desmonte-no-autorizado-y-la-instalacion-de-la-empresa-hif-global","status":"publish","type":"post","link":"https:\/\/diariodelsurdigital.com.ar\/?p=5484","title":{"rendered":"Col\u00f3n se moviliza por un desmonte no autorizado y la instalaci\u00f3n de la empresa HIF Global"},"content":{"rendered":"\n<h4 class=\"wp-block-heading\">La noticia cruz\u00f3 el charco y r\u00e1pidamente caus\u00f3 conmoci\u00f3n: en los pr\u00f3ximos d\u00edas, el gobierno uruguayo aprobar\u00eda la ubicaci\u00f3n de la planta de e-combustibles, sobre el r\u00edo Uruguay, tal como lo hab\u00eda programado la empresa HIF Global.<\/h4>\n\n\n\n<p><\/p>\n\n\n\n<p><a href=\"https:\/\/www.facebook.com\/sharer\/sharer.php?u=https:\/\/www.analisisdigital.com.ar\/locales\/2025\/11\/01\/colon-se-moviliza-preocupado-por-un-desmonte-no-autorizado-y-la-instalacion-de-la-empresa-hif-global&amp;title=Col%C3%B3n%20se%20moviliza%20preocupado%20por%20un%20desmonte%20no%20autorizado%20y%20la%20instalaci%C3%B3n%20de%20la%20empresa%20HIF%20Global\" target=\"_blank\" rel=\"noreferrer noopener\"><\/a><a href=\"https:\/\/twitter.com\/intent\/tweet?text=Col%C3%B3n%20se%20moviliza%20preocupado%20por%20un%20desmonte%20no%20autorizado%20y%20la%20instalaci%C3%B3n%20de%20la%20empresa%20HIF%20Global+https:\/\/www.analisisdigital.com.ar\/locales\/2025\/11\/01\/colon-se-moviliza-preocupado-por-un-desmonte-no-autorizado-y-la-instalacion-de-la-empresa-hif-global\" target=\"_blank\" rel=\"noreferrer noopener\"><\/a><a href=\"https:\/\/wa.me\/?text=https:\/\/www.analisisdigital.com.ar\/locales\/2025\/11\/01\/colon-se-moviliza-preocupado-por-un-desmonte-no-autorizado-y-la-instalacion-de-la-empresa-hif-global\" target=\"_blank\" rel=\"noreferrer noopener\"><\/a><a href=\"https:\/\/www.linkedin.com\/sharing\/share-offsite\/?url=https:\/\/www.analisisdigital.com.ar\/locales\/2025\/11\/01\/colon-se-moviliza-preocupado-por-un-desmonte-no-autorizado-y-la-instalacion-de-la-empresa-hif-global\" target=\"_blank\" rel=\"noreferrer noopener\"><\/a><a href=\"mailto:?subject=Col%C3%B3n%20se%20moviliza%20preocupado%20por%20un%20desmonte%20no%20autorizado%20y%20la%20instalaci%C3%B3n%20de%20la%20empresa%20HIF%20Global&amp;body=https:\/\/www.analisisdigital.com.ar\/locales\/2025\/11\/01\/colon-se-moviliza-preocupado-por-un-desmonte-no-autorizado-y-la-instalacion-de-la-empresa-hif-global\" target=\"_blank\" rel=\"noreferrer noopener\"><\/a><a href=\"https:\/\/www.analisisdigital.com.ar\/locales\/2025\/11\/01\/colon-se-moviliza-preocupado-por-un-desmonte-no-autorizado-y-la-instalacion-de-la-empresa-hif-global#\"><\/a><a href=\"javascript:window.print()\"><\/a>Por eso, ambientalistas, prestadores tur\u00edsticos y vecinos de Col\u00f3n decidieron movilizarse a pie o en veh\u00edculos hasta el puente internacional \u201cGeneral Gervasio Artigas\u201d que los une con Paysand\u00fa. La concentraci\u00f3n est\u00e1 prevista para este domingo a las 15 en Plaza Artigas.<\/p>\n\n\n\n<p>Desde la Rep\u00fablica Oriental del Uruguay, V\u00edctor Bacchetta \u2013periodista ambiental de&nbsp;<em>El Zumbido<\/em>&#8211; brind\u00f3 al portal&nbsp;<em>El Entre R\u00edos<\/em>&nbsp;las \u00faltimas novedades del caso.<\/p>\n\n\n\n<p>\u201cEn el Ministerio de Ambiente, la evaluaci\u00f3n ambiental tiene dos etapas. Primero est\u00e1 la Viabilidad Ambiental de Localizaci\u00f3n (VAL) que es la que decide si es aceptable que el proyecto est\u00e9 en determinado lugar; si se autoriza, sigue la evaluaci\u00f3n de impacto ambiental\u201d.<\/p>\n\n\n\n<p>Actualmente, la iniciativa se encuentra en la primera etapa y \u2013de acuerdo a la informaci\u00f3n a la que \u00e9l tuvo acceso &#8211; \u201cel gobierno estar\u00eda por decidir la viabilidad ambiental de localizaci\u00f3n\u201d, lo que suceder\u00eda la pr\u00f3xima semana.<\/p>\n\n\n\n<figure class=\"wp-block-image\"><img decoding=\"async\" src=\"https:\/\/www.analisisdigital.com.ar\/sites\/default\/files\/imagenes\/inline-images\/colon-protesta.jpg\" alt=\"Col\u00f3n protesta\"\/><figcaption class=\"wp-element-caption\"><strong>Col\u00f3n est\u00e1 movilizada por la instalaci\u00f3n de la empresa HIG Global.<\/strong><\/figcaption><\/figure>\n\n\n\n<p>Por otra parte, \u201ceste jueves hubo unas denuncias en el Ministerio de Ambiente y la Polic\u00eda, ya que se verific\u00f3 que en el lugar en que se pretende instalar la planta de combustible frente a Col\u00f3n, estaban haciendo un desmonte. Esta ma\u00f1ana (viernes) desde Ambiente respondieron que iban a verificar, y nada m\u00e1s. La empresa habr\u00eda dicho que lo que estaban haciendo era cercar el predio que les pertenece\u201d.<\/p>\n\n\n\n<p>En este punto, el periodista aclara que \u201cla legislaci\u00f3n ambiental establece que hasta que se d\u00e9 la autorizaci\u00f3n ambiental previa \u2013fin de una segunda etapa que todav\u00eda no comenz\u00f3- la empresa no puede iniciar ninguna actividad relacionada con el proyecto. Es decir que, si hacen algo, estar\u00edan incurriendo en una ilegalidad\u201d.<\/p>\n\n\n\n<p>\u201cLa decisi\u00f3n es pol\u00edtica y es del Poder Ejecutivo, los ministros (de Ambiente e Industria) y el presidente de la Rep\u00fablica Oriental. Formalmente, en el procedimiento la decisi\u00f3n \u00faltima est\u00e1 en el Ministerio de Ambiente, que es quien debe dar la autorizaci\u00f3n sin la cual no se puede iniciar ninguna actividad\u201d, concluye Bacchetta.<\/p>\n","protected":false},"excerpt":{"rendered":"<p>La noticia cruz\u00f3 el charco y r\u00e1pidamente caus\u00f3 conmoci\u00f3n: en los pr\u00f3ximos d\u00edas, el gobierno uruguayo aprobar\u00eda la ubicaci\u00f3n de la planta de e-combustibles, sobre el r\u00edo Uruguay, tal como lo hab\u00eda programado la empresa HIF Global. Por eso, ambientalistas, prestadores tur\u00edsticos y vecinos de Col\u00f3n decidieron movilizarse a pie o en veh\u00edculos hasta el [&hellip;]<\/p>\n","protected":false},"author":2,"featured_media":5485,"comment_status":"open","ping_status":"open","sticky":false,"template":"","format":"standard","meta":{"footnotes":""},"categories":[19,17],"tags":[],"class_list":{"0":"post-5484","1":"post","2":"type-post","3":"status-publish","4":"format-standard","5":"has-post-thumbnail","7":"category-interes-general","8":"category-provinciales"},"yoast_head":"<!-- This site is optimized with the Yoast SEO plugin v27.4 - https:\/\/yoast.com\/product\/yoast-seo-wordpress\/ -->\n<title>Col\u00f3n se moviliza por un desmonte no autorizado y la instalaci\u00f3n de la empresa HIF Global - Diario del Sur<\/title>\n<meta name=\"robots\" content=\"index, follow, max-snippet:-1, max-image-preview:large, max-video-preview:-1\" \/>\n<link rel=\"canonical\" href=\"https:\/\/diariodelsurdigital.com.ar\/?p=5484\" \/>\n<meta property=\"og:locale\" content=\"es_ES\" \/>\n<meta property=\"og:type\" content=\"article\" \/>\n<meta property=\"og:title\" content=\"Col\u00f3n se moviliza por un desmonte no autorizado y la instalaci\u00f3n de la empresa HIF Global - Diario del Sur\" \/>\n<meta property=\"og:description\" content=\"La noticia cruz\u00f3 el charco y r\u00e1pidamente caus\u00f3 conmoci\u00f3n: en los pr\u00f3ximos d\u00edas, el gobierno uruguayo aprobar\u00eda la ubicaci\u00f3n de la planta de e-combustibles, sobre el r\u00edo Uruguay, tal como lo hab\u00eda programado la empresa HIF Global. Por eso, ambientalistas, prestadores tur\u00edsticos y vecinos de Col\u00f3n decidieron movilizarse a pie o en veh\u00edculos hasta el [&hellip;]\" \/>\n<meta property=\"og:url\" content=\"https:\/\/diariodelsurdigital.com.ar\/?p=5484\" \/>\n<meta property=\"og:site_name\" content=\"Diario del Sur\" \/>\n<meta property=\"article:published_time\" content=\"2025-11-01T14:51:11+00:00\" \/>\n<meta property=\"article:modified_time\" content=\"2025-11-01T14:51:12+00:00\" \/>\n<meta property=\"og:image\" content=\"https:\/\/diariodelsurdigital.com.ar\/wp-content\/uploads\/2025\/11\/colon-hidrogeno.png\" \/>\n\t<meta property=\"og:image:width\" content=\"450\" \/>\n\t<meta property=\"og:image:height\" content=\"253\" \/>\n\t<meta property=\"og:image:type\" content=\"image\/png\" \/>\n<meta name=\"author\" content=\"Diario del Sur Digital\" \/>\n<meta name=\"twitter:card\" content=\"summary_large_image\" \/>\n<meta name=\"twitter:label1\" content=\"Escrito por\" \/>\n\t<meta name=\"twitter:data1\" content=\"Diario del Sur Digital\" \/>\n\t<meta name=\"twitter:label2\" content=\"Tiempo de lectura\" \/>\n\t<meta name=\"twitter:data2\" content=\"3 minutos\" \/>\n<script type=\"application\/ld+json\" class=\"yoast-schema-graph\">{\"@context\":\"https:\\\/\\\/schema.org\",\"@graph\":[{\"@type\":\"Article\",\"@id\":\"https:\\\/\\\/diariodelsurdigital.com.ar\\\/?p=5484#article\",\"isPartOf\":{\"@id\":\"https:\\\/\\\/diariodelsurdigital.com.ar\\\/?p=5484\"},\"author\":{\"name\":\"Diario del Sur Digital\",\"@id\":\"https:\\\/\\\/diariodelsurdigital.com.ar\\\/#\\\/schema\\\/person\\\/6136a32571657f7dba980b88b04c5465\"},\"headline\":\"Col\u00f3n se moviliza por un desmonte no autorizado y la instalaci\u00f3n de la empresa HIF Global\",\"datePublished\":\"2025-11-01T14:51:11+00:00\",\"dateModified\":\"2025-11-01T14:51:12+00:00\",\"mainEntityOfPage\":{\"@id\":\"https:\\\/\\\/diariodelsurdigital.com.ar\\\/?p=5484\"},\"wordCount\":427,\"commentCount\":0,\"image\":{\"@id\":\"https:\\\/\\\/diariodelsurdigital.com.ar\\\/?p=5484#primaryimage\"},\"thumbnailUrl\":\"https:\\\/\\\/diariodelsurdigital.com.ar\\\/wp-content\\\/uploads\\\/2025\\\/11\\\/colon-hidrogeno.png\",\"articleSection\":[\"Inter\u00e9s General\",\"Provinciales\"],\"inLanguage\":\"es\",\"potentialAction\":[{\"@type\":\"CommentAction\",\"name\":\"Comment\",\"target\":[\"https:\\\/\\\/diariodelsurdigital.com.ar\\\/?p=5484#respond\"]}]},{\"@type\":\"WebPage\",\"@id\":\"https:\\\/\\\/diariodelsurdigital.com.ar\\\/?p=5484\",\"url\":\"https:\\\/\\\/diariodelsurdigital.com.ar\\\/?p=5484\",\"name\":\"Col\u00f3n se moviliza por un desmonte no autorizado y la instalaci\u00f3n de la empresa HIF Global - Diario del Sur\",\"isPartOf\":{\"@id\":\"https:\\\/\\\/diariodelsurdigital.com.ar\\\/#website\"},\"primaryImageOfPage\":{\"@id\":\"https:\\\/\\\/diariodelsurdigital.com.ar\\\/?p=5484#primaryimage\"},\"image\":{\"@id\":\"https:\\\/\\\/diariodelsurdigital.com.ar\\\/?p=5484#primaryimage\"},\"thumbnailUrl\":\"https:\\\/\\\/diariodelsurdigital.com.ar\\\/wp-content\\\/uploads\\\/2025\\\/11\\\/colon-hidrogeno.png\",\"datePublished\":\"2025-11-01T14:51:11+00:00\",\"dateModified\":\"2025-11-01T14:51:12+00:00\",\"author\":{\"@id\":\"https:\\\/\\\/diariodelsurdigital.com.ar\\\/#\\\/schema\\\/person\\\/6136a32571657f7dba980b88b04c5465\"},\"breadcrumb\":{\"@id\":\"https:\\\/\\\/diariodelsurdigital.com.ar\\\/?p=5484#breadcrumb\"},\"inLanguage\":\"es\",\"potentialAction\":[{\"@type\":\"ReadAction\",\"target\":[\"https:\\\/\\\/diariodelsurdigital.com.ar\\\/?p=5484\"]}]},{\"@type\":\"ImageObject\",\"inLanguage\":\"es\",\"@id\":\"https:\\\/\\\/diariodelsurdigital.com.ar\\\/?p=5484#primaryimage\",\"url\":\"https:\\\/\\\/diariodelsurdigital.com.ar\\\/wp-content\\\/uploads\\\/2025\\\/11\\\/colon-hidrogeno.png\",\"contentUrl\":\"https:\\\/\\\/diariodelsurdigital.com.ar\\\/wp-content\\\/uploads\\\/2025\\\/11\\\/colon-hidrogeno.png\",\"width\":450,\"height\":253},{\"@type\":\"BreadcrumbList\",\"@id\":\"https:\\\/\\\/diariodelsurdigital.com.ar\\\/?p=5484#breadcrumb\",\"itemListElement\":[{\"@type\":\"ListItem\",\"position\":1,\"name\":\"Portada\",\"item\":\"https:\\\/\\\/diariodelsurdigital.com.ar\\\/\"},{\"@type\":\"ListItem\",\"position\":2,\"name\":\"Col\u00f3n se moviliza por un desmonte no autorizado y la instalaci\u00f3n de la empresa HIF Global\"}]},{\"@type\":\"WebSite\",\"@id\":\"https:\\\/\\\/diariodelsurdigital.com.ar\\\/#website\",\"url\":\"https:\\\/\\\/diariodelsurdigital.com.ar\\\/\",\"name\":\"Diario del Sur\",\"description\":\"Digital\",\"potentialAction\":[{\"@type\":\"SearchAction\",\"target\":{\"@type\":\"EntryPoint\",\"urlTemplate\":\"https:\\\/\\\/diariodelsurdigital.com.ar\\\/?s={search_term_string}\"},\"query-input\":{\"@type\":\"PropertyValueSpecification\",\"valueRequired\":true,\"valueName\":\"search_term_string\"}}],\"inLanguage\":\"es\"},{\"@type\":\"Person\",\"@id\":\"https:\\\/\\\/diariodelsurdigital.com.ar\\\/#\\\/schema\\\/person\\\/6136a32571657f7dba980b88b04c5465\",\"name\":\"Diario del Sur Digital\",\"image\":{\"@type\":\"ImageObject\",\"inLanguage\":\"es\",\"@id\":\"https:\\\/\\\/secure.gravatar.com\\\/avatar\\\/4c29ceac98541dd42460b2474aaa5dd37594d6ce6cb3cf2c101d09b48ee287ba?s=96&d=mm&r=g\",\"url\":\"https:\\\/\\\/secure.gravatar.com\\\/avatar\\\/4c29ceac98541dd42460b2474aaa5dd37594d6ce6cb3cf2c101d09b48ee287ba?s=96&d=mm&r=g\",\"contentUrl\":\"https:\\\/\\\/secure.gravatar.com\\\/avatar\\\/4c29ceac98541dd42460b2474aaa5dd37594d6ce6cb3cf2c101d09b48ee287ba?s=96&d=mm&r=g\",\"caption\":\"Diario del Sur Digital\"},\"url\":\"https:\\\/\\\/diariodelsurdigital.com.ar\\\/?author=2\"}]}<\/script>\n<!-- \/ Yoast SEO plugin. -->","yoast_head_json":{"title":"Col\u00f3n se moviliza por un desmonte no autorizado y la instalaci\u00f3n de la empresa HIF Global - Diario del Sur","robots":{"index":"index","follow":"follow","max-snippet":"max-snippet:-1","max-image-preview":"max-image-preview:large","max-video-preview":"max-video-preview:-1"},"canonical":"https:\/\/diariodelsurdigital.com.ar\/?p=5484","og_locale":"es_ES","og_type":"article","og_title":"Col\u00f3n se moviliza por un desmonte no autorizado y la instalaci\u00f3n de la empresa HIF Global - Diario del Sur","og_description":"La noticia cruz\u00f3 el charco y r\u00e1pidamente caus\u00f3 conmoci\u00f3n: en los pr\u00f3ximos d\u00edas, el gobierno uruguayo aprobar\u00eda la ubicaci\u00f3n de la planta de e-combustibles, sobre el r\u00edo Uruguay, tal como lo hab\u00eda programado la empresa HIF Global. Por eso, ambientalistas, prestadores tur\u00edsticos y vecinos de Col\u00f3n decidieron movilizarse a pie o en veh\u00edculos hasta el [&hellip;]","og_url":"https:\/\/diariodelsurdigital.com.ar\/?p=5484","og_site_name":"Diario del Sur","article_published_time":"2025-11-01T14:51:11+00:00","article_modified_time":"2025-11-01T14:51:12+00:00","og_image":[{"width":450,"height":253,"url":"https:\/\/diariodelsurdigital.com.ar\/wp-content\/uploads\/2025\/11\/colon-hidrogeno.png","type":"image\/png"}],"author":"Diario del Sur Digital","twitter_card":"summary_large_image","twitter_misc":{"Escrito por":"Diario del Sur Digital","Tiempo de lectura":"3 minutos"},"schema":{"@context":"https:\/\/schema.org","@graph":[{"@type":"Article","@id":"https:\/\/diariodelsurdigital.com.ar\/?p=5484#article","isPartOf":{"@id":"https:\/\/diariodelsurdigital.com.ar\/?p=5484"},"author":{"name":"Diario del Sur Digital","@id":"https:\/\/diariodelsurdigital.com.ar\/#\/schema\/person\/6136a32571657f7dba980b88b04c5465"},"headline":"Col\u00f3n se moviliza por un desmonte no autorizado y la instalaci\u00f3n de la empresa HIF Global","datePublished":"2025-11-01T14:51:11+00:00","dateModified":"2025-11-01T14:51:12+00:00","mainEntityOfPage":{"@id":"https:\/\/diariodelsurdigital.com.ar\/?p=5484"},"wordCount":427,"commentCount":0,"image":{"@id":"https:\/\/diariodelsurdigital.com.ar\/?p=5484#primaryimage"},"thumbnailUrl":"https:\/\/diariodelsurdigital.com.ar\/wp-content\/uploads\/2025\/11\/colon-hidrogeno.png","articleSection":["Inter\u00e9s General","Provinciales"],"inLanguage":"es","potentialAction":[{"@type":"CommentAction","name":"Comment","target":["https:\/\/diariodelsurdigital.com.ar\/?p=5484#respond"]}]},{"@type":"WebPage","@id":"https:\/\/diariodelsurdigital.com.ar\/?p=5484","url":"https:\/\/diariodelsurdigital.com.ar\/?p=5484","name":"Col\u00f3n se moviliza por un desmonte no autorizado y la instalaci\u00f3n de la empresa HIF Global - Diario del Sur","isPartOf":{"@id":"https:\/\/diariodelsurdigital.com.ar\/#website"},"primaryImageOfPage":{"@id":"https:\/\/diariodelsurdigital.com.ar\/?p=5484#primaryimage"},"image":{"@id":"https:\/\/diariodelsurdigital.com.ar\/?p=5484#primaryimage"},"thumbnailUrl":"https:\/\/diariodelsurdigital.com.ar\/wp-content\/uploads\/2025\/11\/colon-hidrogeno.png","datePublished":"2025-11-01T14:51:11+00:00","dateModified":"2025-11-01T14:51:12+00:00","author":{"@id":"https:\/\/diariodelsurdigital.com.ar\/#\/schema\/person\/6136a32571657f7dba980b88b04c5465"},"breadcrumb":{"@id":"https:\/\/diariodelsurdigital.com.ar\/?p=5484#breadcrumb"},"inLanguage":"es","potentialAction":[{"@type":"ReadAction","target":["https:\/\/diariodelsurdigital.com.ar\/?p=5484"]}]},{"@type":"ImageObject","inLanguage":"es","@id":"https:\/\/diariodelsurdigital.com.ar\/?p=5484#primaryimage","url":"https:\/\/diariodelsurdigital.com.ar\/wp-content\/uploads\/2025\/11\/colon-hidrogeno.png","contentUrl":"https:\/\/diariodelsurdigital.com.ar\/wp-content\/uploads\/2025\/11\/colon-hidrogeno.png","width":450,"height":253},{"@type":"BreadcrumbList","@id":"https:\/\/diariodelsurdigital.com.ar\/?p=5484#breadcrumb","itemListElement":[{"@type":"ListItem","position":1,"name":"Portada","item":"https:\/\/diariodelsurdigital.com.ar\/"},{"@type":"ListItem","position":2,"name":"Col\u00f3n se moviliza por un desmonte no autorizado y la instalaci\u00f3n de la empresa HIF Global"}]},{"@type":"WebSite","@id":"https:\/\/diariodelsurdigital.com.ar\/#website","url":"https:\/\/diariodelsurdigital.com.ar\/","name":"Diario del Sur","description":"Digital","potentialAction":[{"@type":"SearchAction","target":{"@type":"EntryPoint","urlTemplate":"https:\/\/diariodelsurdigital.com.ar\/?s={search_term_string}"},"query-input":{"@type":"PropertyValueSpecification","valueRequired":true,"valueName":"search_term_string"}}],"inLanguage":"es"},{"@type":"Person","@id":"https:\/\/diariodelsurdigital.com.ar\/#\/schema\/person\/6136a32571657f7dba980b88b04c5465","name":"Diario del Sur Digital","image":{"@type":"ImageObject","inLanguage":"es","@id":"https:\/\/secure.gravatar.com\/avatar\/4c29ceac98541dd42460b2474aaa5dd37594d6ce6cb3cf2c101d09b48ee287ba?s=96&d=mm&r=g","url":"https:\/\/secure.gravatar.com\/avatar\/4c29ceac98541dd42460b2474aaa5dd37594d6ce6cb3cf2c101d09b48ee287ba?s=96&d=mm&r=g","contentUrl":"https:\/\/secure.gravatar.com\/avatar\/4c29ceac98541dd42460b2474aaa5dd37594d6ce6cb3cf2c101d09b48ee287ba?s=96&d=mm&r=g","caption":"Diario del Sur Digital"},"url":"https:\/\/diariodelsurdigital.com.ar\/?author=2"}]}},"_links":{"self":[{"href":"https:\/\/diariodelsurdigital.com.ar\/index.php?rest_route=\/wp\/v2\/posts\/5484","targetHints":{"allow":["GET"]}}],"collection":[{"href":"https:\/\/diariodelsurdigital.com.ar\/index.php?rest_route=\/wp\/v2\/posts"}],"about":[{"href":"https:\/\/diariodelsurdigital.com.ar\/index.php?rest_route=\/wp\/v2\/types\/post"}],"author":[{"embeddable":true,"href":"https:\/\/diariodelsurdigital.com.ar\/index.php?rest_route=\/wp\/v2\/users\/2"}],"replies":[{"embeddable":true,"href":"https:\/\/diariodelsurdigital.com.ar\/index.php?rest_route=%2Fwp%2Fv2%2Fcomments&post=5484"}],"version-history":[{"count":1,"href":"https:\/\/diariodelsurdigital.com.ar\/index.php?rest_route=\/wp\/v2\/posts\/5484\/revisions"}],"predecessor-version":[{"id":5486,"href":"https:\/\/diariodelsurdigital.com.ar\/index.php?rest_route=\/wp\/v2\/posts\/5484\/revisions\/5486"}],"wp:featuredmedia":[{"embeddable":true,"href":"https:\/\/diariodelsurdigital.com.ar\/index.php?rest_route=\/wp\/v2\/media\/5485"}],"wp:attachment":[{"href":"https:\/\/diariodelsurdigital.com.ar\/index.php?rest_route=%2Fwp%2Fv2%2Fmedia&parent=5484"}],"wp:term":[{"taxonomy":"category","embeddable":true,"href":"https:\/\/diariodelsurdigital.com.ar\/index.php?rest_route=%2Fwp%2Fv2%2Fcategories&post=5484"},{"taxonomy":"post_tag","embeddable":true,"href":"https:\/\/diariodelsurdigital.com.ar\/index.php?rest_route=%2Fwp%2Fv2%2Ftags&post=5484"}],"curies":[{"name":"wp","href":"https:\/\/api.w.org\/{rel}","templated":true}]}}