{"id":5487,"date":"2025-11-01T20:26:56","date_gmt":"2025-11-01T23:26:56","guid":{"rendered":"https:\/\/diariodelsurdigital.com.ar\/?p=5487"},"modified":"2025-11-01T20:26:56","modified_gmt":"2025-11-01T23:26:56","slug":"este-viernes-7-de-noviembre-dara-inicio-la-expo-navidad-en-puerto-yerua","status":"publish","type":"post","link":"https:\/\/diariodelsurdigital.com.ar\/?p=5487","title":{"rendered":"Este viernes 7 de noviembre dar\u00e1 inicio la Expo Navidad en Puerto Yeru\u00e1"},"content":{"rendered":"\n<p>Este a\u00f1o la Avenida Principal de Puerto Yer\u00faa se vestir\u00e1 de luz y color para dar inicio a la tan esperada EXPO Navidad 2025.<br>En horas de la tarde de este s\u00e1bado, las organizadoras del evento, se reunieron con unas vecinas que, con entusiasmo y trabajo en equipo, comenzaron a colocar los primeros adornos navide\u00f1os. Entre casitas navide\u00f1as, pi\u00f1as, y delicados bastones de caramelo, se fueron instalando los elementos que marcar\u00e1n el recorrido festivo de toda la avenida.<\/p>\n\n\n\n<figure class=\"wp-block-image size-full\"><img loading=\"lazy\" decoding=\"async\" width=\"475\" height=\"271\" src=\"https:\/\/diariodelsurdigital.com.ar\/wp-content\/uploads\/2025\/11\/Imagen-de-WhatsApp-2025-11-01-a-las-20.14.19_59759e00.jpg\" alt=\"\" class=\"wp-image-5489\" srcset=\"https:\/\/diariodelsurdigital.com.ar\/wp-content\/uploads\/2025\/11\/Imagen-de-WhatsApp-2025-11-01-a-las-20.14.19_59759e00.jpg 475w, https:\/\/diariodelsurdigital.com.ar\/wp-content\/uploads\/2025\/11\/Imagen-de-WhatsApp-2025-11-01-a-las-20.14.19_59759e00-300x171.jpg 300w\" sizes=\"auto, (max-width: 475px) 100vw, 475px\" \/><\/figure>\n\n\n\n<p><br>\u201cVer c\u00f3mo la comunidad se une para embellecer nuestra calle principal es una muestra m\u00e1s del esp\u00edritu solidario\u201d, coment\u00f3 Andrea Catalini, presidenta de la Comisi\u00f3n Organizadora.<br>\u201cCada detalle que colocaremos en estos d\u00edas, ser\u00e1 parte del paisaje navide\u00f1o que disfrutaremos desde de hoy, y hasta que finalice el evento \u201d, agreg\u00f3, una vecina que se sum\u00f3 a colaborar.<\/p>\n\n\n\n<figure class=\"wp-block-image size-full\"><img loading=\"lazy\" decoding=\"async\" width=\"551\" height=\"393\" src=\"https:\/\/diariodelsurdigital.com.ar\/wp-content\/uploads\/2025\/11\/Imagen-de-WhatsApp-2025-11-01-a-las-20.14.18_f64a9a17.jpg\" alt=\"\" class=\"wp-image-5490\" srcset=\"https:\/\/diariodelsurdigital.com.ar\/wp-content\/uploads\/2025\/11\/Imagen-de-WhatsApp-2025-11-01-a-las-20.14.18_f64a9a17.jpg 551w, https:\/\/diariodelsurdigital.com.ar\/wp-content\/uploads\/2025\/11\/Imagen-de-WhatsApp-2025-11-01-a-las-20.14.18_f64a9a17-300x214.jpg 300w, https:\/\/diariodelsurdigital.com.ar\/wp-content\/uploads\/2025\/11\/Imagen-de-WhatsApp-2025-11-01-a-las-20.14.18_f64a9a17-100x70.jpg 100w\" sizes=\"auto, (max-width: 551px) 100vw, 551px\" \/><\/figure>\n\n\n\n<p><br>Los trabajos continuar\u00e1n durante los pr\u00f3ximos d\u00edas: se instalar\u00e1n coronas navide\u00f1as, estaciones de fotograf\u00eda, \u00e1rboles navide\u00f1os, entre otros. Todos ellos se distribuir\u00e1n en los diferentes canteros centrales, dando forma a una decoraci\u00f3n integral que recorrer\u00e1 la avenida de punta a punta, invitando a residentes y visitantes a sumergirse en una atm\u00f3sfera m\u00e1gica y familiar.<\/p>\n","protected":false},"excerpt":{"rendered":"<p>Este a\u00f1o la Avenida Principal de Puerto Yer\u00faa se vestir\u00e1 de luz y color para dar inicio a la tan esperada EXPO Navidad 2025.En horas de la tarde de este s\u00e1bado, las organizadoras del evento, se reunieron con unas vecinas que, con entusiasmo y trabajo en equipo, comenzaron a colocar los primeros adornos navide\u00f1os. Entre [&hellip;]<\/p>\n","protected":false},"author":2,"featured_media":5488,"comment_status":"open","ping_status":"open","sticky":false,"template":"","format":"standard","meta":{"footnotes":""},"categories":[19,16],"tags":[],"class_list":{"0":"post-5487","1":"post","2":"type-post","3":"status-publish","4":"format-standard","5":"has-post-thumbnail","7":"category-interes-general","8":"category-locales"},"yoast_head":"<!-- This site is optimized with the Yoast SEO plugin v27.4 - https:\/\/yoast.com\/product\/yoast-seo-wordpress\/ -->\n<title>Este viernes 7 de noviembre dar\u00e1 inicio la Expo Navidad en Puerto Yeru\u00e1 - Diario del Sur<\/title>\n<meta name=\"robots\" content=\"index, follow, max-snippet:-1, max-image-preview:large, max-video-preview:-1\" \/>\n<link rel=\"canonical\" href=\"https:\/\/diariodelsurdigital.com.ar\/?p=5487\" \/>\n<meta property=\"og:locale\" content=\"es_ES\" \/>\n<meta property=\"og:type\" content=\"article\" \/>\n<meta property=\"og:title\" content=\"Este viernes 7 de noviembre dar\u00e1 inicio la Expo Navidad en Puerto Yeru\u00e1 - Diario del Sur\" \/>\n<meta property=\"og:description\" content=\"Este a\u00f1o la Avenida Principal de Puerto Yer\u00faa se vestir\u00e1 de luz y color para dar inicio a la tan esperada EXPO Navidad 2025.En horas de la tarde de este s\u00e1bado, las organizadoras del evento, se reunieron con unas vecinas que, con entusiasmo y trabajo en equipo, comenzaron a colocar los primeros adornos navide\u00f1os. Entre [&hellip;]\" \/>\n<meta property=\"og:url\" content=\"https:\/\/diariodelsurdigital.com.ar\/?p=5487\" \/>\n<meta property=\"og:site_name\" content=\"Diario del Sur\" \/>\n<meta property=\"article:published_time\" content=\"2025-11-01T23:26:56+00:00\" \/>\n<meta property=\"og:image\" content=\"https:\/\/diariodelsurdigital.com.ar\/wp-content\/uploads\/2025\/11\/Imagen-de-WhatsApp-2025-11-01-a-las-20.13.58_cc7b73f2.jpg\" \/>\n\t<meta property=\"og:image:width\" content=\"528\" \/>\n\t<meta property=\"og:image:height\" content=\"351\" \/>\n\t<meta property=\"og:image:type\" content=\"image\/jpeg\" \/>\n<meta name=\"author\" content=\"Diario del Sur Digital\" \/>\n<meta name=\"twitter:card\" content=\"summary_large_image\" \/>\n<meta name=\"twitter:label1\" content=\"Escrito por\" \/>\n\t<meta name=\"twitter:data1\" content=\"Diario del Sur Digital\" \/>\n\t<meta name=\"twitter:label2\" content=\"Tiempo de lectura\" \/>\n\t<meta name=\"twitter:data2\" content=\"2 minutos\" \/>\n<script type=\"application\/ld+json\" class=\"yoast-schema-graph\">{\"@context\":\"https:\\\/\\\/schema.org\",\"@graph\":[{\"@type\":\"Article\",\"@id\":\"https:\\\/\\\/diariodelsurdigital.com.ar\\\/?p=5487#article\",\"isPartOf\":{\"@id\":\"https:\\\/\\\/diariodelsurdigital.com.ar\\\/?p=5487\"},\"author\":{\"name\":\"Diario del Sur Digital\",\"@id\":\"https:\\\/\\\/diariodelsurdigital.com.ar\\\/#\\\/schema\\\/person\\\/6136a32571657f7dba980b88b04c5465\"},\"headline\":\"Este viernes 7 de noviembre dar\u00e1 inicio la Expo Navidad en Puerto Yeru\u00e1\",\"datePublished\":\"2025-11-01T23:26:56+00:00\",\"mainEntityOfPage\":{\"@id\":\"https:\\\/\\\/diariodelsurdigital.com.ar\\\/?p=5487\"},\"wordCount\":224,\"commentCount\":0,\"image\":{\"@id\":\"https:\\\/\\\/diariodelsurdigital.com.ar\\\/?p=5487#primaryimage\"},\"thumbnailUrl\":\"https:\\\/\\\/diariodelsurdigital.com.ar\\\/wp-content\\\/uploads\\\/2025\\\/11\\\/Imagen-de-WhatsApp-2025-11-01-a-las-20.13.58_cc7b73f2.jpg\",\"articleSection\":[\"Inter\u00e9s General\",\"Locales\"],\"inLanguage\":\"es\",\"potentialAction\":[{\"@type\":\"CommentAction\",\"name\":\"Comment\",\"target\":[\"https:\\\/\\\/diariodelsurdigital.com.ar\\\/?p=5487#respond\"]}]},{\"@type\":\"WebPage\",\"@id\":\"https:\\\/\\\/diariodelsurdigital.com.ar\\\/?p=5487\",\"url\":\"https:\\\/\\\/diariodelsurdigital.com.ar\\\/?p=5487\",\"name\":\"Este viernes 7 de noviembre dar\u00e1 inicio la Expo Navidad en Puerto Yeru\u00e1 - Diario del Sur\",\"isPartOf\":{\"@id\":\"https:\\\/\\\/diariodelsurdigital.com.ar\\\/#website\"},\"primaryImageOfPage\":{\"@id\":\"https:\\\/\\\/diariodelsurdigital.com.ar\\\/?p=5487#primaryimage\"},\"image\":{\"@id\":\"https:\\\/\\\/diariodelsurdigital.com.ar\\\/?p=5487#primaryimage\"},\"thumbnailUrl\":\"https:\\\/\\\/diariodelsurdigital.com.ar\\\/wp-content\\\/uploads\\\/2025\\\/11\\\/Imagen-de-WhatsApp-2025-11-01-a-las-20.13.58_cc7b73f2.jpg\",\"datePublished\":\"2025-11-01T23:26:56+00:00\",\"author\":{\"@id\":\"https:\\\/\\\/diariodelsurdigital.com.ar\\\/#\\\/schema\\\/person\\\/6136a32571657f7dba980b88b04c5465\"},\"breadcrumb\":{\"@id\":\"https:\\\/\\\/diariodelsurdigital.com.ar\\\/?p=5487#breadcrumb\"},\"inLanguage\":\"es\",\"potentialAction\":[{\"@type\":\"ReadAction\",\"target\":[\"https:\\\/\\\/diariodelsurdigital.com.ar\\\/?p=5487\"]}]},{\"@type\":\"ImageObject\",\"inLanguage\":\"es\",\"@id\":\"https:\\\/\\\/diariodelsurdigital.com.ar\\\/?p=5487#primaryimage\",\"url\":\"https:\\\/\\\/diariodelsurdigital.com.ar\\\/wp-content\\\/uploads\\\/2025\\\/11\\\/Imagen-de-WhatsApp-2025-11-01-a-las-20.13.58_cc7b73f2.jpg\",\"contentUrl\":\"https:\\\/\\\/diariodelsurdigital.com.ar\\\/wp-content\\\/uploads\\\/2025\\\/11\\\/Imagen-de-WhatsApp-2025-11-01-a-las-20.13.58_cc7b73f2.jpg\",\"width\":528,\"height\":351},{\"@type\":\"BreadcrumbList\",\"@id\":\"https:\\\/\\\/diariodelsurdigital.com.ar\\\/?p=5487#breadcrumb\",\"itemListElement\":[{\"@type\":\"ListItem\",\"position\":1,\"name\":\"Portada\",\"item\":\"https:\\\/\\\/diariodelsurdigital.com.ar\\\/\"},{\"@type\":\"ListItem\",\"position\":2,\"name\":\"Este viernes 7 de noviembre dar\u00e1 inicio la Expo Navidad en Puerto Yeru\u00e1\"}]},{\"@type\":\"WebSite\",\"@id\":\"https:\\\/\\\/diariodelsurdigital.com.ar\\\/#website\",\"url\":\"https:\\\/\\\/diariodelsurdigital.com.ar\\\/\",\"name\":\"Diario del Sur\",\"description\":\"Digital\",\"potentialAction\":[{\"@type\":\"SearchAction\",\"target\":{\"@type\":\"EntryPoint\",\"urlTemplate\":\"https:\\\/\\\/diariodelsurdigital.com.ar\\\/?s={search_term_string}\"},\"query-input\":{\"@type\":\"PropertyValueSpecification\",\"valueRequired\":true,\"valueName\":\"search_term_string\"}}],\"inLanguage\":\"es\"},{\"@type\":\"Person\",\"@id\":\"https:\\\/\\\/diariodelsurdigital.com.ar\\\/#\\\/schema\\\/person\\\/6136a32571657f7dba980b88b04c5465\",\"name\":\"Diario del Sur Digital\",\"image\":{\"@type\":\"ImageObject\",\"inLanguage\":\"es\",\"@id\":\"https:\\\/\\\/secure.gravatar.com\\\/avatar\\\/4c29ceac98541dd42460b2474aaa5dd37594d6ce6cb3cf2c101d09b48ee287ba?s=96&d=mm&r=g\",\"url\":\"https:\\\/\\\/secure.gravatar.com\\\/avatar\\\/4c29ceac98541dd42460b2474aaa5dd37594d6ce6cb3cf2c101d09b48ee287ba?s=96&d=mm&r=g\",\"contentUrl\":\"https:\\\/\\\/secure.gravatar.com\\\/avatar\\\/4c29ceac98541dd42460b2474aaa5dd37594d6ce6cb3cf2c101d09b48ee287ba?s=96&d=mm&r=g\",\"caption\":\"Diario del Sur Digital\"},\"url\":\"https:\\\/\\\/diariodelsurdigital.com.ar\\\/?author=2\"}]}<\/script>\n<!-- \/ Yoast SEO plugin. -->","yoast_head_json":{"title":"Este viernes 7 de noviembre dar\u00e1 inicio la Expo Navidad en Puerto Yeru\u00e1 - Diario del Sur","robots":{"index":"index","follow":"follow","max-snippet":"max-snippet:-1","max-image-preview":"max-image-preview:large","max-video-preview":"max-video-preview:-1"},"canonical":"https:\/\/diariodelsurdigital.com.ar\/?p=5487","og_locale":"es_ES","og_type":"article","og_title":"Este viernes 7 de noviembre dar\u00e1 inicio la Expo Navidad en Puerto Yeru\u00e1 - Diario del Sur","og_description":"Este a\u00f1o la Avenida Principal de Puerto Yer\u00faa se vestir\u00e1 de luz y color para dar inicio a la tan esperada EXPO Navidad 2025.En horas de la tarde de este s\u00e1bado, las organizadoras del evento, se reunieron con unas vecinas que, con entusiasmo y trabajo en equipo, comenzaron a colocar los primeros adornos navide\u00f1os. Entre [&hellip;]","og_url":"https:\/\/diariodelsurdigital.com.ar\/?p=5487","og_site_name":"Diario del Sur","article_published_time":"2025-11-01T23:26:56+00:00","og_image":[{"width":528,"height":351,"url":"https:\/\/diariodelsurdigital.com.ar\/wp-content\/uploads\/2025\/11\/Imagen-de-WhatsApp-2025-11-01-a-las-20.13.58_cc7b73f2.jpg","type":"image\/jpeg"}],"author":"Diario del Sur Digital","twitter_card":"summary_large_image","twitter_misc":{"Escrito por":"Diario del Sur Digital","Tiempo de lectura":"2 minutos"},"schema":{"@context":"https:\/\/schema.org","@graph":[{"@type":"Article","@id":"https:\/\/diariodelsurdigital.com.ar\/?p=5487#article","isPartOf":{"@id":"https:\/\/diariodelsurdigital.com.ar\/?p=5487"},"author":{"name":"Diario del Sur Digital","@id":"https:\/\/diariodelsurdigital.com.ar\/#\/schema\/person\/6136a32571657f7dba980b88b04c5465"},"headline":"Este viernes 7 de noviembre dar\u00e1 inicio la Expo Navidad en Puerto Yeru\u00e1","datePublished":"2025-11-01T23:26:56+00:00","mainEntityOfPage":{"@id":"https:\/\/diariodelsurdigital.com.ar\/?p=5487"},"wordCount":224,"commentCount":0,"image":{"@id":"https:\/\/diariodelsurdigital.com.ar\/?p=5487#primaryimage"},"thumbnailUrl":"https:\/\/diariodelsurdigital.com.ar\/wp-content\/uploads\/2025\/11\/Imagen-de-WhatsApp-2025-11-01-a-las-20.13.58_cc7b73f2.jpg","articleSection":["Inter\u00e9s General","Locales"],"inLanguage":"es","potentialAction":[{"@type":"CommentAction","name":"Comment","target":["https:\/\/diariodelsurdigital.com.ar\/?p=5487#respond"]}]},{"@type":"WebPage","@id":"https:\/\/diariodelsurdigital.com.ar\/?p=5487","url":"https:\/\/diariodelsurdigital.com.ar\/?p=5487","name":"Este viernes 7 de noviembre dar\u00e1 inicio la Expo Navidad en Puerto Yeru\u00e1 - Diario del Sur","isPartOf":{"@id":"https:\/\/diariodelsurdigital.com.ar\/#website"},"primaryImageOfPage":{"@id":"https:\/\/diariodelsurdigital.com.ar\/?p=5487#primaryimage"},"image":{"@id":"https:\/\/diariodelsurdigital.com.ar\/?p=5487#primaryimage"},"thumbnailUrl":"https:\/\/diariodelsurdigital.com.ar\/wp-content\/uploads\/2025\/11\/Imagen-de-WhatsApp-2025-11-01-a-las-20.13.58_cc7b73f2.jpg","datePublished":"2025-11-01T23:26:56+00:00","author":{"@id":"https:\/\/diariodelsurdigital.com.ar\/#\/schema\/person\/6136a32571657f7dba980b88b04c5465"},"breadcrumb":{"@id":"https:\/\/diariodelsurdigital.com.ar\/?p=5487#breadcrumb"},"inLanguage":"es","potentialAction":[{"@type":"ReadAction","target":["https:\/\/diariodelsurdigital.com.ar\/?p=5487"]}]},{"@type":"ImageObject","inLanguage":"es","@id":"https:\/\/diariodelsurdigital.com.ar\/?p=5487#primaryimage","url":"https:\/\/diariodelsurdigital.com.ar\/wp-content\/uploads\/2025\/11\/Imagen-de-WhatsApp-2025-11-01-a-las-20.13.58_cc7b73f2.jpg","contentUrl":"https:\/\/diariodelsurdigital.com.ar\/wp-content\/uploads\/2025\/11\/Imagen-de-WhatsApp-2025-11-01-a-las-20.13.58_cc7b73f2.jpg","width":528,"height":351},{"@type":"BreadcrumbList","@id":"https:\/\/diariodelsurdigital.com.ar\/?p=5487#breadcrumb","itemListElement":[{"@type":"ListItem","position":1,"name":"Portada","item":"https:\/\/diariodelsurdigital.com.ar\/"},{"@type":"ListItem","position":2,"name":"Este viernes 7 de noviembre dar\u00e1 inicio la Expo Navidad en Puerto Yeru\u00e1"}]},{"@type":"WebSite","@id":"https:\/\/diariodelsurdigital.com.ar\/#website","url":"https:\/\/diariodelsurdigital.com.ar\/","name":"Diario del Sur","description":"Digital","potentialAction":[{"@type":"SearchAction","target":{"@type":"EntryPoint","urlTemplate":"https:\/\/diariodelsurdigital.com.ar\/?s={search_term_string}"},"query-input":{"@type":"PropertyValueSpecification","valueRequired":true,"valueName":"search_term_string"}}],"inLanguage":"es"},{"@type":"Person","@id":"https:\/\/diariodelsurdigital.com.ar\/#\/schema\/person\/6136a32571657f7dba980b88b04c5465","name":"Diario del Sur Digital","image":{"@type":"ImageObject","inLanguage":"es","@id":"https:\/\/secure.gravatar.com\/avatar\/4c29ceac98541dd42460b2474aaa5dd37594d6ce6cb3cf2c101d09b48ee287ba?s=96&d=mm&r=g","url":"https:\/\/secure.gravatar.com\/avatar\/4c29ceac98541dd42460b2474aaa5dd37594d6ce6cb3cf2c101d09b48ee287ba?s=96&d=mm&r=g","contentUrl":"https:\/\/secure.gravatar.com\/avatar\/4c29ceac98541dd42460b2474aaa5dd37594d6ce6cb3cf2c101d09b48ee287ba?s=96&d=mm&r=g","caption":"Diario del Sur Digital"},"url":"https:\/\/diariodelsurdigital.com.ar\/?author=2"}]}},"_links":{"self":[{"href":"https:\/\/diariodelsurdigital.com.ar\/index.php?rest_route=\/wp\/v2\/posts\/5487","targetHints":{"allow":["GET"]}}],"collection":[{"href":"https:\/\/diariodelsurdigital.com.ar\/index.php?rest_route=\/wp\/v2\/posts"}],"about":[{"href":"https:\/\/diariodelsurdigital.com.ar\/index.php?rest_route=\/wp\/v2\/types\/post"}],"author":[{"embeddable":true,"href":"https:\/\/diariodelsurdigital.com.ar\/index.php?rest_route=\/wp\/v2\/users\/2"}],"replies":[{"embeddable":true,"href":"https:\/\/diariodelsurdigital.com.ar\/index.php?rest_route=%2Fwp%2Fv2%2Fcomments&post=5487"}],"version-history":[{"count":1,"href":"https:\/\/diariodelsurdigital.com.ar\/index.php?rest_route=\/wp\/v2\/posts\/5487\/revisions"}],"predecessor-version":[{"id":5491,"href":"https:\/\/diariodelsurdigital.com.ar\/index.php?rest_route=\/wp\/v2\/posts\/5487\/revisions\/5491"}],"wp:featuredmedia":[{"embeddable":true,"href":"https:\/\/diariodelsurdigital.com.ar\/index.php?rest_route=\/wp\/v2\/media\/5488"}],"wp:attachment":[{"href":"https:\/\/diariodelsurdigital.com.ar\/index.php?rest_route=%2Fwp%2Fv2%2Fmedia&parent=5487"}],"wp:term":[{"taxonomy":"category","embeddable":true,"href":"https:\/\/diariodelsurdigital.com.ar\/index.php?rest_route=%2Fwp%2Fv2%2Fcategories&post=5487"},{"taxonomy":"post_tag","embeddable":true,"href":"https:\/\/diariodelsurdigital.com.ar\/index.php?rest_route=%2Fwp%2Fv2%2Ftags&post=5487"}],"curies":[{"name":"wp","href":"https:\/\/api.w.org\/{rel}","templated":true}]}}