{"id":5493,"date":"2025-11-02T18:51:51","date_gmt":"2025-11-02T21:51:51","guid":{"rendered":"https:\/\/diariodelsurdigital.com.ar\/?p=5493"},"modified":"2025-11-02T18:55:54","modified_gmt":"2025-11-02T21:55:54","slug":"sacaron-a-la-directora-por-malos-tratos-y-abuso-de-autoridad-la-reemplazo-su-marido-y-los-padres-piden-transparencia","status":"publish","type":"post","link":"https:\/\/diariodelsurdigital.com.ar\/?p=5493","title":{"rendered":"Sacaron a la directora por malos tratos y abuso de autoridad. La reemplaz\u00f3 su marido y los padres piden transparencia"},"content":{"rendered":"\n<figure class=\"wp-block-image\"><img decoding=\"async\" src=\"https:\/\/media.elentrerios.com\/fotos-v2\/2025\/11\/02\/l_1762117398.jpg\" alt=\"\" title=\"\"\/><\/figure>\n\n\n\n<p>A una semana de haber asumido el profesor Jose Sivila, la comunidad educativa de la Escuela Agrot\u00e9cnica N\u00b050 \u00abJos\u00e9 Hern\u00e1ndez\u00bb de Colonia El Carmen se comunic\u00f3 con El Entre R\u00edos para manifestar la crisis institucional que atraviesan.<\/p>\n\n\n\n<h3 class=\"wp-block-heading\">Ramat sali\u00f3 tras denuncias<\/h3>\n\n\n\n<p>En la actualidad, solo cuenta con 67 alumnos, siendo que el edificio posee capacidad para 120, luego de que numerosos padres decidieran retirar a sus hijos debido a malos tratos, abuso de autoridad y situaciones de malestar generadas durante la gesti\u00f3n de la exdirectora Mariana Ramat.<\/p>\n\n\n\n<p>En efecto, la docente hab\u00eda sido desvinculada de su cargo tras un largo proceso de denuncias y presentaci\u00f3n de pruebas realizado ante el Consejo General de Educaci\u00f3n. El hecho que fue recibido con alivio y esperanza por gran parte de las familias, docentes y el personal de la escuela, indicaron.<\/p>\n\n\n\n<h3 class=\"wp-block-heading\">La reemplaz\u00f3 su c\u00f3nyuge<\/h3>\n\n\n\n<p>Sin embargo, el reciente nombramiento de su c\u00f3nyuge, el profesor Jose Sivila, como rector interino, ha despertado preocupaci\u00f3n, sospechas y malestar nuevamente dentro de la comunidad.<\/p>\n\n\n\n<p>Padres y docentes se\u00f1alan que Sivila podr\u00eda entorpecer la investigaci\u00f3n que se est\u00e1 llevando a cabo a su esposa Mariana Ramat quien se encuentra bajo sumario e investigaci\u00f3n (bajo el expediente N\u00b03102115), lo cual consideran una grave contradicci\u00f3n respecto a los principios de transparencia y \u00e9tica que deber\u00edan regir la educaci\u00f3n p\u00fablica.<\/p>\n\n\n\n<h3 class=\"wp-block-heading\">La reacci\u00f3n de padres y docentes<\/h3>\n\n\n\n<p>\u201cQueremos un cambio real, no m\u00e1s de lo mismo\u201d, expresan en una carta abierta dirigida al Consejo de Educaci\u00f3n, que hasta el momento no ha brindado concretas.<\/p>\n\n\n\n<p>\u201cC\u00f3mo puede un profesor ense\u00f1ar valores cuando en los hechos se demuestra con ejemplos lo contrario?\u201d, cuestionan algunos padres que reclaman coherencia, respeto y verdadera vocaci\u00f3n educativa dentro de la instituci\u00f3n.<\/p>\n\n\n\n<p>La comunidad educativa exige una intervenci\u00f3n seria y responsable, que priorice el bienestar de los alumnos, el respeto entre los miembros del equipo docente y la recuperaci\u00f3n del prestigio acad\u00e9mico de una escuela que supo ser referente en la regi\u00f3n.<\/p>\n\n\n\n<p>Consideran que \u201cno es congruente ni \u00e9tico permitir que Jose Sivila ocupe el cargo de su c\u00f3nyuge esto va mucho m\u00e1s all\u00e1 de los papeles legales es una cuesti\u00f3n de \u00e9tica de respeto y dignidad que el profesor Sivila deber\u00eda tener hacia las familias de esta escuela\u201d.<\/p>\n\n\n\n<p>\u201cLos chicos, los padres y el personal exigimos un cambio. Queremos una educaci\u00f3n con valores, con \u00e9tica y con compromiso real\u201d, dijeron por \u00faltimo.<\/p>\n\n\n\n<p>Fuente: El Entre Rios<\/p>\n","protected":false},"excerpt":{"rendered":"<p>A una semana de haber asumido el profesor Jose Sivila, la comunidad educativa de la Escuela Agrot\u00e9cnica N\u00b050 \u00abJos\u00e9 Hern\u00e1ndez\u00bb de Colonia El Carmen se comunic\u00f3 con El Entre R\u00edos para manifestar la crisis institucional que atraviesan. Ramat sali\u00f3 tras denuncias En la actualidad, solo cuenta con 67 alumnos, siendo que el edificio posee capacidad [&hellip;]<\/p>\n","protected":false},"author":3,"featured_media":5494,"comment_status":"open","ping_status":"open","sticky":false,"template":"","format":"standard","meta":{"footnotes":""},"categories":[1],"tags":[],"class_list":{"0":"post-5493","1":"post","2":"type-post","3":"status-publish","4":"format-standard","5":"has-post-thumbnail","7":"category-uncategorized"},"yoast_head":"<!-- This site is optimized with the Yoast SEO plugin v27.4 - https:\/\/yoast.com\/product\/yoast-seo-wordpress\/ -->\n<title>Sacaron a la directora por malos tratos y abuso de autoridad. La reemplaz\u00f3 su marido y los padres piden transparencia - Diario del Sur<\/title>\n<meta name=\"robots\" content=\"index, follow, max-snippet:-1, max-image-preview:large, max-video-preview:-1\" \/>\n<link rel=\"canonical\" href=\"https:\/\/diariodelsurdigital.com.ar\/?p=5493\" \/>\n<meta property=\"og:locale\" content=\"es_ES\" \/>\n<meta property=\"og:type\" content=\"article\" \/>\n<meta property=\"og:title\" content=\"Sacaron a la directora por malos tratos y abuso de autoridad. La reemplaz\u00f3 su marido y los padres piden transparencia - Diario del Sur\" \/>\n<meta property=\"og:description\" content=\"A una semana de haber asumido el profesor Jose Sivila, la comunidad educativa de la Escuela Agrot\u00e9cnica N\u00b050 \u00abJos\u00e9 Hern\u00e1ndez\u00bb de Colonia El Carmen se comunic\u00f3 con El Entre R\u00edos para manifestar la crisis institucional que atraviesan. Ramat sali\u00f3 tras denuncias En la actualidad, solo cuenta con 67 alumnos, siendo que el edificio posee capacidad [&hellip;]\" \/>\n<meta property=\"og:url\" content=\"https:\/\/diariodelsurdigital.com.ar\/?p=5493\" \/>\n<meta property=\"og:site_name\" content=\"Diario del Sur\" \/>\n<meta property=\"article:published_time\" content=\"2025-11-02T21:51:51+00:00\" \/>\n<meta property=\"article:modified_time\" content=\"2025-11-02T21:55:54+00:00\" \/>\n<meta property=\"og:image\" content=\"https:\/\/diariodelsurdigital.com.ar\/wp-content\/uploads\/2025\/11\/l_1762117398.jpg\" \/>\n\t<meta property=\"og:image:width\" content=\"870\" \/>\n\t<meta property=\"og:image:height\" content=\"580\" \/>\n\t<meta property=\"og:image:type\" content=\"image\/jpeg\" \/>\n<meta name=\"author\" content=\"Diario del Sur Digital\" \/>\n<meta name=\"twitter:card\" content=\"summary_large_image\" \/>\n<meta name=\"twitter:label1\" content=\"Escrito por\" \/>\n\t<meta name=\"twitter:data1\" content=\"Diario del Sur Digital\" \/>\n\t<meta name=\"twitter:label2\" content=\"Tiempo de lectura\" \/>\n\t<meta name=\"twitter:data2\" content=\"3 minutos\" \/>\n<script type=\"application\/ld+json\" class=\"yoast-schema-graph\">{\"@context\":\"https:\\\/\\\/schema.org\",\"@graph\":[{\"@type\":\"Article\",\"@id\":\"https:\\\/\\\/diariodelsurdigital.com.ar\\\/?p=5493#article\",\"isPartOf\":{\"@id\":\"https:\\\/\\\/diariodelsurdigital.com.ar\\\/?p=5493\"},\"author\":{\"name\":\"Diario del Sur Digital\",\"@id\":\"https:\\\/\\\/diariodelsurdigital.com.ar\\\/#\\\/schema\\\/person\\\/d794acb23337e88c6e4004a39c32be62\"},\"headline\":\"Sacaron a la directora por malos tratos y abuso de autoridad. La reemplaz\u00f3 su marido y los padres piden transparencia\",\"datePublished\":\"2025-11-02T21:51:51+00:00\",\"dateModified\":\"2025-11-02T21:55:54+00:00\",\"mainEntityOfPage\":{\"@id\":\"https:\\\/\\\/diariodelsurdigital.com.ar\\\/?p=5493\"},\"wordCount\":450,\"commentCount\":0,\"image\":{\"@id\":\"https:\\\/\\\/diariodelsurdigital.com.ar\\\/?p=5493#primaryimage\"},\"thumbnailUrl\":\"https:\\\/\\\/diariodelsurdigital.com.ar\\\/wp-content\\\/uploads\\\/2025\\\/11\\\/l_1762117398.jpg\",\"articleSection\":[\"Uncategorized\"],\"inLanguage\":\"es\",\"potentialAction\":[{\"@type\":\"CommentAction\",\"name\":\"Comment\",\"target\":[\"https:\\\/\\\/diariodelsurdigital.com.ar\\\/?p=5493#respond\"]}]},{\"@type\":\"WebPage\",\"@id\":\"https:\\\/\\\/diariodelsurdigital.com.ar\\\/?p=5493\",\"url\":\"https:\\\/\\\/diariodelsurdigital.com.ar\\\/?p=5493\",\"name\":\"Sacaron a la directora por malos tratos y abuso de autoridad. La reemplaz\u00f3 su marido y los padres piden transparencia - Diario del Sur\",\"isPartOf\":{\"@id\":\"https:\\\/\\\/diariodelsurdigital.com.ar\\\/#website\"},\"primaryImageOfPage\":{\"@id\":\"https:\\\/\\\/diariodelsurdigital.com.ar\\\/?p=5493#primaryimage\"},\"image\":{\"@id\":\"https:\\\/\\\/diariodelsurdigital.com.ar\\\/?p=5493#primaryimage\"},\"thumbnailUrl\":\"https:\\\/\\\/diariodelsurdigital.com.ar\\\/wp-content\\\/uploads\\\/2025\\\/11\\\/l_1762117398.jpg\",\"datePublished\":\"2025-11-02T21:51:51+00:00\",\"dateModified\":\"2025-11-02T21:55:54+00:00\",\"author\":{\"@id\":\"https:\\\/\\\/diariodelsurdigital.com.ar\\\/#\\\/schema\\\/person\\\/d794acb23337e88c6e4004a39c32be62\"},\"breadcrumb\":{\"@id\":\"https:\\\/\\\/diariodelsurdigital.com.ar\\\/?p=5493#breadcrumb\"},\"inLanguage\":\"es\",\"potentialAction\":[{\"@type\":\"ReadAction\",\"target\":[\"https:\\\/\\\/diariodelsurdigital.com.ar\\\/?p=5493\"]}]},{\"@type\":\"ImageObject\",\"inLanguage\":\"es\",\"@id\":\"https:\\\/\\\/diariodelsurdigital.com.ar\\\/?p=5493#primaryimage\",\"url\":\"https:\\\/\\\/diariodelsurdigital.com.ar\\\/wp-content\\\/uploads\\\/2025\\\/11\\\/l_1762117398.jpg\",\"contentUrl\":\"https:\\\/\\\/diariodelsurdigital.com.ar\\\/wp-content\\\/uploads\\\/2025\\\/11\\\/l_1762117398.jpg\",\"width\":870,\"height\":580},{\"@type\":\"BreadcrumbList\",\"@id\":\"https:\\\/\\\/diariodelsurdigital.com.ar\\\/?p=5493#breadcrumb\",\"itemListElement\":[{\"@type\":\"ListItem\",\"position\":1,\"name\":\"Portada\",\"item\":\"https:\\\/\\\/diariodelsurdigital.com.ar\\\/\"},{\"@type\":\"ListItem\",\"position\":2,\"name\":\"Sacaron a la directora por malos tratos y abuso de autoridad. La reemplaz\u00f3 su marido y los padres piden transparencia\"}]},{\"@type\":\"WebSite\",\"@id\":\"https:\\\/\\\/diariodelsurdigital.com.ar\\\/#website\",\"url\":\"https:\\\/\\\/diariodelsurdigital.com.ar\\\/\",\"name\":\"Diario del Sur\",\"description\":\"Digital\",\"potentialAction\":[{\"@type\":\"SearchAction\",\"target\":{\"@type\":\"EntryPoint\",\"urlTemplate\":\"https:\\\/\\\/diariodelsurdigital.com.ar\\\/?s={search_term_string}\"},\"query-input\":{\"@type\":\"PropertyValueSpecification\",\"valueRequired\":true,\"valueName\":\"search_term_string\"}}],\"inLanguage\":\"es\"},{\"@type\":\"Person\",\"@id\":\"https:\\\/\\\/diariodelsurdigital.com.ar\\\/#\\\/schema\\\/person\\\/d794acb23337e88c6e4004a39c32be62\",\"name\":\"Diario del Sur Digital\",\"image\":{\"@type\":\"ImageObject\",\"inLanguage\":\"es\",\"@id\":\"https:\\\/\\\/secure.gravatar.com\\\/avatar\\\/47679bcfa15734cfdefc176b6ad58adeeccac22b2e03e095ada6c622af2b463a?s=96&d=mm&r=g\",\"url\":\"https:\\\/\\\/secure.gravatar.com\\\/avatar\\\/47679bcfa15734cfdefc176b6ad58adeeccac22b2e03e095ada6c622af2b463a?s=96&d=mm&r=g\",\"contentUrl\":\"https:\\\/\\\/secure.gravatar.com\\\/avatar\\\/47679bcfa15734cfdefc176b6ad58adeeccac22b2e03e095ada6c622af2b463a?s=96&d=mm&r=g\",\"caption\":\"Diario del Sur Digital\"},\"url\":\"https:\\\/\\\/diariodelsurdigital.com.ar\\\/?author=3\"}]}<\/script>\n<!-- \/ Yoast SEO plugin. -->","yoast_head_json":{"title":"Sacaron a la directora por malos tratos y abuso de autoridad. La reemplaz\u00f3 su marido y los padres piden transparencia - Diario del Sur","robots":{"index":"index","follow":"follow","max-snippet":"max-snippet:-1","max-image-preview":"max-image-preview:large","max-video-preview":"max-video-preview:-1"},"canonical":"https:\/\/diariodelsurdigital.com.ar\/?p=5493","og_locale":"es_ES","og_type":"article","og_title":"Sacaron a la directora por malos tratos y abuso de autoridad. La reemplaz\u00f3 su marido y los padres piden transparencia - Diario del Sur","og_description":"A una semana de haber asumido el profesor Jose Sivila, la comunidad educativa de la Escuela Agrot\u00e9cnica N\u00b050 \u00abJos\u00e9 Hern\u00e1ndez\u00bb de Colonia El Carmen se comunic\u00f3 con El Entre R\u00edos para manifestar la crisis institucional que atraviesan. Ramat sali\u00f3 tras denuncias En la actualidad, solo cuenta con 67 alumnos, siendo que el edificio posee capacidad [&hellip;]","og_url":"https:\/\/diariodelsurdigital.com.ar\/?p=5493","og_site_name":"Diario del Sur","article_published_time":"2025-11-02T21:51:51+00:00","article_modified_time":"2025-11-02T21:55:54+00:00","og_image":[{"width":870,"height":580,"url":"https:\/\/diariodelsurdigital.com.ar\/wp-content\/uploads\/2025\/11\/l_1762117398.jpg","type":"image\/jpeg"}],"author":"Diario del Sur Digital","twitter_card":"summary_large_image","twitter_misc":{"Escrito por":"Diario del Sur Digital","Tiempo de lectura":"3 minutos"},"schema":{"@context":"https:\/\/schema.org","@graph":[{"@type":"Article","@id":"https:\/\/diariodelsurdigital.com.ar\/?p=5493#article","isPartOf":{"@id":"https:\/\/diariodelsurdigital.com.ar\/?p=5493"},"author":{"name":"Diario del Sur Digital","@id":"https:\/\/diariodelsurdigital.com.ar\/#\/schema\/person\/d794acb23337e88c6e4004a39c32be62"},"headline":"Sacaron a la directora por malos tratos y abuso de autoridad. La reemplaz\u00f3 su marido y los padres piden transparencia","datePublished":"2025-11-02T21:51:51+00:00","dateModified":"2025-11-02T21:55:54+00:00","mainEntityOfPage":{"@id":"https:\/\/diariodelsurdigital.com.ar\/?p=5493"},"wordCount":450,"commentCount":0,"image":{"@id":"https:\/\/diariodelsurdigital.com.ar\/?p=5493#primaryimage"},"thumbnailUrl":"https:\/\/diariodelsurdigital.com.ar\/wp-content\/uploads\/2025\/11\/l_1762117398.jpg","articleSection":["Uncategorized"],"inLanguage":"es","potentialAction":[{"@type":"CommentAction","name":"Comment","target":["https:\/\/diariodelsurdigital.com.ar\/?p=5493#respond"]}]},{"@type":"WebPage","@id":"https:\/\/diariodelsurdigital.com.ar\/?p=5493","url":"https:\/\/diariodelsurdigital.com.ar\/?p=5493","name":"Sacaron a la directora por malos tratos y abuso de autoridad. La reemplaz\u00f3 su marido y los padres piden transparencia - Diario del Sur","isPartOf":{"@id":"https:\/\/diariodelsurdigital.com.ar\/#website"},"primaryImageOfPage":{"@id":"https:\/\/diariodelsurdigital.com.ar\/?p=5493#primaryimage"},"image":{"@id":"https:\/\/diariodelsurdigital.com.ar\/?p=5493#primaryimage"},"thumbnailUrl":"https:\/\/diariodelsurdigital.com.ar\/wp-content\/uploads\/2025\/11\/l_1762117398.jpg","datePublished":"2025-11-02T21:51:51+00:00","dateModified":"2025-11-02T21:55:54+00:00","author":{"@id":"https:\/\/diariodelsurdigital.com.ar\/#\/schema\/person\/d794acb23337e88c6e4004a39c32be62"},"breadcrumb":{"@id":"https:\/\/diariodelsurdigital.com.ar\/?p=5493#breadcrumb"},"inLanguage":"es","potentialAction":[{"@type":"ReadAction","target":["https:\/\/diariodelsurdigital.com.ar\/?p=5493"]}]},{"@type":"ImageObject","inLanguage":"es","@id":"https:\/\/diariodelsurdigital.com.ar\/?p=5493#primaryimage","url":"https:\/\/diariodelsurdigital.com.ar\/wp-content\/uploads\/2025\/11\/l_1762117398.jpg","contentUrl":"https:\/\/diariodelsurdigital.com.ar\/wp-content\/uploads\/2025\/11\/l_1762117398.jpg","width":870,"height":580},{"@type":"BreadcrumbList","@id":"https:\/\/diariodelsurdigital.com.ar\/?p=5493#breadcrumb","itemListElement":[{"@type":"ListItem","position":1,"name":"Portada","item":"https:\/\/diariodelsurdigital.com.ar\/"},{"@type":"ListItem","position":2,"name":"Sacaron a la directora por malos tratos y abuso de autoridad. La reemplaz\u00f3 su marido y los padres piden transparencia"}]},{"@type":"WebSite","@id":"https:\/\/diariodelsurdigital.com.ar\/#website","url":"https:\/\/diariodelsurdigital.com.ar\/","name":"Diario del Sur","description":"Digital","potentialAction":[{"@type":"SearchAction","target":{"@type":"EntryPoint","urlTemplate":"https:\/\/diariodelsurdigital.com.ar\/?s={search_term_string}"},"query-input":{"@type":"PropertyValueSpecification","valueRequired":true,"valueName":"search_term_string"}}],"inLanguage":"es"},{"@type":"Person","@id":"https:\/\/diariodelsurdigital.com.ar\/#\/schema\/person\/d794acb23337e88c6e4004a39c32be62","name":"Diario del Sur Digital","image":{"@type":"ImageObject","inLanguage":"es","@id":"https:\/\/secure.gravatar.com\/avatar\/47679bcfa15734cfdefc176b6ad58adeeccac22b2e03e095ada6c622af2b463a?s=96&d=mm&r=g","url":"https:\/\/secure.gravatar.com\/avatar\/47679bcfa15734cfdefc176b6ad58adeeccac22b2e03e095ada6c622af2b463a?s=96&d=mm&r=g","contentUrl":"https:\/\/secure.gravatar.com\/avatar\/47679bcfa15734cfdefc176b6ad58adeeccac22b2e03e095ada6c622af2b463a?s=96&d=mm&r=g","caption":"Diario del Sur Digital"},"url":"https:\/\/diariodelsurdigital.com.ar\/?author=3"}]}},"_links":{"self":[{"href":"https:\/\/diariodelsurdigital.com.ar\/index.php?rest_route=\/wp\/v2\/posts\/5493","targetHints":{"allow":["GET"]}}],"collection":[{"href":"https:\/\/diariodelsurdigital.com.ar\/index.php?rest_route=\/wp\/v2\/posts"}],"about":[{"href":"https:\/\/diariodelsurdigital.com.ar\/index.php?rest_route=\/wp\/v2\/types\/post"}],"author":[{"embeddable":true,"href":"https:\/\/diariodelsurdigital.com.ar\/index.php?rest_route=\/wp\/v2\/users\/3"}],"replies":[{"embeddable":true,"href":"https:\/\/diariodelsurdigital.com.ar\/index.php?rest_route=%2Fwp%2Fv2%2Fcomments&post=5493"}],"version-history":[{"count":2,"href":"https:\/\/diariodelsurdigital.com.ar\/index.php?rest_route=\/wp\/v2\/posts\/5493\/revisions"}],"predecessor-version":[{"id":5499,"href":"https:\/\/diariodelsurdigital.com.ar\/index.php?rest_route=\/wp\/v2\/posts\/5493\/revisions\/5499"}],"wp:featuredmedia":[{"embeddable":true,"href":"https:\/\/diariodelsurdigital.com.ar\/index.php?rest_route=\/wp\/v2\/media\/5494"}],"wp:attachment":[{"href":"https:\/\/diariodelsurdigital.com.ar\/index.php?rest_route=%2Fwp%2Fv2%2Fmedia&parent=5493"}],"wp:term":[{"taxonomy":"category","embeddable":true,"href":"https:\/\/diariodelsurdigital.com.ar\/index.php?rest_route=%2Fwp%2Fv2%2Fcategories&post=5493"},{"taxonomy":"post_tag","embeddable":true,"href":"https:\/\/diariodelsurdigital.com.ar\/index.php?rest_route=%2Fwp%2Fv2%2Ftags&post=5493"}],"curies":[{"name":"wp","href":"https:\/\/api.w.org\/{rel}","templated":true}]}}