{"id":5500,"date":"2025-11-02T19:53:57","date_gmt":"2025-11-02T22:53:57","guid":{"rendered":"https:\/\/diariodelsurdigital.com.ar\/?p=5500"},"modified":"2025-11-02T19:55:23","modified_gmt":"2025-11-02T22:55:23","slug":"libertario-entrerriano-dijo-que-la-alianza-con-jxer-termino-el-domingo-y-que-se-necesitan-gobernadores-e-intendentes-propios","status":"publish","type":"post","link":"https:\/\/diariodelsurdigital.com.ar\/?p=5500","title":{"rendered":"Libertario entrerriano dijo que \u201cLa alianza con JxER termin\u00f3 el domingo\u201d y que se necesitan gobernadores e intendentes propios"},"content":{"rendered":"\n<p><\/p>\n\n\n\n<p>El referente del partido libertario en Gualeguaych\u00fa, Andr\u00e9s Romero, celebr\u00f3 la victoria en las elecciones legislativas y asever\u00f3 que \u201cfue nacional, un plebiscito para el Presidente\u201d. Consider\u00f3 que la alianza con Juntos por Entre R\u00edos \u201ctermin\u00f3 el domingo\u201d y que, si bien \u201cfalta mucho y va a depender de lo que decida el partido a nivel nacional\u201d, la expectativa para el 2027 en Entre R\u00edos es tener candidatos propios tanto en las intendencias como en la gobernaci\u00f3n.<\/p>\n\n\n\n<p>Cuando La Libertad Avanza ni siquiera estaba conformada como partido pol\u00edtico, el abogado Andr\u00e9s Romero \u201cla vio\u201d y se postul\u00f3 como candidato a intendente en el 2023. Impulsado por la inesperada ola violeta de aquel entonces, que sac\u00f3 de la cancha a nivel nacional al Pro y al Peronismo, cosech\u00f3 una gran cantidad de votos por ser la primera vez que participaba de unos comicios, lo que le permiti\u00f3 incluso meter dos concejales.<\/p>\n\n\n\n<p>Ya mejor posicionado, se dedic\u00f3 en silencio a conformar el partido a nivel provincial junto a otros dirigentes libertarios, para participar en las elecciones con sello propio.<\/p>\n\n\n\n<p>Si bien el acuerdo entre Rogelio Frigerio y Karina Milei que deriv\u00f3 en la llegada de Benegas Lynch para encabezar la boleta, le dio mayor protagonismo al gobernador y a los intendentes, desde los armados locales de La Libertad Avanza sacan pecho y le atribuyen el triunfo a su partido y a Javier Milei, algo que se refuerza al observar lo que ocurri\u00f3 en casi todas las provincias del pa\u00eds, y sobre todo a las derrotas que sufrieron los gobernadores \u201cdialoguistas\u201d de Provincias Unidas.<\/p>\n\n\n\n<p>En di\u00e1logo con Ahora ElD\u00eda, Andr\u00e9s Romero analiz\u00f3 las elecciones y adelant\u00f3 qu\u00e9 posicionamiento tendr\u00e1 La Libertad Avanza en Gualeguaych\u00fa de cara al futuro.<\/p>\n\n\n\n<p><strong>-\u00bfQu\u00e9 balance haces del triunfo en Gualeguaych\u00fa y Entre R\u00edos?<\/strong><\/p>\n\n\n\n<p>-El triunfo se debe a que la gente no quiere volver al populismo. Por eso, sin importar el sacrificio que est\u00e1 haciendo, cuesti\u00f3n que fue manifestada en campa\u00f1a por el presidente durante el 2023, que dijo que esto iba a pasar y que no iba a ser f\u00e1cil, que todos ten\u00edamos que hacer un sacrificio para el d\u00e9ficit cero, para bajar la inflaci\u00f3n, para no emitir. Y eso la gente el domingo lo revalid\u00f3. El domingo le dio un voto de confianza para que con mayor cantidad de diputados y senadores pueda llevar adelante las reformas que el pa\u00eds necesita para salir adelante, muchas de las cuales hab\u00edan sido ya propuestas en la Ley Bases, que van a ser reflotadas obviamente ya con el nuevo n\u00famero en el Senado y en diputados a partir del 11 de diciembre, que se van a llamar a sesiones Extraordinarias.<\/p>\n\n\n\n<p><\/p>\n\n\n\n<p><strong>-\u00bfQu\u00e9 pes\u00f3 en la gente a la hora de optar por La Libertad Avanza?<\/strong><\/p>\n\n\n\n<p>-La Libertad Avanza ya es un partido nacional con representaci\u00f3n en los 24 distritos del pa\u00eds, que en tiempo r\u00e9cord se constituy\u00f3 en un a\u00f1o, es el partido del presidente y a la hora de optar la gente decidi\u00f3 por avanzar y que Argentina no retroceda m\u00e1s. Y que quede claro que la elecci\u00f3n del domingo fue nacional y fue un plebiscito para el gobierno presidencial, porque escuche a varios funcionarios provinciales y municipales que se colgaron del saco del presidente y ni nombraron al motor del triunfo que fue La Libertad Avanza Entre R\u00edos, saliendo a adjudicarse una aprobaci\u00f3n en sus gestiones, cuando para ello todav\u00eda faltan dos a\u00f1os.<\/p>\n\n\n\n<p><strong>-\u00bfLa alianza con Davico fue un acuerdo electoral o vino para quedarse?<\/strong><\/p>\n\n\n\n<p>-Quiero dejar en claro que no fue una alianza con Davico, quiero ser m\u00e1s t\u00e9cnico en esto, la alianza es entre La Libertad Avanza y Juntos por Entre R\u00edos, dentro de los cuales se encuentra el partido del intendente que es Nueva Generaci\u00f3n. Hay que tener en cuenta que la alianza termin\u00f3 el domingo y ahora todo el mundo vuelve a sus bases y bueno, eso depender\u00e1 de lo que decida el partido nacional llegado el momento de definir c\u00f3mo se va o de qu\u00e9 manera va a las pr\u00f3ximas elecciones, determinar si las alianzas contin\u00faan, si se forman o si se rompen, si se va solo, si se va juntos\u2026 falta mucho tiempo, mucho camino por recorrer.<\/p>\n\n\n\n<p><strong>-\u00bfQu\u00e9 expectativas tiene La Libertad Avanza en la ciudad de cara al futuro y al 2027?<\/strong><\/p>\n\n\n\n<p>-La expectativa obviamente es tratar de que en el 2027 los candidatos a gobernadores e intendentes, jefes de comunas y presidentes de junta sean del espacio del presidente, de La Libertad Avanza, porque el cambio cultural se da a partir de ah\u00ed. Hay que tener en cuenta que hoy el presidente no tiene ning\u00fan gobernador, ning\u00fan intendente. Bueno, de cara a ser 2027, creo que la etapa que se viene es que el gobierno nacional quiera para continuar con la batalla cultural y con las ideas del liberalismo, empezar a tener participaci\u00f3n en las distintas jurisdicciones, ya sea a nivel gobernaci\u00f3n o a nivel municipio. El presidente primero tiene que tener las herramientas, demostrar que las herramientas fueron \u00fatiles para empezar a que el pa\u00eds empiece a crecer, que la gente empiece a recuperar el salario, que los resultados ya la gente los empiece a sentir en forma real y a partir de ah\u00ed se decidir\u00e1 a futuro que es lo que el presidente quiere hacer, teniendo en cuenta si le va bien y acuerda su reelecci\u00f3n, y a partir de ah\u00ed decidir con respecto a los dem\u00e1s distritos que es lo que considera el partido nacional que sea lo mejor para acompa\u00f1ar al presidente. Como dijo nuestro vicepresidente del partido nacional Mart\u00edn Menem, todos son bienvenidos a abrazar las ideas de la libertad, pero bajo el paraguas de La Libertad Avanza.<\/p>\n\n\n\n<p>Fuente:\u00a0Ahora El D\u00eda<\/p>\n","protected":false},"excerpt":{"rendered":"<p>El referente del partido libertario en Gualeguaych\u00fa, Andr\u00e9s Romero, celebr\u00f3 la victoria en las elecciones legislativas y asever\u00f3 que \u201cfue nacional, un plebiscito para el Presidente\u201d. Consider\u00f3 que la alianza con Juntos por Entre R\u00edos \u201ctermin\u00f3 el domingo\u201d y que, si bien \u201cfalta mucho y va a depender de lo que decida el partido a [&hellip;]<\/p>\n","protected":false},"author":2,"featured_media":5502,"comment_status":"open","ping_status":"open","sticky":false,"template":"","format":"standard","meta":{"footnotes":""},"categories":[22,17],"tags":[],"class_list":{"0":"post-5500","1":"post","2":"type-post","3":"status-publish","4":"format-standard","5":"has-post-thumbnail","7":"category-politica","8":"category-provinciales"},"yoast_head":"<!-- This site is optimized with the Yoast SEO plugin v27.4 - https:\/\/yoast.com\/product\/yoast-seo-wordpress\/ -->\n<title>Libertario entrerriano dijo que \u201cLa alianza con JxER termin\u00f3 el domingo\u201d y que se necesitan gobernadores e intendentes propios - Diario del Sur<\/title>\n<meta name=\"robots\" content=\"index, follow, max-snippet:-1, max-image-preview:large, max-video-preview:-1\" \/>\n<link rel=\"canonical\" href=\"https:\/\/diariodelsurdigital.com.ar\/?p=5500\" \/>\n<meta property=\"og:locale\" content=\"es_ES\" \/>\n<meta property=\"og:type\" content=\"article\" \/>\n<meta property=\"og:title\" content=\"Libertario entrerriano dijo que \u201cLa alianza con JxER termin\u00f3 el domingo\u201d y que se necesitan gobernadores e intendentes propios - Diario del Sur\" \/>\n<meta property=\"og:description\" content=\"El referente del partido libertario en Gualeguaych\u00fa, Andr\u00e9s Romero, celebr\u00f3 la victoria en las elecciones legislativas y asever\u00f3 que \u201cfue nacional, un plebiscito para el Presidente\u201d. Consider\u00f3 que la alianza con Juntos por Entre R\u00edos \u201ctermin\u00f3 el domingo\u201d y que, si bien \u201cfalta mucho y va a depender de lo que decida el partido a [&hellip;]\" \/>\n<meta property=\"og:url\" content=\"https:\/\/diariodelsurdigital.com.ar\/?p=5500\" \/>\n<meta property=\"og:site_name\" content=\"Diario del Sur\" \/>\n<meta property=\"article:published_time\" content=\"2025-11-02T22:53:57+00:00\" \/>\n<meta property=\"article:modified_time\" content=\"2025-11-02T22:55:23+00:00\" \/>\n<meta property=\"og:image\" content=\"https:\/\/diariodelsurdigital.com.ar\/wp-content\/uploads\/2025\/11\/l_1762080412.jpg\" \/>\n\t<meta property=\"og:image:width\" content=\"435\" \/>\n\t<meta property=\"og:image:height\" content=\"274\" \/>\n\t<meta property=\"og:image:type\" content=\"image\/jpeg\" \/>\n<meta name=\"author\" content=\"Diario del Sur Digital\" \/>\n<meta name=\"twitter:card\" content=\"summary_large_image\" \/>\n<meta name=\"twitter:label1\" content=\"Escrito por\" \/>\n\t<meta name=\"twitter:data1\" content=\"Diario del Sur Digital\" \/>\n\t<meta name=\"twitter:label2\" content=\"Tiempo de lectura\" \/>\n\t<meta name=\"twitter:data2\" content=\"5 minutos\" \/>\n<script type=\"application\/ld+json\" class=\"yoast-schema-graph\">{\"@context\":\"https:\\\/\\\/schema.org\",\"@graph\":[{\"@type\":\"Article\",\"@id\":\"https:\\\/\\\/diariodelsurdigital.com.ar\\\/?p=5500#article\",\"isPartOf\":{\"@id\":\"https:\\\/\\\/diariodelsurdigital.com.ar\\\/?p=5500\"},\"author\":{\"name\":\"Diario del Sur Digital\",\"@id\":\"https:\\\/\\\/diariodelsurdigital.com.ar\\\/#\\\/schema\\\/person\\\/6136a32571657f7dba980b88b04c5465\"},\"headline\":\"Libertario entrerriano dijo que \u201cLa alianza con JxER termin\u00f3 el domingo\u201d y que se necesitan gobernadores e intendentes propios\",\"datePublished\":\"2025-11-02T22:53:57+00:00\",\"dateModified\":\"2025-11-02T22:55:23+00:00\",\"mainEntityOfPage\":{\"@id\":\"https:\\\/\\\/diariodelsurdigital.com.ar\\\/?p=5500\"},\"wordCount\":1009,\"commentCount\":0,\"image\":{\"@id\":\"https:\\\/\\\/diariodelsurdigital.com.ar\\\/?p=5500#primaryimage\"},\"thumbnailUrl\":\"https:\\\/\\\/diariodelsurdigital.com.ar\\\/wp-content\\\/uploads\\\/2025\\\/11\\\/l_1762080412.jpg\",\"articleSection\":[\"Pol\u00edtica\",\"Provinciales\"],\"inLanguage\":\"es\",\"potentialAction\":[{\"@type\":\"CommentAction\",\"name\":\"Comment\",\"target\":[\"https:\\\/\\\/diariodelsurdigital.com.ar\\\/?p=5500#respond\"]}]},{\"@type\":\"WebPage\",\"@id\":\"https:\\\/\\\/diariodelsurdigital.com.ar\\\/?p=5500\",\"url\":\"https:\\\/\\\/diariodelsurdigital.com.ar\\\/?p=5500\",\"name\":\"Libertario entrerriano dijo que \u201cLa alianza con JxER termin\u00f3 el domingo\u201d y que se necesitan gobernadores e intendentes propios - Diario del Sur\",\"isPartOf\":{\"@id\":\"https:\\\/\\\/diariodelsurdigital.com.ar\\\/#website\"},\"primaryImageOfPage\":{\"@id\":\"https:\\\/\\\/diariodelsurdigital.com.ar\\\/?p=5500#primaryimage\"},\"image\":{\"@id\":\"https:\\\/\\\/diariodelsurdigital.com.ar\\\/?p=5500#primaryimage\"},\"thumbnailUrl\":\"https:\\\/\\\/diariodelsurdigital.com.ar\\\/wp-content\\\/uploads\\\/2025\\\/11\\\/l_1762080412.jpg\",\"datePublished\":\"2025-11-02T22:53:57+00:00\",\"dateModified\":\"2025-11-02T22:55:23+00:00\",\"author\":{\"@id\":\"https:\\\/\\\/diariodelsurdigital.com.ar\\\/#\\\/schema\\\/person\\\/6136a32571657f7dba980b88b04c5465\"},\"breadcrumb\":{\"@id\":\"https:\\\/\\\/diariodelsurdigital.com.ar\\\/?p=5500#breadcrumb\"},\"inLanguage\":\"es\",\"potentialAction\":[{\"@type\":\"ReadAction\",\"target\":[\"https:\\\/\\\/diariodelsurdigital.com.ar\\\/?p=5500\"]}]},{\"@type\":\"ImageObject\",\"inLanguage\":\"es\",\"@id\":\"https:\\\/\\\/diariodelsurdigital.com.ar\\\/?p=5500#primaryimage\",\"url\":\"https:\\\/\\\/diariodelsurdigital.com.ar\\\/wp-content\\\/uploads\\\/2025\\\/11\\\/l_1762080412.jpg\",\"contentUrl\":\"https:\\\/\\\/diariodelsurdigital.com.ar\\\/wp-content\\\/uploads\\\/2025\\\/11\\\/l_1762080412.jpg\",\"width\":435,\"height\":274},{\"@type\":\"BreadcrumbList\",\"@id\":\"https:\\\/\\\/diariodelsurdigital.com.ar\\\/?p=5500#breadcrumb\",\"itemListElement\":[{\"@type\":\"ListItem\",\"position\":1,\"name\":\"Portada\",\"item\":\"https:\\\/\\\/diariodelsurdigital.com.ar\\\/\"},{\"@type\":\"ListItem\",\"position\":2,\"name\":\"Libertario entrerriano dijo que \u201cLa alianza con JxER termin\u00f3 el domingo\u201d y que se necesitan gobernadores e intendentes propios\"}]},{\"@type\":\"WebSite\",\"@id\":\"https:\\\/\\\/diariodelsurdigital.com.ar\\\/#website\",\"url\":\"https:\\\/\\\/diariodelsurdigital.com.ar\\\/\",\"name\":\"Diario del Sur\",\"description\":\"Digital\",\"potentialAction\":[{\"@type\":\"SearchAction\",\"target\":{\"@type\":\"EntryPoint\",\"urlTemplate\":\"https:\\\/\\\/diariodelsurdigital.com.ar\\\/?s={search_term_string}\"},\"query-input\":{\"@type\":\"PropertyValueSpecification\",\"valueRequired\":true,\"valueName\":\"search_term_string\"}}],\"inLanguage\":\"es\"},{\"@type\":\"Person\",\"@id\":\"https:\\\/\\\/diariodelsurdigital.com.ar\\\/#\\\/schema\\\/person\\\/6136a32571657f7dba980b88b04c5465\",\"name\":\"Diario del Sur Digital\",\"image\":{\"@type\":\"ImageObject\",\"inLanguage\":\"es\",\"@id\":\"https:\\\/\\\/secure.gravatar.com\\\/avatar\\\/4c29ceac98541dd42460b2474aaa5dd37594d6ce6cb3cf2c101d09b48ee287ba?s=96&d=mm&r=g\",\"url\":\"https:\\\/\\\/secure.gravatar.com\\\/avatar\\\/4c29ceac98541dd42460b2474aaa5dd37594d6ce6cb3cf2c101d09b48ee287ba?s=96&d=mm&r=g\",\"contentUrl\":\"https:\\\/\\\/secure.gravatar.com\\\/avatar\\\/4c29ceac98541dd42460b2474aaa5dd37594d6ce6cb3cf2c101d09b48ee287ba?s=96&d=mm&r=g\",\"caption\":\"Diario del Sur Digital\"},\"url\":\"https:\\\/\\\/diariodelsurdigital.com.ar\\\/?author=2\"}]}<\/script>\n<!-- \/ Yoast SEO plugin. -->","yoast_head_json":{"title":"Libertario entrerriano dijo que \u201cLa alianza con JxER termin\u00f3 el domingo\u201d y que se necesitan gobernadores e intendentes propios - Diario del Sur","robots":{"index":"index","follow":"follow","max-snippet":"max-snippet:-1","max-image-preview":"max-image-preview:large","max-video-preview":"max-video-preview:-1"},"canonical":"https:\/\/diariodelsurdigital.com.ar\/?p=5500","og_locale":"es_ES","og_type":"article","og_title":"Libertario entrerriano dijo que \u201cLa alianza con JxER termin\u00f3 el domingo\u201d y que se necesitan gobernadores e intendentes propios - Diario del Sur","og_description":"El referente del partido libertario en Gualeguaych\u00fa, Andr\u00e9s Romero, celebr\u00f3 la victoria en las elecciones legislativas y asever\u00f3 que \u201cfue nacional, un plebiscito para el Presidente\u201d. Consider\u00f3 que la alianza con Juntos por Entre R\u00edos \u201ctermin\u00f3 el domingo\u201d y que, si bien \u201cfalta mucho y va a depender de lo que decida el partido a [&hellip;]","og_url":"https:\/\/diariodelsurdigital.com.ar\/?p=5500","og_site_name":"Diario del Sur","article_published_time":"2025-11-02T22:53:57+00:00","article_modified_time":"2025-11-02T22:55:23+00:00","og_image":[{"width":435,"height":274,"url":"https:\/\/diariodelsurdigital.com.ar\/wp-content\/uploads\/2025\/11\/l_1762080412.jpg","type":"image\/jpeg"}],"author":"Diario del Sur Digital","twitter_card":"summary_large_image","twitter_misc":{"Escrito por":"Diario del Sur Digital","Tiempo de lectura":"5 minutos"},"schema":{"@context":"https:\/\/schema.org","@graph":[{"@type":"Article","@id":"https:\/\/diariodelsurdigital.com.ar\/?p=5500#article","isPartOf":{"@id":"https:\/\/diariodelsurdigital.com.ar\/?p=5500"},"author":{"name":"Diario del Sur Digital","@id":"https:\/\/diariodelsurdigital.com.ar\/#\/schema\/person\/6136a32571657f7dba980b88b04c5465"},"headline":"Libertario entrerriano dijo que \u201cLa alianza con JxER termin\u00f3 el domingo\u201d y que se necesitan gobernadores e intendentes propios","datePublished":"2025-11-02T22:53:57+00:00","dateModified":"2025-11-02T22:55:23+00:00","mainEntityOfPage":{"@id":"https:\/\/diariodelsurdigital.com.ar\/?p=5500"},"wordCount":1009,"commentCount":0,"image":{"@id":"https:\/\/diariodelsurdigital.com.ar\/?p=5500#primaryimage"},"thumbnailUrl":"https:\/\/diariodelsurdigital.com.ar\/wp-content\/uploads\/2025\/11\/l_1762080412.jpg","articleSection":["Pol\u00edtica","Provinciales"],"inLanguage":"es","potentialAction":[{"@type":"CommentAction","name":"Comment","target":["https:\/\/diariodelsurdigital.com.ar\/?p=5500#respond"]}]},{"@type":"WebPage","@id":"https:\/\/diariodelsurdigital.com.ar\/?p=5500","url":"https:\/\/diariodelsurdigital.com.ar\/?p=5500","name":"Libertario entrerriano dijo que \u201cLa alianza con JxER termin\u00f3 el domingo\u201d y que se necesitan gobernadores e intendentes propios - Diario del Sur","isPartOf":{"@id":"https:\/\/diariodelsurdigital.com.ar\/#website"},"primaryImageOfPage":{"@id":"https:\/\/diariodelsurdigital.com.ar\/?p=5500#primaryimage"},"image":{"@id":"https:\/\/diariodelsurdigital.com.ar\/?p=5500#primaryimage"},"thumbnailUrl":"https:\/\/diariodelsurdigital.com.ar\/wp-content\/uploads\/2025\/11\/l_1762080412.jpg","datePublished":"2025-11-02T22:53:57+00:00","dateModified":"2025-11-02T22:55:23+00:00","author":{"@id":"https:\/\/diariodelsurdigital.com.ar\/#\/schema\/person\/6136a32571657f7dba980b88b04c5465"},"breadcrumb":{"@id":"https:\/\/diariodelsurdigital.com.ar\/?p=5500#breadcrumb"},"inLanguage":"es","potentialAction":[{"@type":"ReadAction","target":["https:\/\/diariodelsurdigital.com.ar\/?p=5500"]}]},{"@type":"ImageObject","inLanguage":"es","@id":"https:\/\/diariodelsurdigital.com.ar\/?p=5500#primaryimage","url":"https:\/\/diariodelsurdigital.com.ar\/wp-content\/uploads\/2025\/11\/l_1762080412.jpg","contentUrl":"https:\/\/diariodelsurdigital.com.ar\/wp-content\/uploads\/2025\/11\/l_1762080412.jpg","width":435,"height":274},{"@type":"BreadcrumbList","@id":"https:\/\/diariodelsurdigital.com.ar\/?p=5500#breadcrumb","itemListElement":[{"@type":"ListItem","position":1,"name":"Portada","item":"https:\/\/diariodelsurdigital.com.ar\/"},{"@type":"ListItem","position":2,"name":"Libertario entrerriano dijo que \u201cLa alianza con JxER termin\u00f3 el domingo\u201d y que se necesitan gobernadores e intendentes propios"}]},{"@type":"WebSite","@id":"https:\/\/diariodelsurdigital.com.ar\/#website","url":"https:\/\/diariodelsurdigital.com.ar\/","name":"Diario del Sur","description":"Digital","potentialAction":[{"@type":"SearchAction","target":{"@type":"EntryPoint","urlTemplate":"https:\/\/diariodelsurdigital.com.ar\/?s={search_term_string}"},"query-input":{"@type":"PropertyValueSpecification","valueRequired":true,"valueName":"search_term_string"}}],"inLanguage":"es"},{"@type":"Person","@id":"https:\/\/diariodelsurdigital.com.ar\/#\/schema\/person\/6136a32571657f7dba980b88b04c5465","name":"Diario del Sur Digital","image":{"@type":"ImageObject","inLanguage":"es","@id":"https:\/\/secure.gravatar.com\/avatar\/4c29ceac98541dd42460b2474aaa5dd37594d6ce6cb3cf2c101d09b48ee287ba?s=96&d=mm&r=g","url":"https:\/\/secure.gravatar.com\/avatar\/4c29ceac98541dd42460b2474aaa5dd37594d6ce6cb3cf2c101d09b48ee287ba?s=96&d=mm&r=g","contentUrl":"https:\/\/secure.gravatar.com\/avatar\/4c29ceac98541dd42460b2474aaa5dd37594d6ce6cb3cf2c101d09b48ee287ba?s=96&d=mm&r=g","caption":"Diario del Sur Digital"},"url":"https:\/\/diariodelsurdigital.com.ar\/?author=2"}]}},"_links":{"self":[{"href":"https:\/\/diariodelsurdigital.com.ar\/index.php?rest_route=\/wp\/v2\/posts\/5500","targetHints":{"allow":["GET"]}}],"collection":[{"href":"https:\/\/diariodelsurdigital.com.ar\/index.php?rest_route=\/wp\/v2\/posts"}],"about":[{"href":"https:\/\/diariodelsurdigital.com.ar\/index.php?rest_route=\/wp\/v2\/types\/post"}],"author":[{"embeddable":true,"href":"https:\/\/diariodelsurdigital.com.ar\/index.php?rest_route=\/wp\/v2\/users\/2"}],"replies":[{"embeddable":true,"href":"https:\/\/diariodelsurdigital.com.ar\/index.php?rest_route=%2Fwp%2Fv2%2Fcomments&post=5500"}],"version-history":[{"count":2,"href":"https:\/\/diariodelsurdigital.com.ar\/index.php?rest_route=\/wp\/v2\/posts\/5500\/revisions"}],"predecessor-version":[{"id":5504,"href":"https:\/\/diariodelsurdigital.com.ar\/index.php?rest_route=\/wp\/v2\/posts\/5500\/revisions\/5504"}],"wp:featuredmedia":[{"embeddable":true,"href":"https:\/\/diariodelsurdigital.com.ar\/index.php?rest_route=\/wp\/v2\/media\/5502"}],"wp:attachment":[{"href":"https:\/\/diariodelsurdigital.com.ar\/index.php?rest_route=%2Fwp%2Fv2%2Fmedia&parent=5500"}],"wp:term":[{"taxonomy":"category","embeddable":true,"href":"https:\/\/diariodelsurdigital.com.ar\/index.php?rest_route=%2Fwp%2Fv2%2Fcategories&post=5500"},{"taxonomy":"post_tag","embeddable":true,"href":"https:\/\/diariodelsurdigital.com.ar\/index.php?rest_route=%2Fwp%2Fv2%2Ftags&post=5500"}],"curies":[{"name":"wp","href":"https:\/\/api.w.org\/{rel}","templated":true}]}}