{"id":5506,"date":"2025-11-03T09:31:07","date_gmt":"2025-11-03T12:31:07","guid":{"rendered":"https:\/\/diariodelsurdigital.com.ar\/?p=5506"},"modified":"2025-11-03T09:31:08","modified_gmt":"2025-11-03T12:31:08","slug":"diputados-abordara-el-martes-el-proyecto-del-gobierno-que-suspendio-la-afiliacion-a-oser-para-evitar-doble-aporte","status":"publish","type":"post","link":"https:\/\/diariodelsurdigital.com.ar\/?p=5506","title":{"rendered":"Diputados abordar\u00e1 el martes el proyecto del Gobierno que suspendi\u00f3 la afiliaci\u00f3n a OSER para evitar doble aporte"},"content":{"rendered":"\n<p>Se trata del proyecto de ley del Poder Ejecutivo de la provincia que se public\u00f3 el 27 de junio en el Bolet\u00edn Oficial. Se pide la ratificaci\u00f3n del Decreto N\u00ba 1.402 que suspendi\u00f3 parcialmente la afiliaci\u00f3n obligatoria a la Obra Social de Entre R\u00edos (OSER) de los empleados activos y pasivos de la provincia que est\u00e9n adheridos a obras sociales municipales. Posteriormente, desde la OSER se aclar\u00f3 que se trat\u00f3 de una \u201cexcepci\u00f3n puntual y transitoria\u201d respecto a la mutual de Concepci\u00f3n del Uruguay.<\/p>\n\n\n\n<p>La C\u00e1mara de Diputados de la provincia abordar\u00e1 el martes 4 de noviembre el proyecto de ley del Poder ejecutivo que solicit\u00f3 que se ratifique \u201cen todos sus t\u00e9rminos el Decreto N\u00ba 1402\/25 del 27 de junio de 2025, dictado por el Poder Ejecutivo Provincial ad refer\u00e9ndum de esta Honorable Legislatura, mediante el cual se suspende por el plazo de 180 d\u00edas contados a partir de la entrada en vigencia de la Ley N\u00ba 11.202 (N de la R: la Ley que cre\u00f3 la OSER), la aplicaci\u00f3n del r\u00e9gimen de afiliaci\u00f3n obligatoria previsto en su art\u00edculo 19\u00b0 respecto de aquellas personas que, a dicha fecha, revistan la calidad de afiliados obligatorios o irrenunciables a Mutuales, Obras Sociales o Direcciones de Servicios Sociales de Municipalidades o Comunas preexistentes\u201d.<\/p>\n\n\n\n<p>El proyecto que abordar\u00e1n los diputados tambi\u00e9n dispone que \u201cvencido el plazo establecido en el Decreto ratificado, el Directorio de la Obra Social de Entre R\u00edos (OSER) podr\u00e1 en el marco de las competencias atribuidas por el art\u00edculo 12\u00b0, inciso b), de la Ley N.\u00ba 11.202, dictar las disposiciones que resulten necesarias para resolver la situaci\u00f3n de los afiliados mencionados\u201d.<\/p>\n\n\n\n<p>El Decreto lleva las firmas del gobernador, Rogelio Frigerio, y del ministro secretario de Salud, Daniel Blanzaco. Cuando se public\u00f3 gener\u00f3 confusi\u00f3n y la OSER tuvo que precisar, ante la difusi\u00f3n en portales de noticias de la provincia, que no se trat\u00f3 de una suspensi\u00f3n sino \u201cuna excepci\u00f3n puntual y transitoria para aquellos agentes p\u00fablicos que ya se encuentran aportando a otro r\u00e9gimen mutual, como es el caso de la mencionada Mutual de Concepci\u00f3n del Uruguay\u201d.<\/p>\n\n\n\n<p>En el mismo sentido se a\u00f1adi\u00f3 que el Decreto, en el primer art\u00edculo, refiri\u00f3 a una situaci\u00f3n general solo para \u201c\u2026 aquellas personas que, a dicha fecha, revistan la calidad de afiliados obligatorios o irrenunciables a Mutuales, Obras Sociales o Direcciones de Servicios Sociales de Municipalidades o Comunas preexistentes, ad refer\u00e9ndum de la Honorable Legislatura de la Provincia y conforme a los considerandos del presente\u201d.<\/p>\n\n\n\n<p>En los fundamentos del proyecto que se abordar\u00e1 el martes en las Comisiones de Salud P\u00fablica y de Legislaci\u00f3n General se sostuvo que \u201cla medida se adopt\u00f3 con el objeto de preservar la continuidad en la cobertura prestacional de los grupos mencionados, evitando la interrupci\u00f3n de servicios que pudieran derivarse de la implementaci\u00f3n inmediata del nuevo r\u00e9gimen de obra social dispuesto por la Ley N\u00ba 11.202\u201d.<\/p>\n\n\n\n<p>Asimismo, se destac\u00f3 que se \u201cbusca garantizar una transici\u00f3n ordenada y progresiva, en un marco de razonabilidad administrativa e institucional. Por otra parte, el proyecto de ley prev\u00e9 expresamente que, vencido el plazo de suspensi\u00f3n, el Directorio de la OSER podr\u00e1 dictar las disposiciones necesarias para resolver la situaci\u00f3n de los afiliados comprendidos, en ejercicio de las atribuciones conferidas por el art\u00edculo 12, inciso b), de la Ley N\u00ba 11.202\u201d. <\/p>\n","protected":false},"excerpt":{"rendered":"<p>Se trata del proyecto de ley del Poder Ejecutivo de la provincia que se public\u00f3 el 27 de junio en el Bolet\u00edn Oficial. Se pide la ratificaci\u00f3n del Decreto N\u00ba 1.402 que suspendi\u00f3 parcialmente la afiliaci\u00f3n obligatoria a la Obra Social de Entre R\u00edos (OSER) de los empleados activos y pasivos de la provincia que [&hellip;]<\/p>\n","protected":false},"author":4,"featured_media":5507,"comment_status":"open","ping_status":"open","sticky":false,"template":"","format":"standard","meta":{"footnotes":""},"categories":[17],"tags":[],"class_list":{"0":"post-5506","1":"post","2":"type-post","3":"status-publish","4":"format-standard","5":"has-post-thumbnail","7":"category-provinciales"},"yoast_head":"<!-- This site is optimized with the Yoast SEO plugin v27.4 - https:\/\/yoast.com\/product\/yoast-seo-wordpress\/ -->\n<title>Diputados abordar\u00e1 el martes el proyecto del Gobierno que suspendi\u00f3 la afiliaci\u00f3n a OSER para evitar doble aporte - Diario del Sur<\/title>\n<meta name=\"robots\" content=\"index, follow, max-snippet:-1, max-image-preview:large, max-video-preview:-1\" \/>\n<link rel=\"canonical\" href=\"https:\/\/diariodelsurdigital.com.ar\/?p=5506\" \/>\n<meta property=\"og:locale\" content=\"es_ES\" \/>\n<meta property=\"og:type\" content=\"article\" \/>\n<meta property=\"og:title\" content=\"Diputados abordar\u00e1 el martes el proyecto del Gobierno que suspendi\u00f3 la afiliaci\u00f3n a OSER para evitar doble aporte - Diario del Sur\" \/>\n<meta property=\"og:description\" content=\"Se trata del proyecto de ley del Poder Ejecutivo de la provincia que se public\u00f3 el 27 de junio en el Bolet\u00edn Oficial. Se pide la ratificaci\u00f3n del Decreto N\u00ba 1.402 que suspendi\u00f3 parcialmente la afiliaci\u00f3n obligatoria a la Obra Social de Entre R\u00edos (OSER) de los empleados activos y pasivos de la provincia que [&hellip;]\" \/>\n<meta property=\"og:url\" content=\"https:\/\/diariodelsurdigital.com.ar\/?p=5506\" \/>\n<meta property=\"og:site_name\" content=\"Diario del Sur\" \/>\n<meta property=\"article:published_time\" content=\"2025-11-03T12:31:07+00:00\" \/>\n<meta property=\"article:modified_time\" content=\"2025-11-03T12:31:08+00:00\" \/>\n<meta property=\"og:image\" content=\"https:\/\/diariodelsurdigital.com.ar\/wp-content\/uploads\/2025\/11\/md-23.webp\" \/>\n\t<meta property=\"og:image:width\" content=\"992\" \/>\n\t<meta property=\"og:image:height\" content=\"661\" \/>\n\t<meta property=\"og:image:type\" content=\"image\/webp\" \/>\n<meta name=\"author\" content=\"Diario del Sur Digital\" \/>\n<meta name=\"twitter:card\" content=\"summary_large_image\" \/>\n<meta name=\"twitter:label1\" content=\"Escrito por\" \/>\n\t<meta name=\"twitter:data1\" content=\"Diario del Sur Digital\" \/>\n\t<meta name=\"twitter:label2\" content=\"Tiempo de lectura\" \/>\n\t<meta name=\"twitter:data2\" content=\"3 minutos\" \/>\n<script type=\"application\/ld+json\" class=\"yoast-schema-graph\">{\"@context\":\"https:\\\/\\\/schema.org\",\"@graph\":[{\"@type\":\"Article\",\"@id\":\"https:\\\/\\\/diariodelsurdigital.com.ar\\\/?p=5506#article\",\"isPartOf\":{\"@id\":\"https:\\\/\\\/diariodelsurdigital.com.ar\\\/?p=5506\"},\"author\":{\"name\":\"Diario del Sur Digital\",\"@id\":\"https:\\\/\\\/diariodelsurdigital.com.ar\\\/#\\\/schema\\\/person\\\/1a4992532ed62965c968031b49195c81\"},\"headline\":\"Diputados abordar\u00e1 el martes el proyecto del Gobierno que suspendi\u00f3 la afiliaci\u00f3n a OSER para evitar doble aporte\",\"datePublished\":\"2025-11-03T12:31:07+00:00\",\"dateModified\":\"2025-11-03T12:31:08+00:00\",\"mainEntityOfPage\":{\"@id\":\"https:\\\/\\\/diariodelsurdigital.com.ar\\\/?p=5506\"},\"wordCount\":592,\"commentCount\":0,\"image\":{\"@id\":\"https:\\\/\\\/diariodelsurdigital.com.ar\\\/?p=5506#primaryimage\"},\"thumbnailUrl\":\"https:\\\/\\\/diariodelsurdigital.com.ar\\\/wp-content\\\/uploads\\\/2025\\\/11\\\/md-23.webp\",\"articleSection\":[\"Provinciales\"],\"inLanguage\":\"es\",\"potentialAction\":[{\"@type\":\"CommentAction\",\"name\":\"Comment\",\"target\":[\"https:\\\/\\\/diariodelsurdigital.com.ar\\\/?p=5506#respond\"]}]},{\"@type\":\"WebPage\",\"@id\":\"https:\\\/\\\/diariodelsurdigital.com.ar\\\/?p=5506\",\"url\":\"https:\\\/\\\/diariodelsurdigital.com.ar\\\/?p=5506\",\"name\":\"Diputados abordar\u00e1 el martes el proyecto del Gobierno que suspendi\u00f3 la afiliaci\u00f3n a OSER para evitar doble aporte - Diario del Sur\",\"isPartOf\":{\"@id\":\"https:\\\/\\\/diariodelsurdigital.com.ar\\\/#website\"},\"primaryImageOfPage\":{\"@id\":\"https:\\\/\\\/diariodelsurdigital.com.ar\\\/?p=5506#primaryimage\"},\"image\":{\"@id\":\"https:\\\/\\\/diariodelsurdigital.com.ar\\\/?p=5506#primaryimage\"},\"thumbnailUrl\":\"https:\\\/\\\/diariodelsurdigital.com.ar\\\/wp-content\\\/uploads\\\/2025\\\/11\\\/md-23.webp\",\"datePublished\":\"2025-11-03T12:31:07+00:00\",\"dateModified\":\"2025-11-03T12:31:08+00:00\",\"author\":{\"@id\":\"https:\\\/\\\/diariodelsurdigital.com.ar\\\/#\\\/schema\\\/person\\\/1a4992532ed62965c968031b49195c81\"},\"breadcrumb\":{\"@id\":\"https:\\\/\\\/diariodelsurdigital.com.ar\\\/?p=5506#breadcrumb\"},\"inLanguage\":\"es\",\"potentialAction\":[{\"@type\":\"ReadAction\",\"target\":[\"https:\\\/\\\/diariodelsurdigital.com.ar\\\/?p=5506\"]}]},{\"@type\":\"ImageObject\",\"inLanguage\":\"es\",\"@id\":\"https:\\\/\\\/diariodelsurdigital.com.ar\\\/?p=5506#primaryimage\",\"url\":\"https:\\\/\\\/diariodelsurdigital.com.ar\\\/wp-content\\\/uploads\\\/2025\\\/11\\\/md-23.webp\",\"contentUrl\":\"https:\\\/\\\/diariodelsurdigital.com.ar\\\/wp-content\\\/uploads\\\/2025\\\/11\\\/md-23.webp\",\"width\":992,\"height\":661},{\"@type\":\"BreadcrumbList\",\"@id\":\"https:\\\/\\\/diariodelsurdigital.com.ar\\\/?p=5506#breadcrumb\",\"itemListElement\":[{\"@type\":\"ListItem\",\"position\":1,\"name\":\"Portada\",\"item\":\"https:\\\/\\\/diariodelsurdigital.com.ar\\\/\"},{\"@type\":\"ListItem\",\"position\":2,\"name\":\"Diputados abordar\u00e1 el martes el proyecto del Gobierno que suspendi\u00f3 la afiliaci\u00f3n a OSER para evitar doble aporte\"}]},{\"@type\":\"WebSite\",\"@id\":\"https:\\\/\\\/diariodelsurdigital.com.ar\\\/#website\",\"url\":\"https:\\\/\\\/diariodelsurdigital.com.ar\\\/\",\"name\":\"Diario del Sur\",\"description\":\"Digital\",\"potentialAction\":[{\"@type\":\"SearchAction\",\"target\":{\"@type\":\"EntryPoint\",\"urlTemplate\":\"https:\\\/\\\/diariodelsurdigital.com.ar\\\/?s={search_term_string}\"},\"query-input\":{\"@type\":\"PropertyValueSpecification\",\"valueRequired\":true,\"valueName\":\"search_term_string\"}}],\"inLanguage\":\"es\"},{\"@type\":\"Person\",\"@id\":\"https:\\\/\\\/diariodelsurdigital.com.ar\\\/#\\\/schema\\\/person\\\/1a4992532ed62965c968031b49195c81\",\"name\":\"Diario del Sur Digital\",\"image\":{\"@type\":\"ImageObject\",\"inLanguage\":\"es\",\"@id\":\"https:\\\/\\\/secure.gravatar.com\\\/avatar\\\/f0c7c47fc7146d19828273b9b8eda651c9c7ab583767e6338d3d3bee825adf76?s=96&d=mm&r=g\",\"url\":\"https:\\\/\\\/secure.gravatar.com\\\/avatar\\\/f0c7c47fc7146d19828273b9b8eda651c9c7ab583767e6338d3d3bee825adf76?s=96&d=mm&r=g\",\"contentUrl\":\"https:\\\/\\\/secure.gravatar.com\\\/avatar\\\/f0c7c47fc7146d19828273b9b8eda651c9c7ab583767e6338d3d3bee825adf76?s=96&d=mm&r=g\",\"caption\":\"Diario del Sur Digital\"},\"url\":\"https:\\\/\\\/diariodelsurdigital.com.ar\\\/?author=4\"}]}<\/script>\n<!-- \/ Yoast SEO plugin. -->","yoast_head_json":{"title":"Diputados abordar\u00e1 el martes el proyecto del Gobierno que suspendi\u00f3 la afiliaci\u00f3n a OSER para evitar doble aporte - Diario del Sur","robots":{"index":"index","follow":"follow","max-snippet":"max-snippet:-1","max-image-preview":"max-image-preview:large","max-video-preview":"max-video-preview:-1"},"canonical":"https:\/\/diariodelsurdigital.com.ar\/?p=5506","og_locale":"es_ES","og_type":"article","og_title":"Diputados abordar\u00e1 el martes el proyecto del Gobierno que suspendi\u00f3 la afiliaci\u00f3n a OSER para evitar doble aporte - Diario del Sur","og_description":"Se trata del proyecto de ley del Poder Ejecutivo de la provincia que se public\u00f3 el 27 de junio en el Bolet\u00edn Oficial. Se pide la ratificaci\u00f3n del Decreto N\u00ba 1.402 que suspendi\u00f3 parcialmente la afiliaci\u00f3n obligatoria a la Obra Social de Entre R\u00edos (OSER) de los empleados activos y pasivos de la provincia que [&hellip;]","og_url":"https:\/\/diariodelsurdigital.com.ar\/?p=5506","og_site_name":"Diario del Sur","article_published_time":"2025-11-03T12:31:07+00:00","article_modified_time":"2025-11-03T12:31:08+00:00","og_image":[{"width":992,"height":661,"url":"https:\/\/diariodelsurdigital.com.ar\/wp-content\/uploads\/2025\/11\/md-23.webp","type":"image\/webp"}],"author":"Diario del Sur Digital","twitter_card":"summary_large_image","twitter_misc":{"Escrito por":"Diario del Sur Digital","Tiempo de lectura":"3 minutos"},"schema":{"@context":"https:\/\/schema.org","@graph":[{"@type":"Article","@id":"https:\/\/diariodelsurdigital.com.ar\/?p=5506#article","isPartOf":{"@id":"https:\/\/diariodelsurdigital.com.ar\/?p=5506"},"author":{"name":"Diario del Sur Digital","@id":"https:\/\/diariodelsurdigital.com.ar\/#\/schema\/person\/1a4992532ed62965c968031b49195c81"},"headline":"Diputados abordar\u00e1 el martes el proyecto del Gobierno que suspendi\u00f3 la afiliaci\u00f3n a OSER para evitar doble aporte","datePublished":"2025-11-03T12:31:07+00:00","dateModified":"2025-11-03T12:31:08+00:00","mainEntityOfPage":{"@id":"https:\/\/diariodelsurdigital.com.ar\/?p=5506"},"wordCount":592,"commentCount":0,"image":{"@id":"https:\/\/diariodelsurdigital.com.ar\/?p=5506#primaryimage"},"thumbnailUrl":"https:\/\/diariodelsurdigital.com.ar\/wp-content\/uploads\/2025\/11\/md-23.webp","articleSection":["Provinciales"],"inLanguage":"es","potentialAction":[{"@type":"CommentAction","name":"Comment","target":["https:\/\/diariodelsurdigital.com.ar\/?p=5506#respond"]}]},{"@type":"WebPage","@id":"https:\/\/diariodelsurdigital.com.ar\/?p=5506","url":"https:\/\/diariodelsurdigital.com.ar\/?p=5506","name":"Diputados abordar\u00e1 el martes el proyecto del Gobierno que suspendi\u00f3 la afiliaci\u00f3n a OSER para evitar doble aporte - Diario del Sur","isPartOf":{"@id":"https:\/\/diariodelsurdigital.com.ar\/#website"},"primaryImageOfPage":{"@id":"https:\/\/diariodelsurdigital.com.ar\/?p=5506#primaryimage"},"image":{"@id":"https:\/\/diariodelsurdigital.com.ar\/?p=5506#primaryimage"},"thumbnailUrl":"https:\/\/diariodelsurdigital.com.ar\/wp-content\/uploads\/2025\/11\/md-23.webp","datePublished":"2025-11-03T12:31:07+00:00","dateModified":"2025-11-03T12:31:08+00:00","author":{"@id":"https:\/\/diariodelsurdigital.com.ar\/#\/schema\/person\/1a4992532ed62965c968031b49195c81"},"breadcrumb":{"@id":"https:\/\/diariodelsurdigital.com.ar\/?p=5506#breadcrumb"},"inLanguage":"es","potentialAction":[{"@type":"ReadAction","target":["https:\/\/diariodelsurdigital.com.ar\/?p=5506"]}]},{"@type":"ImageObject","inLanguage":"es","@id":"https:\/\/diariodelsurdigital.com.ar\/?p=5506#primaryimage","url":"https:\/\/diariodelsurdigital.com.ar\/wp-content\/uploads\/2025\/11\/md-23.webp","contentUrl":"https:\/\/diariodelsurdigital.com.ar\/wp-content\/uploads\/2025\/11\/md-23.webp","width":992,"height":661},{"@type":"BreadcrumbList","@id":"https:\/\/diariodelsurdigital.com.ar\/?p=5506#breadcrumb","itemListElement":[{"@type":"ListItem","position":1,"name":"Portada","item":"https:\/\/diariodelsurdigital.com.ar\/"},{"@type":"ListItem","position":2,"name":"Diputados abordar\u00e1 el martes el proyecto del Gobierno que suspendi\u00f3 la afiliaci\u00f3n a OSER para evitar doble aporte"}]},{"@type":"WebSite","@id":"https:\/\/diariodelsurdigital.com.ar\/#website","url":"https:\/\/diariodelsurdigital.com.ar\/","name":"Diario del Sur","description":"Digital","potentialAction":[{"@type":"SearchAction","target":{"@type":"EntryPoint","urlTemplate":"https:\/\/diariodelsurdigital.com.ar\/?s={search_term_string}"},"query-input":{"@type":"PropertyValueSpecification","valueRequired":true,"valueName":"search_term_string"}}],"inLanguage":"es"},{"@type":"Person","@id":"https:\/\/diariodelsurdigital.com.ar\/#\/schema\/person\/1a4992532ed62965c968031b49195c81","name":"Diario del Sur Digital","image":{"@type":"ImageObject","inLanguage":"es","@id":"https:\/\/secure.gravatar.com\/avatar\/f0c7c47fc7146d19828273b9b8eda651c9c7ab583767e6338d3d3bee825adf76?s=96&d=mm&r=g","url":"https:\/\/secure.gravatar.com\/avatar\/f0c7c47fc7146d19828273b9b8eda651c9c7ab583767e6338d3d3bee825adf76?s=96&d=mm&r=g","contentUrl":"https:\/\/secure.gravatar.com\/avatar\/f0c7c47fc7146d19828273b9b8eda651c9c7ab583767e6338d3d3bee825adf76?s=96&d=mm&r=g","caption":"Diario del Sur Digital"},"url":"https:\/\/diariodelsurdigital.com.ar\/?author=4"}]}},"_links":{"self":[{"href":"https:\/\/diariodelsurdigital.com.ar\/index.php?rest_route=\/wp\/v2\/posts\/5506","targetHints":{"allow":["GET"]}}],"collection":[{"href":"https:\/\/diariodelsurdigital.com.ar\/index.php?rest_route=\/wp\/v2\/posts"}],"about":[{"href":"https:\/\/diariodelsurdigital.com.ar\/index.php?rest_route=\/wp\/v2\/types\/post"}],"author":[{"embeddable":true,"href":"https:\/\/diariodelsurdigital.com.ar\/index.php?rest_route=\/wp\/v2\/users\/4"}],"replies":[{"embeddable":true,"href":"https:\/\/diariodelsurdigital.com.ar\/index.php?rest_route=%2Fwp%2Fv2%2Fcomments&post=5506"}],"version-history":[{"count":1,"href":"https:\/\/diariodelsurdigital.com.ar\/index.php?rest_route=\/wp\/v2\/posts\/5506\/revisions"}],"predecessor-version":[{"id":5508,"href":"https:\/\/diariodelsurdigital.com.ar\/index.php?rest_route=\/wp\/v2\/posts\/5506\/revisions\/5508"}],"wp:featuredmedia":[{"embeddable":true,"href":"https:\/\/diariodelsurdigital.com.ar\/index.php?rest_route=\/wp\/v2\/media\/5507"}],"wp:attachment":[{"href":"https:\/\/diariodelsurdigital.com.ar\/index.php?rest_route=%2Fwp%2Fv2%2Fmedia&parent=5506"}],"wp:term":[{"taxonomy":"category","embeddable":true,"href":"https:\/\/diariodelsurdigital.com.ar\/index.php?rest_route=%2Fwp%2Fv2%2Fcategories&post=5506"},{"taxonomy":"post_tag","embeddable":true,"href":"https:\/\/diariodelsurdigital.com.ar\/index.php?rest_route=%2Fwp%2Fv2%2Ftags&post=5506"}],"curies":[{"name":"wp","href":"https:\/\/api.w.org\/{rel}","templated":true}]}}