{"id":5512,"date":"2025-11-03T09:51:37","date_gmt":"2025-11-03T12:51:37","guid":{"rendered":"https:\/\/diariodelsurdigital.com.ar\/?p=5512"},"modified":"2025-11-03T09:51:38","modified_gmt":"2025-11-03T12:51:38","slug":"macri-critico-la-reunion-con-milei-lamento-la-salida-de-francos-y-apunto-a-adorni-no-tiene-experiencia","status":"publish","type":"post","link":"https:\/\/diariodelsurdigital.com.ar\/?p=5512","title":{"rendered":"Macri critic\u00f3 la reuni\u00f3n con Milei, lament\u00f3 la salida de Francos y apunt\u00f3 a Adorni: \u00abNo tiene experiencia\u00bb"},"content":{"rendered":"\n<p>El titular del PRO, Mauricio Macri, asegur\u00f3 que no avanz\u00f3 en la alianza pol\u00edtica con el presidente Javier Milei, luego de cenar el viernes en la Quinta de Olivos.<\/p>\n\n\n\n<p><\/p>\n\n\n\n<p>Mediante un duro posteo en su cuenta de X, el exmandatario critic\u00f3 la decisi\u00f3n de desplazar a Guillermo Francos y el ingreso de Manuel Adorni como jefe de Gabinete y volvi\u00f3 a referirse a la interna en Casa Rosada.<\/p>\n\n\n\n<p>\u201cAyer fui invitado a comer por el presidente Milei en Olivos, en agradecimiento por el apoyo que le di en la semana m\u00e1s dif\u00edcil de su gobierno antes de las elecciones. En el encuentro hablamos sobre los temas pendientes. La idea era pensar la mejor manera de reforzar los equipos y prepararse para esta segunda etapa, pero no logramos ponernos de acuerdo\u201d, indic\u00f3.<\/p>\n\n\n\n<p>\u201cLa salida de un hombre con capacidad y equilibrio como Guillermo Francos, que para la ciudadan\u00eda representaba sensatez, para ser reemplazado por otro sin experiencia, no parece ser una buena noticia. Como le mencion\u00e9, exist\u00eda la posibilidad de reemplazar a Francos por otra persona id\u00f3nea de su equipo, con un perfil m\u00e1s t\u00e9cnico y mayor capacidad de conducci\u00f3n y coordinaci\u00f3n de equipos, como Horacio Mar\u00edn, actual presidente de YPF, que re\u00fane todas las condiciones por su experiencia previa\u201d, cuestion\u00f3.<\/p>\n\n\n\n<p>Para el fundador del partido amarillo, \u201cel jefe de Gabinete de Ministros es una figura esencial: coordina los equipos pol\u00edticos y de gesti\u00f3n en torno a una agenda y una estrategia\u201d.<\/p>\n\n\n\n<p>\u201cA esta decisi\u00f3n a mi juicio desacertada, se suma la falta de resoluci\u00f3n de las conocidas disputas internas del gobierno, claves en la hoja de ruta del futuro. Lamento esta situaci\u00f3n porque, tras el esfuerzo realizado, la revalidaci\u00f3n de la gente en las urnas y el apoyo in\u00e9dito de Estados Unidos, el pa\u00eds se encuentra frente a una oportunidad hist\u00f3rica que no puede desaprovechar\u201d, se\u00f1al\u00f3.<\/p>\n\n\n\n<p>\u201cComo el presidente ha dicho p\u00fablicamente, yo no he pedido ni pedir\u00e9 nada a t\u00edtulo personal, pero me veo obligado a hacer mi aporte y a expresar mis preocupaciones porque nos une el futuro del pa\u00eds\u201d, finaliz\u00f3 su publicaci\u00f3n.<\/p>\n\n\n\n<p>La cena entre Milei y Macri qued\u00f3 en un segundo plano ya que, en simultaneo, Francos comunicaba su renuncia en redes sociales. A los pocos minutos, el exjefe de Estado se retir\u00f3 de la residencia sin hacer declaraciones, aunque visiblemente molesto.<\/p>\n\n\n\n<p>En la previa del encuentro, Patricia Bullrich le quit\u00f3 siete diputados al PRO que se pasaron a La Libertad Avanza. Ocurri\u00f3 en d\u00edas en los cuales se especulaba sobre un interbloque entre el espacio violeta y el amarillo. Sin embargo, recrudeci\u00f3 la tensi\u00f3n y pierde fuerza esa posibilidad. Tambi\u00e9n se baraj\u00f3 la posibilidad de incluir a alg\u00fan exfuncionario macrista en el Gobierno, pero tampoco hay novedades.<\/p>\n\n\n\n<p>A su vez, el propio Macri sorprendi\u00f3 al asegurar que tendr\u00e1 candidato propio en 2027. \u00abEl PRO est\u00e1 m\u00e1s vivo que nunca y tiene cuatrocientos dirigentes que nadie tiene. Lo que no tiene todav\u00eda es un candidato conocido para disputar, que lo obtendr\u00e1 en el 27, pero hoy la prioridad es apoyar ideas y las ideas que impulsa el se\u00f1or Milei, que son las correctas\u00bb, expres\u00f3 durante un seminario en Chile.<\/p>\n\n\n\n<p>Adem\u00e1s, hizo un llamado de atenci\u00f3n y sostuvo que Milei \u00abtiene que agregarle esos cambios que irritaron a mucha gente\u00bb que decidi\u00f3 apoyarlo de todas formas por \u00abpriorizar las ideas\u00bb. \u00abQue no grite m\u00e1s, que dialogue m\u00e1s, que incluya m\u00e1s gente. Ese mensaje est\u00e1, \u00e9l lo escuch\u00f3, yo creo que lo escuch\u00f3\u00bb, remarc\u00f3 el l\u00edder del PRO.<\/p>\n","protected":false},"excerpt":{"rendered":"<p>El titular del PRO, Mauricio Macri, asegur\u00f3 que no avanz\u00f3 en la alianza pol\u00edtica con el presidente Javier Milei, luego de cenar el viernes en la Quinta de Olivos. Mediante un duro posteo en su cuenta de X, el exmandatario critic\u00f3 la decisi\u00f3n de desplazar a Guillermo Francos y el ingreso de Manuel Adorni como [&hellip;]<\/p>\n","protected":false},"author":4,"featured_media":5513,"comment_status":"open","ping_status":"open","sticky":false,"template":"","format":"standard","meta":{"footnotes":""},"categories":[18,22],"tags":[],"class_list":{"0":"post-5512","1":"post","2":"type-post","3":"status-publish","4":"format-standard","5":"has-post-thumbnail","7":"category-nacionales","8":"category-politica"},"yoast_head":"<!-- This site is optimized with the Yoast SEO plugin v27.4 - https:\/\/yoast.com\/product\/yoast-seo-wordpress\/ -->\n<title>Macri critic\u00f3 la reuni\u00f3n con Milei, lament\u00f3 la salida de Francos y apunt\u00f3 a Adorni: &quot;No tiene experiencia&quot; - Diario del Sur<\/title>\n<meta name=\"robots\" content=\"index, follow, max-snippet:-1, max-image-preview:large, max-video-preview:-1\" \/>\n<link rel=\"canonical\" href=\"https:\/\/diariodelsurdigital.com.ar\/?p=5512\" \/>\n<meta property=\"og:locale\" content=\"es_ES\" \/>\n<meta property=\"og:type\" content=\"article\" \/>\n<meta property=\"og:title\" content=\"Macri critic\u00f3 la reuni\u00f3n con Milei, lament\u00f3 la salida de Francos y apunt\u00f3 a Adorni: &quot;No tiene experiencia&quot; - Diario del Sur\" \/>\n<meta property=\"og:description\" content=\"El titular del PRO, Mauricio Macri, asegur\u00f3 que no avanz\u00f3 en la alianza pol\u00edtica con el presidente Javier Milei, luego de cenar el viernes en la Quinta de Olivos. Mediante un duro posteo en su cuenta de X, el exmandatario critic\u00f3 la decisi\u00f3n de desplazar a Guillermo Francos y el ingreso de Manuel Adorni como [&hellip;]\" \/>\n<meta property=\"og:url\" content=\"https:\/\/diariodelsurdigital.com.ar\/?p=5512\" \/>\n<meta property=\"og:site_name\" content=\"Diario del Sur\" \/>\n<meta property=\"article:published_time\" content=\"2025-11-03T12:51:37+00:00\" \/>\n<meta property=\"article:modified_time\" content=\"2025-11-03T12:51:38+00:00\" \/>\n<meta property=\"og:image\" content=\"https:\/\/diariodelsurdigital.com.ar\/wp-content\/uploads\/2025\/11\/md-25.webp\" \/>\n\t<meta property=\"og:image:width\" content=\"992\" \/>\n\t<meta property=\"og:image:height\" content=\"660\" \/>\n\t<meta property=\"og:image:type\" content=\"image\/webp\" \/>\n<meta name=\"author\" content=\"Diario del Sur Digital\" \/>\n<meta name=\"twitter:card\" content=\"summary_large_image\" \/>\n<meta name=\"twitter:label1\" content=\"Escrito por\" \/>\n\t<meta name=\"twitter:data1\" content=\"Diario del Sur Digital\" \/>\n\t<meta name=\"twitter:label2\" content=\"Tiempo de lectura\" \/>\n\t<meta name=\"twitter:data2\" content=\"3 minutos\" \/>\n<script type=\"application\/ld+json\" class=\"yoast-schema-graph\">{\"@context\":\"https:\\\/\\\/schema.org\",\"@graph\":[{\"@type\":\"Article\",\"@id\":\"https:\\\/\\\/diariodelsurdigital.com.ar\\\/?p=5512#article\",\"isPartOf\":{\"@id\":\"https:\\\/\\\/diariodelsurdigital.com.ar\\\/?p=5512\"},\"author\":{\"name\":\"Diario del Sur Digital\",\"@id\":\"https:\\\/\\\/diariodelsurdigital.com.ar\\\/#\\\/schema\\\/person\\\/1a4992532ed62965c968031b49195c81\"},\"headline\":\"Macri critic\u00f3 la reuni\u00f3n con Milei, lament\u00f3 la salida de Francos y apunt\u00f3 a Adorni: \u00abNo tiene experiencia\u00bb\",\"datePublished\":\"2025-11-03T12:51:37+00:00\",\"dateModified\":\"2025-11-03T12:51:38+00:00\",\"mainEntityOfPage\":{\"@id\":\"https:\\\/\\\/diariodelsurdigital.com.ar\\\/?p=5512\"},\"wordCount\":637,\"commentCount\":0,\"image\":{\"@id\":\"https:\\\/\\\/diariodelsurdigital.com.ar\\\/?p=5512#primaryimage\"},\"thumbnailUrl\":\"https:\\\/\\\/diariodelsurdigital.com.ar\\\/wp-content\\\/uploads\\\/2025\\\/11\\\/md-25.webp\",\"articleSection\":[\"Nacionales\",\"Pol\u00edtica\"],\"inLanguage\":\"es\",\"potentialAction\":[{\"@type\":\"CommentAction\",\"name\":\"Comment\",\"target\":[\"https:\\\/\\\/diariodelsurdigital.com.ar\\\/?p=5512#respond\"]}]},{\"@type\":\"WebPage\",\"@id\":\"https:\\\/\\\/diariodelsurdigital.com.ar\\\/?p=5512\",\"url\":\"https:\\\/\\\/diariodelsurdigital.com.ar\\\/?p=5512\",\"name\":\"Macri critic\u00f3 la reuni\u00f3n con Milei, lament\u00f3 la salida de Francos y apunt\u00f3 a Adorni: \\\"No tiene experiencia\\\" - Diario del Sur\",\"isPartOf\":{\"@id\":\"https:\\\/\\\/diariodelsurdigital.com.ar\\\/#website\"},\"primaryImageOfPage\":{\"@id\":\"https:\\\/\\\/diariodelsurdigital.com.ar\\\/?p=5512#primaryimage\"},\"image\":{\"@id\":\"https:\\\/\\\/diariodelsurdigital.com.ar\\\/?p=5512#primaryimage\"},\"thumbnailUrl\":\"https:\\\/\\\/diariodelsurdigital.com.ar\\\/wp-content\\\/uploads\\\/2025\\\/11\\\/md-25.webp\",\"datePublished\":\"2025-11-03T12:51:37+00:00\",\"dateModified\":\"2025-11-03T12:51:38+00:00\",\"author\":{\"@id\":\"https:\\\/\\\/diariodelsurdigital.com.ar\\\/#\\\/schema\\\/person\\\/1a4992532ed62965c968031b49195c81\"},\"breadcrumb\":{\"@id\":\"https:\\\/\\\/diariodelsurdigital.com.ar\\\/?p=5512#breadcrumb\"},\"inLanguage\":\"es\",\"potentialAction\":[{\"@type\":\"ReadAction\",\"target\":[\"https:\\\/\\\/diariodelsurdigital.com.ar\\\/?p=5512\"]}]},{\"@type\":\"ImageObject\",\"inLanguage\":\"es\",\"@id\":\"https:\\\/\\\/diariodelsurdigital.com.ar\\\/?p=5512#primaryimage\",\"url\":\"https:\\\/\\\/diariodelsurdigital.com.ar\\\/wp-content\\\/uploads\\\/2025\\\/11\\\/md-25.webp\",\"contentUrl\":\"https:\\\/\\\/diariodelsurdigital.com.ar\\\/wp-content\\\/uploads\\\/2025\\\/11\\\/md-25.webp\",\"width\":992,\"height\":660},{\"@type\":\"BreadcrumbList\",\"@id\":\"https:\\\/\\\/diariodelsurdigital.com.ar\\\/?p=5512#breadcrumb\",\"itemListElement\":[{\"@type\":\"ListItem\",\"position\":1,\"name\":\"Portada\",\"item\":\"https:\\\/\\\/diariodelsurdigital.com.ar\\\/\"},{\"@type\":\"ListItem\",\"position\":2,\"name\":\"Macri critic\u00f3 la reuni\u00f3n con Milei, lament\u00f3 la salida de Francos y apunt\u00f3 a Adorni: \u00abNo tiene experiencia\u00bb\"}]},{\"@type\":\"WebSite\",\"@id\":\"https:\\\/\\\/diariodelsurdigital.com.ar\\\/#website\",\"url\":\"https:\\\/\\\/diariodelsurdigital.com.ar\\\/\",\"name\":\"Diario del Sur\",\"description\":\"Digital\",\"potentialAction\":[{\"@type\":\"SearchAction\",\"target\":{\"@type\":\"EntryPoint\",\"urlTemplate\":\"https:\\\/\\\/diariodelsurdigital.com.ar\\\/?s={search_term_string}\"},\"query-input\":{\"@type\":\"PropertyValueSpecification\",\"valueRequired\":true,\"valueName\":\"search_term_string\"}}],\"inLanguage\":\"es\"},{\"@type\":\"Person\",\"@id\":\"https:\\\/\\\/diariodelsurdigital.com.ar\\\/#\\\/schema\\\/person\\\/1a4992532ed62965c968031b49195c81\",\"name\":\"Diario del Sur Digital\",\"image\":{\"@type\":\"ImageObject\",\"inLanguage\":\"es\",\"@id\":\"https:\\\/\\\/secure.gravatar.com\\\/avatar\\\/f0c7c47fc7146d19828273b9b8eda651c9c7ab583767e6338d3d3bee825adf76?s=96&d=mm&r=g\",\"url\":\"https:\\\/\\\/secure.gravatar.com\\\/avatar\\\/f0c7c47fc7146d19828273b9b8eda651c9c7ab583767e6338d3d3bee825adf76?s=96&d=mm&r=g\",\"contentUrl\":\"https:\\\/\\\/secure.gravatar.com\\\/avatar\\\/f0c7c47fc7146d19828273b9b8eda651c9c7ab583767e6338d3d3bee825adf76?s=96&d=mm&r=g\",\"caption\":\"Diario del Sur Digital\"},\"url\":\"https:\\\/\\\/diariodelsurdigital.com.ar\\\/?author=4\"}]}<\/script>\n<!-- \/ Yoast SEO plugin. -->","yoast_head_json":{"title":"Macri critic\u00f3 la reuni\u00f3n con Milei, lament\u00f3 la salida de Francos y apunt\u00f3 a Adorni: \"No tiene experiencia\" - Diario del Sur","robots":{"index":"index","follow":"follow","max-snippet":"max-snippet:-1","max-image-preview":"max-image-preview:large","max-video-preview":"max-video-preview:-1"},"canonical":"https:\/\/diariodelsurdigital.com.ar\/?p=5512","og_locale":"es_ES","og_type":"article","og_title":"Macri critic\u00f3 la reuni\u00f3n con Milei, lament\u00f3 la salida de Francos y apunt\u00f3 a Adorni: \"No tiene experiencia\" - Diario del Sur","og_description":"El titular del PRO, Mauricio Macri, asegur\u00f3 que no avanz\u00f3 en la alianza pol\u00edtica con el presidente Javier Milei, luego de cenar el viernes en la Quinta de Olivos. Mediante un duro posteo en su cuenta de X, el exmandatario critic\u00f3 la decisi\u00f3n de desplazar a Guillermo Francos y el ingreso de Manuel Adorni como [&hellip;]","og_url":"https:\/\/diariodelsurdigital.com.ar\/?p=5512","og_site_name":"Diario del Sur","article_published_time":"2025-11-03T12:51:37+00:00","article_modified_time":"2025-11-03T12:51:38+00:00","og_image":[{"width":992,"height":660,"url":"https:\/\/diariodelsurdigital.com.ar\/wp-content\/uploads\/2025\/11\/md-25.webp","type":"image\/webp"}],"author":"Diario del Sur Digital","twitter_card":"summary_large_image","twitter_misc":{"Escrito por":"Diario del Sur Digital","Tiempo de lectura":"3 minutos"},"schema":{"@context":"https:\/\/schema.org","@graph":[{"@type":"Article","@id":"https:\/\/diariodelsurdigital.com.ar\/?p=5512#article","isPartOf":{"@id":"https:\/\/diariodelsurdigital.com.ar\/?p=5512"},"author":{"name":"Diario del Sur Digital","@id":"https:\/\/diariodelsurdigital.com.ar\/#\/schema\/person\/1a4992532ed62965c968031b49195c81"},"headline":"Macri critic\u00f3 la reuni\u00f3n con Milei, lament\u00f3 la salida de Francos y apunt\u00f3 a Adorni: \u00abNo tiene experiencia\u00bb","datePublished":"2025-11-03T12:51:37+00:00","dateModified":"2025-11-03T12:51:38+00:00","mainEntityOfPage":{"@id":"https:\/\/diariodelsurdigital.com.ar\/?p=5512"},"wordCount":637,"commentCount":0,"image":{"@id":"https:\/\/diariodelsurdigital.com.ar\/?p=5512#primaryimage"},"thumbnailUrl":"https:\/\/diariodelsurdigital.com.ar\/wp-content\/uploads\/2025\/11\/md-25.webp","articleSection":["Nacionales","Pol\u00edtica"],"inLanguage":"es","potentialAction":[{"@type":"CommentAction","name":"Comment","target":["https:\/\/diariodelsurdigital.com.ar\/?p=5512#respond"]}]},{"@type":"WebPage","@id":"https:\/\/diariodelsurdigital.com.ar\/?p=5512","url":"https:\/\/diariodelsurdigital.com.ar\/?p=5512","name":"Macri critic\u00f3 la reuni\u00f3n con Milei, lament\u00f3 la salida de Francos y apunt\u00f3 a Adorni: \"No tiene experiencia\" - Diario del Sur","isPartOf":{"@id":"https:\/\/diariodelsurdigital.com.ar\/#website"},"primaryImageOfPage":{"@id":"https:\/\/diariodelsurdigital.com.ar\/?p=5512#primaryimage"},"image":{"@id":"https:\/\/diariodelsurdigital.com.ar\/?p=5512#primaryimage"},"thumbnailUrl":"https:\/\/diariodelsurdigital.com.ar\/wp-content\/uploads\/2025\/11\/md-25.webp","datePublished":"2025-11-03T12:51:37+00:00","dateModified":"2025-11-03T12:51:38+00:00","author":{"@id":"https:\/\/diariodelsurdigital.com.ar\/#\/schema\/person\/1a4992532ed62965c968031b49195c81"},"breadcrumb":{"@id":"https:\/\/diariodelsurdigital.com.ar\/?p=5512#breadcrumb"},"inLanguage":"es","potentialAction":[{"@type":"ReadAction","target":["https:\/\/diariodelsurdigital.com.ar\/?p=5512"]}]},{"@type":"ImageObject","inLanguage":"es","@id":"https:\/\/diariodelsurdigital.com.ar\/?p=5512#primaryimage","url":"https:\/\/diariodelsurdigital.com.ar\/wp-content\/uploads\/2025\/11\/md-25.webp","contentUrl":"https:\/\/diariodelsurdigital.com.ar\/wp-content\/uploads\/2025\/11\/md-25.webp","width":992,"height":660},{"@type":"BreadcrumbList","@id":"https:\/\/diariodelsurdigital.com.ar\/?p=5512#breadcrumb","itemListElement":[{"@type":"ListItem","position":1,"name":"Portada","item":"https:\/\/diariodelsurdigital.com.ar\/"},{"@type":"ListItem","position":2,"name":"Macri critic\u00f3 la reuni\u00f3n con Milei, lament\u00f3 la salida de Francos y apunt\u00f3 a Adorni: \u00abNo tiene experiencia\u00bb"}]},{"@type":"WebSite","@id":"https:\/\/diariodelsurdigital.com.ar\/#website","url":"https:\/\/diariodelsurdigital.com.ar\/","name":"Diario del Sur","description":"Digital","potentialAction":[{"@type":"SearchAction","target":{"@type":"EntryPoint","urlTemplate":"https:\/\/diariodelsurdigital.com.ar\/?s={search_term_string}"},"query-input":{"@type":"PropertyValueSpecification","valueRequired":true,"valueName":"search_term_string"}}],"inLanguage":"es"},{"@type":"Person","@id":"https:\/\/diariodelsurdigital.com.ar\/#\/schema\/person\/1a4992532ed62965c968031b49195c81","name":"Diario del Sur Digital","image":{"@type":"ImageObject","inLanguage":"es","@id":"https:\/\/secure.gravatar.com\/avatar\/f0c7c47fc7146d19828273b9b8eda651c9c7ab583767e6338d3d3bee825adf76?s=96&d=mm&r=g","url":"https:\/\/secure.gravatar.com\/avatar\/f0c7c47fc7146d19828273b9b8eda651c9c7ab583767e6338d3d3bee825adf76?s=96&d=mm&r=g","contentUrl":"https:\/\/secure.gravatar.com\/avatar\/f0c7c47fc7146d19828273b9b8eda651c9c7ab583767e6338d3d3bee825adf76?s=96&d=mm&r=g","caption":"Diario del Sur Digital"},"url":"https:\/\/diariodelsurdigital.com.ar\/?author=4"}]}},"_links":{"self":[{"href":"https:\/\/diariodelsurdigital.com.ar\/index.php?rest_route=\/wp\/v2\/posts\/5512","targetHints":{"allow":["GET"]}}],"collection":[{"href":"https:\/\/diariodelsurdigital.com.ar\/index.php?rest_route=\/wp\/v2\/posts"}],"about":[{"href":"https:\/\/diariodelsurdigital.com.ar\/index.php?rest_route=\/wp\/v2\/types\/post"}],"author":[{"embeddable":true,"href":"https:\/\/diariodelsurdigital.com.ar\/index.php?rest_route=\/wp\/v2\/users\/4"}],"replies":[{"embeddable":true,"href":"https:\/\/diariodelsurdigital.com.ar\/index.php?rest_route=%2Fwp%2Fv2%2Fcomments&post=5512"}],"version-history":[{"count":1,"href":"https:\/\/diariodelsurdigital.com.ar\/index.php?rest_route=\/wp\/v2\/posts\/5512\/revisions"}],"predecessor-version":[{"id":5514,"href":"https:\/\/diariodelsurdigital.com.ar\/index.php?rest_route=\/wp\/v2\/posts\/5512\/revisions\/5514"}],"wp:featuredmedia":[{"embeddable":true,"href":"https:\/\/diariodelsurdigital.com.ar\/index.php?rest_route=\/wp\/v2\/media\/5513"}],"wp:attachment":[{"href":"https:\/\/diariodelsurdigital.com.ar\/index.php?rest_route=%2Fwp%2Fv2%2Fmedia&parent=5512"}],"wp:term":[{"taxonomy":"category","embeddable":true,"href":"https:\/\/diariodelsurdigital.com.ar\/index.php?rest_route=%2Fwp%2Fv2%2Fcategories&post=5512"},{"taxonomy":"post_tag","embeddable":true,"href":"https:\/\/diariodelsurdigital.com.ar\/index.php?rest_route=%2Fwp%2Fv2%2Ftags&post=5512"}],"curies":[{"name":"wp","href":"https:\/\/api.w.org\/{rel}","templated":true}]}}