{"id":5515,"date":"2025-11-03T09:55:04","date_gmt":"2025-11-03T12:55:04","guid":{"rendered":"https:\/\/diariodelsurdigital.com.ar\/?p=5515"},"modified":"2025-11-03T09:55:05","modified_gmt":"2025-11-03T12:55:05","slug":"tras-los-cambios-en-el-gabinete-milei-viaja-a-estados-unidos-para-participar-de-una-cumbre-global-con-trump","status":"publish","type":"post","link":"https:\/\/diariodelsurdigital.com.ar\/?p=5515","title":{"rendered":"Tras los cambios en el Gabinete, Milei viaja a Estados Unidos para participar de una cumbre global con Trump"},"content":{"rendered":"\n<p>El Presidente realizar\u00e1 su viaje n\u00famero 14 a Estados Unidos desde que asumi\u00f3. Tras tomar juramento a Manuel Adorni, partir\u00e1 hacia Miami para asistir al America Business Forum, donde coincidir\u00e1 con Donald Trump, Lionel Messi y otros referentes globales.<\/p>\n\n\n\n<p>En medio del reacomodamiento del Gabinete nacional, Javier Milei volver\u00e1 esta semana a Estados Unidos para participar de una nueva edici\u00f3n del America Business Forum en Miami. Se tratar\u00e1 de su viaje n\u00famero 14 al pa\u00eds norteamericano desde el inicio de su gesti\u00f3n. Antes, el Presidente encabezar\u00e1 en la Casa Rosada la jura de Manuel Adorni como jefe de Gabinete, prevista para el mi\u00e9rcoles al mediod\u00eda.<\/p>\n\n\n\n<p>La cumbre, que se desarrollar\u00e1 el 5 y 6 de noviembre en el Kaseya Center \u2014sede de los Miami Heat\u2014 reunir\u00e1 a figuras de la pol\u00edtica, los negocios, el deporte y la cultura. Entre los oradores confirmados figuran Donald Trump, Lionel Messi, Mar\u00eda Corina Machado, Rafael Nadal, Jamie Dimon (CEO de JP Morgan), Ken Griffin (CEO de Citadel), Gianni Infantino (presidente de la FIFA) y Eric Schmidt (exCEO de Google)<\/p>\n\n\n\n<p>Seg\u00fan indic\u00f3 Perfil, Milei viajar\u00e1 acompa\u00f1ado por su hermana y secretaria General de la Presidencia, Karina Milei, y el canciller Pablo Quirno, quien reemplaza a Gerardo Werthein. El jefe de Estado argentino est\u00e1 previsto que exponga el 6 de noviembre a las 15.45, en una entrevista p\u00fablica realizada por Bret Baier, presentador de Fox News y cercano a Trump.<\/p>\n\n\n\n<p>El viaje se produce tras la salida de Guillermo Francos de la Jefatura de Gabinete y la renuncia de Lisandro Catal\u00e1n en el Ministerio del Interior, cargo a\u00fan sin sucesor confirmado. La designaci\u00f3n de Adorni \u2014hasta ahora vocero presidencial\u2014 y la llegada de Quirno al Palacio San Mart\u00edn marcan una nueva etapa en el organigrama de la Casa Rosada. Paralelamente, contin\u00faa el debate interno sobre el rol del asesor Santiago Caputo, figura influyente en el armado presidencial.<\/p>\n\n\n\n<p>Tras su paso por Miami, el presidente tiene previsto regresar a Buenos Aires antes de viajar a Bolivia para asistir a la asunci\u00f3n del mandatario electo Rodrigo Paz. <\/p>\n","protected":false},"excerpt":{"rendered":"<p>El Presidente realizar\u00e1 su viaje n\u00famero 14 a Estados Unidos desde que asumi\u00f3. Tras tomar juramento a Manuel Adorni, partir\u00e1 hacia Miami para asistir al America Business Forum, donde coincidir\u00e1 con Donald Trump, Lionel Messi y otros referentes globales. En medio del reacomodamiento del Gabinete nacional, Javier Milei volver\u00e1 esta semana a Estados Unidos para [&hellip;]<\/p>\n","protected":false},"author":4,"featured_media":5516,"comment_status":"open","ping_status":"open","sticky":false,"template":"","format":"standard","meta":{"footnotes":""},"categories":[18,22],"tags":[],"class_list":{"0":"post-5515","1":"post","2":"type-post","3":"status-publish","4":"format-standard","5":"has-post-thumbnail","7":"category-nacionales","8":"category-politica"},"yoast_head":"<!-- This site is optimized with the Yoast SEO plugin v27.4 - https:\/\/yoast.com\/product\/yoast-seo-wordpress\/ -->\n<title>Tras los cambios en el Gabinete, Milei viaja a Estados Unidos para participar de una cumbre global con Trump - Diario del Sur<\/title>\n<meta name=\"robots\" content=\"index, follow, max-snippet:-1, max-image-preview:large, max-video-preview:-1\" \/>\n<link rel=\"canonical\" href=\"https:\/\/diariodelsurdigital.com.ar\/?p=5515\" \/>\n<meta property=\"og:locale\" content=\"es_ES\" \/>\n<meta property=\"og:type\" content=\"article\" \/>\n<meta property=\"og:title\" content=\"Tras los cambios en el Gabinete, Milei viaja a Estados Unidos para participar de una cumbre global con Trump - Diario del Sur\" \/>\n<meta property=\"og:description\" content=\"El Presidente realizar\u00e1 su viaje n\u00famero 14 a Estados Unidos desde que asumi\u00f3. Tras tomar juramento a Manuel Adorni, partir\u00e1 hacia Miami para asistir al America Business Forum, donde coincidir\u00e1 con Donald Trump, Lionel Messi y otros referentes globales. En medio del reacomodamiento del Gabinete nacional, Javier Milei volver\u00e1 esta semana a Estados Unidos para [&hellip;]\" \/>\n<meta property=\"og:url\" content=\"https:\/\/diariodelsurdigital.com.ar\/?p=5515\" \/>\n<meta property=\"og:site_name\" content=\"Diario del Sur\" \/>\n<meta property=\"article:published_time\" content=\"2025-11-03T12:55:04+00:00\" \/>\n<meta property=\"article:modified_time\" content=\"2025-11-03T12:55:05+00:00\" \/>\n<meta property=\"og:image\" content=\"https:\/\/diariodelsurdigital.com.ar\/wp-content\/uploads\/2025\/11\/md-26.webp\" \/>\n\t<meta property=\"og:image:width\" content=\"992\" \/>\n\t<meta property=\"og:image:height\" content=\"557\" \/>\n\t<meta property=\"og:image:type\" content=\"image\/webp\" \/>\n<meta name=\"author\" content=\"Diario del Sur Digital\" \/>\n<meta name=\"twitter:card\" content=\"summary_large_image\" \/>\n<meta name=\"twitter:label1\" content=\"Escrito por\" \/>\n\t<meta name=\"twitter:data1\" content=\"Diario del Sur Digital\" \/>\n\t<meta name=\"twitter:label2\" content=\"Tiempo de lectura\" \/>\n\t<meta name=\"twitter:data2\" content=\"2 minutos\" \/>\n<script type=\"application\/ld+json\" class=\"yoast-schema-graph\">{\"@context\":\"https:\\\/\\\/schema.org\",\"@graph\":[{\"@type\":\"Article\",\"@id\":\"https:\\\/\\\/diariodelsurdigital.com.ar\\\/?p=5515#article\",\"isPartOf\":{\"@id\":\"https:\\\/\\\/diariodelsurdigital.com.ar\\\/?p=5515\"},\"author\":{\"name\":\"Diario del Sur Digital\",\"@id\":\"https:\\\/\\\/diariodelsurdigital.com.ar\\\/#\\\/schema\\\/person\\\/1a4992532ed62965c968031b49195c81\"},\"headline\":\"Tras los cambios en el Gabinete, Milei viaja a Estados Unidos para participar de una cumbre global con Trump\",\"datePublished\":\"2025-11-03T12:55:04+00:00\",\"dateModified\":\"2025-11-03T12:55:05+00:00\",\"mainEntityOfPage\":{\"@id\":\"https:\\\/\\\/diariodelsurdigital.com.ar\\\/?p=5515\"},\"wordCount\":370,\"commentCount\":0,\"image\":{\"@id\":\"https:\\\/\\\/diariodelsurdigital.com.ar\\\/?p=5515#primaryimage\"},\"thumbnailUrl\":\"https:\\\/\\\/diariodelsurdigital.com.ar\\\/wp-content\\\/uploads\\\/2025\\\/11\\\/md-26.webp\",\"articleSection\":[\"Nacionales\",\"Pol\u00edtica\"],\"inLanguage\":\"es\",\"potentialAction\":[{\"@type\":\"CommentAction\",\"name\":\"Comment\",\"target\":[\"https:\\\/\\\/diariodelsurdigital.com.ar\\\/?p=5515#respond\"]}]},{\"@type\":\"WebPage\",\"@id\":\"https:\\\/\\\/diariodelsurdigital.com.ar\\\/?p=5515\",\"url\":\"https:\\\/\\\/diariodelsurdigital.com.ar\\\/?p=5515\",\"name\":\"Tras los cambios en el Gabinete, Milei viaja a Estados Unidos para participar de una cumbre global con Trump - Diario del Sur\",\"isPartOf\":{\"@id\":\"https:\\\/\\\/diariodelsurdigital.com.ar\\\/#website\"},\"primaryImageOfPage\":{\"@id\":\"https:\\\/\\\/diariodelsurdigital.com.ar\\\/?p=5515#primaryimage\"},\"image\":{\"@id\":\"https:\\\/\\\/diariodelsurdigital.com.ar\\\/?p=5515#primaryimage\"},\"thumbnailUrl\":\"https:\\\/\\\/diariodelsurdigital.com.ar\\\/wp-content\\\/uploads\\\/2025\\\/11\\\/md-26.webp\",\"datePublished\":\"2025-11-03T12:55:04+00:00\",\"dateModified\":\"2025-11-03T12:55:05+00:00\",\"author\":{\"@id\":\"https:\\\/\\\/diariodelsurdigital.com.ar\\\/#\\\/schema\\\/person\\\/1a4992532ed62965c968031b49195c81\"},\"breadcrumb\":{\"@id\":\"https:\\\/\\\/diariodelsurdigital.com.ar\\\/?p=5515#breadcrumb\"},\"inLanguage\":\"es\",\"potentialAction\":[{\"@type\":\"ReadAction\",\"target\":[\"https:\\\/\\\/diariodelsurdigital.com.ar\\\/?p=5515\"]}]},{\"@type\":\"ImageObject\",\"inLanguage\":\"es\",\"@id\":\"https:\\\/\\\/diariodelsurdigital.com.ar\\\/?p=5515#primaryimage\",\"url\":\"https:\\\/\\\/diariodelsurdigital.com.ar\\\/wp-content\\\/uploads\\\/2025\\\/11\\\/md-26.webp\",\"contentUrl\":\"https:\\\/\\\/diariodelsurdigital.com.ar\\\/wp-content\\\/uploads\\\/2025\\\/11\\\/md-26.webp\",\"width\":992,\"height\":557},{\"@type\":\"BreadcrumbList\",\"@id\":\"https:\\\/\\\/diariodelsurdigital.com.ar\\\/?p=5515#breadcrumb\",\"itemListElement\":[{\"@type\":\"ListItem\",\"position\":1,\"name\":\"Portada\",\"item\":\"https:\\\/\\\/diariodelsurdigital.com.ar\\\/\"},{\"@type\":\"ListItem\",\"position\":2,\"name\":\"Tras los cambios en el Gabinete, Milei viaja a Estados Unidos para participar de una cumbre global con Trump\"}]},{\"@type\":\"WebSite\",\"@id\":\"https:\\\/\\\/diariodelsurdigital.com.ar\\\/#website\",\"url\":\"https:\\\/\\\/diariodelsurdigital.com.ar\\\/\",\"name\":\"Diario del Sur\",\"description\":\"Digital\",\"potentialAction\":[{\"@type\":\"SearchAction\",\"target\":{\"@type\":\"EntryPoint\",\"urlTemplate\":\"https:\\\/\\\/diariodelsurdigital.com.ar\\\/?s={search_term_string}\"},\"query-input\":{\"@type\":\"PropertyValueSpecification\",\"valueRequired\":true,\"valueName\":\"search_term_string\"}}],\"inLanguage\":\"es\"},{\"@type\":\"Person\",\"@id\":\"https:\\\/\\\/diariodelsurdigital.com.ar\\\/#\\\/schema\\\/person\\\/1a4992532ed62965c968031b49195c81\",\"name\":\"Diario del Sur Digital\",\"image\":{\"@type\":\"ImageObject\",\"inLanguage\":\"es\",\"@id\":\"https:\\\/\\\/secure.gravatar.com\\\/avatar\\\/f0c7c47fc7146d19828273b9b8eda651c9c7ab583767e6338d3d3bee825adf76?s=96&d=mm&r=g\",\"url\":\"https:\\\/\\\/secure.gravatar.com\\\/avatar\\\/f0c7c47fc7146d19828273b9b8eda651c9c7ab583767e6338d3d3bee825adf76?s=96&d=mm&r=g\",\"contentUrl\":\"https:\\\/\\\/secure.gravatar.com\\\/avatar\\\/f0c7c47fc7146d19828273b9b8eda651c9c7ab583767e6338d3d3bee825adf76?s=96&d=mm&r=g\",\"caption\":\"Diario del Sur Digital\"},\"url\":\"https:\\\/\\\/diariodelsurdigital.com.ar\\\/?author=4\"}]}<\/script>\n<!-- \/ Yoast SEO plugin. -->","yoast_head_json":{"title":"Tras los cambios en el Gabinete, Milei viaja a Estados Unidos para participar de una cumbre global con Trump - Diario del Sur","robots":{"index":"index","follow":"follow","max-snippet":"max-snippet:-1","max-image-preview":"max-image-preview:large","max-video-preview":"max-video-preview:-1"},"canonical":"https:\/\/diariodelsurdigital.com.ar\/?p=5515","og_locale":"es_ES","og_type":"article","og_title":"Tras los cambios en el Gabinete, Milei viaja a Estados Unidos para participar de una cumbre global con Trump - Diario del Sur","og_description":"El Presidente realizar\u00e1 su viaje n\u00famero 14 a Estados Unidos desde que asumi\u00f3. Tras tomar juramento a Manuel Adorni, partir\u00e1 hacia Miami para asistir al America Business Forum, donde coincidir\u00e1 con Donald Trump, Lionel Messi y otros referentes globales. En medio del reacomodamiento del Gabinete nacional, Javier Milei volver\u00e1 esta semana a Estados Unidos para [&hellip;]","og_url":"https:\/\/diariodelsurdigital.com.ar\/?p=5515","og_site_name":"Diario del Sur","article_published_time":"2025-11-03T12:55:04+00:00","article_modified_time":"2025-11-03T12:55:05+00:00","og_image":[{"width":992,"height":557,"url":"https:\/\/diariodelsurdigital.com.ar\/wp-content\/uploads\/2025\/11\/md-26.webp","type":"image\/webp"}],"author":"Diario del Sur Digital","twitter_card":"summary_large_image","twitter_misc":{"Escrito por":"Diario del Sur Digital","Tiempo de lectura":"2 minutos"},"schema":{"@context":"https:\/\/schema.org","@graph":[{"@type":"Article","@id":"https:\/\/diariodelsurdigital.com.ar\/?p=5515#article","isPartOf":{"@id":"https:\/\/diariodelsurdigital.com.ar\/?p=5515"},"author":{"name":"Diario del Sur Digital","@id":"https:\/\/diariodelsurdigital.com.ar\/#\/schema\/person\/1a4992532ed62965c968031b49195c81"},"headline":"Tras los cambios en el Gabinete, Milei viaja a Estados Unidos para participar de una cumbre global con Trump","datePublished":"2025-11-03T12:55:04+00:00","dateModified":"2025-11-03T12:55:05+00:00","mainEntityOfPage":{"@id":"https:\/\/diariodelsurdigital.com.ar\/?p=5515"},"wordCount":370,"commentCount":0,"image":{"@id":"https:\/\/diariodelsurdigital.com.ar\/?p=5515#primaryimage"},"thumbnailUrl":"https:\/\/diariodelsurdigital.com.ar\/wp-content\/uploads\/2025\/11\/md-26.webp","articleSection":["Nacionales","Pol\u00edtica"],"inLanguage":"es","potentialAction":[{"@type":"CommentAction","name":"Comment","target":["https:\/\/diariodelsurdigital.com.ar\/?p=5515#respond"]}]},{"@type":"WebPage","@id":"https:\/\/diariodelsurdigital.com.ar\/?p=5515","url":"https:\/\/diariodelsurdigital.com.ar\/?p=5515","name":"Tras los cambios en el Gabinete, Milei viaja a Estados Unidos para participar de una cumbre global con Trump - Diario del Sur","isPartOf":{"@id":"https:\/\/diariodelsurdigital.com.ar\/#website"},"primaryImageOfPage":{"@id":"https:\/\/diariodelsurdigital.com.ar\/?p=5515#primaryimage"},"image":{"@id":"https:\/\/diariodelsurdigital.com.ar\/?p=5515#primaryimage"},"thumbnailUrl":"https:\/\/diariodelsurdigital.com.ar\/wp-content\/uploads\/2025\/11\/md-26.webp","datePublished":"2025-11-03T12:55:04+00:00","dateModified":"2025-11-03T12:55:05+00:00","author":{"@id":"https:\/\/diariodelsurdigital.com.ar\/#\/schema\/person\/1a4992532ed62965c968031b49195c81"},"breadcrumb":{"@id":"https:\/\/diariodelsurdigital.com.ar\/?p=5515#breadcrumb"},"inLanguage":"es","potentialAction":[{"@type":"ReadAction","target":["https:\/\/diariodelsurdigital.com.ar\/?p=5515"]}]},{"@type":"ImageObject","inLanguage":"es","@id":"https:\/\/diariodelsurdigital.com.ar\/?p=5515#primaryimage","url":"https:\/\/diariodelsurdigital.com.ar\/wp-content\/uploads\/2025\/11\/md-26.webp","contentUrl":"https:\/\/diariodelsurdigital.com.ar\/wp-content\/uploads\/2025\/11\/md-26.webp","width":992,"height":557},{"@type":"BreadcrumbList","@id":"https:\/\/diariodelsurdigital.com.ar\/?p=5515#breadcrumb","itemListElement":[{"@type":"ListItem","position":1,"name":"Portada","item":"https:\/\/diariodelsurdigital.com.ar\/"},{"@type":"ListItem","position":2,"name":"Tras los cambios en el Gabinete, Milei viaja a Estados Unidos para participar de una cumbre global con Trump"}]},{"@type":"WebSite","@id":"https:\/\/diariodelsurdigital.com.ar\/#website","url":"https:\/\/diariodelsurdigital.com.ar\/","name":"Diario del Sur","description":"Digital","potentialAction":[{"@type":"SearchAction","target":{"@type":"EntryPoint","urlTemplate":"https:\/\/diariodelsurdigital.com.ar\/?s={search_term_string}"},"query-input":{"@type":"PropertyValueSpecification","valueRequired":true,"valueName":"search_term_string"}}],"inLanguage":"es"},{"@type":"Person","@id":"https:\/\/diariodelsurdigital.com.ar\/#\/schema\/person\/1a4992532ed62965c968031b49195c81","name":"Diario del Sur Digital","image":{"@type":"ImageObject","inLanguage":"es","@id":"https:\/\/secure.gravatar.com\/avatar\/f0c7c47fc7146d19828273b9b8eda651c9c7ab583767e6338d3d3bee825adf76?s=96&d=mm&r=g","url":"https:\/\/secure.gravatar.com\/avatar\/f0c7c47fc7146d19828273b9b8eda651c9c7ab583767e6338d3d3bee825adf76?s=96&d=mm&r=g","contentUrl":"https:\/\/secure.gravatar.com\/avatar\/f0c7c47fc7146d19828273b9b8eda651c9c7ab583767e6338d3d3bee825adf76?s=96&d=mm&r=g","caption":"Diario del Sur Digital"},"url":"https:\/\/diariodelsurdigital.com.ar\/?author=4"}]}},"_links":{"self":[{"href":"https:\/\/diariodelsurdigital.com.ar\/index.php?rest_route=\/wp\/v2\/posts\/5515","targetHints":{"allow":["GET"]}}],"collection":[{"href":"https:\/\/diariodelsurdigital.com.ar\/index.php?rest_route=\/wp\/v2\/posts"}],"about":[{"href":"https:\/\/diariodelsurdigital.com.ar\/index.php?rest_route=\/wp\/v2\/types\/post"}],"author":[{"embeddable":true,"href":"https:\/\/diariodelsurdigital.com.ar\/index.php?rest_route=\/wp\/v2\/users\/4"}],"replies":[{"embeddable":true,"href":"https:\/\/diariodelsurdigital.com.ar\/index.php?rest_route=%2Fwp%2Fv2%2Fcomments&post=5515"}],"version-history":[{"count":1,"href":"https:\/\/diariodelsurdigital.com.ar\/index.php?rest_route=\/wp\/v2\/posts\/5515\/revisions"}],"predecessor-version":[{"id":5517,"href":"https:\/\/diariodelsurdigital.com.ar\/index.php?rest_route=\/wp\/v2\/posts\/5515\/revisions\/5517"}],"wp:featuredmedia":[{"embeddable":true,"href":"https:\/\/diariodelsurdigital.com.ar\/index.php?rest_route=\/wp\/v2\/media\/5516"}],"wp:attachment":[{"href":"https:\/\/diariodelsurdigital.com.ar\/index.php?rest_route=%2Fwp%2Fv2%2Fmedia&parent=5515"}],"wp:term":[{"taxonomy":"category","embeddable":true,"href":"https:\/\/diariodelsurdigital.com.ar\/index.php?rest_route=%2Fwp%2Fv2%2Fcategories&post=5515"},{"taxonomy":"post_tag","embeddable":true,"href":"https:\/\/diariodelsurdigital.com.ar\/index.php?rest_route=%2Fwp%2Fv2%2Ftags&post=5515"}],"curies":[{"name":"wp","href":"https:\/\/api.w.org\/{rel}","templated":true}]}}