{"id":5518,"date":"2025-11-03T16:51:22","date_gmt":"2025-11-03T19:51:22","guid":{"rendered":"https:\/\/diariodelsurdigital.com.ar\/?p=5518"},"modified":"2025-11-03T16:51:50","modified_gmt":"2025-11-03T19:51:50","slug":"cresto-vs-cresto-enrique-se-despego-de-su-padre-juan-carlos-no-me-conduce-dijo","status":"publish","type":"post","link":"https:\/\/diariodelsurdigital.com.ar\/?p=5518","title":{"rendered":"CRESTO VS CRESTO: Enrique se despeg\u00f3 de su padre Juan Carlos \u00abno me conduce\u00bb dijo"},"content":{"rendered":"\n<p>\u00a0 Este fin de semana, el hist\u00f3rico dirigente del Partido Justicialista de Entre R\u00edos, Juan Carlos \u201cCalucho\u201d Cresto, exdiputado provincial y exintendente de Concordia, analiz\u00f3 el resultado de las elecciones legislativas del pasado domingo, en las que La Libertad Avanza logr\u00f3 un contundente triunfo y se\u00f1al\u00f3: \u201cPas\u00f3 lo que sab\u00edamos que iba a pasar, con los candidatos que llev\u00f3 el peronismo no iba a ganar\u201d.<\/p>\n\n\n\n<p><a href=\"https:\/\/www.elentrerios.com\/uid-218494\"><\/a><\/p>\n\n\n\n<figure class=\"wp-block-image\"><a href=\"https:\/\/www.elentrerios.com\/uid-218494\"><img decoding=\"async\" src=\"https:\/\/media.elentrerios.com\/fotos-v2\/2025\/11\/01\/s_1762035240.jpg\" alt=\"\"\/><\/a><\/figure>\n\n\n\n<p>Adem\u00e1s, reclam\u00f3 la renovaci\u00f3n de cuadros pol\u00edticos y que los actuales dirigentes \u201cden un paso al costado por verg\u00fcenza y fracaso\u201d.<\/p>\n\n\n\n<p>Este lunes, su hijo, Enrique Cresto, actual diputado provincial y exintendente de Concordia sali\u00f3 a marcar diferencias. A trav\u00e9s de la red social X (ex Twitter) remarc\u00f3: \u201cBuenos d\u00edas!! Me veo en la obligaci\u00f3n de aclarar que no comparto las declaraciones recientes del Sr. Juan Carlos Cresto, mi padre. M\u00e1s all\u00e1 de tener el mismo apellido, ni \u00e9l me conduce a m\u00ed, ni yo a \u00e9l\u201d.<\/p>\n\n\n\n<p>\u201cQuiero aprovechar la oportunidad para agradecer y felicitar a los miles de militantes que trabajaron para estas elecciones y lo siguen haciendo de su lugar de lucha\u201d, indic\u00f3 luego y agreg\u00f3: \u201cConsidero que en el peronismo se tiene que dar una gran discusi\u00f3n, puertas adentro, de qu\u00e9 partido queremos de cara al futuro\u201d.<\/p>\n\n\n\n<p>Finalmente, resalt\u00f3: \u201cEstoy convencido que nuestro movimiento es la \u00fanica alternativa viable para lograr la felicidad del pueblo y la grandeza de la patria. A los compa\u00f1eros y compa\u00f1eras, que sabiendo que hay muchas cosas por corregir, trabajan incansablemente para mantener en alto nuestras tres banderas. La justicia social, la independencia econ\u00f3mica y la soberan\u00eda pol\u00edtica\u201d.<\/p>\n\n\n\n<p>Fuente:\u00a0El Entre R\u00edos<\/p>\n\n\n\n<p><\/p>\n","protected":false},"excerpt":{"rendered":"<p>\u00a0 Este fin de semana, el hist\u00f3rico dirigente del Partido Justicialista de Entre R\u00edos, Juan Carlos \u201cCalucho\u201d Cresto, exdiputado provincial y exintendente de Concordia, analiz\u00f3 el resultado de las elecciones legislativas del pasado domingo, en las que La Libertad Avanza logr\u00f3 un contundente triunfo y se\u00f1al\u00f3: \u201cPas\u00f3 lo que sab\u00edamos que iba a pasar, con [&hellip;]<\/p>\n","protected":false},"author":2,"featured_media":5519,"comment_status":"open","ping_status":"open","sticky":false,"template":"","format":"standard","meta":{"footnotes":""},"categories":[16,22],"tags":[],"class_list":{"0":"post-5518","1":"post","2":"type-post","3":"status-publish","4":"format-standard","5":"has-post-thumbnail","7":"category-locales","8":"category-politica"},"yoast_head":"<!-- This site is optimized with the Yoast SEO plugin v27.4 - https:\/\/yoast.com\/product\/yoast-seo-wordpress\/ -->\n<title>CRESTO VS CRESTO: Enrique se despeg\u00f3 de su padre Juan Carlos &quot;no me conduce&quot; dijo - Diario del Sur<\/title>\n<meta name=\"robots\" content=\"index, follow, max-snippet:-1, max-image-preview:large, max-video-preview:-1\" \/>\n<link rel=\"canonical\" href=\"https:\/\/diariodelsurdigital.com.ar\/?p=5518\" \/>\n<meta property=\"og:locale\" content=\"es_ES\" \/>\n<meta property=\"og:type\" content=\"article\" \/>\n<meta property=\"og:title\" content=\"CRESTO VS CRESTO: Enrique se despeg\u00f3 de su padre Juan Carlos &quot;no me conduce&quot; dijo - Diario del Sur\" \/>\n<meta property=\"og:description\" content=\"\u00a0 Este fin de semana, el hist\u00f3rico dirigente del Partido Justicialista de Entre R\u00edos, Juan Carlos \u201cCalucho\u201d Cresto, exdiputado provincial y exintendente de Concordia, analiz\u00f3 el resultado de las elecciones legislativas del pasado domingo, en las que La Libertad Avanza logr\u00f3 un contundente triunfo y se\u00f1al\u00f3: \u201cPas\u00f3 lo que sab\u00edamos que iba a pasar, con [&hellip;]\" \/>\n<meta property=\"og:url\" content=\"https:\/\/diariodelsurdigital.com.ar\/?p=5518\" \/>\n<meta property=\"og:site_name\" content=\"Diario del Sur\" \/>\n<meta property=\"article:published_time\" content=\"2025-11-03T19:51:22+00:00\" \/>\n<meta property=\"article:modified_time\" content=\"2025-11-03T19:51:50+00:00\" \/>\n<meta property=\"og:image\" content=\"https:\/\/diariodelsurdigital.com.ar\/wp-content\/uploads\/2025\/11\/enrique-cresto-20230213-1509138.jpg\" \/>\n\t<meta property=\"og:image:width\" content=\"472\" \/>\n\t<meta property=\"og:image:height\" content=\"277\" \/>\n\t<meta property=\"og:image:type\" content=\"image\/jpeg\" \/>\n<meta name=\"author\" content=\"Diario del Sur Digital\" \/>\n<meta name=\"twitter:card\" content=\"summary_large_image\" \/>\n<meta name=\"twitter:label1\" content=\"Escrito por\" \/>\n\t<meta name=\"twitter:data1\" content=\"Diario del Sur Digital\" \/>\n\t<meta name=\"twitter:label2\" content=\"Tiempo de lectura\" \/>\n\t<meta name=\"twitter:data2\" content=\"2 minutos\" \/>\n<script type=\"application\/ld+json\" class=\"yoast-schema-graph\">{\"@context\":\"https:\\\/\\\/schema.org\",\"@graph\":[{\"@type\":\"Article\",\"@id\":\"https:\\\/\\\/diariodelsurdigital.com.ar\\\/?p=5518#article\",\"isPartOf\":{\"@id\":\"https:\\\/\\\/diariodelsurdigital.com.ar\\\/?p=5518\"},\"author\":{\"name\":\"Diario del Sur Digital\",\"@id\":\"https:\\\/\\\/diariodelsurdigital.com.ar\\\/#\\\/schema\\\/person\\\/6136a32571657f7dba980b88b04c5465\"},\"headline\":\"CRESTO VS CRESTO: Enrique se despeg\u00f3 de su padre Juan Carlos \u00abno me conduce\u00bb dijo\",\"datePublished\":\"2025-11-03T19:51:22+00:00\",\"dateModified\":\"2025-11-03T19:51:50+00:00\",\"mainEntityOfPage\":{\"@id\":\"https:\\\/\\\/diariodelsurdigital.com.ar\\\/?p=5518\"},\"wordCount\":298,\"commentCount\":0,\"image\":{\"@id\":\"https:\\\/\\\/diariodelsurdigital.com.ar\\\/?p=5518#primaryimage\"},\"thumbnailUrl\":\"https:\\\/\\\/diariodelsurdigital.com.ar\\\/wp-content\\\/uploads\\\/2025\\\/11\\\/enrique-cresto-20230213-1509138.jpg\",\"articleSection\":[\"Locales\",\"Pol\u00edtica\"],\"inLanguage\":\"es\",\"potentialAction\":[{\"@type\":\"CommentAction\",\"name\":\"Comment\",\"target\":[\"https:\\\/\\\/diariodelsurdigital.com.ar\\\/?p=5518#respond\"]}]},{\"@type\":\"WebPage\",\"@id\":\"https:\\\/\\\/diariodelsurdigital.com.ar\\\/?p=5518\",\"url\":\"https:\\\/\\\/diariodelsurdigital.com.ar\\\/?p=5518\",\"name\":\"CRESTO VS CRESTO: Enrique se despeg\u00f3 de su padre Juan Carlos \\\"no me conduce\\\" dijo - Diario del Sur\",\"isPartOf\":{\"@id\":\"https:\\\/\\\/diariodelsurdigital.com.ar\\\/#website\"},\"primaryImageOfPage\":{\"@id\":\"https:\\\/\\\/diariodelsurdigital.com.ar\\\/?p=5518#primaryimage\"},\"image\":{\"@id\":\"https:\\\/\\\/diariodelsurdigital.com.ar\\\/?p=5518#primaryimage\"},\"thumbnailUrl\":\"https:\\\/\\\/diariodelsurdigital.com.ar\\\/wp-content\\\/uploads\\\/2025\\\/11\\\/enrique-cresto-20230213-1509138.jpg\",\"datePublished\":\"2025-11-03T19:51:22+00:00\",\"dateModified\":\"2025-11-03T19:51:50+00:00\",\"author\":{\"@id\":\"https:\\\/\\\/diariodelsurdigital.com.ar\\\/#\\\/schema\\\/person\\\/6136a32571657f7dba980b88b04c5465\"},\"breadcrumb\":{\"@id\":\"https:\\\/\\\/diariodelsurdigital.com.ar\\\/?p=5518#breadcrumb\"},\"inLanguage\":\"es\",\"potentialAction\":[{\"@type\":\"ReadAction\",\"target\":[\"https:\\\/\\\/diariodelsurdigital.com.ar\\\/?p=5518\"]}]},{\"@type\":\"ImageObject\",\"inLanguage\":\"es\",\"@id\":\"https:\\\/\\\/diariodelsurdigital.com.ar\\\/?p=5518#primaryimage\",\"url\":\"https:\\\/\\\/diariodelsurdigital.com.ar\\\/wp-content\\\/uploads\\\/2025\\\/11\\\/enrique-cresto-20230213-1509138.jpg\",\"contentUrl\":\"https:\\\/\\\/diariodelsurdigital.com.ar\\\/wp-content\\\/uploads\\\/2025\\\/11\\\/enrique-cresto-20230213-1509138.jpg\",\"width\":472,\"height\":277},{\"@type\":\"BreadcrumbList\",\"@id\":\"https:\\\/\\\/diariodelsurdigital.com.ar\\\/?p=5518#breadcrumb\",\"itemListElement\":[{\"@type\":\"ListItem\",\"position\":1,\"name\":\"Portada\",\"item\":\"https:\\\/\\\/diariodelsurdigital.com.ar\\\/\"},{\"@type\":\"ListItem\",\"position\":2,\"name\":\"CRESTO VS CRESTO: Enrique se despeg\u00f3 de su padre Juan Carlos \u00abno me conduce\u00bb dijo\"}]},{\"@type\":\"WebSite\",\"@id\":\"https:\\\/\\\/diariodelsurdigital.com.ar\\\/#website\",\"url\":\"https:\\\/\\\/diariodelsurdigital.com.ar\\\/\",\"name\":\"Diario del Sur\",\"description\":\"Digital\",\"potentialAction\":[{\"@type\":\"SearchAction\",\"target\":{\"@type\":\"EntryPoint\",\"urlTemplate\":\"https:\\\/\\\/diariodelsurdigital.com.ar\\\/?s={search_term_string}\"},\"query-input\":{\"@type\":\"PropertyValueSpecification\",\"valueRequired\":true,\"valueName\":\"search_term_string\"}}],\"inLanguage\":\"es\"},{\"@type\":\"Person\",\"@id\":\"https:\\\/\\\/diariodelsurdigital.com.ar\\\/#\\\/schema\\\/person\\\/6136a32571657f7dba980b88b04c5465\",\"name\":\"Diario del Sur Digital\",\"image\":{\"@type\":\"ImageObject\",\"inLanguage\":\"es\",\"@id\":\"https:\\\/\\\/secure.gravatar.com\\\/avatar\\\/4c29ceac98541dd42460b2474aaa5dd37594d6ce6cb3cf2c101d09b48ee287ba?s=96&d=mm&r=g\",\"url\":\"https:\\\/\\\/secure.gravatar.com\\\/avatar\\\/4c29ceac98541dd42460b2474aaa5dd37594d6ce6cb3cf2c101d09b48ee287ba?s=96&d=mm&r=g\",\"contentUrl\":\"https:\\\/\\\/secure.gravatar.com\\\/avatar\\\/4c29ceac98541dd42460b2474aaa5dd37594d6ce6cb3cf2c101d09b48ee287ba?s=96&d=mm&r=g\",\"caption\":\"Diario del Sur Digital\"},\"url\":\"https:\\\/\\\/diariodelsurdigital.com.ar\\\/?author=2\"}]}<\/script>\n<!-- \/ Yoast SEO plugin. -->","yoast_head_json":{"title":"CRESTO VS CRESTO: Enrique se despeg\u00f3 de su padre Juan Carlos \"no me conduce\" dijo - Diario del Sur","robots":{"index":"index","follow":"follow","max-snippet":"max-snippet:-1","max-image-preview":"max-image-preview:large","max-video-preview":"max-video-preview:-1"},"canonical":"https:\/\/diariodelsurdigital.com.ar\/?p=5518","og_locale":"es_ES","og_type":"article","og_title":"CRESTO VS CRESTO: Enrique se despeg\u00f3 de su padre Juan Carlos \"no me conduce\" dijo - Diario del Sur","og_description":"\u00a0 Este fin de semana, el hist\u00f3rico dirigente del Partido Justicialista de Entre R\u00edos, Juan Carlos \u201cCalucho\u201d Cresto, exdiputado provincial y exintendente de Concordia, analiz\u00f3 el resultado de las elecciones legislativas del pasado domingo, en las que La Libertad Avanza logr\u00f3 un contundente triunfo y se\u00f1al\u00f3: \u201cPas\u00f3 lo que sab\u00edamos que iba a pasar, con [&hellip;]","og_url":"https:\/\/diariodelsurdigital.com.ar\/?p=5518","og_site_name":"Diario del Sur","article_published_time":"2025-11-03T19:51:22+00:00","article_modified_time":"2025-11-03T19:51:50+00:00","og_image":[{"width":472,"height":277,"url":"https:\/\/diariodelsurdigital.com.ar\/wp-content\/uploads\/2025\/11\/enrique-cresto-20230213-1509138.jpg","type":"image\/jpeg"}],"author":"Diario del Sur Digital","twitter_card":"summary_large_image","twitter_misc":{"Escrito por":"Diario del Sur Digital","Tiempo de lectura":"2 minutos"},"schema":{"@context":"https:\/\/schema.org","@graph":[{"@type":"Article","@id":"https:\/\/diariodelsurdigital.com.ar\/?p=5518#article","isPartOf":{"@id":"https:\/\/diariodelsurdigital.com.ar\/?p=5518"},"author":{"name":"Diario del Sur Digital","@id":"https:\/\/diariodelsurdigital.com.ar\/#\/schema\/person\/6136a32571657f7dba980b88b04c5465"},"headline":"CRESTO VS CRESTO: Enrique se despeg\u00f3 de su padre Juan Carlos \u00abno me conduce\u00bb dijo","datePublished":"2025-11-03T19:51:22+00:00","dateModified":"2025-11-03T19:51:50+00:00","mainEntityOfPage":{"@id":"https:\/\/diariodelsurdigital.com.ar\/?p=5518"},"wordCount":298,"commentCount":0,"image":{"@id":"https:\/\/diariodelsurdigital.com.ar\/?p=5518#primaryimage"},"thumbnailUrl":"https:\/\/diariodelsurdigital.com.ar\/wp-content\/uploads\/2025\/11\/enrique-cresto-20230213-1509138.jpg","articleSection":["Locales","Pol\u00edtica"],"inLanguage":"es","potentialAction":[{"@type":"CommentAction","name":"Comment","target":["https:\/\/diariodelsurdigital.com.ar\/?p=5518#respond"]}]},{"@type":"WebPage","@id":"https:\/\/diariodelsurdigital.com.ar\/?p=5518","url":"https:\/\/diariodelsurdigital.com.ar\/?p=5518","name":"CRESTO VS CRESTO: Enrique se despeg\u00f3 de su padre Juan Carlos \"no me conduce\" dijo - Diario del Sur","isPartOf":{"@id":"https:\/\/diariodelsurdigital.com.ar\/#website"},"primaryImageOfPage":{"@id":"https:\/\/diariodelsurdigital.com.ar\/?p=5518#primaryimage"},"image":{"@id":"https:\/\/diariodelsurdigital.com.ar\/?p=5518#primaryimage"},"thumbnailUrl":"https:\/\/diariodelsurdigital.com.ar\/wp-content\/uploads\/2025\/11\/enrique-cresto-20230213-1509138.jpg","datePublished":"2025-11-03T19:51:22+00:00","dateModified":"2025-11-03T19:51:50+00:00","author":{"@id":"https:\/\/diariodelsurdigital.com.ar\/#\/schema\/person\/6136a32571657f7dba980b88b04c5465"},"breadcrumb":{"@id":"https:\/\/diariodelsurdigital.com.ar\/?p=5518#breadcrumb"},"inLanguage":"es","potentialAction":[{"@type":"ReadAction","target":["https:\/\/diariodelsurdigital.com.ar\/?p=5518"]}]},{"@type":"ImageObject","inLanguage":"es","@id":"https:\/\/diariodelsurdigital.com.ar\/?p=5518#primaryimage","url":"https:\/\/diariodelsurdigital.com.ar\/wp-content\/uploads\/2025\/11\/enrique-cresto-20230213-1509138.jpg","contentUrl":"https:\/\/diariodelsurdigital.com.ar\/wp-content\/uploads\/2025\/11\/enrique-cresto-20230213-1509138.jpg","width":472,"height":277},{"@type":"BreadcrumbList","@id":"https:\/\/diariodelsurdigital.com.ar\/?p=5518#breadcrumb","itemListElement":[{"@type":"ListItem","position":1,"name":"Portada","item":"https:\/\/diariodelsurdigital.com.ar\/"},{"@type":"ListItem","position":2,"name":"CRESTO VS CRESTO: Enrique se despeg\u00f3 de su padre Juan Carlos \u00abno me conduce\u00bb dijo"}]},{"@type":"WebSite","@id":"https:\/\/diariodelsurdigital.com.ar\/#website","url":"https:\/\/diariodelsurdigital.com.ar\/","name":"Diario del Sur","description":"Digital","potentialAction":[{"@type":"SearchAction","target":{"@type":"EntryPoint","urlTemplate":"https:\/\/diariodelsurdigital.com.ar\/?s={search_term_string}"},"query-input":{"@type":"PropertyValueSpecification","valueRequired":true,"valueName":"search_term_string"}}],"inLanguage":"es"},{"@type":"Person","@id":"https:\/\/diariodelsurdigital.com.ar\/#\/schema\/person\/6136a32571657f7dba980b88b04c5465","name":"Diario del Sur Digital","image":{"@type":"ImageObject","inLanguage":"es","@id":"https:\/\/secure.gravatar.com\/avatar\/4c29ceac98541dd42460b2474aaa5dd37594d6ce6cb3cf2c101d09b48ee287ba?s=96&d=mm&r=g","url":"https:\/\/secure.gravatar.com\/avatar\/4c29ceac98541dd42460b2474aaa5dd37594d6ce6cb3cf2c101d09b48ee287ba?s=96&d=mm&r=g","contentUrl":"https:\/\/secure.gravatar.com\/avatar\/4c29ceac98541dd42460b2474aaa5dd37594d6ce6cb3cf2c101d09b48ee287ba?s=96&d=mm&r=g","caption":"Diario del Sur Digital"},"url":"https:\/\/diariodelsurdigital.com.ar\/?author=2"}]}},"_links":{"self":[{"href":"https:\/\/diariodelsurdigital.com.ar\/index.php?rest_route=\/wp\/v2\/posts\/5518","targetHints":{"allow":["GET"]}}],"collection":[{"href":"https:\/\/diariodelsurdigital.com.ar\/index.php?rest_route=\/wp\/v2\/posts"}],"about":[{"href":"https:\/\/diariodelsurdigital.com.ar\/index.php?rest_route=\/wp\/v2\/types\/post"}],"author":[{"embeddable":true,"href":"https:\/\/diariodelsurdigital.com.ar\/index.php?rest_route=\/wp\/v2\/users\/2"}],"replies":[{"embeddable":true,"href":"https:\/\/diariodelsurdigital.com.ar\/index.php?rest_route=%2Fwp%2Fv2%2Fcomments&post=5518"}],"version-history":[{"count":2,"href":"https:\/\/diariodelsurdigital.com.ar\/index.php?rest_route=\/wp\/v2\/posts\/5518\/revisions"}],"predecessor-version":[{"id":5522,"href":"https:\/\/diariodelsurdigital.com.ar\/index.php?rest_route=\/wp\/v2\/posts\/5518\/revisions\/5522"}],"wp:featuredmedia":[{"embeddable":true,"href":"https:\/\/diariodelsurdigital.com.ar\/index.php?rest_route=\/wp\/v2\/media\/5519"}],"wp:attachment":[{"href":"https:\/\/diariodelsurdigital.com.ar\/index.php?rest_route=%2Fwp%2Fv2%2Fmedia&parent=5518"}],"wp:term":[{"taxonomy":"category","embeddable":true,"href":"https:\/\/diariodelsurdigital.com.ar\/index.php?rest_route=%2Fwp%2Fv2%2Fcategories&post=5518"},{"taxonomy":"post_tag","embeddable":true,"href":"https:\/\/diariodelsurdigital.com.ar\/index.php?rest_route=%2Fwp%2Fv2%2Ftags&post=5518"}],"curies":[{"name":"wp","href":"https:\/\/api.w.org\/{rel}","templated":true}]}}