{"id":552,"date":"2025-01-13T14:25:18","date_gmt":"2025-01-13T17:25:18","guid":{"rendered":"https:\/\/diariodelsurdigital.com.ar\/?p=552"},"modified":"2025-01-13T14:25:19","modified_gmt":"2025-01-13T17:25:19","slug":"luis-juez-dejara-la-presidencia-del-pro-en-el-senado-y-quiere-ser-candidato-de-milei-en-cordoba","status":"publish","type":"post","link":"https:\/\/diariodelsurdigital.com.ar\/?p=552","title":{"rendered":"Luis Juez dejar\u00e1 la presidencia del PRO en el Senado y quiere ser candidato de Milei en C\u00f3rdoba"},"content":{"rendered":"\n<p>El cordob\u00e9s Luis Juez anunci\u00f3 este domingo que abandonar\u00e1 la presidencia del bloque del PRO en el Senado. Argument\u00f3 su decisi\u00f3n en la divisi\u00f3n que se gener\u00f3 en el espacio durante la votaci\u00f3n del desafuero de Edgardo Kueider en la C\u00e1mara alta. \u00abMe sent\u00ed desautorizado\u00bb, expres\u00f3, en alusi\u00f3n a Mauricio Macri. Adem\u00e1s, adelant\u00f3 que buscar\u00e1 ser el candidato a gobernador de C\u00f3rdoba de Javier Milei.<\/p>\n\n\n\n<p>El senador, fiel a su estilo directo, plante\u00f3 sus diferencias p\u00fablicas con el titular del partido y expresidente de la Naci\u00f3n, en particular a ra\u00edz de la posici\u00f3n que empuj\u00f3 dentro del bloque para que no se vote la expulsi\u00f3n del ahora exlegislador y, en lugar de ello, se proceda con una suspensi\u00f3n. Esa postura abri\u00f3 una grieta que gener\u00f3 que tres integrantes del PRO votaran a favor del desafuero y otros cuatro -guiados por Macri- se posicionaran en contra.<\/p>\n\n\n\n<p>A ra\u00edz de eso, Juez dijo haberse sentido subestimado y desautorizado, pese a que hab\u00eda sido elegido como el presidente del bloque. \u00abMe trajo mucho dolor de cabeza esa votaci\u00f3n. A m\u00ed me molesta que me subestimen. Yo no quer\u00eda ser presidente de la banca, de hecho no lo voy a ser en el futuro inmediato\u00bb, declar\u00f3 en una entrevista reciente.<\/p>\n\n\n\n<p>\u00abNo creo que sirva, no me siento c\u00f3modo. No me gusta, lo digo con todo respeto, pero me siento desautorizado\u00bb, continu\u00f3 el senador. Y ante la consulta de si fue Macri quien lo desautoriz\u00f3, no dud\u00f3 en responder afirmativamente: \u00abS\u00ed, no me gusta tal cosa, y esas cosas pasan, pero no hay ninguna autocr\u00edtica, entonces es muy complicado\u00bb.<\/p>\n\n\n\n<p><strong>Luis Juez abandonar\u00e1 la presidencia del PRO en el Senado por diferencias con Macri<\/strong><\/p>\n\n\n\n<p>Luego adelant\u00f3 que en los pr\u00f3ximos d\u00edas se comunicar\u00e1 con el expresidente para presentar su renuncia a la conducci\u00f3n del bloque. \u00abEs un tema que seguramente lo hablar\u00e9 con Mauricio, pero yo ya le hice saber que no tengo ning\u00fan inter\u00e9s en seguir. De hecho, lo plante\u00e9 la semana antes de la sesi\u00f3n de expulsi\u00f3n de Kueider. Seguramente la pr\u00f3xima vez que me junte con Mauricio voy a poner a disposici\u00f3n la conducci\u00f3n del bloque\u00bb, expres\u00f3 a La Naci\u00f3n.<\/p>\n\n\n\n<p>Su malestar con el titular del PRO va m\u00e1s all\u00e1 de la votaci\u00f3n sobre Kueider. As\u00ed lo explic\u00f3: \u00abHe tomado decisiones pensando en el conjunto, yo no soy un tipo que especula. Estuve un mont\u00f3n de meses trabajando para que el bloque se pudiera juntar con el Presidente, y cuando el Presidente me dio el d\u00eda y hora para juntarme, me llamaron y me dijeron que no me pod\u00eda juntar\u00bb. Seg\u00fan dijo, quien lo llam\u00f3 fue precisamente Macri. \u00abMe llam\u00f3 de Espa\u00f1a o Portugal\u00bb, para frenar el encuentro.<\/p>\n\n\n\n<p>En aquella ocasi\u00f3n hab\u00edan dialogado sobre la posici\u00f3n a tomar respecto del caso el exsenador detenido en Paraguay. \u00abDespu\u00e9s vino el tema de Kueider. Le dije: \u2018No s\u00e9 qu\u00e9 te est\u00e1n contando pero ac\u00e1 a Kueider lo vamos a expulsar porque es la primera vez en la historia de la pol\u00edtica Argentina que entra un oficio de un juez federal al Senado pidiendo el desafuero para meterlo preso\u2019. El cre\u00eda que hab\u00eda que suspenderlo porque no est\u00e1 ac\u00e1. Yo no quer\u00eda convivir ni media hora m\u00e1s con ese tipo en el Senado\u00bb, apunt\u00f3.<\/p>\n\n\n\n<p>Respecto a la falta de respaldo de un grupo de senadores PRO a la expulsi\u00f3n, dijo: \u00abMe doli\u00f3 much\u00edsimo que de los cinco votos que votaron la suspensi\u00f3n, cuatro eran nuestros. Hay momentos en los que ten\u00e9s que dejarle al tipo que est\u00e1 en la trinchera que tome la decisi\u00f3n que tenga que tomar. Es f\u00e1cil decir \u2018voten de tal manera\u2019, pero en estos temas que tienen que ver con valores, uno se tiene que diferenciar. La gente nos estaba diciendo que somos todos iguales. Yo no soy igual que Kueider\u00bb.<\/p>\n\n\n\n<p>Luis Juez sobre su relaci\u00f3n con Macri y su deseo de ser candidato a gobernador de Milei<\/p>\n\n\n\n<p>En otro pasaje de la entrevista, Juez se refiri\u00f3 a la personalidad del expresidente de la Naci\u00f3n. \u00abMi particular forma de ser a Mauricio muchas veces le ha ca\u00eddo antip\u00e1tica. Yo no soy un tipo que anda con vueltas, soy extremadamente sincero, pero la personalidad de Mauricio muchas veces te obliga a no ser extremadamente sincero si quieres tener una buena relaci\u00f3n. Es de esos tipos que est\u00e1n con la guardia levantada siempre. Y yo no soy as\u00ed, yo no especulo\u00bb, enfatiz\u00f3.<\/p>\n\n\n\n<p>Tambi\u00e9n hizo alusi\u00f3n a su v\u00ednculo con el presidente Javier Milei. \u00abEs un tipo con el que puedo hablar de cualquier cosa, de la familia hasta un an\u00e1lisis pol\u00edtico en profundidad, con el que puedo decir lo que pienso porque no se va a enojar por lo que diga. Como un amigo, que lo aceptas con toda su virtud y sus defectos\u00bb, dijo.<\/p>\n\n\n\n<p>En esa l\u00ednea, dej\u00f3 en claro que no abandonar\u00e1 el PRO, aunque adelant\u00f3 que le manifest\u00f3 a Milei su deseo de ser su candidato a gobernador en 2027. \u00abYo no soy un especulador. Unos tipos corrieron el rumor de que yo quer\u00eda ser el nuevo presidente provisional del Senado, tercero en la l\u00ednea de mando, eso no es as\u00ed. Yo no pido nada y se lo dije al Presidente. Le dije: \u2018Mir\u00e1 Javier, dentro de tres a\u00f1os, si Dios me da salud y estoy en la consideraci\u00f3n de los vecinos de mi provincia, voy a intentar ser gobernador y me encantar\u00eda ser tu gobernador\u00bb, cerr\u00f3.&nbsp;<\/p>\n","protected":false},"excerpt":{"rendered":"<p>El cordob\u00e9s Luis Juez anunci\u00f3 este domingo que abandonar\u00e1 la presidencia del bloque del PRO en el Senado. Argument\u00f3 su decisi\u00f3n en la divisi\u00f3n que se gener\u00f3 en el espacio durante la votaci\u00f3n del desafuero de Edgardo Kueider en la C\u00e1mara alta. \u00abMe sent\u00ed desautorizado\u00bb, expres\u00f3, en alusi\u00f3n a Mauricio Macri. Adem\u00e1s, adelant\u00f3 que buscar\u00e1 [&hellip;]<\/p>\n","protected":false},"author":4,"featured_media":553,"comment_status":"open","ping_status":"open","sticky":false,"template":"","format":"standard","meta":{"footnotes":""},"categories":[19,18],"tags":[],"class_list":{"0":"post-552","1":"post","2":"type-post","3":"status-publish","4":"format-standard","5":"has-post-thumbnail","7":"category-interes-general","8":"category-nacionales"},"yoast_head":"<!-- This site is optimized with the Yoast SEO plugin v27.4 - https:\/\/yoast.com\/product\/yoast-seo-wordpress\/ -->\n<title>Luis Juez dejar\u00e1 la presidencia del PRO en el Senado y quiere ser candidato de Milei en C\u00f3rdoba - Diario del Sur<\/title>\n<meta name=\"robots\" content=\"index, follow, max-snippet:-1, max-image-preview:large, max-video-preview:-1\" \/>\n<link rel=\"canonical\" href=\"https:\/\/diariodelsurdigital.com.ar\/?p=552\" \/>\n<meta property=\"og:locale\" content=\"es_ES\" \/>\n<meta property=\"og:type\" content=\"article\" \/>\n<meta property=\"og:title\" content=\"Luis Juez dejar\u00e1 la presidencia del PRO en el Senado y quiere ser candidato de Milei en C\u00f3rdoba - Diario del Sur\" \/>\n<meta property=\"og:description\" content=\"El cordob\u00e9s Luis Juez anunci\u00f3 este domingo que abandonar\u00e1 la presidencia del bloque del PRO en el Senado. Argument\u00f3 su decisi\u00f3n en la divisi\u00f3n que se gener\u00f3 en el espacio durante la votaci\u00f3n del desafuero de Edgardo Kueider en la C\u00e1mara alta. \u00abMe sent\u00ed desautorizado\u00bb, expres\u00f3, en alusi\u00f3n a Mauricio Macri. Adem\u00e1s, adelant\u00f3 que buscar\u00e1 [&hellip;]\" \/>\n<meta property=\"og:url\" content=\"https:\/\/diariodelsurdigital.com.ar\/?p=552\" \/>\n<meta property=\"og:site_name\" content=\"Diario del Sur\" \/>\n<meta property=\"article:published_time\" content=\"2025-01-13T17:25:18+00:00\" \/>\n<meta property=\"article:modified_time\" content=\"2025-01-13T17:25:19+00:00\" \/>\n<meta property=\"og:image\" content=\"https:\/\/diariodelsurdigital.com.ar\/wp-content\/uploads\/2025\/01\/md-2025-01-13T142347.518.webp\" \/>\n\t<meta property=\"og:image:width\" content=\"992\" \/>\n\t<meta property=\"og:image:height\" content=\"557\" \/>\n\t<meta property=\"og:image:type\" content=\"image\/webp\" \/>\n<meta name=\"author\" content=\"Diario del Sur Digital\" \/>\n<meta name=\"twitter:card\" content=\"summary_large_image\" \/>\n<meta name=\"twitter:label1\" content=\"Escrito por\" \/>\n\t<meta name=\"twitter:data1\" content=\"Diario del Sur Digital\" \/>\n\t<meta name=\"twitter:label2\" content=\"Tiempo de lectura\" \/>\n\t<meta name=\"twitter:data2\" content=\"5 minutos\" \/>\n<script type=\"application\/ld+json\" class=\"yoast-schema-graph\">{\"@context\":\"https:\\\/\\\/schema.org\",\"@graph\":[{\"@type\":\"Article\",\"@id\":\"https:\\\/\\\/diariodelsurdigital.com.ar\\\/?p=552#article\",\"isPartOf\":{\"@id\":\"https:\\\/\\\/diariodelsurdigital.com.ar\\\/?p=552\"},\"author\":{\"name\":\"Diario del Sur Digital\",\"@id\":\"https:\\\/\\\/diariodelsurdigital.com.ar\\\/#\\\/schema\\\/person\\\/1a4992532ed62965c968031b49195c81\"},\"headline\":\"Luis Juez dejar\u00e1 la presidencia del PRO en el Senado y quiere ser candidato de Milei en C\u00f3rdoba\",\"datePublished\":\"2025-01-13T17:25:18+00:00\",\"dateModified\":\"2025-01-13T17:25:19+00:00\",\"mainEntityOfPage\":{\"@id\":\"https:\\\/\\\/diariodelsurdigital.com.ar\\\/?p=552\"},\"wordCount\":986,\"commentCount\":0,\"image\":{\"@id\":\"https:\\\/\\\/diariodelsurdigital.com.ar\\\/?p=552#primaryimage\"},\"thumbnailUrl\":\"https:\\\/\\\/diariodelsurdigital.com.ar\\\/wp-content\\\/uploads\\\/2025\\\/01\\\/md-2025-01-13T142347.518.webp\",\"articleSection\":[\"Inter\u00e9s General\",\"Nacionales\"],\"inLanguage\":\"es\",\"potentialAction\":[{\"@type\":\"CommentAction\",\"name\":\"Comment\",\"target\":[\"https:\\\/\\\/diariodelsurdigital.com.ar\\\/?p=552#respond\"]}]},{\"@type\":\"WebPage\",\"@id\":\"https:\\\/\\\/diariodelsurdigital.com.ar\\\/?p=552\",\"url\":\"https:\\\/\\\/diariodelsurdigital.com.ar\\\/?p=552\",\"name\":\"Luis Juez dejar\u00e1 la presidencia del PRO en el Senado y quiere ser candidato de Milei en C\u00f3rdoba - Diario del Sur\",\"isPartOf\":{\"@id\":\"https:\\\/\\\/diariodelsurdigital.com.ar\\\/#website\"},\"primaryImageOfPage\":{\"@id\":\"https:\\\/\\\/diariodelsurdigital.com.ar\\\/?p=552#primaryimage\"},\"image\":{\"@id\":\"https:\\\/\\\/diariodelsurdigital.com.ar\\\/?p=552#primaryimage\"},\"thumbnailUrl\":\"https:\\\/\\\/diariodelsurdigital.com.ar\\\/wp-content\\\/uploads\\\/2025\\\/01\\\/md-2025-01-13T142347.518.webp\",\"datePublished\":\"2025-01-13T17:25:18+00:00\",\"dateModified\":\"2025-01-13T17:25:19+00:00\",\"author\":{\"@id\":\"https:\\\/\\\/diariodelsurdigital.com.ar\\\/#\\\/schema\\\/person\\\/1a4992532ed62965c968031b49195c81\"},\"breadcrumb\":{\"@id\":\"https:\\\/\\\/diariodelsurdigital.com.ar\\\/?p=552#breadcrumb\"},\"inLanguage\":\"es\",\"potentialAction\":[{\"@type\":\"ReadAction\",\"target\":[\"https:\\\/\\\/diariodelsurdigital.com.ar\\\/?p=552\"]}]},{\"@type\":\"ImageObject\",\"inLanguage\":\"es\",\"@id\":\"https:\\\/\\\/diariodelsurdigital.com.ar\\\/?p=552#primaryimage\",\"url\":\"https:\\\/\\\/diariodelsurdigital.com.ar\\\/wp-content\\\/uploads\\\/2025\\\/01\\\/md-2025-01-13T142347.518.webp\",\"contentUrl\":\"https:\\\/\\\/diariodelsurdigital.com.ar\\\/wp-content\\\/uploads\\\/2025\\\/01\\\/md-2025-01-13T142347.518.webp\",\"width\":992,\"height\":557},{\"@type\":\"BreadcrumbList\",\"@id\":\"https:\\\/\\\/diariodelsurdigital.com.ar\\\/?p=552#breadcrumb\",\"itemListElement\":[{\"@type\":\"ListItem\",\"position\":1,\"name\":\"Portada\",\"item\":\"https:\\\/\\\/diariodelsurdigital.com.ar\\\/\"},{\"@type\":\"ListItem\",\"position\":2,\"name\":\"Luis Juez dejar\u00e1 la presidencia del PRO en el Senado y quiere ser candidato de Milei en C\u00f3rdoba\"}]},{\"@type\":\"WebSite\",\"@id\":\"https:\\\/\\\/diariodelsurdigital.com.ar\\\/#website\",\"url\":\"https:\\\/\\\/diariodelsurdigital.com.ar\\\/\",\"name\":\"Diario del Sur\",\"description\":\"Digital\",\"potentialAction\":[{\"@type\":\"SearchAction\",\"target\":{\"@type\":\"EntryPoint\",\"urlTemplate\":\"https:\\\/\\\/diariodelsurdigital.com.ar\\\/?s={search_term_string}\"},\"query-input\":{\"@type\":\"PropertyValueSpecification\",\"valueRequired\":true,\"valueName\":\"search_term_string\"}}],\"inLanguage\":\"es\"},{\"@type\":\"Person\",\"@id\":\"https:\\\/\\\/diariodelsurdigital.com.ar\\\/#\\\/schema\\\/person\\\/1a4992532ed62965c968031b49195c81\",\"name\":\"Diario del Sur Digital\",\"image\":{\"@type\":\"ImageObject\",\"inLanguage\":\"es\",\"@id\":\"https:\\\/\\\/secure.gravatar.com\\\/avatar\\\/f0c7c47fc7146d19828273b9b8eda651c9c7ab583767e6338d3d3bee825adf76?s=96&d=mm&r=g\",\"url\":\"https:\\\/\\\/secure.gravatar.com\\\/avatar\\\/f0c7c47fc7146d19828273b9b8eda651c9c7ab583767e6338d3d3bee825adf76?s=96&d=mm&r=g\",\"contentUrl\":\"https:\\\/\\\/secure.gravatar.com\\\/avatar\\\/f0c7c47fc7146d19828273b9b8eda651c9c7ab583767e6338d3d3bee825adf76?s=96&d=mm&r=g\",\"caption\":\"Diario del Sur Digital\"},\"url\":\"https:\\\/\\\/diariodelsurdigital.com.ar\\\/?author=4\"}]}<\/script>\n<!-- \/ Yoast SEO plugin. -->","yoast_head_json":{"title":"Luis Juez dejar\u00e1 la presidencia del PRO en el Senado y quiere ser candidato de Milei en C\u00f3rdoba - Diario del Sur","robots":{"index":"index","follow":"follow","max-snippet":"max-snippet:-1","max-image-preview":"max-image-preview:large","max-video-preview":"max-video-preview:-1"},"canonical":"https:\/\/diariodelsurdigital.com.ar\/?p=552","og_locale":"es_ES","og_type":"article","og_title":"Luis Juez dejar\u00e1 la presidencia del PRO en el Senado y quiere ser candidato de Milei en C\u00f3rdoba - Diario del Sur","og_description":"El cordob\u00e9s Luis Juez anunci\u00f3 este domingo que abandonar\u00e1 la presidencia del bloque del PRO en el Senado. Argument\u00f3 su decisi\u00f3n en la divisi\u00f3n que se gener\u00f3 en el espacio durante la votaci\u00f3n del desafuero de Edgardo Kueider en la C\u00e1mara alta. \u00abMe sent\u00ed desautorizado\u00bb, expres\u00f3, en alusi\u00f3n a Mauricio Macri. Adem\u00e1s, adelant\u00f3 que buscar\u00e1 [&hellip;]","og_url":"https:\/\/diariodelsurdigital.com.ar\/?p=552","og_site_name":"Diario del Sur","article_published_time":"2025-01-13T17:25:18+00:00","article_modified_time":"2025-01-13T17:25:19+00:00","og_image":[{"width":992,"height":557,"url":"https:\/\/diariodelsurdigital.com.ar\/wp-content\/uploads\/2025\/01\/md-2025-01-13T142347.518.webp","type":"image\/webp"}],"author":"Diario del Sur Digital","twitter_card":"summary_large_image","twitter_misc":{"Escrito por":"Diario del Sur Digital","Tiempo de lectura":"5 minutos"},"schema":{"@context":"https:\/\/schema.org","@graph":[{"@type":"Article","@id":"https:\/\/diariodelsurdigital.com.ar\/?p=552#article","isPartOf":{"@id":"https:\/\/diariodelsurdigital.com.ar\/?p=552"},"author":{"name":"Diario del Sur Digital","@id":"https:\/\/diariodelsurdigital.com.ar\/#\/schema\/person\/1a4992532ed62965c968031b49195c81"},"headline":"Luis Juez dejar\u00e1 la presidencia del PRO en el Senado y quiere ser candidato de Milei en C\u00f3rdoba","datePublished":"2025-01-13T17:25:18+00:00","dateModified":"2025-01-13T17:25:19+00:00","mainEntityOfPage":{"@id":"https:\/\/diariodelsurdigital.com.ar\/?p=552"},"wordCount":986,"commentCount":0,"image":{"@id":"https:\/\/diariodelsurdigital.com.ar\/?p=552#primaryimage"},"thumbnailUrl":"https:\/\/diariodelsurdigital.com.ar\/wp-content\/uploads\/2025\/01\/md-2025-01-13T142347.518.webp","articleSection":["Inter\u00e9s General","Nacionales"],"inLanguage":"es","potentialAction":[{"@type":"CommentAction","name":"Comment","target":["https:\/\/diariodelsurdigital.com.ar\/?p=552#respond"]}]},{"@type":"WebPage","@id":"https:\/\/diariodelsurdigital.com.ar\/?p=552","url":"https:\/\/diariodelsurdigital.com.ar\/?p=552","name":"Luis Juez dejar\u00e1 la presidencia del PRO en el Senado y quiere ser candidato de Milei en C\u00f3rdoba - Diario del Sur","isPartOf":{"@id":"https:\/\/diariodelsurdigital.com.ar\/#website"},"primaryImageOfPage":{"@id":"https:\/\/diariodelsurdigital.com.ar\/?p=552#primaryimage"},"image":{"@id":"https:\/\/diariodelsurdigital.com.ar\/?p=552#primaryimage"},"thumbnailUrl":"https:\/\/diariodelsurdigital.com.ar\/wp-content\/uploads\/2025\/01\/md-2025-01-13T142347.518.webp","datePublished":"2025-01-13T17:25:18+00:00","dateModified":"2025-01-13T17:25:19+00:00","author":{"@id":"https:\/\/diariodelsurdigital.com.ar\/#\/schema\/person\/1a4992532ed62965c968031b49195c81"},"breadcrumb":{"@id":"https:\/\/diariodelsurdigital.com.ar\/?p=552#breadcrumb"},"inLanguage":"es","potentialAction":[{"@type":"ReadAction","target":["https:\/\/diariodelsurdigital.com.ar\/?p=552"]}]},{"@type":"ImageObject","inLanguage":"es","@id":"https:\/\/diariodelsurdigital.com.ar\/?p=552#primaryimage","url":"https:\/\/diariodelsurdigital.com.ar\/wp-content\/uploads\/2025\/01\/md-2025-01-13T142347.518.webp","contentUrl":"https:\/\/diariodelsurdigital.com.ar\/wp-content\/uploads\/2025\/01\/md-2025-01-13T142347.518.webp","width":992,"height":557},{"@type":"BreadcrumbList","@id":"https:\/\/diariodelsurdigital.com.ar\/?p=552#breadcrumb","itemListElement":[{"@type":"ListItem","position":1,"name":"Portada","item":"https:\/\/diariodelsurdigital.com.ar\/"},{"@type":"ListItem","position":2,"name":"Luis Juez dejar\u00e1 la presidencia del PRO en el Senado y quiere ser candidato de Milei en C\u00f3rdoba"}]},{"@type":"WebSite","@id":"https:\/\/diariodelsurdigital.com.ar\/#website","url":"https:\/\/diariodelsurdigital.com.ar\/","name":"Diario del Sur","description":"Digital","potentialAction":[{"@type":"SearchAction","target":{"@type":"EntryPoint","urlTemplate":"https:\/\/diariodelsurdigital.com.ar\/?s={search_term_string}"},"query-input":{"@type":"PropertyValueSpecification","valueRequired":true,"valueName":"search_term_string"}}],"inLanguage":"es"},{"@type":"Person","@id":"https:\/\/diariodelsurdigital.com.ar\/#\/schema\/person\/1a4992532ed62965c968031b49195c81","name":"Diario del Sur Digital","image":{"@type":"ImageObject","inLanguage":"es","@id":"https:\/\/secure.gravatar.com\/avatar\/f0c7c47fc7146d19828273b9b8eda651c9c7ab583767e6338d3d3bee825adf76?s=96&d=mm&r=g","url":"https:\/\/secure.gravatar.com\/avatar\/f0c7c47fc7146d19828273b9b8eda651c9c7ab583767e6338d3d3bee825adf76?s=96&d=mm&r=g","contentUrl":"https:\/\/secure.gravatar.com\/avatar\/f0c7c47fc7146d19828273b9b8eda651c9c7ab583767e6338d3d3bee825adf76?s=96&d=mm&r=g","caption":"Diario del Sur Digital"},"url":"https:\/\/diariodelsurdigital.com.ar\/?author=4"}]}},"_links":{"self":[{"href":"https:\/\/diariodelsurdigital.com.ar\/index.php?rest_route=\/wp\/v2\/posts\/552","targetHints":{"allow":["GET"]}}],"collection":[{"href":"https:\/\/diariodelsurdigital.com.ar\/index.php?rest_route=\/wp\/v2\/posts"}],"about":[{"href":"https:\/\/diariodelsurdigital.com.ar\/index.php?rest_route=\/wp\/v2\/types\/post"}],"author":[{"embeddable":true,"href":"https:\/\/diariodelsurdigital.com.ar\/index.php?rest_route=\/wp\/v2\/users\/4"}],"replies":[{"embeddable":true,"href":"https:\/\/diariodelsurdigital.com.ar\/index.php?rest_route=%2Fwp%2Fv2%2Fcomments&post=552"}],"version-history":[{"count":1,"href":"https:\/\/diariodelsurdigital.com.ar\/index.php?rest_route=\/wp\/v2\/posts\/552\/revisions"}],"predecessor-version":[{"id":554,"href":"https:\/\/diariodelsurdigital.com.ar\/index.php?rest_route=\/wp\/v2\/posts\/552\/revisions\/554"}],"wp:featuredmedia":[{"embeddable":true,"href":"https:\/\/diariodelsurdigital.com.ar\/index.php?rest_route=\/wp\/v2\/media\/553"}],"wp:attachment":[{"href":"https:\/\/diariodelsurdigital.com.ar\/index.php?rest_route=%2Fwp%2Fv2%2Fmedia&parent=552"}],"wp:term":[{"taxonomy":"category","embeddable":true,"href":"https:\/\/diariodelsurdigital.com.ar\/index.php?rest_route=%2Fwp%2Fv2%2Fcategories&post=552"},{"taxonomy":"post_tag","embeddable":true,"href":"https:\/\/diariodelsurdigital.com.ar\/index.php?rest_route=%2Fwp%2Fv2%2Ftags&post=552"}],"curies":[{"name":"wp","href":"https:\/\/api.w.org\/{rel}","templated":true}]}}