{"id":5524,"date":"2025-11-04T08:54:35","date_gmt":"2025-11-04T11:54:35","guid":{"rendered":"https:\/\/diariodelsurdigital.com.ar\/?p=5524"},"modified":"2025-11-04T08:54:36","modified_gmt":"2025-11-04T11:54:36","slug":"concordia-un-hombre-habria-provocado-un-incendio-a-raiz-de-su-separacion","status":"publish","type":"post","link":"https:\/\/diariodelsurdigital.com.ar\/?p=5524","title":{"rendered":"Concordia: Un hombre habr\u00eda provocado un incendio a ra\u00edz de su separaci\u00f3n"},"content":{"rendered":"\n<p>Un hombre habr\u00eda provocado un incendio en un complejo de departamentos de Concordia, generando un intenso operativo de asistencia y su detenci\u00f3n.<\/p>\n\n\n\n<p>Este lunes por la ma\u00f1ana, un intenso operativo se despleg\u00f3 en un complejo de departamentos ubicado en Bulevar San Lorenzo al 760, entre las calles Maip\u00fa y Lucas Gonz\u00e1lez, en Concordia, tras desatarse un incendio en el garaje del edificio.<\/p>\n\n\n\n<p>Frente al complejo se encontraba una camioneta Renault Kangoo gris oscuro, con una soga asomando desde el tanque de combustible.<\/p>\n\n\n\n<p>Seg\u00fan vecinos de la zona, previamente habr\u00edan alertado a la polic\u00eda sobre una persona que intentaba prender fuego a distintos veh\u00edculos. El hombre involucrado, que ser\u00eda el due\u00f1o del complejo habitacional, habr\u00eda actuado a ra\u00edz de un proceso de separaci\u00f3n con su pareja.<\/p>\n\n\n\n<p>El presunto autor del hecho habr\u00eda iniciado el fuego en un veh\u00edculo dentro del garaje, con la intenci\u00f3n de que las llamas se extendieran al resto de los veh\u00edculos y al edificio, incluyendo la camioneta estacionada fuera del complejo.<\/p>\n\n\n\n<p>Funcionarios de la Comisar\u00eda D\u00e9cima llegaron al lugar, atravesaron las llamas y lograron detener al hombre, quien se encontraba herido en el rostro y desvanecido en la parte trasera del edificio.<\/p>\n\n\n\n<p>En el operativo trabajaron efectivos de la Comisar\u00eda D\u00e9cima, Bomberos Voluntarios, Bomberos Zapadores y el servicio de ambulancias de la Municipalidad de Concordia, public\u00f3 UNO.<\/p>\n","protected":false},"excerpt":{"rendered":"<p>Un hombre habr\u00eda provocado un incendio en un complejo de departamentos de Concordia, generando un intenso operativo de asistencia y su detenci\u00f3n. Este lunes por la ma\u00f1ana, un intenso operativo se despleg\u00f3 en un complejo de departamentos ubicado en Bulevar San Lorenzo al 760, entre las calles Maip\u00fa y Lucas Gonz\u00e1lez, en Concordia, tras desatarse [&hellip;]<\/p>\n","protected":false},"author":4,"featured_media":5525,"comment_status":"open","ping_status":"open","sticky":false,"template":"","format":"standard","meta":{"footnotes":""},"categories":[16,21],"tags":[],"class_list":{"0":"post-5524","1":"post","2":"type-post","3":"status-publish","4":"format-standard","5":"has-post-thumbnail","7":"category-locales","8":"category-policiales"},"yoast_head":"<!-- This site is optimized with the Yoast SEO plugin v27.4 - https:\/\/yoast.com\/product\/yoast-seo-wordpress\/ -->\n<title>Concordia: Un hombre habr\u00eda provocado un incendio a ra\u00edz de su separaci\u00f3n - Diario del Sur<\/title>\n<meta name=\"robots\" content=\"index, follow, max-snippet:-1, max-image-preview:large, max-video-preview:-1\" \/>\n<link rel=\"canonical\" href=\"https:\/\/diariodelsurdigital.com.ar\/?p=5524\" \/>\n<meta property=\"og:locale\" content=\"es_ES\" \/>\n<meta property=\"og:type\" content=\"article\" \/>\n<meta property=\"og:title\" content=\"Concordia: Un hombre habr\u00eda provocado un incendio a ra\u00edz de su separaci\u00f3n - Diario del Sur\" \/>\n<meta property=\"og:description\" content=\"Un hombre habr\u00eda provocado un incendio en un complejo de departamentos de Concordia, generando un intenso operativo de asistencia y su detenci\u00f3n. Este lunes por la ma\u00f1ana, un intenso operativo se despleg\u00f3 en un complejo de departamentos ubicado en Bulevar San Lorenzo al 760, entre las calles Maip\u00fa y Lucas Gonz\u00e1lez, en Concordia, tras desatarse [&hellip;]\" \/>\n<meta property=\"og:url\" content=\"https:\/\/diariodelsurdigital.com.ar\/?p=5524\" \/>\n<meta property=\"og:site_name\" content=\"Diario del Sur\" \/>\n<meta property=\"article:published_time\" content=\"2025-11-04T11:54:35+00:00\" \/>\n<meta property=\"article:modified_time\" content=\"2025-11-04T11:54:36+00:00\" \/>\n<meta property=\"og:image\" content=\"https:\/\/diariodelsurdigital.com.ar\/wp-content\/uploads\/2025\/11\/md-11.webp\" \/>\n\t<meta property=\"og:image:width\" content=\"992\" \/>\n\t<meta property=\"og:image:height\" content=\"603\" \/>\n\t<meta property=\"og:image:type\" content=\"image\/webp\" \/>\n<meta name=\"author\" content=\"Diario del Sur Digital\" \/>\n<meta name=\"twitter:card\" content=\"summary_large_image\" \/>\n<meta name=\"twitter:label1\" content=\"Escrito por\" \/>\n\t<meta name=\"twitter:data1\" content=\"Diario del Sur Digital\" \/>\n\t<meta name=\"twitter:label2\" content=\"Tiempo de lectura\" \/>\n\t<meta name=\"twitter:data2\" content=\"2 minutos\" \/>\n<script type=\"application\/ld+json\" class=\"yoast-schema-graph\">{\"@context\":\"https:\\\/\\\/schema.org\",\"@graph\":[{\"@type\":\"Article\",\"@id\":\"https:\\\/\\\/diariodelsurdigital.com.ar\\\/?p=5524#article\",\"isPartOf\":{\"@id\":\"https:\\\/\\\/diariodelsurdigital.com.ar\\\/?p=5524\"},\"author\":{\"name\":\"Diario del Sur Digital\",\"@id\":\"https:\\\/\\\/diariodelsurdigital.com.ar\\\/#\\\/schema\\\/person\\\/1a4992532ed62965c968031b49195c81\"},\"headline\":\"Concordia: Un hombre habr\u00eda provocado un incendio a ra\u00edz de su separaci\u00f3n\",\"datePublished\":\"2025-11-04T11:54:35+00:00\",\"dateModified\":\"2025-11-04T11:54:36+00:00\",\"mainEntityOfPage\":{\"@id\":\"https:\\\/\\\/diariodelsurdigital.com.ar\\\/?p=5524\"},\"wordCount\":255,\"commentCount\":0,\"image\":{\"@id\":\"https:\\\/\\\/diariodelsurdigital.com.ar\\\/?p=5524#primaryimage\"},\"thumbnailUrl\":\"https:\\\/\\\/diariodelsurdigital.com.ar\\\/wp-content\\\/uploads\\\/2025\\\/11\\\/md-11.webp\",\"articleSection\":[\"Locales\",\"Policiales\"],\"inLanguage\":\"es\",\"potentialAction\":[{\"@type\":\"CommentAction\",\"name\":\"Comment\",\"target\":[\"https:\\\/\\\/diariodelsurdigital.com.ar\\\/?p=5524#respond\"]}]},{\"@type\":\"WebPage\",\"@id\":\"https:\\\/\\\/diariodelsurdigital.com.ar\\\/?p=5524\",\"url\":\"https:\\\/\\\/diariodelsurdigital.com.ar\\\/?p=5524\",\"name\":\"Concordia: Un hombre habr\u00eda provocado un incendio a ra\u00edz de su separaci\u00f3n - Diario del Sur\",\"isPartOf\":{\"@id\":\"https:\\\/\\\/diariodelsurdigital.com.ar\\\/#website\"},\"primaryImageOfPage\":{\"@id\":\"https:\\\/\\\/diariodelsurdigital.com.ar\\\/?p=5524#primaryimage\"},\"image\":{\"@id\":\"https:\\\/\\\/diariodelsurdigital.com.ar\\\/?p=5524#primaryimage\"},\"thumbnailUrl\":\"https:\\\/\\\/diariodelsurdigital.com.ar\\\/wp-content\\\/uploads\\\/2025\\\/11\\\/md-11.webp\",\"datePublished\":\"2025-11-04T11:54:35+00:00\",\"dateModified\":\"2025-11-04T11:54:36+00:00\",\"author\":{\"@id\":\"https:\\\/\\\/diariodelsurdigital.com.ar\\\/#\\\/schema\\\/person\\\/1a4992532ed62965c968031b49195c81\"},\"breadcrumb\":{\"@id\":\"https:\\\/\\\/diariodelsurdigital.com.ar\\\/?p=5524#breadcrumb\"},\"inLanguage\":\"es\",\"potentialAction\":[{\"@type\":\"ReadAction\",\"target\":[\"https:\\\/\\\/diariodelsurdigital.com.ar\\\/?p=5524\"]}]},{\"@type\":\"ImageObject\",\"inLanguage\":\"es\",\"@id\":\"https:\\\/\\\/diariodelsurdigital.com.ar\\\/?p=5524#primaryimage\",\"url\":\"https:\\\/\\\/diariodelsurdigital.com.ar\\\/wp-content\\\/uploads\\\/2025\\\/11\\\/md-11.webp\",\"contentUrl\":\"https:\\\/\\\/diariodelsurdigital.com.ar\\\/wp-content\\\/uploads\\\/2025\\\/11\\\/md-11.webp\",\"width\":992,\"height\":603},{\"@type\":\"BreadcrumbList\",\"@id\":\"https:\\\/\\\/diariodelsurdigital.com.ar\\\/?p=5524#breadcrumb\",\"itemListElement\":[{\"@type\":\"ListItem\",\"position\":1,\"name\":\"Portada\",\"item\":\"https:\\\/\\\/diariodelsurdigital.com.ar\\\/\"},{\"@type\":\"ListItem\",\"position\":2,\"name\":\"Concordia: Un hombre habr\u00eda provocado un incendio a ra\u00edz de su separaci\u00f3n\"}]},{\"@type\":\"WebSite\",\"@id\":\"https:\\\/\\\/diariodelsurdigital.com.ar\\\/#website\",\"url\":\"https:\\\/\\\/diariodelsurdigital.com.ar\\\/\",\"name\":\"Diario del Sur\",\"description\":\"Digital\",\"potentialAction\":[{\"@type\":\"SearchAction\",\"target\":{\"@type\":\"EntryPoint\",\"urlTemplate\":\"https:\\\/\\\/diariodelsurdigital.com.ar\\\/?s={search_term_string}\"},\"query-input\":{\"@type\":\"PropertyValueSpecification\",\"valueRequired\":true,\"valueName\":\"search_term_string\"}}],\"inLanguage\":\"es\"},{\"@type\":\"Person\",\"@id\":\"https:\\\/\\\/diariodelsurdigital.com.ar\\\/#\\\/schema\\\/person\\\/1a4992532ed62965c968031b49195c81\",\"name\":\"Diario del Sur Digital\",\"image\":{\"@type\":\"ImageObject\",\"inLanguage\":\"es\",\"@id\":\"https:\\\/\\\/secure.gravatar.com\\\/avatar\\\/f0c7c47fc7146d19828273b9b8eda651c9c7ab583767e6338d3d3bee825adf76?s=96&d=mm&r=g\",\"url\":\"https:\\\/\\\/secure.gravatar.com\\\/avatar\\\/f0c7c47fc7146d19828273b9b8eda651c9c7ab583767e6338d3d3bee825adf76?s=96&d=mm&r=g\",\"contentUrl\":\"https:\\\/\\\/secure.gravatar.com\\\/avatar\\\/f0c7c47fc7146d19828273b9b8eda651c9c7ab583767e6338d3d3bee825adf76?s=96&d=mm&r=g\",\"caption\":\"Diario del Sur Digital\"},\"url\":\"https:\\\/\\\/diariodelsurdigital.com.ar\\\/?author=4\"}]}<\/script>\n<!-- \/ Yoast SEO plugin. -->","yoast_head_json":{"title":"Concordia: Un hombre habr\u00eda provocado un incendio a ra\u00edz de su separaci\u00f3n - Diario del Sur","robots":{"index":"index","follow":"follow","max-snippet":"max-snippet:-1","max-image-preview":"max-image-preview:large","max-video-preview":"max-video-preview:-1"},"canonical":"https:\/\/diariodelsurdigital.com.ar\/?p=5524","og_locale":"es_ES","og_type":"article","og_title":"Concordia: Un hombre habr\u00eda provocado un incendio a ra\u00edz de su separaci\u00f3n - Diario del Sur","og_description":"Un hombre habr\u00eda provocado un incendio en un complejo de departamentos de Concordia, generando un intenso operativo de asistencia y su detenci\u00f3n. Este lunes por la ma\u00f1ana, un intenso operativo se despleg\u00f3 en un complejo de departamentos ubicado en Bulevar San Lorenzo al 760, entre las calles Maip\u00fa y Lucas Gonz\u00e1lez, en Concordia, tras desatarse [&hellip;]","og_url":"https:\/\/diariodelsurdigital.com.ar\/?p=5524","og_site_name":"Diario del Sur","article_published_time":"2025-11-04T11:54:35+00:00","article_modified_time":"2025-11-04T11:54:36+00:00","og_image":[{"width":992,"height":603,"url":"https:\/\/diariodelsurdigital.com.ar\/wp-content\/uploads\/2025\/11\/md-11.webp","type":"image\/webp"}],"author":"Diario del Sur Digital","twitter_card":"summary_large_image","twitter_misc":{"Escrito por":"Diario del Sur Digital","Tiempo de lectura":"2 minutos"},"schema":{"@context":"https:\/\/schema.org","@graph":[{"@type":"Article","@id":"https:\/\/diariodelsurdigital.com.ar\/?p=5524#article","isPartOf":{"@id":"https:\/\/diariodelsurdigital.com.ar\/?p=5524"},"author":{"name":"Diario del Sur Digital","@id":"https:\/\/diariodelsurdigital.com.ar\/#\/schema\/person\/1a4992532ed62965c968031b49195c81"},"headline":"Concordia: Un hombre habr\u00eda provocado un incendio a ra\u00edz de su separaci\u00f3n","datePublished":"2025-11-04T11:54:35+00:00","dateModified":"2025-11-04T11:54:36+00:00","mainEntityOfPage":{"@id":"https:\/\/diariodelsurdigital.com.ar\/?p=5524"},"wordCount":255,"commentCount":0,"image":{"@id":"https:\/\/diariodelsurdigital.com.ar\/?p=5524#primaryimage"},"thumbnailUrl":"https:\/\/diariodelsurdigital.com.ar\/wp-content\/uploads\/2025\/11\/md-11.webp","articleSection":["Locales","Policiales"],"inLanguage":"es","potentialAction":[{"@type":"CommentAction","name":"Comment","target":["https:\/\/diariodelsurdigital.com.ar\/?p=5524#respond"]}]},{"@type":"WebPage","@id":"https:\/\/diariodelsurdigital.com.ar\/?p=5524","url":"https:\/\/diariodelsurdigital.com.ar\/?p=5524","name":"Concordia: Un hombre habr\u00eda provocado un incendio a ra\u00edz de su separaci\u00f3n - Diario del Sur","isPartOf":{"@id":"https:\/\/diariodelsurdigital.com.ar\/#website"},"primaryImageOfPage":{"@id":"https:\/\/diariodelsurdigital.com.ar\/?p=5524#primaryimage"},"image":{"@id":"https:\/\/diariodelsurdigital.com.ar\/?p=5524#primaryimage"},"thumbnailUrl":"https:\/\/diariodelsurdigital.com.ar\/wp-content\/uploads\/2025\/11\/md-11.webp","datePublished":"2025-11-04T11:54:35+00:00","dateModified":"2025-11-04T11:54:36+00:00","author":{"@id":"https:\/\/diariodelsurdigital.com.ar\/#\/schema\/person\/1a4992532ed62965c968031b49195c81"},"breadcrumb":{"@id":"https:\/\/diariodelsurdigital.com.ar\/?p=5524#breadcrumb"},"inLanguage":"es","potentialAction":[{"@type":"ReadAction","target":["https:\/\/diariodelsurdigital.com.ar\/?p=5524"]}]},{"@type":"ImageObject","inLanguage":"es","@id":"https:\/\/diariodelsurdigital.com.ar\/?p=5524#primaryimage","url":"https:\/\/diariodelsurdigital.com.ar\/wp-content\/uploads\/2025\/11\/md-11.webp","contentUrl":"https:\/\/diariodelsurdigital.com.ar\/wp-content\/uploads\/2025\/11\/md-11.webp","width":992,"height":603},{"@type":"BreadcrumbList","@id":"https:\/\/diariodelsurdigital.com.ar\/?p=5524#breadcrumb","itemListElement":[{"@type":"ListItem","position":1,"name":"Portada","item":"https:\/\/diariodelsurdigital.com.ar\/"},{"@type":"ListItem","position":2,"name":"Concordia: Un hombre habr\u00eda provocado un incendio a ra\u00edz de su separaci\u00f3n"}]},{"@type":"WebSite","@id":"https:\/\/diariodelsurdigital.com.ar\/#website","url":"https:\/\/diariodelsurdigital.com.ar\/","name":"Diario del Sur","description":"Digital","potentialAction":[{"@type":"SearchAction","target":{"@type":"EntryPoint","urlTemplate":"https:\/\/diariodelsurdigital.com.ar\/?s={search_term_string}"},"query-input":{"@type":"PropertyValueSpecification","valueRequired":true,"valueName":"search_term_string"}}],"inLanguage":"es"},{"@type":"Person","@id":"https:\/\/diariodelsurdigital.com.ar\/#\/schema\/person\/1a4992532ed62965c968031b49195c81","name":"Diario del Sur Digital","image":{"@type":"ImageObject","inLanguage":"es","@id":"https:\/\/secure.gravatar.com\/avatar\/f0c7c47fc7146d19828273b9b8eda651c9c7ab583767e6338d3d3bee825adf76?s=96&d=mm&r=g","url":"https:\/\/secure.gravatar.com\/avatar\/f0c7c47fc7146d19828273b9b8eda651c9c7ab583767e6338d3d3bee825adf76?s=96&d=mm&r=g","contentUrl":"https:\/\/secure.gravatar.com\/avatar\/f0c7c47fc7146d19828273b9b8eda651c9c7ab583767e6338d3d3bee825adf76?s=96&d=mm&r=g","caption":"Diario del Sur Digital"},"url":"https:\/\/diariodelsurdigital.com.ar\/?author=4"}]}},"_links":{"self":[{"href":"https:\/\/diariodelsurdigital.com.ar\/index.php?rest_route=\/wp\/v2\/posts\/5524","targetHints":{"allow":["GET"]}}],"collection":[{"href":"https:\/\/diariodelsurdigital.com.ar\/index.php?rest_route=\/wp\/v2\/posts"}],"about":[{"href":"https:\/\/diariodelsurdigital.com.ar\/index.php?rest_route=\/wp\/v2\/types\/post"}],"author":[{"embeddable":true,"href":"https:\/\/diariodelsurdigital.com.ar\/index.php?rest_route=\/wp\/v2\/users\/4"}],"replies":[{"embeddable":true,"href":"https:\/\/diariodelsurdigital.com.ar\/index.php?rest_route=%2Fwp%2Fv2%2Fcomments&post=5524"}],"version-history":[{"count":1,"href":"https:\/\/diariodelsurdigital.com.ar\/index.php?rest_route=\/wp\/v2\/posts\/5524\/revisions"}],"predecessor-version":[{"id":5526,"href":"https:\/\/diariodelsurdigital.com.ar\/index.php?rest_route=\/wp\/v2\/posts\/5524\/revisions\/5526"}],"wp:featuredmedia":[{"embeddable":true,"href":"https:\/\/diariodelsurdigital.com.ar\/index.php?rest_route=\/wp\/v2\/media\/5525"}],"wp:attachment":[{"href":"https:\/\/diariodelsurdigital.com.ar\/index.php?rest_route=%2Fwp%2Fv2%2Fmedia&parent=5524"}],"wp:term":[{"taxonomy":"category","embeddable":true,"href":"https:\/\/diariodelsurdigital.com.ar\/index.php?rest_route=%2Fwp%2Fv2%2Fcategories&post=5524"},{"taxonomy":"post_tag","embeddable":true,"href":"https:\/\/diariodelsurdigital.com.ar\/index.php?rest_route=%2Fwp%2Fv2%2Ftags&post=5524"}],"curies":[{"name":"wp","href":"https:\/\/api.w.org\/{rel}","templated":true}]}}