{"id":5530,"date":"2025-11-04T09:02:58","date_gmt":"2025-11-04T12:02:58","guid":{"rendered":"https:\/\/diariodelsurdigital.com.ar\/?p=5530"},"modified":"2025-11-04T09:02:59","modified_gmt":"2025-11-04T12:02:59","slug":"el-narcotraficante-fred-machado-sera-extraditado-este-miercoles-a-estados-unidos","status":"publish","type":"post","link":"https:\/\/diariodelsurdigital.com.ar\/?p=5530","title":{"rendered":"El narcotraficante Fred Machado ser\u00e1 extraditado este mi\u00e9rcoles a Estados Unidos"},"content":{"rendered":"\n<p>Acusado de narcotr\u00e1fico, partir\u00e1 desde Ezeiza bajo un operativo especial. Viajar\u00e1 junto con todos los elementos secuestrados para ser juzgado en Texas.<\/p>\n\n\n\n<p>La extradici\u00f3n fue autorizada por la Corte Suprema el 14 de octubre y fue firmada ese mismo d\u00eda por el Poder Ejecutivo. Machado, de 57 a\u00f1os, est\u00e1 alojado desde el domingo en la Superintendencia de Investigaciones Federales de la Polic\u00eda Federal Argentina (PFA) en Buenos Aires, a la espera del operativo que contar\u00e1 con la presencia de U.S. Marshals, la fuerza estadounidense encargada de trasladar presos.<\/p>\n\n\n\n<p>El traslado ser\u00eda el mi\u00e9rcoles 5 de noviembre en un vuelo de United Airlines, con salida programada a las 22 desde el Aeropuerto Internacional de Ezeiza.<\/p>\n\n\n\n<p>Detenido en 2021 en el aeropuerto de Neuqu\u00e9n por una alerta roja de Interpol, Machado cumpl\u00eda prisi\u00f3n domiciliaria hasta el 8 de octubre, cuando el juez federal Gustavo Villanueva orden\u00f3 su traslado a una dependencia policial por m\u00faltiples incumplimientos.<\/p>\n\n\n\n<p>La figura de Machado cobr\u00f3 relevancia tras una denuncia por presuntos aportes irregulares a campa\u00f1as electorales. La investigaci\u00f3n revel\u00f3 una transferencia de 200.000 d\u00f3lares no declarada a Espert durante su campa\u00f1a presidencial de 2019, adem\u00e1s de 36 vuelos en aeronaves de Machado.<\/p>\n\n\n\n<p>Espert explic\u00f3 que el dinero fue por una consultor\u00eda minera en Guatemala relacionada con Minas del Pueblo, una de las empresas del acusado.<\/p>\n\n\n\n<p>Por la magnitud del caso, Espert renunci\u00f3 a su candidatura a diputado nacional d\u00edas antes de las elecciones del 26 de octubre y se tom\u00f3 licencia del Congreso hasta el 8 de diciembre.<\/p>\n\n\n\n<p>Tras el fallo de la Corte, el Gobierno confirm\u00f3 la extradici\u00f3n de manera inmediata. A trav\u00e9s de la Oficina del Presidente, se instruy\u00f3 a Canciller\u00eda, a la Secretar\u00eda Legal y T\u00e9cnica y a la Jefatura de Gabinete para instrumentar todos los pasos administrativos y diplom\u00e1ticos necesarios.<\/p>\n\n\n\n<p>Antes de ser trasladado, Machado declar\u00f3: \u201cNo soy narco, no tengo nada que ver con drogas, nunca me asoci\u00e9. Estuve en el lugar equivocado, en el momento equivocado y la gente en la que confi\u00e9 pens\u00e9 que eran los buenos y eran los malos\u201d.<\/p>\n\n\n\n<p>Tambi\u00e9n asegur\u00f3 en entrevistas que mantiene contacto con la fiscal\u00eda estadounidense y neg\u00f3 cualquier vinculaci\u00f3n con narcotr\u00e1fico.<\/p>\n\n\n\n<p>El empresario ser\u00e1 enviado junto con todos los elementos secuestrados en su momento, incluidos tel\u00e9fonos y documentaci\u00f3n relevante.<\/p>\n\n\n\n<p>Qui\u00e9n es Fred Machado<\/p>\n\n\n\n<p>Machado naci\u00f3 el 2 de enero de 1968, en Viedma, R\u00edo Negro. Se form\u00f3 como piloto en Estados Unidos, donde estuvo viviendo durante varios a\u00f1os y recibi\u00f3 el apodo con el que hoy es conocido.<\/p>\n\n\n\n<p>En ese pa\u00eds, comenz\u00f3 su carrera empresarial con foco en la aviaci\u00f3n y proyectos inmobiliarios, aunque para la justicia utilizaba aeronaves adquiridas mediante fraudes para mover la droga a gran escala, detr\u00e1s de una organizaci\u00f3n facilitaba el transporte de coca\u00edna desde Colombia, Venezuela, Guatemala y M\u00e9xico hasta el pa\u00eds norteamericano.<\/p>\n\n\n\n<p>Adem\u00e1s, tambi\u00e9n es acusado por estafar a multimillonarios mediante el Esquema Ponzi. En s\u00edntesis, de acuerdo a la causa, adem\u00e1s captaba inversionistas para la compra de aeronaves que no exist\u00edan con el fin de lavar activos del narcotr\u00e1fico.<\/p>\n\n\n\n<p>Finalmente, en abril 2021 fue detenido por la Polic\u00eda de Seguridad Aeroportuaria en el aeropuerto de Neuqu\u00e9n, cuando esperaba abordar un avi\u00f3n con destino a Buenos Aires con su pasaporte.<\/p>\n\n\n\n<p><\/p>\n","protected":false},"excerpt":{"rendered":"<p>Acusado de narcotr\u00e1fico, partir\u00e1 desde Ezeiza bajo un operativo especial. Viajar\u00e1 junto con todos los elementos secuestrados para ser juzgado en Texas. La extradici\u00f3n fue autorizada por la Corte Suprema el 14 de octubre y fue firmada ese mismo d\u00eda por el Poder Ejecutivo. Machado, de 57 a\u00f1os, est\u00e1 alojado desde el domingo en la [&hellip;]<\/p>\n","protected":false},"author":4,"featured_media":5531,"comment_status":"open","ping_status":"open","sticky":false,"template":"","format":"standard","meta":{"footnotes":""},"categories":[20],"tags":[],"class_list":{"0":"post-5530","1":"post","2":"type-post","3":"status-publish","4":"format-standard","5":"has-post-thumbnail","7":"category-internacionales"},"yoast_head":"<!-- This site is optimized with the Yoast SEO plugin v27.4 - https:\/\/yoast.com\/product\/yoast-seo-wordpress\/ -->\n<title>El narcotraficante Fred Machado ser\u00e1 extraditado este mi\u00e9rcoles a Estados Unidos - Diario del Sur<\/title>\n<meta name=\"robots\" content=\"index, follow, max-snippet:-1, max-image-preview:large, max-video-preview:-1\" \/>\n<link rel=\"canonical\" href=\"https:\/\/diariodelsurdigital.com.ar\/?p=5530\" \/>\n<meta property=\"og:locale\" content=\"es_ES\" \/>\n<meta property=\"og:type\" content=\"article\" \/>\n<meta property=\"og:title\" content=\"El narcotraficante Fred Machado ser\u00e1 extraditado este mi\u00e9rcoles a Estados Unidos - Diario del Sur\" \/>\n<meta property=\"og:description\" content=\"Acusado de narcotr\u00e1fico, partir\u00e1 desde Ezeiza bajo un operativo especial. Viajar\u00e1 junto con todos los elementos secuestrados para ser juzgado en Texas. La extradici\u00f3n fue autorizada por la Corte Suprema el 14 de octubre y fue firmada ese mismo d\u00eda por el Poder Ejecutivo. Machado, de 57 a\u00f1os, est\u00e1 alojado desde el domingo en la [&hellip;]\" \/>\n<meta property=\"og:url\" content=\"https:\/\/diariodelsurdigital.com.ar\/?p=5530\" \/>\n<meta property=\"og:site_name\" content=\"Diario del Sur\" \/>\n<meta property=\"article:published_time\" content=\"2025-11-04T12:02:58+00:00\" \/>\n<meta property=\"article:modified_time\" content=\"2025-11-04T12:02:59+00:00\" \/>\n<meta property=\"og:image\" content=\"https:\/\/diariodelsurdigital.com.ar\/wp-content\/uploads\/2025\/11\/md-13.webp\" \/>\n\t<meta property=\"og:image:width\" content=\"695\" \/>\n\t<meta property=\"og:image:height\" content=\"992\" \/>\n\t<meta property=\"og:image:type\" content=\"image\/webp\" \/>\n<meta name=\"author\" content=\"Diario del Sur Digital\" \/>\n<meta name=\"twitter:card\" content=\"summary_large_image\" \/>\n<meta name=\"twitter:label1\" content=\"Escrito por\" \/>\n\t<meta name=\"twitter:data1\" content=\"Diario del Sur Digital\" \/>\n\t<meta name=\"twitter:label2\" content=\"Tiempo de lectura\" \/>\n\t<meta name=\"twitter:data2\" content=\"3 minutos\" \/>\n<script type=\"application\/ld+json\" class=\"yoast-schema-graph\">{\"@context\":\"https:\\\/\\\/schema.org\",\"@graph\":[{\"@type\":\"Article\",\"@id\":\"https:\\\/\\\/diariodelsurdigital.com.ar\\\/?p=5530#article\",\"isPartOf\":{\"@id\":\"https:\\\/\\\/diariodelsurdigital.com.ar\\\/?p=5530\"},\"author\":{\"name\":\"Diario del Sur Digital\",\"@id\":\"https:\\\/\\\/diariodelsurdigital.com.ar\\\/#\\\/schema\\\/person\\\/1a4992532ed62965c968031b49195c81\"},\"headline\":\"El narcotraficante Fred Machado ser\u00e1 extraditado este mi\u00e9rcoles a Estados Unidos\",\"datePublished\":\"2025-11-04T12:02:58+00:00\",\"dateModified\":\"2025-11-04T12:02:59+00:00\",\"mainEntityOfPage\":{\"@id\":\"https:\\\/\\\/diariodelsurdigital.com.ar\\\/?p=5530\"},\"wordCount\":581,\"commentCount\":0,\"image\":{\"@id\":\"https:\\\/\\\/diariodelsurdigital.com.ar\\\/?p=5530#primaryimage\"},\"thumbnailUrl\":\"https:\\\/\\\/diariodelsurdigital.com.ar\\\/wp-content\\\/uploads\\\/2025\\\/11\\\/md-13.webp\",\"articleSection\":[\"Internacionales\"],\"inLanguage\":\"es\",\"potentialAction\":[{\"@type\":\"CommentAction\",\"name\":\"Comment\",\"target\":[\"https:\\\/\\\/diariodelsurdigital.com.ar\\\/?p=5530#respond\"]}]},{\"@type\":\"WebPage\",\"@id\":\"https:\\\/\\\/diariodelsurdigital.com.ar\\\/?p=5530\",\"url\":\"https:\\\/\\\/diariodelsurdigital.com.ar\\\/?p=5530\",\"name\":\"El narcotraficante Fred Machado ser\u00e1 extraditado este mi\u00e9rcoles a Estados Unidos - Diario del Sur\",\"isPartOf\":{\"@id\":\"https:\\\/\\\/diariodelsurdigital.com.ar\\\/#website\"},\"primaryImageOfPage\":{\"@id\":\"https:\\\/\\\/diariodelsurdigital.com.ar\\\/?p=5530#primaryimage\"},\"image\":{\"@id\":\"https:\\\/\\\/diariodelsurdigital.com.ar\\\/?p=5530#primaryimage\"},\"thumbnailUrl\":\"https:\\\/\\\/diariodelsurdigital.com.ar\\\/wp-content\\\/uploads\\\/2025\\\/11\\\/md-13.webp\",\"datePublished\":\"2025-11-04T12:02:58+00:00\",\"dateModified\":\"2025-11-04T12:02:59+00:00\",\"author\":{\"@id\":\"https:\\\/\\\/diariodelsurdigital.com.ar\\\/#\\\/schema\\\/person\\\/1a4992532ed62965c968031b49195c81\"},\"breadcrumb\":{\"@id\":\"https:\\\/\\\/diariodelsurdigital.com.ar\\\/?p=5530#breadcrumb\"},\"inLanguage\":\"es\",\"potentialAction\":[{\"@type\":\"ReadAction\",\"target\":[\"https:\\\/\\\/diariodelsurdigital.com.ar\\\/?p=5530\"]}]},{\"@type\":\"ImageObject\",\"inLanguage\":\"es\",\"@id\":\"https:\\\/\\\/diariodelsurdigital.com.ar\\\/?p=5530#primaryimage\",\"url\":\"https:\\\/\\\/diariodelsurdigital.com.ar\\\/wp-content\\\/uploads\\\/2025\\\/11\\\/md-13.webp\",\"contentUrl\":\"https:\\\/\\\/diariodelsurdigital.com.ar\\\/wp-content\\\/uploads\\\/2025\\\/11\\\/md-13.webp\",\"width\":695,\"height\":992},{\"@type\":\"BreadcrumbList\",\"@id\":\"https:\\\/\\\/diariodelsurdigital.com.ar\\\/?p=5530#breadcrumb\",\"itemListElement\":[{\"@type\":\"ListItem\",\"position\":1,\"name\":\"Portada\",\"item\":\"https:\\\/\\\/diariodelsurdigital.com.ar\\\/\"},{\"@type\":\"ListItem\",\"position\":2,\"name\":\"El narcotraficante Fred Machado ser\u00e1 extraditado este mi\u00e9rcoles a Estados Unidos\"}]},{\"@type\":\"WebSite\",\"@id\":\"https:\\\/\\\/diariodelsurdigital.com.ar\\\/#website\",\"url\":\"https:\\\/\\\/diariodelsurdigital.com.ar\\\/\",\"name\":\"Diario del Sur\",\"description\":\"Digital\",\"potentialAction\":[{\"@type\":\"SearchAction\",\"target\":{\"@type\":\"EntryPoint\",\"urlTemplate\":\"https:\\\/\\\/diariodelsurdigital.com.ar\\\/?s={search_term_string}\"},\"query-input\":{\"@type\":\"PropertyValueSpecification\",\"valueRequired\":true,\"valueName\":\"search_term_string\"}}],\"inLanguage\":\"es\"},{\"@type\":\"Person\",\"@id\":\"https:\\\/\\\/diariodelsurdigital.com.ar\\\/#\\\/schema\\\/person\\\/1a4992532ed62965c968031b49195c81\",\"name\":\"Diario del Sur Digital\",\"image\":{\"@type\":\"ImageObject\",\"inLanguage\":\"es\",\"@id\":\"https:\\\/\\\/secure.gravatar.com\\\/avatar\\\/f0c7c47fc7146d19828273b9b8eda651c9c7ab583767e6338d3d3bee825adf76?s=96&d=mm&r=g\",\"url\":\"https:\\\/\\\/secure.gravatar.com\\\/avatar\\\/f0c7c47fc7146d19828273b9b8eda651c9c7ab583767e6338d3d3bee825adf76?s=96&d=mm&r=g\",\"contentUrl\":\"https:\\\/\\\/secure.gravatar.com\\\/avatar\\\/f0c7c47fc7146d19828273b9b8eda651c9c7ab583767e6338d3d3bee825adf76?s=96&d=mm&r=g\",\"caption\":\"Diario del Sur Digital\"},\"url\":\"https:\\\/\\\/diariodelsurdigital.com.ar\\\/?author=4\"}]}<\/script>\n<!-- \/ Yoast SEO plugin. -->","yoast_head_json":{"title":"El narcotraficante Fred Machado ser\u00e1 extraditado este mi\u00e9rcoles a Estados Unidos - Diario del Sur","robots":{"index":"index","follow":"follow","max-snippet":"max-snippet:-1","max-image-preview":"max-image-preview:large","max-video-preview":"max-video-preview:-1"},"canonical":"https:\/\/diariodelsurdigital.com.ar\/?p=5530","og_locale":"es_ES","og_type":"article","og_title":"El narcotraficante Fred Machado ser\u00e1 extraditado este mi\u00e9rcoles a Estados Unidos - Diario del Sur","og_description":"Acusado de narcotr\u00e1fico, partir\u00e1 desde Ezeiza bajo un operativo especial. Viajar\u00e1 junto con todos los elementos secuestrados para ser juzgado en Texas. La extradici\u00f3n fue autorizada por la Corte Suprema el 14 de octubre y fue firmada ese mismo d\u00eda por el Poder Ejecutivo. Machado, de 57 a\u00f1os, est\u00e1 alojado desde el domingo en la [&hellip;]","og_url":"https:\/\/diariodelsurdigital.com.ar\/?p=5530","og_site_name":"Diario del Sur","article_published_time":"2025-11-04T12:02:58+00:00","article_modified_time":"2025-11-04T12:02:59+00:00","og_image":[{"width":695,"height":992,"url":"https:\/\/diariodelsurdigital.com.ar\/wp-content\/uploads\/2025\/11\/md-13.webp","type":"image\/webp"}],"author":"Diario del Sur Digital","twitter_card":"summary_large_image","twitter_misc":{"Escrito por":"Diario del Sur Digital","Tiempo de lectura":"3 minutos"},"schema":{"@context":"https:\/\/schema.org","@graph":[{"@type":"Article","@id":"https:\/\/diariodelsurdigital.com.ar\/?p=5530#article","isPartOf":{"@id":"https:\/\/diariodelsurdigital.com.ar\/?p=5530"},"author":{"name":"Diario del Sur Digital","@id":"https:\/\/diariodelsurdigital.com.ar\/#\/schema\/person\/1a4992532ed62965c968031b49195c81"},"headline":"El narcotraficante Fred Machado ser\u00e1 extraditado este mi\u00e9rcoles a Estados Unidos","datePublished":"2025-11-04T12:02:58+00:00","dateModified":"2025-11-04T12:02:59+00:00","mainEntityOfPage":{"@id":"https:\/\/diariodelsurdigital.com.ar\/?p=5530"},"wordCount":581,"commentCount":0,"image":{"@id":"https:\/\/diariodelsurdigital.com.ar\/?p=5530#primaryimage"},"thumbnailUrl":"https:\/\/diariodelsurdigital.com.ar\/wp-content\/uploads\/2025\/11\/md-13.webp","articleSection":["Internacionales"],"inLanguage":"es","potentialAction":[{"@type":"CommentAction","name":"Comment","target":["https:\/\/diariodelsurdigital.com.ar\/?p=5530#respond"]}]},{"@type":"WebPage","@id":"https:\/\/diariodelsurdigital.com.ar\/?p=5530","url":"https:\/\/diariodelsurdigital.com.ar\/?p=5530","name":"El narcotraficante Fred Machado ser\u00e1 extraditado este mi\u00e9rcoles a Estados Unidos - Diario del Sur","isPartOf":{"@id":"https:\/\/diariodelsurdigital.com.ar\/#website"},"primaryImageOfPage":{"@id":"https:\/\/diariodelsurdigital.com.ar\/?p=5530#primaryimage"},"image":{"@id":"https:\/\/diariodelsurdigital.com.ar\/?p=5530#primaryimage"},"thumbnailUrl":"https:\/\/diariodelsurdigital.com.ar\/wp-content\/uploads\/2025\/11\/md-13.webp","datePublished":"2025-11-04T12:02:58+00:00","dateModified":"2025-11-04T12:02:59+00:00","author":{"@id":"https:\/\/diariodelsurdigital.com.ar\/#\/schema\/person\/1a4992532ed62965c968031b49195c81"},"breadcrumb":{"@id":"https:\/\/diariodelsurdigital.com.ar\/?p=5530#breadcrumb"},"inLanguage":"es","potentialAction":[{"@type":"ReadAction","target":["https:\/\/diariodelsurdigital.com.ar\/?p=5530"]}]},{"@type":"ImageObject","inLanguage":"es","@id":"https:\/\/diariodelsurdigital.com.ar\/?p=5530#primaryimage","url":"https:\/\/diariodelsurdigital.com.ar\/wp-content\/uploads\/2025\/11\/md-13.webp","contentUrl":"https:\/\/diariodelsurdigital.com.ar\/wp-content\/uploads\/2025\/11\/md-13.webp","width":695,"height":992},{"@type":"BreadcrumbList","@id":"https:\/\/diariodelsurdigital.com.ar\/?p=5530#breadcrumb","itemListElement":[{"@type":"ListItem","position":1,"name":"Portada","item":"https:\/\/diariodelsurdigital.com.ar\/"},{"@type":"ListItem","position":2,"name":"El narcotraficante Fred Machado ser\u00e1 extraditado este mi\u00e9rcoles a Estados Unidos"}]},{"@type":"WebSite","@id":"https:\/\/diariodelsurdigital.com.ar\/#website","url":"https:\/\/diariodelsurdigital.com.ar\/","name":"Diario del Sur","description":"Digital","potentialAction":[{"@type":"SearchAction","target":{"@type":"EntryPoint","urlTemplate":"https:\/\/diariodelsurdigital.com.ar\/?s={search_term_string}"},"query-input":{"@type":"PropertyValueSpecification","valueRequired":true,"valueName":"search_term_string"}}],"inLanguage":"es"},{"@type":"Person","@id":"https:\/\/diariodelsurdigital.com.ar\/#\/schema\/person\/1a4992532ed62965c968031b49195c81","name":"Diario del Sur Digital","image":{"@type":"ImageObject","inLanguage":"es","@id":"https:\/\/secure.gravatar.com\/avatar\/f0c7c47fc7146d19828273b9b8eda651c9c7ab583767e6338d3d3bee825adf76?s=96&d=mm&r=g","url":"https:\/\/secure.gravatar.com\/avatar\/f0c7c47fc7146d19828273b9b8eda651c9c7ab583767e6338d3d3bee825adf76?s=96&d=mm&r=g","contentUrl":"https:\/\/secure.gravatar.com\/avatar\/f0c7c47fc7146d19828273b9b8eda651c9c7ab583767e6338d3d3bee825adf76?s=96&d=mm&r=g","caption":"Diario del Sur Digital"},"url":"https:\/\/diariodelsurdigital.com.ar\/?author=4"}]}},"_links":{"self":[{"href":"https:\/\/diariodelsurdigital.com.ar\/index.php?rest_route=\/wp\/v2\/posts\/5530","targetHints":{"allow":["GET"]}}],"collection":[{"href":"https:\/\/diariodelsurdigital.com.ar\/index.php?rest_route=\/wp\/v2\/posts"}],"about":[{"href":"https:\/\/diariodelsurdigital.com.ar\/index.php?rest_route=\/wp\/v2\/types\/post"}],"author":[{"embeddable":true,"href":"https:\/\/diariodelsurdigital.com.ar\/index.php?rest_route=\/wp\/v2\/users\/4"}],"replies":[{"embeddable":true,"href":"https:\/\/diariodelsurdigital.com.ar\/index.php?rest_route=%2Fwp%2Fv2%2Fcomments&post=5530"}],"version-history":[{"count":1,"href":"https:\/\/diariodelsurdigital.com.ar\/index.php?rest_route=\/wp\/v2\/posts\/5530\/revisions"}],"predecessor-version":[{"id":5532,"href":"https:\/\/diariodelsurdigital.com.ar\/index.php?rest_route=\/wp\/v2\/posts\/5530\/revisions\/5532"}],"wp:featuredmedia":[{"embeddable":true,"href":"https:\/\/diariodelsurdigital.com.ar\/index.php?rest_route=\/wp\/v2\/media\/5531"}],"wp:attachment":[{"href":"https:\/\/diariodelsurdigital.com.ar\/index.php?rest_route=%2Fwp%2Fv2%2Fmedia&parent=5530"}],"wp:term":[{"taxonomy":"category","embeddable":true,"href":"https:\/\/diariodelsurdigital.com.ar\/index.php?rest_route=%2Fwp%2Fv2%2Fcategories&post=5530"},{"taxonomy":"post_tag","embeddable":true,"href":"https:\/\/diariodelsurdigital.com.ar\/index.php?rest_route=%2Fwp%2Fv2%2Ftags&post=5530"}],"curies":[{"name":"wp","href":"https:\/\/api.w.org\/{rel}","templated":true}]}}