{"id":5536,"date":"2025-11-04T19:11:40","date_gmt":"2025-11-04T22:11:40","guid":{"rendered":"https:\/\/diariodelsurdigital.com.ar\/?p=5536"},"modified":"2025-11-04T19:11:41","modified_gmt":"2025-11-04T22:11:41","slug":"vazquez-bahl-saco-menos-votos-que-yo-en-la-ultima-que-jugue-aca-en-san-benito","status":"publish","type":"post","link":"https:\/\/diariodelsurdigital.com.ar\/?p=5536","title":{"rendered":"V\u00e1zquez: \u201cBahl sac\u00f3 menos votos que yo en la \u00faltima que jugu\u00e9 ac\u00e1 en San Benito\u201d"},"content":{"rendered":"\n<h2 class=\"wp-block-heading\" id=\"nota-title\"><\/h2>\n\n\n\n<p><strong>El ex intendente de San Benito y dirigente del Partido Justicialista, \u00c1ngel V\u00e1zquez, en comunicaci\u00f3n con RADIO LA VOZ, realiz\u00f3 apreciaciones sobre el peronismo.<\/strong><strong><\/strong><\/p>\n\n\n\n<p><strong>\u201cRomero quiso reconstruir junto a Kueider en el 2019, nos mataron. Betito Bahl se dio el lujo de poner a la mujer de legisladora y hacerlo renunciar a Main. Estamos ac\u00e9falos en el departamento. \u00bfQui\u00e9n es la mujer de Bahl, c\u00f3mo se llama?, nunca camin\u00f3 el departamento\u201d,<\/strong>\u00a0dijo V\u00e1zquez.<\/p>\n\n\n\n<p><strong>\u201cQuisieron probar con chicos nuevos en Oro Verde, Mar\u00eda Luisa, y perdieron 10 a 1 porque no se dejaron dar una mano por los que peinan canas. Dio l\u00e1stima el peronismo el domingo. Bahl sac\u00f3 menos votos que yo en la \u00faltima que jugu\u00e9 ac\u00e1 en San Benito\u201d,&nbsp;<\/strong>afirm\u00f3.<\/p>\n\n\n\n<p><strong>\u201cQu\u00e9 ganas pod\u00e9s tener de laburar cuando desde una oficina dictaminan qui\u00e9n va a ser tu contra en una interna y despu\u00e9s dictaminan qui\u00e9n va a ser el candidato y no lo conoc\u00e9s. Ese es el mal que le est\u00e1n haciendo y te lo va a decir cualquier peronista de los que peinamos canas\u201d,&nbsp;<\/strong>se\u00f1al\u00f3 V\u00e1zquez.<\/p>\n\n\n\n<p><strong>\u201cDa l\u00e1stima Paran\u00e1 Campa\u00f1a. Ac\u00e9falo. La senadora no existe\u201d,<\/strong>\u00a0remarc\u00f3.<\/p>\n\n\n\n<p>Fuente: Radio La Voz<\/p>\n","protected":false},"excerpt":{"rendered":"<p>El ex intendente de San Benito y dirigente del Partido Justicialista, \u00c1ngel V\u00e1zquez, en comunicaci\u00f3n con RADIO LA VOZ, realiz\u00f3 apreciaciones sobre el peronismo. \u201cRomero quiso reconstruir junto a Kueider en el 2019, nos mataron. Betito Bahl se dio el lujo de poner a la mujer de legisladora y hacerlo renunciar a Main. Estamos ac\u00e9falos [&hellip;]<\/p>\n","protected":false},"author":2,"featured_media":5537,"comment_status":"open","ping_status":"open","sticky":false,"template":"","format":"standard","meta":{"footnotes":""},"categories":[22,17],"tags":[],"class_list":{"0":"post-5536","1":"post","2":"type-post","3":"status-publish","4":"format-standard","5":"has-post-thumbnail","7":"category-politica","8":"category-provinciales"},"yoast_head":"<!-- This site is optimized with the Yoast SEO plugin v27.4 - https:\/\/yoast.com\/product\/yoast-seo-wordpress\/ -->\n<title>V\u00e1zquez: \u201cBahl sac\u00f3 menos votos que yo en la \u00faltima que jugu\u00e9 ac\u00e1 en San Benito\u201d - Diario del Sur<\/title>\n<meta name=\"robots\" content=\"index, follow, max-snippet:-1, max-image-preview:large, max-video-preview:-1\" \/>\n<link rel=\"canonical\" href=\"https:\/\/diariodelsurdigital.com.ar\/?p=5536\" \/>\n<meta property=\"og:locale\" content=\"es_ES\" \/>\n<meta property=\"og:type\" content=\"article\" \/>\n<meta property=\"og:title\" content=\"V\u00e1zquez: \u201cBahl sac\u00f3 menos votos que yo en la \u00faltima que jugu\u00e9 ac\u00e1 en San Benito\u201d - Diario del Sur\" \/>\n<meta property=\"og:description\" content=\"El ex intendente de San Benito y dirigente del Partido Justicialista, \u00c1ngel V\u00e1zquez, en comunicaci\u00f3n con RADIO LA VOZ, realiz\u00f3 apreciaciones sobre el peronismo. \u201cRomero quiso reconstruir junto a Kueider en el 2019, nos mataron. Betito Bahl se dio el lujo de poner a la mujer de legisladora y hacerlo renunciar a Main. Estamos ac\u00e9falos [&hellip;]\" \/>\n<meta property=\"og:url\" content=\"https:\/\/diariodelsurdigital.com.ar\/?p=5536\" \/>\n<meta property=\"og:site_name\" content=\"Diario del Sur\" \/>\n<meta property=\"article:published_time\" content=\"2025-11-04T22:11:40+00:00\" \/>\n<meta property=\"article:modified_time\" content=\"2025-11-04T22:11:41+00:00\" \/>\n<meta property=\"og:image\" content=\"https:\/\/diariodelsurdigital.com.ar\/wp-content\/uploads\/2025\/11\/b_1712234180.jpg\" \/>\n\t<meta property=\"og:image:width\" content=\"426\" \/>\n\t<meta property=\"og:image:height\" content=\"284\" \/>\n\t<meta property=\"og:image:type\" content=\"image\/jpeg\" \/>\n<meta name=\"author\" content=\"Diario del Sur Digital\" \/>\n<meta name=\"twitter:card\" content=\"summary_large_image\" \/>\n<meta name=\"twitter:label1\" content=\"Escrito por\" \/>\n\t<meta name=\"twitter:data1\" content=\"Diario del Sur Digital\" \/>\n\t<meta name=\"twitter:label2\" content=\"Tiempo de lectura\" \/>\n\t<meta name=\"twitter:data2\" content=\"2 minutos\" \/>\n<script type=\"application\/ld+json\" class=\"yoast-schema-graph\">{\"@context\":\"https:\\\/\\\/schema.org\",\"@graph\":[{\"@type\":\"Article\",\"@id\":\"https:\\\/\\\/diariodelsurdigital.com.ar\\\/?p=5536#article\",\"isPartOf\":{\"@id\":\"https:\\\/\\\/diariodelsurdigital.com.ar\\\/?p=5536\"},\"author\":{\"name\":\"Diario del Sur Digital\",\"@id\":\"https:\\\/\\\/diariodelsurdigital.com.ar\\\/#\\\/schema\\\/person\\\/6136a32571657f7dba980b88b04c5465\"},\"headline\":\"V\u00e1zquez: \u201cBahl sac\u00f3 menos votos que yo en la \u00faltima que jugu\u00e9 ac\u00e1 en San Benito\u201d\",\"datePublished\":\"2025-11-04T22:11:40+00:00\",\"dateModified\":\"2025-11-04T22:11:41+00:00\",\"mainEntityOfPage\":{\"@id\":\"https:\\\/\\\/diariodelsurdigital.com.ar\\\/?p=5536\"},\"wordCount\":227,\"commentCount\":0,\"image\":{\"@id\":\"https:\\\/\\\/diariodelsurdigital.com.ar\\\/?p=5536#primaryimage\"},\"thumbnailUrl\":\"https:\\\/\\\/diariodelsurdigital.com.ar\\\/wp-content\\\/uploads\\\/2025\\\/11\\\/b_1712234180.jpg\",\"articleSection\":[\"Pol\u00edtica\",\"Provinciales\"],\"inLanguage\":\"es\",\"potentialAction\":[{\"@type\":\"CommentAction\",\"name\":\"Comment\",\"target\":[\"https:\\\/\\\/diariodelsurdigital.com.ar\\\/?p=5536#respond\"]}]},{\"@type\":\"WebPage\",\"@id\":\"https:\\\/\\\/diariodelsurdigital.com.ar\\\/?p=5536\",\"url\":\"https:\\\/\\\/diariodelsurdigital.com.ar\\\/?p=5536\",\"name\":\"V\u00e1zquez: \u201cBahl sac\u00f3 menos votos que yo en la \u00faltima que jugu\u00e9 ac\u00e1 en San Benito\u201d - Diario del Sur\",\"isPartOf\":{\"@id\":\"https:\\\/\\\/diariodelsurdigital.com.ar\\\/#website\"},\"primaryImageOfPage\":{\"@id\":\"https:\\\/\\\/diariodelsurdigital.com.ar\\\/?p=5536#primaryimage\"},\"image\":{\"@id\":\"https:\\\/\\\/diariodelsurdigital.com.ar\\\/?p=5536#primaryimage\"},\"thumbnailUrl\":\"https:\\\/\\\/diariodelsurdigital.com.ar\\\/wp-content\\\/uploads\\\/2025\\\/11\\\/b_1712234180.jpg\",\"datePublished\":\"2025-11-04T22:11:40+00:00\",\"dateModified\":\"2025-11-04T22:11:41+00:00\",\"author\":{\"@id\":\"https:\\\/\\\/diariodelsurdigital.com.ar\\\/#\\\/schema\\\/person\\\/6136a32571657f7dba980b88b04c5465\"},\"breadcrumb\":{\"@id\":\"https:\\\/\\\/diariodelsurdigital.com.ar\\\/?p=5536#breadcrumb\"},\"inLanguage\":\"es\",\"potentialAction\":[{\"@type\":\"ReadAction\",\"target\":[\"https:\\\/\\\/diariodelsurdigital.com.ar\\\/?p=5536\"]}]},{\"@type\":\"ImageObject\",\"inLanguage\":\"es\",\"@id\":\"https:\\\/\\\/diariodelsurdigital.com.ar\\\/?p=5536#primaryimage\",\"url\":\"https:\\\/\\\/diariodelsurdigital.com.ar\\\/wp-content\\\/uploads\\\/2025\\\/11\\\/b_1712234180.jpg\",\"contentUrl\":\"https:\\\/\\\/diariodelsurdigital.com.ar\\\/wp-content\\\/uploads\\\/2025\\\/11\\\/b_1712234180.jpg\",\"width\":426,\"height\":284},{\"@type\":\"BreadcrumbList\",\"@id\":\"https:\\\/\\\/diariodelsurdigital.com.ar\\\/?p=5536#breadcrumb\",\"itemListElement\":[{\"@type\":\"ListItem\",\"position\":1,\"name\":\"Portada\",\"item\":\"https:\\\/\\\/diariodelsurdigital.com.ar\\\/\"},{\"@type\":\"ListItem\",\"position\":2,\"name\":\"V\u00e1zquez: \u201cBahl sac\u00f3 menos votos que yo en la \u00faltima que jugu\u00e9 ac\u00e1 en San Benito\u201d\"}]},{\"@type\":\"WebSite\",\"@id\":\"https:\\\/\\\/diariodelsurdigital.com.ar\\\/#website\",\"url\":\"https:\\\/\\\/diariodelsurdigital.com.ar\\\/\",\"name\":\"Diario del Sur\",\"description\":\"Digital\",\"potentialAction\":[{\"@type\":\"SearchAction\",\"target\":{\"@type\":\"EntryPoint\",\"urlTemplate\":\"https:\\\/\\\/diariodelsurdigital.com.ar\\\/?s={search_term_string}\"},\"query-input\":{\"@type\":\"PropertyValueSpecification\",\"valueRequired\":true,\"valueName\":\"search_term_string\"}}],\"inLanguage\":\"es\"},{\"@type\":\"Person\",\"@id\":\"https:\\\/\\\/diariodelsurdigital.com.ar\\\/#\\\/schema\\\/person\\\/6136a32571657f7dba980b88b04c5465\",\"name\":\"Diario del Sur Digital\",\"image\":{\"@type\":\"ImageObject\",\"inLanguage\":\"es\",\"@id\":\"https:\\\/\\\/secure.gravatar.com\\\/avatar\\\/4c29ceac98541dd42460b2474aaa5dd37594d6ce6cb3cf2c101d09b48ee287ba?s=96&d=mm&r=g\",\"url\":\"https:\\\/\\\/secure.gravatar.com\\\/avatar\\\/4c29ceac98541dd42460b2474aaa5dd37594d6ce6cb3cf2c101d09b48ee287ba?s=96&d=mm&r=g\",\"contentUrl\":\"https:\\\/\\\/secure.gravatar.com\\\/avatar\\\/4c29ceac98541dd42460b2474aaa5dd37594d6ce6cb3cf2c101d09b48ee287ba?s=96&d=mm&r=g\",\"caption\":\"Diario del Sur Digital\"},\"url\":\"https:\\\/\\\/diariodelsurdigital.com.ar\\\/?author=2\"}]}<\/script>\n<!-- \/ Yoast SEO plugin. -->","yoast_head_json":{"title":"V\u00e1zquez: \u201cBahl sac\u00f3 menos votos que yo en la \u00faltima que jugu\u00e9 ac\u00e1 en San Benito\u201d - Diario del Sur","robots":{"index":"index","follow":"follow","max-snippet":"max-snippet:-1","max-image-preview":"max-image-preview:large","max-video-preview":"max-video-preview:-1"},"canonical":"https:\/\/diariodelsurdigital.com.ar\/?p=5536","og_locale":"es_ES","og_type":"article","og_title":"V\u00e1zquez: \u201cBahl sac\u00f3 menos votos que yo en la \u00faltima que jugu\u00e9 ac\u00e1 en San Benito\u201d - Diario del Sur","og_description":"El ex intendente de San Benito y dirigente del Partido Justicialista, \u00c1ngel V\u00e1zquez, en comunicaci\u00f3n con RADIO LA VOZ, realiz\u00f3 apreciaciones sobre el peronismo. \u201cRomero quiso reconstruir junto a Kueider en el 2019, nos mataron. Betito Bahl se dio el lujo de poner a la mujer de legisladora y hacerlo renunciar a Main. Estamos ac\u00e9falos [&hellip;]","og_url":"https:\/\/diariodelsurdigital.com.ar\/?p=5536","og_site_name":"Diario del Sur","article_published_time":"2025-11-04T22:11:40+00:00","article_modified_time":"2025-11-04T22:11:41+00:00","og_image":[{"width":426,"height":284,"url":"https:\/\/diariodelsurdigital.com.ar\/wp-content\/uploads\/2025\/11\/b_1712234180.jpg","type":"image\/jpeg"}],"author":"Diario del Sur Digital","twitter_card":"summary_large_image","twitter_misc":{"Escrito por":"Diario del Sur Digital","Tiempo de lectura":"2 minutos"},"schema":{"@context":"https:\/\/schema.org","@graph":[{"@type":"Article","@id":"https:\/\/diariodelsurdigital.com.ar\/?p=5536#article","isPartOf":{"@id":"https:\/\/diariodelsurdigital.com.ar\/?p=5536"},"author":{"name":"Diario del Sur Digital","@id":"https:\/\/diariodelsurdigital.com.ar\/#\/schema\/person\/6136a32571657f7dba980b88b04c5465"},"headline":"V\u00e1zquez: \u201cBahl sac\u00f3 menos votos que yo en la \u00faltima que jugu\u00e9 ac\u00e1 en San Benito\u201d","datePublished":"2025-11-04T22:11:40+00:00","dateModified":"2025-11-04T22:11:41+00:00","mainEntityOfPage":{"@id":"https:\/\/diariodelsurdigital.com.ar\/?p=5536"},"wordCount":227,"commentCount":0,"image":{"@id":"https:\/\/diariodelsurdigital.com.ar\/?p=5536#primaryimage"},"thumbnailUrl":"https:\/\/diariodelsurdigital.com.ar\/wp-content\/uploads\/2025\/11\/b_1712234180.jpg","articleSection":["Pol\u00edtica","Provinciales"],"inLanguage":"es","potentialAction":[{"@type":"CommentAction","name":"Comment","target":["https:\/\/diariodelsurdigital.com.ar\/?p=5536#respond"]}]},{"@type":"WebPage","@id":"https:\/\/diariodelsurdigital.com.ar\/?p=5536","url":"https:\/\/diariodelsurdigital.com.ar\/?p=5536","name":"V\u00e1zquez: \u201cBahl sac\u00f3 menos votos que yo en la \u00faltima que jugu\u00e9 ac\u00e1 en San Benito\u201d - Diario del Sur","isPartOf":{"@id":"https:\/\/diariodelsurdigital.com.ar\/#website"},"primaryImageOfPage":{"@id":"https:\/\/diariodelsurdigital.com.ar\/?p=5536#primaryimage"},"image":{"@id":"https:\/\/diariodelsurdigital.com.ar\/?p=5536#primaryimage"},"thumbnailUrl":"https:\/\/diariodelsurdigital.com.ar\/wp-content\/uploads\/2025\/11\/b_1712234180.jpg","datePublished":"2025-11-04T22:11:40+00:00","dateModified":"2025-11-04T22:11:41+00:00","author":{"@id":"https:\/\/diariodelsurdigital.com.ar\/#\/schema\/person\/6136a32571657f7dba980b88b04c5465"},"breadcrumb":{"@id":"https:\/\/diariodelsurdigital.com.ar\/?p=5536#breadcrumb"},"inLanguage":"es","potentialAction":[{"@type":"ReadAction","target":["https:\/\/diariodelsurdigital.com.ar\/?p=5536"]}]},{"@type":"ImageObject","inLanguage":"es","@id":"https:\/\/diariodelsurdigital.com.ar\/?p=5536#primaryimage","url":"https:\/\/diariodelsurdigital.com.ar\/wp-content\/uploads\/2025\/11\/b_1712234180.jpg","contentUrl":"https:\/\/diariodelsurdigital.com.ar\/wp-content\/uploads\/2025\/11\/b_1712234180.jpg","width":426,"height":284},{"@type":"BreadcrumbList","@id":"https:\/\/diariodelsurdigital.com.ar\/?p=5536#breadcrumb","itemListElement":[{"@type":"ListItem","position":1,"name":"Portada","item":"https:\/\/diariodelsurdigital.com.ar\/"},{"@type":"ListItem","position":2,"name":"V\u00e1zquez: \u201cBahl sac\u00f3 menos votos que yo en la \u00faltima que jugu\u00e9 ac\u00e1 en San Benito\u201d"}]},{"@type":"WebSite","@id":"https:\/\/diariodelsurdigital.com.ar\/#website","url":"https:\/\/diariodelsurdigital.com.ar\/","name":"Diario del Sur","description":"Digital","potentialAction":[{"@type":"SearchAction","target":{"@type":"EntryPoint","urlTemplate":"https:\/\/diariodelsurdigital.com.ar\/?s={search_term_string}"},"query-input":{"@type":"PropertyValueSpecification","valueRequired":true,"valueName":"search_term_string"}}],"inLanguage":"es"},{"@type":"Person","@id":"https:\/\/diariodelsurdigital.com.ar\/#\/schema\/person\/6136a32571657f7dba980b88b04c5465","name":"Diario del Sur Digital","image":{"@type":"ImageObject","inLanguage":"es","@id":"https:\/\/secure.gravatar.com\/avatar\/4c29ceac98541dd42460b2474aaa5dd37594d6ce6cb3cf2c101d09b48ee287ba?s=96&d=mm&r=g","url":"https:\/\/secure.gravatar.com\/avatar\/4c29ceac98541dd42460b2474aaa5dd37594d6ce6cb3cf2c101d09b48ee287ba?s=96&d=mm&r=g","contentUrl":"https:\/\/secure.gravatar.com\/avatar\/4c29ceac98541dd42460b2474aaa5dd37594d6ce6cb3cf2c101d09b48ee287ba?s=96&d=mm&r=g","caption":"Diario del Sur Digital"},"url":"https:\/\/diariodelsurdigital.com.ar\/?author=2"}]}},"_links":{"self":[{"href":"https:\/\/diariodelsurdigital.com.ar\/index.php?rest_route=\/wp\/v2\/posts\/5536","targetHints":{"allow":["GET"]}}],"collection":[{"href":"https:\/\/diariodelsurdigital.com.ar\/index.php?rest_route=\/wp\/v2\/posts"}],"about":[{"href":"https:\/\/diariodelsurdigital.com.ar\/index.php?rest_route=\/wp\/v2\/types\/post"}],"author":[{"embeddable":true,"href":"https:\/\/diariodelsurdigital.com.ar\/index.php?rest_route=\/wp\/v2\/users\/2"}],"replies":[{"embeddable":true,"href":"https:\/\/diariodelsurdigital.com.ar\/index.php?rest_route=%2Fwp%2Fv2%2Fcomments&post=5536"}],"version-history":[{"count":1,"href":"https:\/\/diariodelsurdigital.com.ar\/index.php?rest_route=\/wp\/v2\/posts\/5536\/revisions"}],"predecessor-version":[{"id":5538,"href":"https:\/\/diariodelsurdigital.com.ar\/index.php?rest_route=\/wp\/v2\/posts\/5536\/revisions\/5538"}],"wp:featuredmedia":[{"embeddable":true,"href":"https:\/\/diariodelsurdigital.com.ar\/index.php?rest_route=\/wp\/v2\/media\/5537"}],"wp:attachment":[{"href":"https:\/\/diariodelsurdigital.com.ar\/index.php?rest_route=%2Fwp%2Fv2%2Fmedia&parent=5536"}],"wp:term":[{"taxonomy":"category","embeddable":true,"href":"https:\/\/diariodelsurdigital.com.ar\/index.php?rest_route=%2Fwp%2Fv2%2Fcategories&post=5536"},{"taxonomy":"post_tag","embeddable":true,"href":"https:\/\/diariodelsurdigital.com.ar\/index.php?rest_route=%2Fwp%2Fv2%2Ftags&post=5536"}],"curies":[{"name":"wp","href":"https:\/\/api.w.org\/{rel}","templated":true}]}}