{"id":5546,"date":"2025-11-05T08:55:48","date_gmt":"2025-11-05T11:55:48","guid":{"rendered":"https:\/\/diariodelsurdigital.com.ar\/?p=5546"},"modified":"2025-11-05T08:55:49","modified_gmt":"2025-11-05T11:55:49","slug":"vapeo-en-adolescentes-alerta-por-las-consecuencias-desconocidas-y-el-riesgo-de-enfermedades-respiratorias-graves","status":"publish","type":"post","link":"https:\/\/diariodelsurdigital.com.ar\/?p=5546","title":{"rendered":"Vapeo en adolescentes: alerta por las consecuencias desconocidas y el riesgo de enfermedades respiratorias graves"},"content":{"rendered":"\n<p>El vapeo entre los adolescentes es una amenaza creciente para la salud, con riesgos de adicci\u00f3n a la nicotina y enfermedades respiratorias graves.<\/p>\n\n\n\n<p><\/p>\n\n\n\n<p>La creciente tendencia de los adolescentes a vapear, impulsada por la promesa de productos menos da\u00f1inos, est\u00e1 transform\u00e1ndose en una epidemia con consecuencias impredecibles para la salud.<\/p>\n\n\n\n<p>El doctor Maximiliano Salim, m\u00e9dico pediatra neumon\u00f3logo e integrante del Comit\u00e9 de Neumonolog\u00eda de la Sociedad Argentina Pedi\u00e1trica (SAP), resalt\u00f3 los riesgos asociados al consumo de cigarrillos electr\u00f3nicos entre los j\u00f3venes.<\/p>\n\n\n\n<p>Una epidemia que se ampl\u00eda entre los j\u00f3venes<br>Salim advirti\u00f3 que este h\u00e1bito est\u00e1 tomando una magnitud preocupante, con implicancias que a\u00fan no se comprenden por completo, pero que ya se asemejan a los efectos devastadores que en su momento caus\u00f3 el cigarrillo.<\/p>\n\n\n\n<p>El vapeo no es un problema exclusivo de Argentina, sino que es una crisis sanitaria global que est\u00e1 siendo abordada con urgencia por las principales sociedades cient\u00edficas dedicadas a la medicina respiratoria.<\/p>\n\n\n\n<p>\u201cEste es un tema que las grandes sociedades cient\u00edficas est\u00e1n debatiendo en congresos, ya que es una bola de nieve que va creciendo y cuyas consecuencias se ver\u00e1n en el futuro, tal como ocurri\u00f3 con el cigarrillo\u201d, destac\u00f3 el m\u00e9dico. Salim compara esta nueva moda con la epidemia del tabaco, que a mediados del siglo XX tambi\u00e9n fue minimizada hasta que se conocieron sus efectos nocivos en la salud.<\/p>\n\n\n\n<p>El marketing y su influencia en los j\u00f3venes<br>Al respecto, Salim se\u00f1al\u00f3 que las grandes tabacaleras encontraron en los cigarrillos electr\u00f3nicos una manera de enganchar a los adolescentes, utilizando estrategias de marketing pensadas espec\u00edficamente para este grupo etario.<\/p>\n\n\n\n<p>Estos productos, inicialmente promocionados como una alternativa menos da\u00f1ina para dejar de fumar, han sido presentados como una opci\u00f3n inofensiva. Sin embargo, los cigarrillos electr\u00f3nicos contienen nicotina, la sustancia m\u00e1s adictiva conocida, y otros productos qu\u00edmicos que son desconocidos o no est\u00e1n regulados, lo que aumenta los riesgos para la salud.<\/p>\n\n\n\n<p>\u201cEl marketing de estos productos est\u00e1 dirigido a los j\u00f3venes, utilizando influencers, colores vibrantes y m\u00e1s de 10,000 sabores distintos para vapear. Desde frutilla hasta chocolate, los j\u00f3venes encuentran estos productos atractivos y, como ellos dicen, \u2018cool\u2019\u201d, se\u00f1al\u00f3 Salim. Este atractivo, junto con el bajo costo de los dispositivos, provoc\u00f3 que los adolescentes se enganchen r\u00e1pidamente con el vapeo, sin conocer realmente los peligros que conlleva.<\/p>\n\n\n\n<p>Una de las mayores preocupaciones de Salim es la adicci\u00f3n a la nicotina, que se da especialmente en el cerebro joven, mucho m\u00e1s susceptible al da\u00f1o. \u201cLo que no se est\u00e1 diciendo a los j\u00f3venes es que est\u00e1n ingresando en una carrera hacia la adicci\u00f3n. La nicotina afecta gravemente el cerebro en desarrollo, lo que puede tener consecuencias irreversibles\u201d, advirti\u00f3.<\/p>\n\n\n\n<p>Adem\u00e1s, Salim explic\u00f3 que muchos j\u00f3venes que comienzan con el vapeo terminan en lo que se conoce como \u201cconsumo dual\u201d, es decir, vapear y luego recurrir al tabaco convencional, aumentando a\u00fan m\u00e1s el riesgo de enfermedades respiratorias y cardiovasculares.<\/p>\n\n\n\n<p>El riesgo de enfermedades respiratorias graves<br>Otro factor que mencion\u00f3 el especialista son los riesgos de enfermedades respiratorias graves asociadas al vapeo. En particular, destac\u00f3 la Enfermedad Pulmonar Aguda Asociada al Vapeo (EVALI), que fue identificada en 2019 en Estados Unidos, tras varios casos de j\u00f3venes que desarrollaron graves problemas respiratorios luego de vapear. EVALI ha provocado incluso muertes, y muchos de los afectados requirieron asistencia respiratoria mec\u00e1nica.<\/p>\n\n\n\n<p>\u201cEVALI es una enfermedad grave, similar a una infecci\u00f3n respiratoria severa que requiere terapia intensiva. La investigaci\u00f3n encontr\u00f3 que una sustancia llamada acetato de vitamina E, presente en algunos l\u00edquidos de vapeo, fue responsable del da\u00f1o pulmonar\u201d, explic\u00f3 Salim. Aunque esta enfermedad extrema no ha sido ampliamente diagnosticada en Argentina, Salim advirti\u00f3 que los j\u00f3venes que inician el h\u00e1bito de vapear corren un riesgo mucho mayor de desarrollar asma, bronquitis, tos cr\u00f3nica y otras enfermedades respiratorias.<\/p>\n\n\n\n<p>El desaf\u00edo del control y la regulaci\u00f3n<br>El especialista recalc\u00f3 la falta de control sobre la venta y distribuci\u00f3n de cigarrillos electr\u00f3nicos en Argentina. Estos productos ingresan al pa\u00eds de manera ilegal, lo que dificulta su regulaci\u00f3n y aumenta el riesgo de que los j\u00f3venes consuman sustancias de origen desconocido. \u00abNo sabemos qu\u00e9 contienen estos productos, ya que muchos de ellos provienen de contrabando y no est\u00e1n regulados\u00bb, advirti\u00f3 Salim, quien tambi\u00e9n indic\u00f3 que, adem\u00e1s de la nicotina, los l\u00edquidos de vapeo pueden contener otros elementos peligrosos como polietilenglicol, glicerina y sustancias cancer\u00edgenas.<\/p>\n\n\n\n<p>En este sentido, destac\u00f3 los esfuerzos del Ministerio de Salud de la Naci\u00f3n para cortar la cadena de contrabando, especialmente con los productos que ingresan desde pa\u00edses lim\u00edtrofes, y subray\u00f3 que se est\u00e1 trabajando para regular la comercializaci\u00f3n de estos dispositivos.<\/p>\n","protected":false},"excerpt":{"rendered":"<p>El vapeo entre los adolescentes es una amenaza creciente para la salud, con riesgos de adicci\u00f3n a la nicotina y enfermedades respiratorias graves. La creciente tendencia de los adolescentes a vapear, impulsada por la promesa de productos menos da\u00f1inos, est\u00e1 transform\u00e1ndose en una epidemia con consecuencias impredecibles para la salud. El doctor Maximiliano Salim, m\u00e9dico [&hellip;]<\/p>\n","protected":false},"author":4,"featured_media":5547,"comment_status":"open","ping_status":"open","sticky":false,"template":"","format":"standard","meta":{"footnotes":""},"categories":[19],"tags":[],"class_list":{"0":"post-5546","1":"post","2":"type-post","3":"status-publish","4":"format-standard","5":"has-post-thumbnail","7":"category-interes-general"},"yoast_head":"<!-- This site is optimized with the Yoast SEO plugin v27.4 - https:\/\/yoast.com\/product\/yoast-seo-wordpress\/ -->\n<title>Vapeo en adolescentes: alerta por las consecuencias desconocidas y el riesgo de enfermedades respiratorias graves - Diario del Sur<\/title>\n<meta name=\"robots\" content=\"index, follow, max-snippet:-1, max-image-preview:large, max-video-preview:-1\" \/>\n<link rel=\"canonical\" href=\"https:\/\/diariodelsurdigital.com.ar\/?p=5546\" \/>\n<meta property=\"og:locale\" content=\"es_ES\" \/>\n<meta property=\"og:type\" content=\"article\" \/>\n<meta property=\"og:title\" content=\"Vapeo en adolescentes: alerta por las consecuencias desconocidas y el riesgo de enfermedades respiratorias graves - Diario del Sur\" \/>\n<meta property=\"og:description\" content=\"El vapeo entre los adolescentes es una amenaza creciente para la salud, con riesgos de adicci\u00f3n a la nicotina y enfermedades respiratorias graves. La creciente tendencia de los adolescentes a vapear, impulsada por la promesa de productos menos da\u00f1inos, est\u00e1 transform\u00e1ndose en una epidemia con consecuencias impredecibles para la salud. El doctor Maximiliano Salim, m\u00e9dico [&hellip;]\" \/>\n<meta property=\"og:url\" content=\"https:\/\/diariodelsurdigital.com.ar\/?p=5546\" \/>\n<meta property=\"og:site_name\" content=\"Diario del Sur\" \/>\n<meta property=\"article:published_time\" content=\"2025-11-05T11:55:48+00:00\" \/>\n<meta property=\"article:modified_time\" content=\"2025-11-05T11:55:49+00:00\" \/>\n<meta property=\"og:image\" content=\"https:\/\/diariodelsurdigital.com.ar\/wp-content\/uploads\/2025\/11\/md-17.webp\" \/>\n\t<meta property=\"og:image:width\" content=\"992\" \/>\n\t<meta property=\"og:image:height\" content=\"558\" \/>\n\t<meta property=\"og:image:type\" content=\"image\/webp\" \/>\n<meta name=\"author\" content=\"Diario del Sur Digital\" \/>\n<meta name=\"twitter:card\" content=\"summary_large_image\" \/>\n<meta name=\"twitter:label1\" content=\"Escrito por\" \/>\n\t<meta name=\"twitter:data1\" content=\"Diario del Sur Digital\" \/>\n\t<meta name=\"twitter:label2\" content=\"Tiempo de lectura\" \/>\n\t<meta name=\"twitter:data2\" content=\"4 minutos\" \/>\n<script type=\"application\/ld+json\" class=\"yoast-schema-graph\">{\"@context\":\"https:\\\/\\\/schema.org\",\"@graph\":[{\"@type\":\"Article\",\"@id\":\"https:\\\/\\\/diariodelsurdigital.com.ar\\\/?p=5546#article\",\"isPartOf\":{\"@id\":\"https:\\\/\\\/diariodelsurdigital.com.ar\\\/?p=5546\"},\"author\":{\"name\":\"Diario del Sur Digital\",\"@id\":\"https:\\\/\\\/diariodelsurdigital.com.ar\\\/#\\\/schema\\\/person\\\/1a4992532ed62965c968031b49195c81\"},\"headline\":\"Vapeo en adolescentes: alerta por las consecuencias desconocidas y el riesgo de enfermedades respiratorias graves\",\"datePublished\":\"2025-11-05T11:55:48+00:00\",\"dateModified\":\"2025-11-05T11:55:49+00:00\",\"mainEntityOfPage\":{\"@id\":\"https:\\\/\\\/diariodelsurdigital.com.ar\\\/?p=5546\"},\"wordCount\":835,\"commentCount\":0,\"image\":{\"@id\":\"https:\\\/\\\/diariodelsurdigital.com.ar\\\/?p=5546#primaryimage\"},\"thumbnailUrl\":\"https:\\\/\\\/diariodelsurdigital.com.ar\\\/wp-content\\\/uploads\\\/2025\\\/11\\\/md-17.webp\",\"articleSection\":[\"Inter\u00e9s General\"],\"inLanguage\":\"es\",\"potentialAction\":[{\"@type\":\"CommentAction\",\"name\":\"Comment\",\"target\":[\"https:\\\/\\\/diariodelsurdigital.com.ar\\\/?p=5546#respond\"]}]},{\"@type\":\"WebPage\",\"@id\":\"https:\\\/\\\/diariodelsurdigital.com.ar\\\/?p=5546\",\"url\":\"https:\\\/\\\/diariodelsurdigital.com.ar\\\/?p=5546\",\"name\":\"Vapeo en adolescentes: alerta por las consecuencias desconocidas y el riesgo de enfermedades respiratorias graves - Diario del Sur\",\"isPartOf\":{\"@id\":\"https:\\\/\\\/diariodelsurdigital.com.ar\\\/#website\"},\"primaryImageOfPage\":{\"@id\":\"https:\\\/\\\/diariodelsurdigital.com.ar\\\/?p=5546#primaryimage\"},\"image\":{\"@id\":\"https:\\\/\\\/diariodelsurdigital.com.ar\\\/?p=5546#primaryimage\"},\"thumbnailUrl\":\"https:\\\/\\\/diariodelsurdigital.com.ar\\\/wp-content\\\/uploads\\\/2025\\\/11\\\/md-17.webp\",\"datePublished\":\"2025-11-05T11:55:48+00:00\",\"dateModified\":\"2025-11-05T11:55:49+00:00\",\"author\":{\"@id\":\"https:\\\/\\\/diariodelsurdigital.com.ar\\\/#\\\/schema\\\/person\\\/1a4992532ed62965c968031b49195c81\"},\"breadcrumb\":{\"@id\":\"https:\\\/\\\/diariodelsurdigital.com.ar\\\/?p=5546#breadcrumb\"},\"inLanguage\":\"es\",\"potentialAction\":[{\"@type\":\"ReadAction\",\"target\":[\"https:\\\/\\\/diariodelsurdigital.com.ar\\\/?p=5546\"]}]},{\"@type\":\"ImageObject\",\"inLanguage\":\"es\",\"@id\":\"https:\\\/\\\/diariodelsurdigital.com.ar\\\/?p=5546#primaryimage\",\"url\":\"https:\\\/\\\/diariodelsurdigital.com.ar\\\/wp-content\\\/uploads\\\/2025\\\/11\\\/md-17.webp\",\"contentUrl\":\"https:\\\/\\\/diariodelsurdigital.com.ar\\\/wp-content\\\/uploads\\\/2025\\\/11\\\/md-17.webp\",\"width\":992,\"height\":558},{\"@type\":\"BreadcrumbList\",\"@id\":\"https:\\\/\\\/diariodelsurdigital.com.ar\\\/?p=5546#breadcrumb\",\"itemListElement\":[{\"@type\":\"ListItem\",\"position\":1,\"name\":\"Portada\",\"item\":\"https:\\\/\\\/diariodelsurdigital.com.ar\\\/\"},{\"@type\":\"ListItem\",\"position\":2,\"name\":\"Vapeo en adolescentes: alerta por las consecuencias desconocidas y el riesgo de enfermedades respiratorias graves\"}]},{\"@type\":\"WebSite\",\"@id\":\"https:\\\/\\\/diariodelsurdigital.com.ar\\\/#website\",\"url\":\"https:\\\/\\\/diariodelsurdigital.com.ar\\\/\",\"name\":\"Diario del Sur\",\"description\":\"Digital\",\"potentialAction\":[{\"@type\":\"SearchAction\",\"target\":{\"@type\":\"EntryPoint\",\"urlTemplate\":\"https:\\\/\\\/diariodelsurdigital.com.ar\\\/?s={search_term_string}\"},\"query-input\":{\"@type\":\"PropertyValueSpecification\",\"valueRequired\":true,\"valueName\":\"search_term_string\"}}],\"inLanguage\":\"es\"},{\"@type\":\"Person\",\"@id\":\"https:\\\/\\\/diariodelsurdigital.com.ar\\\/#\\\/schema\\\/person\\\/1a4992532ed62965c968031b49195c81\",\"name\":\"Diario del Sur Digital\",\"image\":{\"@type\":\"ImageObject\",\"inLanguage\":\"es\",\"@id\":\"https:\\\/\\\/secure.gravatar.com\\\/avatar\\\/f0c7c47fc7146d19828273b9b8eda651c9c7ab583767e6338d3d3bee825adf76?s=96&d=mm&r=g\",\"url\":\"https:\\\/\\\/secure.gravatar.com\\\/avatar\\\/f0c7c47fc7146d19828273b9b8eda651c9c7ab583767e6338d3d3bee825adf76?s=96&d=mm&r=g\",\"contentUrl\":\"https:\\\/\\\/secure.gravatar.com\\\/avatar\\\/f0c7c47fc7146d19828273b9b8eda651c9c7ab583767e6338d3d3bee825adf76?s=96&d=mm&r=g\",\"caption\":\"Diario del Sur Digital\"},\"url\":\"https:\\\/\\\/diariodelsurdigital.com.ar\\\/?author=4\"}]}<\/script>\n<!-- \/ Yoast SEO plugin. -->","yoast_head_json":{"title":"Vapeo en adolescentes: alerta por las consecuencias desconocidas y el riesgo de enfermedades respiratorias graves - Diario del Sur","robots":{"index":"index","follow":"follow","max-snippet":"max-snippet:-1","max-image-preview":"max-image-preview:large","max-video-preview":"max-video-preview:-1"},"canonical":"https:\/\/diariodelsurdigital.com.ar\/?p=5546","og_locale":"es_ES","og_type":"article","og_title":"Vapeo en adolescentes: alerta por las consecuencias desconocidas y el riesgo de enfermedades respiratorias graves - Diario del Sur","og_description":"El vapeo entre los adolescentes es una amenaza creciente para la salud, con riesgos de adicci\u00f3n a la nicotina y enfermedades respiratorias graves. La creciente tendencia de los adolescentes a vapear, impulsada por la promesa de productos menos da\u00f1inos, est\u00e1 transform\u00e1ndose en una epidemia con consecuencias impredecibles para la salud. El doctor Maximiliano Salim, m\u00e9dico [&hellip;]","og_url":"https:\/\/diariodelsurdigital.com.ar\/?p=5546","og_site_name":"Diario del Sur","article_published_time":"2025-11-05T11:55:48+00:00","article_modified_time":"2025-11-05T11:55:49+00:00","og_image":[{"width":992,"height":558,"url":"https:\/\/diariodelsurdigital.com.ar\/wp-content\/uploads\/2025\/11\/md-17.webp","type":"image\/webp"}],"author":"Diario del Sur Digital","twitter_card":"summary_large_image","twitter_misc":{"Escrito por":"Diario del Sur Digital","Tiempo de lectura":"4 minutos"},"schema":{"@context":"https:\/\/schema.org","@graph":[{"@type":"Article","@id":"https:\/\/diariodelsurdigital.com.ar\/?p=5546#article","isPartOf":{"@id":"https:\/\/diariodelsurdigital.com.ar\/?p=5546"},"author":{"name":"Diario del Sur Digital","@id":"https:\/\/diariodelsurdigital.com.ar\/#\/schema\/person\/1a4992532ed62965c968031b49195c81"},"headline":"Vapeo en adolescentes: alerta por las consecuencias desconocidas y el riesgo de enfermedades respiratorias graves","datePublished":"2025-11-05T11:55:48+00:00","dateModified":"2025-11-05T11:55:49+00:00","mainEntityOfPage":{"@id":"https:\/\/diariodelsurdigital.com.ar\/?p=5546"},"wordCount":835,"commentCount":0,"image":{"@id":"https:\/\/diariodelsurdigital.com.ar\/?p=5546#primaryimage"},"thumbnailUrl":"https:\/\/diariodelsurdigital.com.ar\/wp-content\/uploads\/2025\/11\/md-17.webp","articleSection":["Inter\u00e9s General"],"inLanguage":"es","potentialAction":[{"@type":"CommentAction","name":"Comment","target":["https:\/\/diariodelsurdigital.com.ar\/?p=5546#respond"]}]},{"@type":"WebPage","@id":"https:\/\/diariodelsurdigital.com.ar\/?p=5546","url":"https:\/\/diariodelsurdigital.com.ar\/?p=5546","name":"Vapeo en adolescentes: alerta por las consecuencias desconocidas y el riesgo de enfermedades respiratorias graves - Diario del Sur","isPartOf":{"@id":"https:\/\/diariodelsurdigital.com.ar\/#website"},"primaryImageOfPage":{"@id":"https:\/\/diariodelsurdigital.com.ar\/?p=5546#primaryimage"},"image":{"@id":"https:\/\/diariodelsurdigital.com.ar\/?p=5546#primaryimage"},"thumbnailUrl":"https:\/\/diariodelsurdigital.com.ar\/wp-content\/uploads\/2025\/11\/md-17.webp","datePublished":"2025-11-05T11:55:48+00:00","dateModified":"2025-11-05T11:55:49+00:00","author":{"@id":"https:\/\/diariodelsurdigital.com.ar\/#\/schema\/person\/1a4992532ed62965c968031b49195c81"},"breadcrumb":{"@id":"https:\/\/diariodelsurdigital.com.ar\/?p=5546#breadcrumb"},"inLanguage":"es","potentialAction":[{"@type":"ReadAction","target":["https:\/\/diariodelsurdigital.com.ar\/?p=5546"]}]},{"@type":"ImageObject","inLanguage":"es","@id":"https:\/\/diariodelsurdigital.com.ar\/?p=5546#primaryimage","url":"https:\/\/diariodelsurdigital.com.ar\/wp-content\/uploads\/2025\/11\/md-17.webp","contentUrl":"https:\/\/diariodelsurdigital.com.ar\/wp-content\/uploads\/2025\/11\/md-17.webp","width":992,"height":558},{"@type":"BreadcrumbList","@id":"https:\/\/diariodelsurdigital.com.ar\/?p=5546#breadcrumb","itemListElement":[{"@type":"ListItem","position":1,"name":"Portada","item":"https:\/\/diariodelsurdigital.com.ar\/"},{"@type":"ListItem","position":2,"name":"Vapeo en adolescentes: alerta por las consecuencias desconocidas y el riesgo de enfermedades respiratorias graves"}]},{"@type":"WebSite","@id":"https:\/\/diariodelsurdigital.com.ar\/#website","url":"https:\/\/diariodelsurdigital.com.ar\/","name":"Diario del Sur","description":"Digital","potentialAction":[{"@type":"SearchAction","target":{"@type":"EntryPoint","urlTemplate":"https:\/\/diariodelsurdigital.com.ar\/?s={search_term_string}"},"query-input":{"@type":"PropertyValueSpecification","valueRequired":true,"valueName":"search_term_string"}}],"inLanguage":"es"},{"@type":"Person","@id":"https:\/\/diariodelsurdigital.com.ar\/#\/schema\/person\/1a4992532ed62965c968031b49195c81","name":"Diario del Sur Digital","image":{"@type":"ImageObject","inLanguage":"es","@id":"https:\/\/secure.gravatar.com\/avatar\/f0c7c47fc7146d19828273b9b8eda651c9c7ab583767e6338d3d3bee825adf76?s=96&d=mm&r=g","url":"https:\/\/secure.gravatar.com\/avatar\/f0c7c47fc7146d19828273b9b8eda651c9c7ab583767e6338d3d3bee825adf76?s=96&d=mm&r=g","contentUrl":"https:\/\/secure.gravatar.com\/avatar\/f0c7c47fc7146d19828273b9b8eda651c9c7ab583767e6338d3d3bee825adf76?s=96&d=mm&r=g","caption":"Diario del Sur Digital"},"url":"https:\/\/diariodelsurdigital.com.ar\/?author=4"}]}},"_links":{"self":[{"href":"https:\/\/diariodelsurdigital.com.ar\/index.php?rest_route=\/wp\/v2\/posts\/5546","targetHints":{"allow":["GET"]}}],"collection":[{"href":"https:\/\/diariodelsurdigital.com.ar\/index.php?rest_route=\/wp\/v2\/posts"}],"about":[{"href":"https:\/\/diariodelsurdigital.com.ar\/index.php?rest_route=\/wp\/v2\/types\/post"}],"author":[{"embeddable":true,"href":"https:\/\/diariodelsurdigital.com.ar\/index.php?rest_route=\/wp\/v2\/users\/4"}],"replies":[{"embeddable":true,"href":"https:\/\/diariodelsurdigital.com.ar\/index.php?rest_route=%2Fwp%2Fv2%2Fcomments&post=5546"}],"version-history":[{"count":1,"href":"https:\/\/diariodelsurdigital.com.ar\/index.php?rest_route=\/wp\/v2\/posts\/5546\/revisions"}],"predecessor-version":[{"id":5548,"href":"https:\/\/diariodelsurdigital.com.ar\/index.php?rest_route=\/wp\/v2\/posts\/5546\/revisions\/5548"}],"wp:featuredmedia":[{"embeddable":true,"href":"https:\/\/diariodelsurdigital.com.ar\/index.php?rest_route=\/wp\/v2\/media\/5547"}],"wp:attachment":[{"href":"https:\/\/diariodelsurdigital.com.ar\/index.php?rest_route=%2Fwp%2Fv2%2Fmedia&parent=5546"}],"wp:term":[{"taxonomy":"category","embeddable":true,"href":"https:\/\/diariodelsurdigital.com.ar\/index.php?rest_route=%2Fwp%2Fv2%2Fcategories&post=5546"},{"taxonomy":"post_tag","embeddable":true,"href":"https:\/\/diariodelsurdigital.com.ar\/index.php?rest_route=%2Fwp%2Fv2%2Ftags&post=5546"}],"curies":[{"name":"wp","href":"https:\/\/api.w.org\/{rel}","templated":true}]}}