{"id":5552,"date":"2025-11-05T19:46:23","date_gmt":"2025-11-05T22:46:23","guid":{"rendered":"https:\/\/diariodelsurdigital.com.ar\/?p=5552"},"modified":"2025-11-05T19:46:24","modified_gmt":"2025-11-05T22:46:24","slug":"kueider-aseguro-desde-paraguay-que-securitas-es-una-causa-armada-politicamente-por-el-kirchnerismo","status":"publish","type":"post","link":"https:\/\/diariodelsurdigital.com.ar\/?p=5552","title":{"rendered":"Kueider asegur\u00f3 desde Paraguay que \u201cSecuritas es una causa armada pol\u00edticamente por el kirchnerismo\u00bb"},"content":{"rendered":"\n<h1 class=\"wp-block-heading\"><\/h1>\n\n\n\n<p><a href=\"https:\/\/www.facebook.com\/sharer\/sharer.php?u=https:\/\/www.analisisdigital.com.ar\/judiciales\/2025\/11\/05\/kueider-securitas-es-una-causa-armada-politicamente-es-una-clara-vendetta-del-kirchnerismo&amp;title=Kueider:%20%E2%80%9CSecuritas%20es%20una%20causa%20armada%20pol%C3%ADticamente,%20es%20una%20clara%20vendetta%20del%20kirchnerismo%E2%80%9D\" target=\"_blank\" rel=\"noreferrer noopener\"><\/a><a href=\"https:\/\/twitter.com\/intent\/tweet?text=Kueider:%20%E2%80%9CSecuritas%20es%20una%20causa%20armada%20pol%C3%ADticamente,%20es%20una%20clara%20vendetta%20del%20kirchnerismo%E2%80%9D+https:\/\/www.analisisdigital.com.ar\/judiciales\/2025\/11\/05\/kueider-securitas-es-una-causa-armada-politicamente-es-una-clara-vendetta-del-kirchnerismo\" target=\"_blank\" rel=\"noreferrer noopener\"><\/a><a href=\"https:\/\/wa.me\/?text=https:\/\/www.analisisdigital.com.ar\/judiciales\/2025\/11\/05\/kueider-securitas-es-una-causa-armada-politicamente-es-una-clara-vendetta-del-kirchnerismo\" target=\"_blank\" rel=\"noreferrer noopener\"><\/a><a href=\"https:\/\/www.linkedin.com\/sharing\/share-offsite\/?url=https:\/\/www.analisisdigital.com.ar\/judiciales\/2025\/11\/05\/kueider-securitas-es-una-causa-armada-politicamente-es-una-clara-vendetta-del-kirchnerismo\" target=\"_blank\" rel=\"noreferrer noopener\"><\/a><a href=\"mailto:?subject=Kueider:%20%E2%80%9CSecuritas%20es%20una%20causa%20armada%20pol%C3%ADticamente,%20es%20una%20clara%20vendetta%20del%20kirchnerismo%E2%80%9D&amp;body=https:\/\/www.analisisdigital.com.ar\/judiciales\/2025\/11\/05\/kueider-securitas-es-una-causa-armada-politicamente-es-una-clara-vendetta-del-kirchnerismo\" target=\"_blank\" rel=\"noreferrer noopener\"><\/a><a href=\"https:\/\/www.analisisdigital.com.ar\/judiciales\/2025\/11\/05\/kueider-securitas-es-una-causa-armada-politicamente-es-una-clara-vendetta-del-kirchnerismo#\"><\/a><a href=\"javascript:window.print()\"><\/a>En una extensa entrevista, el ex senador nacional detenido con prisi\u00f3n domiciliaria en Paraguay, Edgardo Kueider, analiz\u00f3 el resultado de las elecciones legislativas y envi\u00f3 una fuerte cr\u00edtica al peronismo. Tambi\u00e9n cuestion\u00f3 las causas en su contra que asegur\u00f3 que \u201cson armadas pol\u00edticamente\u201d.<\/p>\n\n\n\n<p>En declaraciones realizadas al programa&nbsp;<em>A Quien Corresponda (Radio Plaza 94.7)<\/em>, Kueider evalu\u00f3 que \u201cla gente le dio una cuota m\u00e1s, una oportunidad m\u00e1s al gobierno y hay que analizarlo ampliamente; hay gente que vot\u00f3 para darle una cuota m\u00e1s al gobierno y hay gente que vot\u00f3 para no volver atr\u00e1s. Hay que evaluarlo por ah\u00ed. El peronismo a\u00fan se debe realmente un fino trabajo interno de autocr\u00edtica que nunca se lo dio, a nivel nacional y lo provincial que viene alineado con lo nacional, porque se aline\u00f3 con el kirchnerismo y est\u00e1 errando por ese lado\u201d.<\/p>\n\n\n\n<p>\u201cMi voto a la Ley Bases que se cansan de decir que recib\u00ed coimas y una cantidad de calumnias infernales, tiene mucho que ver con esto, con que el kirchnerismo estaba empecinado en hacer caer al gobierno y yo me cans\u00e9 de decirle a todos que ese no era el camino, que el peronismo no pod\u00eda estar de nuevo para que le pongan la vincha de que, si no gobierna, impide que otros gobiernen, y no fui escuchado. Ac\u00e1 es m\u00e1s f\u00e1cil que si no cumpl\u00eds con los deseos de un dirigente, sos un extraterrestre, un traidor, la peor persona. Yo quer\u00eda plantear que el camino era otro, que hab\u00eda que discutir las cosas, hab\u00eda que plantarse de diferente manera, pensar en positivo y proponerle a la gente otra salida, no siempre bastardear y tratar de voltear al que est\u00e1 gobernando, siempre tirando para abajo, o para atr\u00e1s.&nbsp;No me escucharon, de ah\u00ed a esta parte pasaron 200 cosas y todas parecen indicar que el kirchnerismo sigue abocado a la tarea de desgastar a los gobiernos. Hay que cambiar la actitud, tiene que haber una renovaci\u00f3n muy fuerte, pero si no hay un sincero debate, eso no va a pasar. Ac\u00e1 cuando pierden las elecciones todos hablan de autocr\u00edtica, pero no llega, y en cambio en los congresos del Partido Justicialista de Entre R\u00edos era buscar culpables. Ac\u00e1 cuando se pierde se busca a qui\u00e9n echarle la culpa, nadie se hace cargo de absolutamente nada, siempre hay un chivo expiatorio para echarle la culpa de los males. As\u00ed que creo que hay que trabajar mucho por ah\u00ed\u201d, cuestion\u00f3.<\/p>\n\n\n\n<p>Respecto del resultado electoral, reiter\u00f3 que \u201cest\u00e1 claro que el mensaje es ese, la gente dijo que no quiere ir para atr\u00e1s, aun cuando mucha gente la est\u00e1 pasando mal, porque al gobierno y a la econom\u00eda les falta despegar. Pero mucha gente que la est\u00e1 pasando mal sigui\u00f3 apostando al gobierno, un poco por miedo a volver para atr\u00e1s y otro poco porque espera una segunda etapa donde se empiecen a ver resultados despu\u00e9s de tanto esfuerzo que se est\u00e1 haciendo\u201d.<\/p>\n\n\n\n<p>En ese marco, insisti\u00f3: \u201cSeguimos sin leer porqu\u00e9 Milei fue Presidente. Yo vengo diciendo desde el primer momento, cuando fue la Ley Bases les dije un mont\u00f3n de veces que hab\u00eda que entender por qu\u00e9 gan\u00f3 Milei y perdi\u00f3 el peronismo y otros partidos que quedaron en minor\u00eda. Lo que hizo Milei, ven\u00eda prometiendo que lo iba a hacer: la motosierra, destruir el Estado y dem\u00e1s\u201d.<\/p>\n\n\n\n<p>Respecto de los cambios en el Gabinete nacional y la incorporaci\u00f3n de quienes fueron candidatos a legislador, refiri\u00f3 que \u201cestas son cuestiones a modificar porque se encarga a la gente, si te eligen para una cosa, ten\u00e9s que hacerte cargo de eso. Obviamente que, si a un legislador electo o en funciones lo llaman para ocupar un cargo de responsabilidad institucional a los niveles que estamos hablando, no lo veo mal porque hay mucha capacidad en mucha gente que ocupa cargos legislativos. Y siempre un cargo ejecutivo es m\u00e1s valorado por quien tiene vocaci\u00f3n de servicio porque desde ah\u00ed se puede llevar adelante modificaciones a cosas que cree que puede cambiar o hacer cambios m\u00e1s valiosos; el cargo ejecutivo tiene otra adrenalina y un impacto directo en la sociedad\u201d.<\/p>\n\n\n\n<p><strong>Situaci\u00f3n procesal y judicial<\/strong><\/p>\n\n\n\n<p>A poco de cumplir un a\u00f1o de detenci\u00f3n en diciembre, Kueider sostuvo que \u201ca partir de la Ley Bases en Entre R\u00edos hubo una publicaci\u00f3n de un medio period\u00edstico que nunca hab\u00eda hecho ninguna investigaci\u00f3n y nunca se hab\u00eda ocupado de otros funcionarios o personas denunciadas y de pronto aparece una publicaci\u00f3n m\u00eda con claras intenciones de vincularme a un hecho que tiene que ver con la causa Securitas. Me acusan de tener unos departamentos y en esa nota period\u00edstica tratan de vincularlo al cobro de coimas con la causa Securitas. A ra\u00edz de ello, se inician paralelamente dos denuncias, una que creo que formaba parte de esa operaci\u00f3n pol\u00edtico judicial \u2013porque siempre en operaciones de este tipo interviene la pata period\u00edstica- y un periodista en San Isidro donde est\u00e1 asentada la&nbsp; causa, donde est\u00e1 Arroyo Salgado como jueza y hay un fiscal que a la luz de los elementos que hoy tengo me permito ratificar que esto es una causa armada pol\u00edtica, es una clara vendetta del kirchnerismo que no me perdona que haya roto el bloque en su momento cuando no quisieron aprobar las leyes para Entre R\u00edos, para reducir la tarifa el\u00e9ctrica y bajar los impuestos a la electricidad que Alberto Fern\u00e1ndez se hab\u00eda comprometido y despu\u00e9s me termin\u00f3 dando la espalda. Tampoco recib\u00ed mucho apoyo de la dirigencia del peronismo en ese momento porque siempre act\u00faan corporativamente o alineadamente con el poder en vez de defender los intereses de los entrerrianos, y ah\u00ed romp\u00ed el bloque y no me lo perdonan porque con eso se termin\u00f3 la mayor\u00eda autom\u00e1tica del kirchnerismo en el Senado, eso provoc\u00f3 que Cristina Kirchner no pudiera sacar un mont\u00f3n de pliegos de jueces que pretend\u00eda sacar, se cay\u00f3 lo de la jueza Figueroa, y despu\u00e9s vino lo de la boleta \u00fanica donde me pasaron otra factura porque no quer\u00edan que salga la boleta \u00fanica e hicieron de todo para que no la saque. Y despu\u00e9s todo revent\u00f3 con la Ley Bases\u201d.<\/p>\n\n\n\n<p>Agreg\u00f3 que \u201ccasualmente, en ese contexto se da este tipo de denuncias. Y despu\u00e9s en Concordia, paralelamente, ya no como parte de la operaci\u00f3n, un puntero que tiene encono y resentimiento conmigo porque uno llega y otros no pueden llegar, present\u00f3 una nota de un p\u00e1rrafo en el Ministerio P\u00fablico Fiscal y el fiscal Arias hace una causa donde se pone investigar desde el a\u00f1o 99, casi desde que nac\u00ed. Y ambas causas siguen paralelamente su curso, por el mismo hecho, la misma denuncia, la misma persona, que es una doble persecuci\u00f3n. Hicimos un planteo de nulidad que ya cumpli\u00f3 un a\u00f1o y ayer me notifican que a instancias de uno de los abogados de la defensa que present\u00f3 un pronto despacho, porque Arroyo Salgado ten\u00eda dormido en un caj\u00f3n el tema de la competencia, y mandan a la Corte la definici\u00f3n de la competencia sobre la causa\u201d.<\/p>\n\n\n\n<p>Sobre la causa Securitas, indic\u00f3 que \u201creci\u00e9n ahora nosotros pedimos algunos informes para consolidar pruebas que la propia investigaci\u00f3n ha recabado, que directamente demuestran que no tengo nada que ver con los ocho o nueve delitos que me imputaron en esa causa. Entre ellos el lavado de activos y entre ellos es lo que motiva el pedido de extradici\u00f3n ac\u00e1 a Paraguay, esa mega causa que armaron, que aprovecharon a darle mucho impulso, cuando sucedi\u00f3 en diciembre lo de Paraguay, donde hicieron un boom, una explosi\u00f3n medi\u00e1tica y judicial, y me adjudicaron empresas que me enteraba por la prensa que exist\u00edan. A medida que se vayan desarrollando los hechos y vayan apareciendo las pruebas, en los tiempos de la justicia que se vaya expidiendo, se va a ir ratificando siempre lo que vengo diciendo en cada uno de los casos desde el primer d\u00eda, que es ni m\u00e1s ni menos la verdad\u201d.<\/p>\n\n\n\n<p>Consultado por la situaci\u00f3n judicial en Paraguay por el paso ilegal de dinero, explicit\u00f3: \u201cAc\u00e1 actualmente lo que m\u00e1s me retiene es el pedido de extradici\u00f3n, porque el pedido de extradici\u00f3n requiere hasta que se resuelva que est\u00e9 detenido, porque si fuera por la causa de contravenci\u00f3n aduanera, porque no es contrabando. Ya hay elementos de prueba que fueron apareciendo solos \u2013e incluso medi\u00e1ticamente- y queda claro que no hab\u00eda dinero proveniente de Argentina, que era dinero proveniente de ac\u00e1, de inversiones de ac\u00e1, tal como lo vengo diciendo, y que no me pertenec\u00edan y que no eran operaciones m\u00edas. Eso va a quedar todo aclarado\u201d. Al respecto, dijo que \u201chay mucha gente que viene a invertir ac\u00e1 a Paraguay, donde hay oportunidades de intermediaci\u00f3n interesantes\u201d.<\/p>\n\n\n\n<p>\u201cYo ya expliqu\u00e9 lo que pas\u00f3 all\u00e1, por supuesto no te cree nadie; pero, as\u00ed como no me cree nadie, de a poquito van apareciendo muchas pruebas que ya est\u00e1n. A la luz de los hechos hoy son las pruebas que demuestran tu inocencia, pero las pierden de vista porque ya hay un prejuzgamiento y ajustan la vista para la acusaci\u00f3n. Incluso hay mucho periodismo de investigaci\u00f3n que en realidad no hace investigaci\u00f3n, sino que se basan en lo que los fiscales le aportan y el fiscal no siempre act\u00faa de buena fe sino que muestra siempre lo que les sirve a ellos para acusar, e instalar eso en la prensa tambi\u00e9n les sirve porque eso potencia su trabajo y los deja para arriba con los jueces, es como que muestran que est\u00e1n haciendo bien las cosas y tambi\u00e9n condiciona el accionar judicial, porque la presi\u00f3n medi\u00e1tica es muy importante a la hora de la valoraci\u00f3n de muchos jueces. A este tipo de operaciones las motorizan muchas veces los fiscales y el periodismo las reproduce porque hay informaci\u00f3n que les sirve, pero no van a ver el expediente\u201d, cuestion\u00f3.<\/p>\n\n\n\n<p>Acot\u00f3 que \u201cen Paran\u00e1, tanto el periodismo como dirigentes pol\u00edticos, en el fondo saben que no tengo nada que ver con la causa Securitas. A m\u00ed me meten en la causa Securitas y hacen un esc\u00e1ndalo que es lo que me expuls\u00f3 del Senado, no la causa de Paraguay, donde estaba acordado que me iban a dar la suspensi\u00f3n hasta marzo para que yo pueda tener la oportunidad de ir a defenderme. Cuando Arroyo Salgado en medio de la sesi\u00f3n manda un pedido de detenci\u00f3n internacional con Interpol y hace un circo espectacular basado en la causa Securitas, solamente para que vaya a declarar en indagatoria. El motivo principal es que encontraron un chat, porque todo lo dem\u00e1s se fue cayendo; dijeron que yo era director de ENERSA y el fiscal y la jueza en estos momentos todav\u00eda siguen insistiendo que tengo vinculaci\u00f3n con ENERSA, y eso se va cayendo solo.<\/p>\n\n\n\n<p>\u201cSe van cayendo solas las cosas que son agarradas de los pelos, que el denunciante us\u00f3 y el fiscal le dio cr\u00e9dito y trat\u00f3 de consolidar; tambi\u00e9n los videos de Casa de Gobierno tambi\u00e9n se van cayendo recontra solos porque salieron a declarar todos e incluso hay una instrucci\u00f3n en Entre R\u00edos y todo el mundo sabe que eso eran gastos reservados. A esos videos los pas\u00f3 a la prensa el propio fiscal y eso es ilegal, no pod\u00eda haberlo hecho. De hecho, a la denuncia la dejaron sin efecto porque estaban manipulados los pendrive, se hab\u00edan borrado im\u00e1genes que yo mismo las hab\u00eda borrado porque eran im\u00e1genes que no conduc\u00edan al hecho y no quer\u00eda que queden en un expediente que lo pod\u00eda agarrar despu\u00e9s cualquiera. Si es una prueba que est\u00e1 manipulada, que encima fue denunciada y que fue un hackeo ilegal, la prueba ya de por s\u00ed es endeble y deber\u00edan verificar al menos si es un hecho il\u00edcito, y los gastos reservados no son hechos il\u00edcitos\u201d, plante\u00f3.<\/p>\n\n\n\n<p>Critic\u00f3 tambi\u00e9n que \u201chubo 100 d\u00edas de secreto de sumario\u201d y apunt\u00f3 que \u201cel hecho puntual y m\u00e1s importante que aducen, que me vincula, es que yo ten\u00eda contacto con los T\u00f3rtul, porque aparece un chat \u2013que yo lo llamo del famoso turco Cuaider- y yo la verdad es que no sab\u00eda por d\u00f3nde ven\u00eda eso porque yo nunca tuve contacto con los se\u00f1ores T\u00f3rtul, no los conozco. Si los hubiera conocido, lo dir\u00eda porque tampoco hice nada il\u00edcito, pero la verdad es que nunca habl\u00e9 con ellos, no tengo ni tel\u00e9fono, no s\u00e9 qui\u00e9nes son\u201d.<\/p>\n\n\n\n<p>\u201cPrimero pens\u00e9 que lo dibuj\u00f3 el fiscal y me meti\u00f3 por la ventana, pero despu\u00e9s me di cuenta que debe ser otro turco que hab\u00eda sido funcionario de ENERSA y que era de Concordia, y que ven\u00eda por ah\u00ed la confusi\u00f3n. Yo pensaba que era eso, confiando en la buena fe de la instrucci\u00f3n y sobre todo confiando en la buena fe de la jueza, pero la sorpresa que me llevo es enorme cuando el abogado pide esos chats para ver de d\u00f3nde sale esa conversaci\u00f3n que yo nunca tuve y la sorpresa es enorme porque me encuentro que est\u00e1 maliciosamente descontextualizado el chat. Eso es lo que hace es darme la derecha con pruebas de que esta causa fue armada desde el primer momento\u201d, sentenci\u00f3.<\/p>\n\n\n\n<p>Respecto del pedido de extradici\u00f3n, Kueider se\u00f1al\u00f3: \u201cYo soy inocente de la causa de fondo. De los nueve delitos que me mete Arroyo Salgado, ninguno es real. Es una causa armada. Ahora tengo las pruebas de que es una causa armada, porque el fiscal lo que hace es tomar una conversaci\u00f3n que arranca en una p\u00e1gina de un chat de ocho a\u00f1os; 25.557 p\u00e1ginas tiene ese chat y en base a esa prueba el fiscal me acusa a m\u00ed, y en ocho a\u00f1os de conversaciones aparece toda la operatoria de Enersa con Securitas. O sea, si la jueza quiere resolver el caso Securita, yo le hago un extracto y lo resuelve en 24 horas, tiene toda la hoja de ruta. Y de 25.557 p\u00e1ginas, este turco Cuaider aparece en la p\u00e1gina 1.300 y pico, pero viene de una conversaci\u00f3n que el fiscal recort\u00f3. Una conversaci\u00f3n entre un ex funcionario de la provincia de Entre R\u00edos y uno de los T\u00f3rtul, y ah\u00ed arranca la conversaci\u00f3n\u201d.<\/p>\n\n\n\n<p>En este marco, dijo que no le interesa la extradici\u00f3n: \u201cNo me interesa el tema de la extradici\u00f3n porque la pide Arroyo Salgado y si la causa de Arroyo Salgado se cae, se cae la extradici\u00f3n. Yo voy por la causa de Arroyo Salgado; el \u00fanico tema de la extradici\u00f3n es que Arroyo Salgado por deporte mete preso a la gente. Por esta causa trucha, falsa, maliciosamente armada y pol\u00edticamente armada estuvo preso mucha gente; estuvieron en el penal de Ezeiza en condiciones de presos comunes, con presos comunes, con delitos graves, gente que no hab\u00eda cometido ning\u00fan delito, una causa trucha y armada y a m\u00ed me quiere mandar all\u00e1. Lo que quiere es la foto y el circo. Pero si se cae la causa armada, trucha, de San Isidro, la extradici\u00f3n se cae naturalmente\u201d.<\/p>\n\n\n\n<p>\u201cLa extradici\u00f3n no ser\u00eda necesaria si yo puedo volver a la Argentina en condiciones normales como una persona que no ha cometido un delito, y en el peor de los casos uno es inocente hasta que se demuestra lo contrario, por lo menos, eso dice el sistema constitucional y penal argentino, que obviamente no se est\u00e1 respetando en San Isidro\u201d, asever\u00f3.<\/p>\n\n\n\n<p>Sobre el armado de la causa, aclar\u00f3 que \u201cno es Arroyo Salgado, es el fiscal. Yo la respeto mucho a la jueza Arroyo Salgado; de hecho, mi abogado en Concordia me dec\u00eda que iba a plantear que vaya a San Isidro, porque all\u00e1 la jueza Arroyo Salgado es m\u00e1s seria y ac\u00e1 en Entre R\u00edos, la fama que tiene Arias es de antiperonista, persiguen los peronistas y dem\u00e1s. Y yo le dije que a m\u00ed no me interesa quien me persiga porque yo soy inocente, as\u00ed que no me interesa que me investiguen, pero reconozco que Salgado me representa mayor seriedad. Yo no la acuso a ella de que haya participado de una persecuci\u00f3n pol\u00edtica, creo que a ella le gusta m\u00e1s protagonizar las cuestiones m\u00e1s medi\u00e1ticas y capaz eso es lo que a ella le impulsa. Pero yo lo que s\u00ed le reprocho a ella, es que no ha verificado nunca nada de la instrucci\u00f3n, es como que ha convalidado toda la actuaci\u00f3n del fiscal sin miramientos\u201d.<\/p>\n\n\n\n<p>Como ejemplo, mencion\u00f3 que \u201clo de los gastos reservados, nunca verific\u00f3 cu\u00e1l era la condici\u00f3n de los videos, ya los dio por un hecho il\u00edcito; lo de ENERSA lo dio por cierto y a la luz de los hechos hoy, se corrobora que yo nunca fui funcionario de ENERSA. Para esto avanzan meses, en base a eso te acusan y esos delitos que te imputan falsamente dan lugar al il\u00edcito precedente para justificar la acusaci\u00f3n de lavado que es muy grave. Y eso, a su vez justifica las prisiones preventivas. Es toda una cosa que es muy extra\u00f1a, y yo a la cuesti\u00f3n pol\u00edtica se la adjudico claramente al fiscal Fernando Dom\u00ednguez\u201d.<\/p>\n\n\n\n<p>Consultado por su situaci\u00f3n econ\u00f3mica para vivir en Paraguay, revel\u00f3: \u201cNo es muy grande mi presupuesto ac\u00e1; primero vamos a ver la cuenta de los abogados que cuando termine esto y c\u00f3mo hacemos, pero lo que tiene que ver con alquileres se hace cargo el estudio de mis abogados, hasta el momento, que tampoco es muy alto. El costo de vida en Paraguay no es muy alto, yo tengo un presupuesto, que en d\u00f3lares no llega a 900 u 800 d\u00f3lares mensuales. Al principio el estudio incluso te abastec\u00eda de las cuestiones de los comestibles y todo lo dem\u00e1s, luego fui tratando de hacerme cargo, que no es mucho porque con 700 u 800 d\u00f3lares mensuales y con eso alcanza muy bien para vivir el mes digamos\u201d.<\/p>\n\n\n\n<p>\u201cS\u00ed me qued\u00e9 con much\u00edsimas cuentas en Argentina. Independientemente de las medidas cautelares que tom\u00f3 la justicia de San Isidro, que me bloquearon todas las cuentas bancarias, obviamente no pagu\u00e9 m\u00e1s las tarjetas de cr\u00e9dito. No puedo retirar un peso del banco, no puedo hacer un mont\u00f3n de cosas y hay cuentas que obviamente dej\u00e9 de pagar; si uno verifica en este momento mi estado de cuenta en Argentina ya debo estar en el Veraz en situaci\u00f3n 4 o 5. No s\u00e9 qui\u00e9n se va a hacer cargo cuando todo esto termine, y cuando salga a la luz la verdad\u201d, advirti\u00f3.<\/p>\n\n\n\n<p>Respecto de qui\u00e9n le provee los d\u00f3lares para vivir, reflexion\u00f3: \u201cCuando sucedi\u00f3 todo esto, uno que ven\u00eda de un proceso de muchos amigos, empiezan a quedar menos amigos. Algunos hasta p\u00fablicamente salieron a decir que nunca fueron amigos m\u00edos, despu\u00e9s que fuimos amigos muchos a\u00f1os. Pero siempre algunos amigos quedan, tampoco es mucho dinero y siempre algunos vienen, algunos amigos est\u00e1n me han tra\u00eddo carne en conservadora. Mis hijos la han pasado muy mal y la siguen pasando mal; a mi hija la jueza Salgado le bloque\u00f3 el pago de su sueldo por nueve meses, no cobr\u00f3 el sueldo por nueve meses; con el sueldo las personas viven. Tuvo que pagar abogados, que para presentarte una nota en Buenos Aires te cobran 300 o 400.000 pesos, que primero le rechazaron y luego le liberaron parcialmente las medidas cautelares y pudo cobrar reci\u00e9n hace un mes y pico. A mis otros hijos los persiguieron desde el ARCA, con una persecuci\u00f3n direccionada. Uno trabaja en cuestiones de marketing y el otro es abogado, y les salieron a reclamar porque ten\u00edan transferencias de Mercado Pago. Incluso mi hijo ten\u00eda las transferencias de Mercado Pago a su propia esposa y el ARCA le pidi\u00f3 factura y como no ten\u00eda lo terminaron cambiando de categor\u00eda del monotributo, lo pasaron a responsable inscripto con retroactividad y le cobran 15 millones de pesos de multa. Una locura que creo que a nadie le lleg\u00f3 alguna notificaci\u00f3n del ARCA pregunt\u00e1ndole si las transferencias que hac\u00edan a Mercado Pago ten\u00edan factura\u201d.<\/p>\n\n\n\n<p>\u201cEs una clara persecuci\u00f3n y por supuesto le ha afectado en su vida cotidiana toda esta cuesti\u00f3n A mi hijo m\u00e1s chico, menor de edad, de 15 a\u00f1os, le clausuraron la cuenta de Mercado Pago que ten\u00eda autorizada por m\u00ed. Le clausuraron una cuenta que hab\u00eda abierto en Banco Naci\u00f3n que te abren una cajita de ahorro, que creo que ten\u00eda 50.000 pesos. Como que se enriqueci\u00f3 il\u00edcitamente, pobre. Hay muchas cosas terribles que han sucedido con esto, no s\u00e9 qui\u00e9n se va a hacer cargo del da\u00f1o que han causado. Hay gente que no puede salir a la calle, que le da verg\u00fcenza, hay gente que perdieron las empresas, que le clausuraron todas las cuentas de las empresas y las han escrachado tanto, que nos pueden operar hoy en d\u00eda. A mi propia empresa Edekom le clausuraron todas las cuentas y no pueden laburar. Han causado un da\u00f1o enorme; hubo gente que tuvo presa cuatro meses en un penal, que le arruinaron la vida por una causa armada, trucha, seg\u00fan est\u00e1n las evidencias en el expediente. Es horrible, porque ac\u00e1 sos culpable hasta que demostr\u00e1s lo contrario\u201d, concluy\u00f3.<\/p>\n\n\n\n<p>Fuente: An\u00e1lisis Digital<\/p>\n","protected":false},"excerpt":{"rendered":"<p>En una extensa entrevista, el ex senador nacional detenido con prisi\u00f3n domiciliaria en Paraguay, Edgardo Kueider, analiz\u00f3 el resultado de las elecciones legislativas y envi\u00f3 una fuerte cr\u00edtica al peronismo. Tambi\u00e9n cuestion\u00f3 las causas en su contra que asegur\u00f3 que \u201cson armadas pol\u00edticamente\u201d. En declaraciones realizadas al programa&nbsp;A Quien Corresponda (Radio Plaza 94.7), Kueider evalu\u00f3 [&hellip;]<\/p>\n","protected":false},"author":2,"featured_media":5553,"comment_status":"open","ping_status":"open","sticky":false,"template":"","format":"standard","meta":{"footnotes":""},"categories":[18,22],"tags":[],"class_list":{"0":"post-5552","1":"post","2":"type-post","3":"status-publish","4":"format-standard","5":"has-post-thumbnail","7":"category-nacionales","8":"category-politica"},"yoast_head":"<!-- This site is optimized with the Yoast SEO plugin v27.4 - https:\/\/yoast.com\/product\/yoast-seo-wordpress\/ -->\n<title>Kueider asegur\u00f3 desde Paraguay que \u201cSecuritas es una causa armada pol\u00edticamente por el kirchnerismo&quot; - Diario del Sur<\/title>\n<meta name=\"robots\" content=\"index, follow, max-snippet:-1, max-image-preview:large, max-video-preview:-1\" \/>\n<link rel=\"canonical\" href=\"https:\/\/diariodelsurdigital.com.ar\/?p=5552\" \/>\n<meta property=\"og:locale\" content=\"es_ES\" \/>\n<meta property=\"og:type\" content=\"article\" \/>\n<meta property=\"og:title\" content=\"Kueider asegur\u00f3 desde Paraguay que \u201cSecuritas es una causa armada pol\u00edticamente por el kirchnerismo&quot; - Diario del Sur\" \/>\n<meta property=\"og:description\" content=\"En una extensa entrevista, el ex senador nacional detenido con prisi\u00f3n domiciliaria en Paraguay, Edgardo Kueider, analiz\u00f3 el resultado de las elecciones legislativas y envi\u00f3 una fuerte cr\u00edtica al peronismo. Tambi\u00e9n cuestion\u00f3 las causas en su contra que asegur\u00f3 que \u201cson armadas pol\u00edticamente\u201d. En declaraciones realizadas al programa&nbsp;A Quien Corresponda (Radio Plaza 94.7), Kueider evalu\u00f3 [&hellip;]\" \/>\n<meta property=\"og:url\" content=\"https:\/\/diariodelsurdigital.com.ar\/?p=5552\" \/>\n<meta property=\"og:site_name\" content=\"Diario del Sur\" \/>\n<meta property=\"article:published_time\" content=\"2025-11-05T22:46:23+00:00\" \/>\n<meta property=\"article:modified_time\" content=\"2025-11-05T22:46:24+00:00\" \/>\n<meta property=\"og:image\" content=\"https:\/\/diariodelsurdigital.com.ar\/wp-content\/uploads\/2025\/11\/images.png\" \/>\n\t<meta property=\"og:image:width\" content=\"457\" \/>\n\t<meta property=\"og:image:height\" content=\"295\" \/>\n\t<meta property=\"og:image:type\" content=\"image\/png\" \/>\n<meta name=\"author\" content=\"Diario del Sur Digital\" \/>\n<meta name=\"twitter:card\" content=\"summary_large_image\" \/>\n<meta name=\"twitter:label1\" content=\"Escrito por\" \/>\n\t<meta name=\"twitter:data1\" content=\"Diario del Sur Digital\" \/>\n\t<meta name=\"twitter:label2\" content=\"Tiempo de lectura\" \/>\n\t<meta name=\"twitter:data2\" content=\"17 minutos\" \/>\n<script type=\"application\/ld+json\" class=\"yoast-schema-graph\">{\"@context\":\"https:\\\/\\\/schema.org\",\"@graph\":[{\"@type\":\"Article\",\"@id\":\"https:\\\/\\\/diariodelsurdigital.com.ar\\\/?p=5552#article\",\"isPartOf\":{\"@id\":\"https:\\\/\\\/diariodelsurdigital.com.ar\\\/?p=5552\"},\"author\":{\"name\":\"Diario del Sur Digital\",\"@id\":\"https:\\\/\\\/diariodelsurdigital.com.ar\\\/#\\\/schema\\\/person\\\/6136a32571657f7dba980b88b04c5465\"},\"headline\":\"Kueider asegur\u00f3 desde Paraguay que \u201cSecuritas es una causa armada pol\u00edticamente por el kirchnerismo\u00bb\",\"datePublished\":\"2025-11-05T22:46:23+00:00\",\"dateModified\":\"2025-11-05T22:46:24+00:00\",\"mainEntityOfPage\":{\"@id\":\"https:\\\/\\\/diariodelsurdigital.com.ar\\\/?p=5552\"},\"wordCount\":3738,\"commentCount\":0,\"image\":{\"@id\":\"https:\\\/\\\/diariodelsurdigital.com.ar\\\/?p=5552#primaryimage\"},\"thumbnailUrl\":\"https:\\\/\\\/diariodelsurdigital.com.ar\\\/wp-content\\\/uploads\\\/2025\\\/11\\\/images.png\",\"articleSection\":[\"Nacionales\",\"Pol\u00edtica\"],\"inLanguage\":\"es\",\"potentialAction\":[{\"@type\":\"CommentAction\",\"name\":\"Comment\",\"target\":[\"https:\\\/\\\/diariodelsurdigital.com.ar\\\/?p=5552#respond\"]}]},{\"@type\":\"WebPage\",\"@id\":\"https:\\\/\\\/diariodelsurdigital.com.ar\\\/?p=5552\",\"url\":\"https:\\\/\\\/diariodelsurdigital.com.ar\\\/?p=5552\",\"name\":\"Kueider asegur\u00f3 desde Paraguay que \u201cSecuritas es una causa armada pol\u00edticamente por el kirchnerismo\\\" - Diario del Sur\",\"isPartOf\":{\"@id\":\"https:\\\/\\\/diariodelsurdigital.com.ar\\\/#website\"},\"primaryImageOfPage\":{\"@id\":\"https:\\\/\\\/diariodelsurdigital.com.ar\\\/?p=5552#primaryimage\"},\"image\":{\"@id\":\"https:\\\/\\\/diariodelsurdigital.com.ar\\\/?p=5552#primaryimage\"},\"thumbnailUrl\":\"https:\\\/\\\/diariodelsurdigital.com.ar\\\/wp-content\\\/uploads\\\/2025\\\/11\\\/images.png\",\"datePublished\":\"2025-11-05T22:46:23+00:00\",\"dateModified\":\"2025-11-05T22:46:24+00:00\",\"author\":{\"@id\":\"https:\\\/\\\/diariodelsurdigital.com.ar\\\/#\\\/schema\\\/person\\\/6136a32571657f7dba980b88b04c5465\"},\"breadcrumb\":{\"@id\":\"https:\\\/\\\/diariodelsurdigital.com.ar\\\/?p=5552#breadcrumb\"},\"inLanguage\":\"es\",\"potentialAction\":[{\"@type\":\"ReadAction\",\"target\":[\"https:\\\/\\\/diariodelsurdigital.com.ar\\\/?p=5552\"]}]},{\"@type\":\"ImageObject\",\"inLanguage\":\"es\",\"@id\":\"https:\\\/\\\/diariodelsurdigital.com.ar\\\/?p=5552#primaryimage\",\"url\":\"https:\\\/\\\/diariodelsurdigital.com.ar\\\/wp-content\\\/uploads\\\/2025\\\/11\\\/images.png\",\"contentUrl\":\"https:\\\/\\\/diariodelsurdigital.com.ar\\\/wp-content\\\/uploads\\\/2025\\\/11\\\/images.png\",\"width\":457,\"height\":295},{\"@type\":\"BreadcrumbList\",\"@id\":\"https:\\\/\\\/diariodelsurdigital.com.ar\\\/?p=5552#breadcrumb\",\"itemListElement\":[{\"@type\":\"ListItem\",\"position\":1,\"name\":\"Portada\",\"item\":\"https:\\\/\\\/diariodelsurdigital.com.ar\\\/\"},{\"@type\":\"ListItem\",\"position\":2,\"name\":\"Kueider asegur\u00f3 desde Paraguay que \u201cSecuritas es una causa armada pol\u00edticamente por el kirchnerismo\u00bb\"}]},{\"@type\":\"WebSite\",\"@id\":\"https:\\\/\\\/diariodelsurdigital.com.ar\\\/#website\",\"url\":\"https:\\\/\\\/diariodelsurdigital.com.ar\\\/\",\"name\":\"Diario del Sur\",\"description\":\"Digital\",\"potentialAction\":[{\"@type\":\"SearchAction\",\"target\":{\"@type\":\"EntryPoint\",\"urlTemplate\":\"https:\\\/\\\/diariodelsurdigital.com.ar\\\/?s={search_term_string}\"},\"query-input\":{\"@type\":\"PropertyValueSpecification\",\"valueRequired\":true,\"valueName\":\"search_term_string\"}}],\"inLanguage\":\"es\"},{\"@type\":\"Person\",\"@id\":\"https:\\\/\\\/diariodelsurdigital.com.ar\\\/#\\\/schema\\\/person\\\/6136a32571657f7dba980b88b04c5465\",\"name\":\"Diario del Sur Digital\",\"image\":{\"@type\":\"ImageObject\",\"inLanguage\":\"es\",\"@id\":\"https:\\\/\\\/secure.gravatar.com\\\/avatar\\\/4c29ceac98541dd42460b2474aaa5dd37594d6ce6cb3cf2c101d09b48ee287ba?s=96&d=mm&r=g\",\"url\":\"https:\\\/\\\/secure.gravatar.com\\\/avatar\\\/4c29ceac98541dd42460b2474aaa5dd37594d6ce6cb3cf2c101d09b48ee287ba?s=96&d=mm&r=g\",\"contentUrl\":\"https:\\\/\\\/secure.gravatar.com\\\/avatar\\\/4c29ceac98541dd42460b2474aaa5dd37594d6ce6cb3cf2c101d09b48ee287ba?s=96&d=mm&r=g\",\"caption\":\"Diario del Sur Digital\"},\"url\":\"https:\\\/\\\/diariodelsurdigital.com.ar\\\/?author=2\"}]}<\/script>\n<!-- \/ Yoast SEO plugin. -->","yoast_head_json":{"title":"Kueider asegur\u00f3 desde Paraguay que \u201cSecuritas es una causa armada pol\u00edticamente por el kirchnerismo\" - Diario del Sur","robots":{"index":"index","follow":"follow","max-snippet":"max-snippet:-1","max-image-preview":"max-image-preview:large","max-video-preview":"max-video-preview:-1"},"canonical":"https:\/\/diariodelsurdigital.com.ar\/?p=5552","og_locale":"es_ES","og_type":"article","og_title":"Kueider asegur\u00f3 desde Paraguay que \u201cSecuritas es una causa armada pol\u00edticamente por el kirchnerismo\" - Diario del Sur","og_description":"En una extensa entrevista, el ex senador nacional detenido con prisi\u00f3n domiciliaria en Paraguay, Edgardo Kueider, analiz\u00f3 el resultado de las elecciones legislativas y envi\u00f3 una fuerte cr\u00edtica al peronismo. Tambi\u00e9n cuestion\u00f3 las causas en su contra que asegur\u00f3 que \u201cson armadas pol\u00edticamente\u201d. En declaraciones realizadas al programa&nbsp;A Quien Corresponda (Radio Plaza 94.7), Kueider evalu\u00f3 [&hellip;]","og_url":"https:\/\/diariodelsurdigital.com.ar\/?p=5552","og_site_name":"Diario del Sur","article_published_time":"2025-11-05T22:46:23+00:00","article_modified_time":"2025-11-05T22:46:24+00:00","og_image":[{"width":457,"height":295,"url":"https:\/\/diariodelsurdigital.com.ar\/wp-content\/uploads\/2025\/11\/images.png","type":"image\/png"}],"author":"Diario del Sur Digital","twitter_card":"summary_large_image","twitter_misc":{"Escrito por":"Diario del Sur Digital","Tiempo de lectura":"17 minutos"},"schema":{"@context":"https:\/\/schema.org","@graph":[{"@type":"Article","@id":"https:\/\/diariodelsurdigital.com.ar\/?p=5552#article","isPartOf":{"@id":"https:\/\/diariodelsurdigital.com.ar\/?p=5552"},"author":{"name":"Diario del Sur Digital","@id":"https:\/\/diariodelsurdigital.com.ar\/#\/schema\/person\/6136a32571657f7dba980b88b04c5465"},"headline":"Kueider asegur\u00f3 desde Paraguay que \u201cSecuritas es una causa armada pol\u00edticamente por el kirchnerismo\u00bb","datePublished":"2025-11-05T22:46:23+00:00","dateModified":"2025-11-05T22:46:24+00:00","mainEntityOfPage":{"@id":"https:\/\/diariodelsurdigital.com.ar\/?p=5552"},"wordCount":3738,"commentCount":0,"image":{"@id":"https:\/\/diariodelsurdigital.com.ar\/?p=5552#primaryimage"},"thumbnailUrl":"https:\/\/diariodelsurdigital.com.ar\/wp-content\/uploads\/2025\/11\/images.png","articleSection":["Nacionales","Pol\u00edtica"],"inLanguage":"es","potentialAction":[{"@type":"CommentAction","name":"Comment","target":["https:\/\/diariodelsurdigital.com.ar\/?p=5552#respond"]}]},{"@type":"WebPage","@id":"https:\/\/diariodelsurdigital.com.ar\/?p=5552","url":"https:\/\/diariodelsurdigital.com.ar\/?p=5552","name":"Kueider asegur\u00f3 desde Paraguay que \u201cSecuritas es una causa armada pol\u00edticamente por el kirchnerismo\" - Diario del Sur","isPartOf":{"@id":"https:\/\/diariodelsurdigital.com.ar\/#website"},"primaryImageOfPage":{"@id":"https:\/\/diariodelsurdigital.com.ar\/?p=5552#primaryimage"},"image":{"@id":"https:\/\/diariodelsurdigital.com.ar\/?p=5552#primaryimage"},"thumbnailUrl":"https:\/\/diariodelsurdigital.com.ar\/wp-content\/uploads\/2025\/11\/images.png","datePublished":"2025-11-05T22:46:23+00:00","dateModified":"2025-11-05T22:46:24+00:00","author":{"@id":"https:\/\/diariodelsurdigital.com.ar\/#\/schema\/person\/6136a32571657f7dba980b88b04c5465"},"breadcrumb":{"@id":"https:\/\/diariodelsurdigital.com.ar\/?p=5552#breadcrumb"},"inLanguage":"es","potentialAction":[{"@type":"ReadAction","target":["https:\/\/diariodelsurdigital.com.ar\/?p=5552"]}]},{"@type":"ImageObject","inLanguage":"es","@id":"https:\/\/diariodelsurdigital.com.ar\/?p=5552#primaryimage","url":"https:\/\/diariodelsurdigital.com.ar\/wp-content\/uploads\/2025\/11\/images.png","contentUrl":"https:\/\/diariodelsurdigital.com.ar\/wp-content\/uploads\/2025\/11\/images.png","width":457,"height":295},{"@type":"BreadcrumbList","@id":"https:\/\/diariodelsurdigital.com.ar\/?p=5552#breadcrumb","itemListElement":[{"@type":"ListItem","position":1,"name":"Portada","item":"https:\/\/diariodelsurdigital.com.ar\/"},{"@type":"ListItem","position":2,"name":"Kueider asegur\u00f3 desde Paraguay que \u201cSecuritas es una causa armada pol\u00edticamente por el kirchnerismo\u00bb"}]},{"@type":"WebSite","@id":"https:\/\/diariodelsurdigital.com.ar\/#website","url":"https:\/\/diariodelsurdigital.com.ar\/","name":"Diario del Sur","description":"Digital","potentialAction":[{"@type":"SearchAction","target":{"@type":"EntryPoint","urlTemplate":"https:\/\/diariodelsurdigital.com.ar\/?s={search_term_string}"},"query-input":{"@type":"PropertyValueSpecification","valueRequired":true,"valueName":"search_term_string"}}],"inLanguage":"es"},{"@type":"Person","@id":"https:\/\/diariodelsurdigital.com.ar\/#\/schema\/person\/6136a32571657f7dba980b88b04c5465","name":"Diario del Sur Digital","image":{"@type":"ImageObject","inLanguage":"es","@id":"https:\/\/secure.gravatar.com\/avatar\/4c29ceac98541dd42460b2474aaa5dd37594d6ce6cb3cf2c101d09b48ee287ba?s=96&d=mm&r=g","url":"https:\/\/secure.gravatar.com\/avatar\/4c29ceac98541dd42460b2474aaa5dd37594d6ce6cb3cf2c101d09b48ee287ba?s=96&d=mm&r=g","contentUrl":"https:\/\/secure.gravatar.com\/avatar\/4c29ceac98541dd42460b2474aaa5dd37594d6ce6cb3cf2c101d09b48ee287ba?s=96&d=mm&r=g","caption":"Diario del Sur Digital"},"url":"https:\/\/diariodelsurdigital.com.ar\/?author=2"}]}},"_links":{"self":[{"href":"https:\/\/diariodelsurdigital.com.ar\/index.php?rest_route=\/wp\/v2\/posts\/5552","targetHints":{"allow":["GET"]}}],"collection":[{"href":"https:\/\/diariodelsurdigital.com.ar\/index.php?rest_route=\/wp\/v2\/posts"}],"about":[{"href":"https:\/\/diariodelsurdigital.com.ar\/index.php?rest_route=\/wp\/v2\/types\/post"}],"author":[{"embeddable":true,"href":"https:\/\/diariodelsurdigital.com.ar\/index.php?rest_route=\/wp\/v2\/users\/2"}],"replies":[{"embeddable":true,"href":"https:\/\/diariodelsurdigital.com.ar\/index.php?rest_route=%2Fwp%2Fv2%2Fcomments&post=5552"}],"version-history":[{"count":1,"href":"https:\/\/diariodelsurdigital.com.ar\/index.php?rest_route=\/wp\/v2\/posts\/5552\/revisions"}],"predecessor-version":[{"id":5554,"href":"https:\/\/diariodelsurdigital.com.ar\/index.php?rest_route=\/wp\/v2\/posts\/5552\/revisions\/5554"}],"wp:featuredmedia":[{"embeddable":true,"href":"https:\/\/diariodelsurdigital.com.ar\/index.php?rest_route=\/wp\/v2\/media\/5553"}],"wp:attachment":[{"href":"https:\/\/diariodelsurdigital.com.ar\/index.php?rest_route=%2Fwp%2Fv2%2Fmedia&parent=5552"}],"wp:term":[{"taxonomy":"category","embeddable":true,"href":"https:\/\/diariodelsurdigital.com.ar\/index.php?rest_route=%2Fwp%2Fv2%2Fcategories&post=5552"},{"taxonomy":"post_tag","embeddable":true,"href":"https:\/\/diariodelsurdigital.com.ar\/index.php?rest_route=%2Fwp%2Fv2%2Ftags&post=5552"}],"curies":[{"name":"wp","href":"https:\/\/api.w.org\/{rel}","templated":true}]}}