{"id":5555,"date":"2025-11-06T10:42:04","date_gmt":"2025-11-06T13:42:04","guid":{"rendered":"https:\/\/diariodelsurdigital.com.ar\/?p=5555"},"modified":"2025-11-06T10:42:05","modified_gmt":"2025-11-06T13:42:05","slug":"claudia-sheinbaum-denuncia-al-hombre-que-la-acoso-si-se-lo-hacen-a-la-presidenta-que-va-a-pasar-con-todas-las-mujeres-en-el-pais","status":"publish","type":"post","link":"https:\/\/diariodelsurdigital.com.ar\/?p=5555","title":{"rendered":"Claudia Sheinbaum denuncia al hombre que la acos\u00f3: \u201cSi se lo hacen a la presidenta, \u00bfqu\u00e9 va a pasar con todas las mujeres en el pa\u00eds?\u201d"},"content":{"rendered":"\n<p>La mandataria confirma que hay un detenido y recalca: \u201cNadie debe vulnerar nuestro espacio personal\u201d.<\/p>\n\n\n\n<p><\/p>\n\n\n\n<p>La presidenta de M\u00e9xico, Claudia Sheinbaum, ha informado en su conferencia diaria de este mi\u00e9rcoles que ha interpuesto una denuncia en contra del hombre que se le acerc\u00f3 en la calle y la acos\u00f3 ante una multitud at\u00f3nita y decenas de c\u00e1maras que grabaron el momento. \u201cDecid\u00ed levantar denuncia, porque esto es algo que viv\u00ed como mujer, pero que lo vivimos todas las mujeres en nuestro pa\u00eds. Lo he vivido antes, cuando no era presidenta [\u2026]. Es un delito en la Ciudad de M\u00e9xico. Si no presento yo denuncia, \u00bfen qu\u00e9 condici\u00f3n se quedan todas las mujeres mexicanas? Si esto le hacen a la presidenta, \u00bfqu\u00e9 va a pasar con todas las otras mujeres en el pa\u00eds?\u201d, dijo.<\/p>\n\n\n\n<p>La mandataria confirm\u00f3 que el hombre \u2014que estaba alcoholizado\u2014 ya se encuentra detenido por las autoridades de la capital mexicana. \u201cEs algo que no debe ocurrir, y no lo digo como presidenta, sino como mujer, nadie debe vulnerar nuestro espacio personal\u201d, ha reiterado Sheinbaum.<\/p>\n\n\n\n<p>Unas horas m\u00e1s tarde, la Secretar\u00eda de Seguridad Ciudadana (SSC) de Ciudad de M\u00e9xico inform\u00f3 la detenci\u00f3n de un hombre de 33 a\u00f1os, quien es el probable responsable de acosar a la mandataria \u2014y a otras dos personas\u2014 despu\u00e9s de que la denuncia de otra mujer prendiera las alertas. \u201cFue durante un patrullaje que los oficiales fueron requeridos por una joven de 25 a\u00f1os de edad, quien refiri\u00f3 que un sujeto, al que describi\u00f3, le realiz\u00f3 tocamientos, por lo que la resguardaron e implementaron un dispositivo de b\u00fasqueda en el sitio\u201d, dijeron en una tarjeta informativa.<\/p>\n\n\n\n<p>La presidenta tambi\u00e9n adelant\u00f3 que junto con la secretaria de las Mujeres, Citlalli Hern\u00e1ndez, revisar\u00e1 en qu\u00e9 entidades del pa\u00eds este tipo de agresiones \u2014el acoso callejero\u2014 no es considerado un delito para poder equipararlo con la capital, pues en Ciudad de M\u00e9xico estas conductas son sancionadas con hasta cuatro a\u00f1os de prisi\u00f3n, adem\u00e1s de multas y la posibilidad de poner en marcha \u00f3rdenes de restricci\u00f3n.<\/p>\n\n\n\n<p>Antes de ser cuestionada por el tema, Sheinbaum se ha adelantado y ha descrito el episodio del que fue v\u00edctima este martes. Caminando por el centro hist\u00f3rico de la capital, fue abordada por un hombre que la toc\u00f3 de forma indebida y que intent\u00f3 besarla sin su consentimiento.<\/p>\n\n\n\n<p>La mandataria ha comenzado \u2014como sucede en otros casos de mujeres que han sido violentadas\u2014, explicando las razones por las que decidi\u00f3 caminar y no usar su veh\u00edculo: \u201c\u00bfPor qu\u00e9 me fui caminando? Porque es m\u00e1s corto. Se nos hab\u00eda hecho tarde, si sal\u00edamos en auto \u00edbamos a llegar 20 minutos despu\u00e9s\u201d, precis\u00f3.<\/p>\n\n\n\n<p>Adem\u00e1s, ha declarado que ella no fue consciente de lo que estaba pasando hasta que vio las im\u00e1genes del momento en el que el hombre se le acerc\u00f3: \u201cNo me di cuenta de inmediato. Hasta que vi los videos, es cuando me doy cuenta de lo que realmente ocurri\u00f3\u201d, dijo.<\/p>\n\n\n\n<p>En un comunicado hecho p\u00fablico durante la noche de este martes, la secretaria Hern\u00e1ndez conden\u00f3 el episodio y llam\u00f3 a no normalizar este tipo de acciones. \u201cLa cercan\u00eda de la presidenta con el pueblo de M\u00e9xico no puede interpretarse como una ocasi\u00f3n para invadir su espacio personal ni para cometer ning\u00fan tipo de contacto f\u00edsico sin consentimiento. Es fundamental que los hombres comprendan que este tipo de hechos no solo violentan a las mujeres, sino que adem\u00e1s son un delito\u201d, dijo.<\/p>\n\n\n\n<p>Sobre las cr\u00edticas en torno a su seguridad, Sheinbaum refrend\u00f3 que continuar\u00e1 con la cercan\u00eda que ha defendido desde el inicio de su Gobierno: \u201cNosotros no vamos a cambiar la manera en la que somos, no podemos estar lejos de la gente, eso ser\u00eda negar de d\u00f3nde venimos y como somos. Y hasta ahora, nuestros compa\u00f1eros de Ayudant\u00eda, nos van a seguir apoyando\u201d.<\/p>\n\n\n\n<p>Al igual que el expresidente Andr\u00e9s Manuel L\u00f3pez Obrador, Sheinbaum renunci\u00f3 a tener un Estado Mayor Presidencial (un grupo de \u00e9lite del ej\u00e9rcito encargado exclusivamente de la seguridad de los presidentes y de sus familias). Y en su lugar se rodea de los integrantes de la Direcci\u00f3n General de Ayudant\u00eda \u2014un equipo de personas que la acompa\u00f1an en sus actividades diarias\u2014.<\/p>\n\n\n\n<p>La mandataria tambi\u00e9n ha denunciado p\u00fablicamente el uso de las im\u00e1genes del momento del acoso, que ha sufrido por parte de los medios de comunicaci\u00f3n. Y aunque ha aclarado que no interpondr\u00e1 medidas legales contra ning\u00fan medio, s\u00ed ha condenado la revictimizaci\u00f3n que se ha hecho de su persona a trav\u00e9s de la repetici\u00f3n y la divulgaci\u00f3n de su imagen. \u201cAprovecho para decir que hay cosas que tienen l\u00edmites [\u2026] el poner la fotograf\u00eda, eso ya rebasa todo. Es un asunto de calidad humana, est\u00e1 fuera de toda \u00e9tica y de toda moralidad. Pero adem\u00e1s, si uno lo cataloga, puede entrar incluso la Ley Olimpia o la revictimizaci\u00f3n\u201d, dijo, public\u00f3 El Pa\u00eds.<\/p>\n","protected":false},"excerpt":{"rendered":"<p>La mandataria confirma que hay un detenido y recalca: \u201cNadie debe vulnerar nuestro espacio personal\u201d. La presidenta de M\u00e9xico, Claudia Sheinbaum, ha informado en su conferencia diaria de este mi\u00e9rcoles que ha interpuesto una denuncia en contra del hombre que se le acerc\u00f3 en la calle y la acos\u00f3 ante una multitud at\u00f3nita y decenas [&hellip;]<\/p>\n","protected":false},"author":4,"featured_media":5556,"comment_status":"open","ping_status":"open","sticky":false,"template":"","format":"standard","meta":{"footnotes":""},"categories":[20,22],"tags":[],"class_list":{"0":"post-5555","1":"post","2":"type-post","3":"status-publish","4":"format-standard","5":"has-post-thumbnail","7":"category-internacionales","8":"category-politica"},"yoast_head":"<!-- This site is optimized with the Yoast SEO plugin v27.4 - https:\/\/yoast.com\/product\/yoast-seo-wordpress\/ -->\n<title>Claudia Sheinbaum denuncia al hombre que la acos\u00f3: \u201cSi se lo hacen a la presidenta, \u00bfqu\u00e9 va a pasar con todas las mujeres en el pa\u00eds?\u201d - Diario del Sur<\/title>\n<meta name=\"robots\" content=\"index, follow, max-snippet:-1, max-image-preview:large, max-video-preview:-1\" \/>\n<link rel=\"canonical\" href=\"https:\/\/diariodelsurdigital.com.ar\/?p=5555\" \/>\n<meta property=\"og:locale\" content=\"es_ES\" \/>\n<meta property=\"og:type\" content=\"article\" \/>\n<meta property=\"og:title\" content=\"Claudia Sheinbaum denuncia al hombre que la acos\u00f3: \u201cSi se lo hacen a la presidenta, \u00bfqu\u00e9 va a pasar con todas las mujeres en el pa\u00eds?\u201d - Diario del Sur\" \/>\n<meta property=\"og:description\" content=\"La mandataria confirma que hay un detenido y recalca: \u201cNadie debe vulnerar nuestro espacio personal\u201d. La presidenta de M\u00e9xico, Claudia Sheinbaum, ha informado en su conferencia diaria de este mi\u00e9rcoles que ha interpuesto una denuncia en contra del hombre que se le acerc\u00f3 en la calle y la acos\u00f3 ante una multitud at\u00f3nita y decenas [&hellip;]\" \/>\n<meta property=\"og:url\" content=\"https:\/\/diariodelsurdigital.com.ar\/?p=5555\" \/>\n<meta property=\"og:site_name\" content=\"Diario del Sur\" \/>\n<meta property=\"article:published_time\" content=\"2025-11-06T13:42:04+00:00\" \/>\n<meta property=\"article:modified_time\" content=\"2025-11-06T13:42:05+00:00\" \/>\n<meta property=\"og:image\" content=\"https:\/\/diariodelsurdigital.com.ar\/wp-content\/uploads\/2025\/11\/md-19.webp\" \/>\n\t<meta property=\"og:image:width\" content=\"992\" \/>\n\t<meta property=\"og:image:height\" content=\"558\" \/>\n\t<meta property=\"og:image:type\" content=\"image\/webp\" \/>\n<meta name=\"author\" content=\"Diario del Sur Digital\" \/>\n<meta name=\"twitter:card\" content=\"summary_large_image\" \/>\n<meta name=\"twitter:label1\" content=\"Escrito por\" \/>\n\t<meta name=\"twitter:data1\" content=\"Diario del Sur Digital\" \/>\n\t<meta name=\"twitter:label2\" content=\"Tiempo de lectura\" \/>\n\t<meta name=\"twitter:data2\" content=\"4 minutos\" \/>\n<script type=\"application\/ld+json\" class=\"yoast-schema-graph\">{\"@context\":\"https:\\\/\\\/schema.org\",\"@graph\":[{\"@type\":\"Article\",\"@id\":\"https:\\\/\\\/diariodelsurdigital.com.ar\\\/?p=5555#article\",\"isPartOf\":{\"@id\":\"https:\\\/\\\/diariodelsurdigital.com.ar\\\/?p=5555\"},\"author\":{\"name\":\"Diario del Sur Digital\",\"@id\":\"https:\\\/\\\/diariodelsurdigital.com.ar\\\/#\\\/schema\\\/person\\\/1a4992532ed62965c968031b49195c81\"},\"headline\":\"Claudia Sheinbaum denuncia al hombre que la acos\u00f3: \u201cSi se lo hacen a la presidenta, \u00bfqu\u00e9 va a pasar con todas las mujeres en el pa\u00eds?\u201d\",\"datePublished\":\"2025-11-06T13:42:04+00:00\",\"dateModified\":\"2025-11-06T13:42:05+00:00\",\"mainEntityOfPage\":{\"@id\":\"https:\\\/\\\/diariodelsurdigital.com.ar\\\/?p=5555\"},\"wordCount\":896,\"commentCount\":0,\"image\":{\"@id\":\"https:\\\/\\\/diariodelsurdigital.com.ar\\\/?p=5555#primaryimage\"},\"thumbnailUrl\":\"https:\\\/\\\/diariodelsurdigital.com.ar\\\/wp-content\\\/uploads\\\/2025\\\/11\\\/md-19.webp\",\"articleSection\":[\"Internacionales\",\"Pol\u00edtica\"],\"inLanguage\":\"es\",\"potentialAction\":[{\"@type\":\"CommentAction\",\"name\":\"Comment\",\"target\":[\"https:\\\/\\\/diariodelsurdigital.com.ar\\\/?p=5555#respond\"]}]},{\"@type\":\"WebPage\",\"@id\":\"https:\\\/\\\/diariodelsurdigital.com.ar\\\/?p=5555\",\"url\":\"https:\\\/\\\/diariodelsurdigital.com.ar\\\/?p=5555\",\"name\":\"Claudia Sheinbaum denuncia al hombre que la acos\u00f3: \u201cSi se lo hacen a la presidenta, \u00bfqu\u00e9 va a pasar con todas las mujeres en el pa\u00eds?\u201d - Diario del Sur\",\"isPartOf\":{\"@id\":\"https:\\\/\\\/diariodelsurdigital.com.ar\\\/#website\"},\"primaryImageOfPage\":{\"@id\":\"https:\\\/\\\/diariodelsurdigital.com.ar\\\/?p=5555#primaryimage\"},\"image\":{\"@id\":\"https:\\\/\\\/diariodelsurdigital.com.ar\\\/?p=5555#primaryimage\"},\"thumbnailUrl\":\"https:\\\/\\\/diariodelsurdigital.com.ar\\\/wp-content\\\/uploads\\\/2025\\\/11\\\/md-19.webp\",\"datePublished\":\"2025-11-06T13:42:04+00:00\",\"dateModified\":\"2025-11-06T13:42:05+00:00\",\"author\":{\"@id\":\"https:\\\/\\\/diariodelsurdigital.com.ar\\\/#\\\/schema\\\/person\\\/1a4992532ed62965c968031b49195c81\"},\"breadcrumb\":{\"@id\":\"https:\\\/\\\/diariodelsurdigital.com.ar\\\/?p=5555#breadcrumb\"},\"inLanguage\":\"es\",\"potentialAction\":[{\"@type\":\"ReadAction\",\"target\":[\"https:\\\/\\\/diariodelsurdigital.com.ar\\\/?p=5555\"]}]},{\"@type\":\"ImageObject\",\"inLanguage\":\"es\",\"@id\":\"https:\\\/\\\/diariodelsurdigital.com.ar\\\/?p=5555#primaryimage\",\"url\":\"https:\\\/\\\/diariodelsurdigital.com.ar\\\/wp-content\\\/uploads\\\/2025\\\/11\\\/md-19.webp\",\"contentUrl\":\"https:\\\/\\\/diariodelsurdigital.com.ar\\\/wp-content\\\/uploads\\\/2025\\\/11\\\/md-19.webp\",\"width\":992,\"height\":558},{\"@type\":\"BreadcrumbList\",\"@id\":\"https:\\\/\\\/diariodelsurdigital.com.ar\\\/?p=5555#breadcrumb\",\"itemListElement\":[{\"@type\":\"ListItem\",\"position\":1,\"name\":\"Portada\",\"item\":\"https:\\\/\\\/diariodelsurdigital.com.ar\\\/\"},{\"@type\":\"ListItem\",\"position\":2,\"name\":\"Claudia Sheinbaum denuncia al hombre que la acos\u00f3: \u201cSi se lo hacen a la presidenta, \u00bfqu\u00e9 va a pasar con todas las mujeres en el pa\u00eds?\u201d\"}]},{\"@type\":\"WebSite\",\"@id\":\"https:\\\/\\\/diariodelsurdigital.com.ar\\\/#website\",\"url\":\"https:\\\/\\\/diariodelsurdigital.com.ar\\\/\",\"name\":\"Diario del Sur\",\"description\":\"Digital\",\"potentialAction\":[{\"@type\":\"SearchAction\",\"target\":{\"@type\":\"EntryPoint\",\"urlTemplate\":\"https:\\\/\\\/diariodelsurdigital.com.ar\\\/?s={search_term_string}\"},\"query-input\":{\"@type\":\"PropertyValueSpecification\",\"valueRequired\":true,\"valueName\":\"search_term_string\"}}],\"inLanguage\":\"es\"},{\"@type\":\"Person\",\"@id\":\"https:\\\/\\\/diariodelsurdigital.com.ar\\\/#\\\/schema\\\/person\\\/1a4992532ed62965c968031b49195c81\",\"name\":\"Diario del Sur Digital\",\"image\":{\"@type\":\"ImageObject\",\"inLanguage\":\"es\",\"@id\":\"https:\\\/\\\/secure.gravatar.com\\\/avatar\\\/f0c7c47fc7146d19828273b9b8eda651c9c7ab583767e6338d3d3bee825adf76?s=96&d=mm&r=g\",\"url\":\"https:\\\/\\\/secure.gravatar.com\\\/avatar\\\/f0c7c47fc7146d19828273b9b8eda651c9c7ab583767e6338d3d3bee825adf76?s=96&d=mm&r=g\",\"contentUrl\":\"https:\\\/\\\/secure.gravatar.com\\\/avatar\\\/f0c7c47fc7146d19828273b9b8eda651c9c7ab583767e6338d3d3bee825adf76?s=96&d=mm&r=g\",\"caption\":\"Diario del Sur Digital\"},\"url\":\"https:\\\/\\\/diariodelsurdigital.com.ar\\\/?author=4\"}]}<\/script>\n<!-- \/ Yoast SEO plugin. -->","yoast_head_json":{"title":"Claudia Sheinbaum denuncia al hombre que la acos\u00f3: \u201cSi se lo hacen a la presidenta, \u00bfqu\u00e9 va a pasar con todas las mujeres en el pa\u00eds?\u201d - Diario del Sur","robots":{"index":"index","follow":"follow","max-snippet":"max-snippet:-1","max-image-preview":"max-image-preview:large","max-video-preview":"max-video-preview:-1"},"canonical":"https:\/\/diariodelsurdigital.com.ar\/?p=5555","og_locale":"es_ES","og_type":"article","og_title":"Claudia Sheinbaum denuncia al hombre que la acos\u00f3: \u201cSi se lo hacen a la presidenta, \u00bfqu\u00e9 va a pasar con todas las mujeres en el pa\u00eds?\u201d - Diario del Sur","og_description":"La mandataria confirma que hay un detenido y recalca: \u201cNadie debe vulnerar nuestro espacio personal\u201d. La presidenta de M\u00e9xico, Claudia Sheinbaum, ha informado en su conferencia diaria de este mi\u00e9rcoles que ha interpuesto una denuncia en contra del hombre que se le acerc\u00f3 en la calle y la acos\u00f3 ante una multitud at\u00f3nita y decenas [&hellip;]","og_url":"https:\/\/diariodelsurdigital.com.ar\/?p=5555","og_site_name":"Diario del Sur","article_published_time":"2025-11-06T13:42:04+00:00","article_modified_time":"2025-11-06T13:42:05+00:00","og_image":[{"width":992,"height":558,"url":"https:\/\/diariodelsurdigital.com.ar\/wp-content\/uploads\/2025\/11\/md-19.webp","type":"image\/webp"}],"author":"Diario del Sur Digital","twitter_card":"summary_large_image","twitter_misc":{"Escrito por":"Diario del Sur Digital","Tiempo de lectura":"4 minutos"},"schema":{"@context":"https:\/\/schema.org","@graph":[{"@type":"Article","@id":"https:\/\/diariodelsurdigital.com.ar\/?p=5555#article","isPartOf":{"@id":"https:\/\/diariodelsurdigital.com.ar\/?p=5555"},"author":{"name":"Diario del Sur Digital","@id":"https:\/\/diariodelsurdigital.com.ar\/#\/schema\/person\/1a4992532ed62965c968031b49195c81"},"headline":"Claudia Sheinbaum denuncia al hombre que la acos\u00f3: \u201cSi se lo hacen a la presidenta, \u00bfqu\u00e9 va a pasar con todas las mujeres en el pa\u00eds?\u201d","datePublished":"2025-11-06T13:42:04+00:00","dateModified":"2025-11-06T13:42:05+00:00","mainEntityOfPage":{"@id":"https:\/\/diariodelsurdigital.com.ar\/?p=5555"},"wordCount":896,"commentCount":0,"image":{"@id":"https:\/\/diariodelsurdigital.com.ar\/?p=5555#primaryimage"},"thumbnailUrl":"https:\/\/diariodelsurdigital.com.ar\/wp-content\/uploads\/2025\/11\/md-19.webp","articleSection":["Internacionales","Pol\u00edtica"],"inLanguage":"es","potentialAction":[{"@type":"CommentAction","name":"Comment","target":["https:\/\/diariodelsurdigital.com.ar\/?p=5555#respond"]}]},{"@type":"WebPage","@id":"https:\/\/diariodelsurdigital.com.ar\/?p=5555","url":"https:\/\/diariodelsurdigital.com.ar\/?p=5555","name":"Claudia Sheinbaum denuncia al hombre que la acos\u00f3: \u201cSi se lo hacen a la presidenta, \u00bfqu\u00e9 va a pasar con todas las mujeres en el pa\u00eds?\u201d - Diario del Sur","isPartOf":{"@id":"https:\/\/diariodelsurdigital.com.ar\/#website"},"primaryImageOfPage":{"@id":"https:\/\/diariodelsurdigital.com.ar\/?p=5555#primaryimage"},"image":{"@id":"https:\/\/diariodelsurdigital.com.ar\/?p=5555#primaryimage"},"thumbnailUrl":"https:\/\/diariodelsurdigital.com.ar\/wp-content\/uploads\/2025\/11\/md-19.webp","datePublished":"2025-11-06T13:42:04+00:00","dateModified":"2025-11-06T13:42:05+00:00","author":{"@id":"https:\/\/diariodelsurdigital.com.ar\/#\/schema\/person\/1a4992532ed62965c968031b49195c81"},"breadcrumb":{"@id":"https:\/\/diariodelsurdigital.com.ar\/?p=5555#breadcrumb"},"inLanguage":"es","potentialAction":[{"@type":"ReadAction","target":["https:\/\/diariodelsurdigital.com.ar\/?p=5555"]}]},{"@type":"ImageObject","inLanguage":"es","@id":"https:\/\/diariodelsurdigital.com.ar\/?p=5555#primaryimage","url":"https:\/\/diariodelsurdigital.com.ar\/wp-content\/uploads\/2025\/11\/md-19.webp","contentUrl":"https:\/\/diariodelsurdigital.com.ar\/wp-content\/uploads\/2025\/11\/md-19.webp","width":992,"height":558},{"@type":"BreadcrumbList","@id":"https:\/\/diariodelsurdigital.com.ar\/?p=5555#breadcrumb","itemListElement":[{"@type":"ListItem","position":1,"name":"Portada","item":"https:\/\/diariodelsurdigital.com.ar\/"},{"@type":"ListItem","position":2,"name":"Claudia Sheinbaum denuncia al hombre que la acos\u00f3: \u201cSi se lo hacen a la presidenta, \u00bfqu\u00e9 va a pasar con todas las mujeres en el pa\u00eds?\u201d"}]},{"@type":"WebSite","@id":"https:\/\/diariodelsurdigital.com.ar\/#website","url":"https:\/\/diariodelsurdigital.com.ar\/","name":"Diario del Sur","description":"Digital","potentialAction":[{"@type":"SearchAction","target":{"@type":"EntryPoint","urlTemplate":"https:\/\/diariodelsurdigital.com.ar\/?s={search_term_string}"},"query-input":{"@type":"PropertyValueSpecification","valueRequired":true,"valueName":"search_term_string"}}],"inLanguage":"es"},{"@type":"Person","@id":"https:\/\/diariodelsurdigital.com.ar\/#\/schema\/person\/1a4992532ed62965c968031b49195c81","name":"Diario del Sur Digital","image":{"@type":"ImageObject","inLanguage":"es","@id":"https:\/\/secure.gravatar.com\/avatar\/f0c7c47fc7146d19828273b9b8eda651c9c7ab583767e6338d3d3bee825adf76?s=96&d=mm&r=g","url":"https:\/\/secure.gravatar.com\/avatar\/f0c7c47fc7146d19828273b9b8eda651c9c7ab583767e6338d3d3bee825adf76?s=96&d=mm&r=g","contentUrl":"https:\/\/secure.gravatar.com\/avatar\/f0c7c47fc7146d19828273b9b8eda651c9c7ab583767e6338d3d3bee825adf76?s=96&d=mm&r=g","caption":"Diario del Sur Digital"},"url":"https:\/\/diariodelsurdigital.com.ar\/?author=4"}]}},"_links":{"self":[{"href":"https:\/\/diariodelsurdigital.com.ar\/index.php?rest_route=\/wp\/v2\/posts\/5555","targetHints":{"allow":["GET"]}}],"collection":[{"href":"https:\/\/diariodelsurdigital.com.ar\/index.php?rest_route=\/wp\/v2\/posts"}],"about":[{"href":"https:\/\/diariodelsurdigital.com.ar\/index.php?rest_route=\/wp\/v2\/types\/post"}],"author":[{"embeddable":true,"href":"https:\/\/diariodelsurdigital.com.ar\/index.php?rest_route=\/wp\/v2\/users\/4"}],"replies":[{"embeddable":true,"href":"https:\/\/diariodelsurdigital.com.ar\/index.php?rest_route=%2Fwp%2Fv2%2Fcomments&post=5555"}],"version-history":[{"count":1,"href":"https:\/\/diariodelsurdigital.com.ar\/index.php?rest_route=\/wp\/v2\/posts\/5555\/revisions"}],"predecessor-version":[{"id":5557,"href":"https:\/\/diariodelsurdigital.com.ar\/index.php?rest_route=\/wp\/v2\/posts\/5555\/revisions\/5557"}],"wp:featuredmedia":[{"embeddable":true,"href":"https:\/\/diariodelsurdigital.com.ar\/index.php?rest_route=\/wp\/v2\/media\/5556"}],"wp:attachment":[{"href":"https:\/\/diariodelsurdigital.com.ar\/index.php?rest_route=%2Fwp%2Fv2%2Fmedia&parent=5555"}],"wp:term":[{"taxonomy":"category","embeddable":true,"href":"https:\/\/diariodelsurdigital.com.ar\/index.php?rest_route=%2Fwp%2Fv2%2Fcategories&post=5555"},{"taxonomy":"post_tag","embeddable":true,"href":"https:\/\/diariodelsurdigital.com.ar\/index.php?rest_route=%2Fwp%2Fv2%2Ftags&post=5555"}],"curies":[{"name":"wp","href":"https:\/\/api.w.org\/{rel}","templated":true}]}}