{"id":5562,"date":"2025-11-06T10:50:20","date_gmt":"2025-11-06T13:50:20","guid":{"rendered":"https:\/\/diariodelsurdigital.com.ar\/?p=5562"},"modified":"2025-11-06T10:50:21","modified_gmt":"2025-11-06T13:50:21","slug":"amet-se-reunio-con-benedetti-y-le-planteo-preocupacion-ante-el-posible-desfinanciamiento-de-la-educacion-tecnica","status":"publish","type":"post","link":"https:\/\/diariodelsurdigital.com.ar\/?p=5562","title":{"rendered":"AMET se reuni\u00f3 con Benedetti y le plante\u00f3 preocupaci\u00f3n ante el posible desfinanciamiento de la educaci\u00f3n t\u00e9cnica"},"content":{"rendered":"\n<p>Una delegaci\u00f3n de la Asociaci\u00f3n del Magisterio de Ense\u00f1anza T\u00e9cnica (AMET) mantuvo una importante reuni\u00f3n institucional en el Congreso de la Naci\u00f3n con el diputado nacional Atilio Benedetti (UCR-Entre R\u00edos). Los gremialistas le manifestaron su preocupaci\u00f3n ante la posible eliminaci\u00f3n de fondos para las escuelas de Educaci\u00f3n T\u00e9cnico Profesional (ETP).<\/p>\n\n\n\n<p>\u201cEsta gesti\u00f3n se enmarca en lo resuelto en el XXVI Encuentro Nacional de Docentes de la Educaci\u00f3n T\u00e9cnico Profesional realizado en septiembre en Catamarca, as\u00ed como en el Congreso Extraordinario del 28 de octubre en Entre R\u00edos, donde se mandat\u00f3 a la Comisi\u00f3n Directiva a \u201cavanzar con la solicitud de audiencias al Gobernador y a todos los legisladores nacionales por Entre R\u00edos, tanto en ejercicio como electos, con el fin de explicar y poner en conocimiento las consecuencias que tendr\u00eda para el sistema educativo t\u00e9cnico de todo el pa\u00eds la eventual eliminaci\u00f3n de los fondos espec\u00edficos para la ETP\u201d.<\/p>\n\n\n\n<p>La comitiva estuvo integrada por el Secretario General de AMET CABA, Prof. Edgardo Tomaselli; el Secretario General y el Secretario Adjunto de AMET Provincia de Buenos Aires, Prof. Ariel Guede y Prof. Claudio Zapata; y el Secretario de Prensa de AMET Entre R\u00edos, Prof. Carlos Fontana.<\/p>\n\n\n\n<p>El encuentro se desarroll\u00f3 a partir de las 17 hs en el 5\u00b0 piso del Anexo del Congreso y cont\u00f3 con la participaci\u00f3n del Diputado Nacional por Entre R\u00edos Atilio Benedetti como anfitri\u00f3n, acompa\u00f1ado por parte de su equipo t\u00e9cnico.<\/p>\n\n\n\n<p>Durante la reuni\u00f3n, se expusieron las preocupaciones del sector ante la posible derogaci\u00f3n del art\u00edculo 52 de la Ley de Educaci\u00f3n T\u00e9cnico Profesional, subrayando la importancia estrat\u00e9gica de garantizar el financiamiento para el sostenimiento y desarrollo de la modalidad en todo el pa\u00eds. En ese marco, se destac\u00f3 que defender los fondos es defender la Educaci\u00f3n T\u00e9cnico Profesional.<\/p>\n\n\n\n<p>En el transcurso del di\u00e1logo, el Diputado Benedetti invit\u00f3 a sumarse al Diputado Nacional por Mendoza, Miguel Lisandro Nieri, integrante de la Comisi\u00f3n de Presupuesto.<\/p>\n","protected":false},"excerpt":{"rendered":"<p>Una delegaci\u00f3n de la Asociaci\u00f3n del Magisterio de Ense\u00f1anza T\u00e9cnica (AMET) mantuvo una importante reuni\u00f3n institucional en el Congreso de la Naci\u00f3n con el diputado nacional Atilio Benedetti (UCR-Entre R\u00edos). Los gremialistas le manifestaron su preocupaci\u00f3n ante la posible eliminaci\u00f3n de fondos para las escuelas de Educaci\u00f3n T\u00e9cnico Profesional (ETP). \u201cEsta gesti\u00f3n se enmarca en [&hellip;]<\/p>\n","protected":false},"author":4,"featured_media":5563,"comment_status":"open","ping_status":"open","sticky":false,"template":"","format":"standard","meta":{"footnotes":""},"categories":[19,17],"tags":[],"class_list":{"0":"post-5562","1":"post","2":"type-post","3":"status-publish","4":"format-standard","5":"has-post-thumbnail","7":"category-interes-general","8":"category-provinciales"},"yoast_head":"<!-- This site is optimized with the Yoast SEO plugin v27.4 - https:\/\/yoast.com\/product\/yoast-seo-wordpress\/ -->\n<title>AMET se reuni\u00f3 con Benedetti y le plante\u00f3 preocupaci\u00f3n ante el posible desfinanciamiento de la educaci\u00f3n t\u00e9cnica - Diario del Sur<\/title>\n<meta name=\"robots\" content=\"index, follow, max-snippet:-1, max-image-preview:large, max-video-preview:-1\" \/>\n<link rel=\"canonical\" href=\"https:\/\/diariodelsurdigital.com.ar\/?p=5562\" \/>\n<meta property=\"og:locale\" content=\"es_ES\" \/>\n<meta property=\"og:type\" content=\"article\" \/>\n<meta property=\"og:title\" content=\"AMET se reuni\u00f3 con Benedetti y le plante\u00f3 preocupaci\u00f3n ante el posible desfinanciamiento de la educaci\u00f3n t\u00e9cnica - Diario del Sur\" \/>\n<meta property=\"og:description\" content=\"Una delegaci\u00f3n de la Asociaci\u00f3n del Magisterio de Ense\u00f1anza T\u00e9cnica (AMET) mantuvo una importante reuni\u00f3n institucional en el Congreso de la Naci\u00f3n con el diputado nacional Atilio Benedetti (UCR-Entre R\u00edos). Los gremialistas le manifestaron su preocupaci\u00f3n ante la posible eliminaci\u00f3n de fondos para las escuelas de Educaci\u00f3n T\u00e9cnico Profesional (ETP). \u201cEsta gesti\u00f3n se enmarca en [&hellip;]\" \/>\n<meta property=\"og:url\" content=\"https:\/\/diariodelsurdigital.com.ar\/?p=5562\" \/>\n<meta property=\"og:site_name\" content=\"Diario del Sur\" \/>\n<meta property=\"article:published_time\" content=\"2025-11-06T13:50:20+00:00\" \/>\n<meta property=\"article:modified_time\" content=\"2025-11-06T13:50:21+00:00\" \/>\n<meta property=\"og:image\" content=\"https:\/\/diariodelsurdigital.com.ar\/wp-content\/uploads\/2025\/11\/md-21.webp\" \/>\n\t<meta property=\"og:image:width\" content=\"992\" \/>\n\t<meta property=\"og:image:height\" content=\"887\" \/>\n\t<meta property=\"og:image:type\" content=\"image\/webp\" \/>\n<meta name=\"author\" content=\"Diario del Sur Digital\" \/>\n<meta name=\"twitter:card\" content=\"summary_large_image\" \/>\n<meta name=\"twitter:label1\" content=\"Escrito por\" \/>\n\t<meta name=\"twitter:data1\" content=\"Diario del Sur Digital\" \/>\n\t<meta name=\"twitter:label2\" content=\"Tiempo de lectura\" \/>\n\t<meta name=\"twitter:data2\" content=\"2 minutos\" \/>\n<script type=\"application\/ld+json\" class=\"yoast-schema-graph\">{\"@context\":\"https:\\\/\\\/schema.org\",\"@graph\":[{\"@type\":\"Article\",\"@id\":\"https:\\\/\\\/diariodelsurdigital.com.ar\\\/?p=5562#article\",\"isPartOf\":{\"@id\":\"https:\\\/\\\/diariodelsurdigital.com.ar\\\/?p=5562\"},\"author\":{\"name\":\"Diario del Sur Digital\",\"@id\":\"https:\\\/\\\/diariodelsurdigital.com.ar\\\/#\\\/schema\\\/person\\\/1a4992532ed62965c968031b49195c81\"},\"headline\":\"AMET se reuni\u00f3 con Benedetti y le plante\u00f3 preocupaci\u00f3n ante el posible desfinanciamiento de la educaci\u00f3n t\u00e9cnica\",\"datePublished\":\"2025-11-06T13:50:20+00:00\",\"dateModified\":\"2025-11-06T13:50:21+00:00\",\"mainEntityOfPage\":{\"@id\":\"https:\\\/\\\/diariodelsurdigital.com.ar\\\/?p=5562\"},\"wordCount\":373,\"commentCount\":0,\"image\":{\"@id\":\"https:\\\/\\\/diariodelsurdigital.com.ar\\\/?p=5562#primaryimage\"},\"thumbnailUrl\":\"https:\\\/\\\/diariodelsurdigital.com.ar\\\/wp-content\\\/uploads\\\/2025\\\/11\\\/md-21.webp\",\"articleSection\":[\"Inter\u00e9s General\",\"Provinciales\"],\"inLanguage\":\"es\",\"potentialAction\":[{\"@type\":\"CommentAction\",\"name\":\"Comment\",\"target\":[\"https:\\\/\\\/diariodelsurdigital.com.ar\\\/?p=5562#respond\"]}]},{\"@type\":\"WebPage\",\"@id\":\"https:\\\/\\\/diariodelsurdigital.com.ar\\\/?p=5562\",\"url\":\"https:\\\/\\\/diariodelsurdigital.com.ar\\\/?p=5562\",\"name\":\"AMET se reuni\u00f3 con Benedetti y le plante\u00f3 preocupaci\u00f3n ante el posible desfinanciamiento de la educaci\u00f3n t\u00e9cnica - Diario del Sur\",\"isPartOf\":{\"@id\":\"https:\\\/\\\/diariodelsurdigital.com.ar\\\/#website\"},\"primaryImageOfPage\":{\"@id\":\"https:\\\/\\\/diariodelsurdigital.com.ar\\\/?p=5562#primaryimage\"},\"image\":{\"@id\":\"https:\\\/\\\/diariodelsurdigital.com.ar\\\/?p=5562#primaryimage\"},\"thumbnailUrl\":\"https:\\\/\\\/diariodelsurdigital.com.ar\\\/wp-content\\\/uploads\\\/2025\\\/11\\\/md-21.webp\",\"datePublished\":\"2025-11-06T13:50:20+00:00\",\"dateModified\":\"2025-11-06T13:50:21+00:00\",\"author\":{\"@id\":\"https:\\\/\\\/diariodelsurdigital.com.ar\\\/#\\\/schema\\\/person\\\/1a4992532ed62965c968031b49195c81\"},\"breadcrumb\":{\"@id\":\"https:\\\/\\\/diariodelsurdigital.com.ar\\\/?p=5562#breadcrumb\"},\"inLanguage\":\"es\",\"potentialAction\":[{\"@type\":\"ReadAction\",\"target\":[\"https:\\\/\\\/diariodelsurdigital.com.ar\\\/?p=5562\"]}]},{\"@type\":\"ImageObject\",\"inLanguage\":\"es\",\"@id\":\"https:\\\/\\\/diariodelsurdigital.com.ar\\\/?p=5562#primaryimage\",\"url\":\"https:\\\/\\\/diariodelsurdigital.com.ar\\\/wp-content\\\/uploads\\\/2025\\\/11\\\/md-21.webp\",\"contentUrl\":\"https:\\\/\\\/diariodelsurdigital.com.ar\\\/wp-content\\\/uploads\\\/2025\\\/11\\\/md-21.webp\",\"width\":992,\"height\":887},{\"@type\":\"BreadcrumbList\",\"@id\":\"https:\\\/\\\/diariodelsurdigital.com.ar\\\/?p=5562#breadcrumb\",\"itemListElement\":[{\"@type\":\"ListItem\",\"position\":1,\"name\":\"Portada\",\"item\":\"https:\\\/\\\/diariodelsurdigital.com.ar\\\/\"},{\"@type\":\"ListItem\",\"position\":2,\"name\":\"AMET se reuni\u00f3 con Benedetti y le plante\u00f3 preocupaci\u00f3n ante el posible desfinanciamiento de la educaci\u00f3n t\u00e9cnica\"}]},{\"@type\":\"WebSite\",\"@id\":\"https:\\\/\\\/diariodelsurdigital.com.ar\\\/#website\",\"url\":\"https:\\\/\\\/diariodelsurdigital.com.ar\\\/\",\"name\":\"Diario del Sur\",\"description\":\"Digital\",\"potentialAction\":[{\"@type\":\"SearchAction\",\"target\":{\"@type\":\"EntryPoint\",\"urlTemplate\":\"https:\\\/\\\/diariodelsurdigital.com.ar\\\/?s={search_term_string}\"},\"query-input\":{\"@type\":\"PropertyValueSpecification\",\"valueRequired\":true,\"valueName\":\"search_term_string\"}}],\"inLanguage\":\"es\"},{\"@type\":\"Person\",\"@id\":\"https:\\\/\\\/diariodelsurdigital.com.ar\\\/#\\\/schema\\\/person\\\/1a4992532ed62965c968031b49195c81\",\"name\":\"Diario del Sur Digital\",\"image\":{\"@type\":\"ImageObject\",\"inLanguage\":\"es\",\"@id\":\"https:\\\/\\\/secure.gravatar.com\\\/avatar\\\/f0c7c47fc7146d19828273b9b8eda651c9c7ab583767e6338d3d3bee825adf76?s=96&d=mm&r=g\",\"url\":\"https:\\\/\\\/secure.gravatar.com\\\/avatar\\\/f0c7c47fc7146d19828273b9b8eda651c9c7ab583767e6338d3d3bee825adf76?s=96&d=mm&r=g\",\"contentUrl\":\"https:\\\/\\\/secure.gravatar.com\\\/avatar\\\/f0c7c47fc7146d19828273b9b8eda651c9c7ab583767e6338d3d3bee825adf76?s=96&d=mm&r=g\",\"caption\":\"Diario del Sur Digital\"},\"url\":\"https:\\\/\\\/diariodelsurdigital.com.ar\\\/?author=4\"}]}<\/script>\n<!-- \/ Yoast SEO plugin. -->","yoast_head_json":{"title":"AMET se reuni\u00f3 con Benedetti y le plante\u00f3 preocupaci\u00f3n ante el posible desfinanciamiento de la educaci\u00f3n t\u00e9cnica - Diario del Sur","robots":{"index":"index","follow":"follow","max-snippet":"max-snippet:-1","max-image-preview":"max-image-preview:large","max-video-preview":"max-video-preview:-1"},"canonical":"https:\/\/diariodelsurdigital.com.ar\/?p=5562","og_locale":"es_ES","og_type":"article","og_title":"AMET se reuni\u00f3 con Benedetti y le plante\u00f3 preocupaci\u00f3n ante el posible desfinanciamiento de la educaci\u00f3n t\u00e9cnica - Diario del Sur","og_description":"Una delegaci\u00f3n de la Asociaci\u00f3n del Magisterio de Ense\u00f1anza T\u00e9cnica (AMET) mantuvo una importante reuni\u00f3n institucional en el Congreso de la Naci\u00f3n con el diputado nacional Atilio Benedetti (UCR-Entre R\u00edos). Los gremialistas le manifestaron su preocupaci\u00f3n ante la posible eliminaci\u00f3n de fondos para las escuelas de Educaci\u00f3n T\u00e9cnico Profesional (ETP). \u201cEsta gesti\u00f3n se enmarca en [&hellip;]","og_url":"https:\/\/diariodelsurdigital.com.ar\/?p=5562","og_site_name":"Diario del Sur","article_published_time":"2025-11-06T13:50:20+00:00","article_modified_time":"2025-11-06T13:50:21+00:00","og_image":[{"width":992,"height":887,"url":"https:\/\/diariodelsurdigital.com.ar\/wp-content\/uploads\/2025\/11\/md-21.webp","type":"image\/webp"}],"author":"Diario del Sur Digital","twitter_card":"summary_large_image","twitter_misc":{"Escrito por":"Diario del Sur Digital","Tiempo de lectura":"2 minutos"},"schema":{"@context":"https:\/\/schema.org","@graph":[{"@type":"Article","@id":"https:\/\/diariodelsurdigital.com.ar\/?p=5562#article","isPartOf":{"@id":"https:\/\/diariodelsurdigital.com.ar\/?p=5562"},"author":{"name":"Diario del Sur Digital","@id":"https:\/\/diariodelsurdigital.com.ar\/#\/schema\/person\/1a4992532ed62965c968031b49195c81"},"headline":"AMET se reuni\u00f3 con Benedetti y le plante\u00f3 preocupaci\u00f3n ante el posible desfinanciamiento de la educaci\u00f3n t\u00e9cnica","datePublished":"2025-11-06T13:50:20+00:00","dateModified":"2025-11-06T13:50:21+00:00","mainEntityOfPage":{"@id":"https:\/\/diariodelsurdigital.com.ar\/?p=5562"},"wordCount":373,"commentCount":0,"image":{"@id":"https:\/\/diariodelsurdigital.com.ar\/?p=5562#primaryimage"},"thumbnailUrl":"https:\/\/diariodelsurdigital.com.ar\/wp-content\/uploads\/2025\/11\/md-21.webp","articleSection":["Inter\u00e9s General","Provinciales"],"inLanguage":"es","potentialAction":[{"@type":"CommentAction","name":"Comment","target":["https:\/\/diariodelsurdigital.com.ar\/?p=5562#respond"]}]},{"@type":"WebPage","@id":"https:\/\/diariodelsurdigital.com.ar\/?p=5562","url":"https:\/\/diariodelsurdigital.com.ar\/?p=5562","name":"AMET se reuni\u00f3 con Benedetti y le plante\u00f3 preocupaci\u00f3n ante el posible desfinanciamiento de la educaci\u00f3n t\u00e9cnica - Diario del Sur","isPartOf":{"@id":"https:\/\/diariodelsurdigital.com.ar\/#website"},"primaryImageOfPage":{"@id":"https:\/\/diariodelsurdigital.com.ar\/?p=5562#primaryimage"},"image":{"@id":"https:\/\/diariodelsurdigital.com.ar\/?p=5562#primaryimage"},"thumbnailUrl":"https:\/\/diariodelsurdigital.com.ar\/wp-content\/uploads\/2025\/11\/md-21.webp","datePublished":"2025-11-06T13:50:20+00:00","dateModified":"2025-11-06T13:50:21+00:00","author":{"@id":"https:\/\/diariodelsurdigital.com.ar\/#\/schema\/person\/1a4992532ed62965c968031b49195c81"},"breadcrumb":{"@id":"https:\/\/diariodelsurdigital.com.ar\/?p=5562#breadcrumb"},"inLanguage":"es","potentialAction":[{"@type":"ReadAction","target":["https:\/\/diariodelsurdigital.com.ar\/?p=5562"]}]},{"@type":"ImageObject","inLanguage":"es","@id":"https:\/\/diariodelsurdigital.com.ar\/?p=5562#primaryimage","url":"https:\/\/diariodelsurdigital.com.ar\/wp-content\/uploads\/2025\/11\/md-21.webp","contentUrl":"https:\/\/diariodelsurdigital.com.ar\/wp-content\/uploads\/2025\/11\/md-21.webp","width":992,"height":887},{"@type":"BreadcrumbList","@id":"https:\/\/diariodelsurdigital.com.ar\/?p=5562#breadcrumb","itemListElement":[{"@type":"ListItem","position":1,"name":"Portada","item":"https:\/\/diariodelsurdigital.com.ar\/"},{"@type":"ListItem","position":2,"name":"AMET se reuni\u00f3 con Benedetti y le plante\u00f3 preocupaci\u00f3n ante el posible desfinanciamiento de la educaci\u00f3n t\u00e9cnica"}]},{"@type":"WebSite","@id":"https:\/\/diariodelsurdigital.com.ar\/#website","url":"https:\/\/diariodelsurdigital.com.ar\/","name":"Diario del Sur","description":"Digital","potentialAction":[{"@type":"SearchAction","target":{"@type":"EntryPoint","urlTemplate":"https:\/\/diariodelsurdigital.com.ar\/?s={search_term_string}"},"query-input":{"@type":"PropertyValueSpecification","valueRequired":true,"valueName":"search_term_string"}}],"inLanguage":"es"},{"@type":"Person","@id":"https:\/\/diariodelsurdigital.com.ar\/#\/schema\/person\/1a4992532ed62965c968031b49195c81","name":"Diario del Sur Digital","image":{"@type":"ImageObject","inLanguage":"es","@id":"https:\/\/secure.gravatar.com\/avatar\/f0c7c47fc7146d19828273b9b8eda651c9c7ab583767e6338d3d3bee825adf76?s=96&d=mm&r=g","url":"https:\/\/secure.gravatar.com\/avatar\/f0c7c47fc7146d19828273b9b8eda651c9c7ab583767e6338d3d3bee825adf76?s=96&d=mm&r=g","contentUrl":"https:\/\/secure.gravatar.com\/avatar\/f0c7c47fc7146d19828273b9b8eda651c9c7ab583767e6338d3d3bee825adf76?s=96&d=mm&r=g","caption":"Diario del Sur Digital"},"url":"https:\/\/diariodelsurdigital.com.ar\/?author=4"}]}},"_links":{"self":[{"href":"https:\/\/diariodelsurdigital.com.ar\/index.php?rest_route=\/wp\/v2\/posts\/5562","targetHints":{"allow":["GET"]}}],"collection":[{"href":"https:\/\/diariodelsurdigital.com.ar\/index.php?rest_route=\/wp\/v2\/posts"}],"about":[{"href":"https:\/\/diariodelsurdigital.com.ar\/index.php?rest_route=\/wp\/v2\/types\/post"}],"author":[{"embeddable":true,"href":"https:\/\/diariodelsurdigital.com.ar\/index.php?rest_route=\/wp\/v2\/users\/4"}],"replies":[{"embeddable":true,"href":"https:\/\/diariodelsurdigital.com.ar\/index.php?rest_route=%2Fwp%2Fv2%2Fcomments&post=5562"}],"version-history":[{"count":1,"href":"https:\/\/diariodelsurdigital.com.ar\/index.php?rest_route=\/wp\/v2\/posts\/5562\/revisions"}],"predecessor-version":[{"id":5564,"href":"https:\/\/diariodelsurdigital.com.ar\/index.php?rest_route=\/wp\/v2\/posts\/5562\/revisions\/5564"}],"wp:featuredmedia":[{"embeddable":true,"href":"https:\/\/diariodelsurdigital.com.ar\/index.php?rest_route=\/wp\/v2\/media\/5563"}],"wp:attachment":[{"href":"https:\/\/diariodelsurdigital.com.ar\/index.php?rest_route=%2Fwp%2Fv2%2Fmedia&parent=5562"}],"wp:term":[{"taxonomy":"category","embeddable":true,"href":"https:\/\/diariodelsurdigital.com.ar\/index.php?rest_route=%2Fwp%2Fv2%2Fcategories&post=5562"},{"taxonomy":"post_tag","embeddable":true,"href":"https:\/\/diariodelsurdigital.com.ar\/index.php?rest_route=%2Fwp%2Fv2%2Ftags&post=5562"}],"curies":[{"name":"wp","href":"https:\/\/api.w.org\/{rel}","templated":true}]}}