{"id":5565,"date":"2025-11-06T20:03:33","date_gmt":"2025-11-06T23:03:33","guid":{"rendered":"https:\/\/diariodelsurdigital.com.ar\/?p=5565"},"modified":"2025-11-06T20:03:34","modified_gmt":"2025-11-06T23:03:34","slug":"denunciaron-por-violencia-de-genero-al-apoderado-del-pj-concordia-y-convocan-a-una-reunion","status":"publish","type":"post","link":"https:\/\/diariodelsurdigital.com.ar\/?p=5565","title":{"rendered":"Denunciaron por violencia de g\u00e9nero al apoderado del PJ Concordia y convocan a una reuni\u00f3n"},"content":{"rendered":"\n<p>\u00abEl Consejo Departamental del Partido Justicialista (PJ) de Concordia convoc\u00f3 a una reuni\u00f3n plenaria para este s\u00e1bado 8 de noviembre a las 10:00 hs en su sede local de calle G\u00fcemes.<\/p>\n\n\n\n<p>Seg\u00fan pudo saber <strong>Diario del SUR Digital<\/strong>, el c\u00f3nclave es \u00abEn virtud de facultades otorgadas por la Carta Org\u00e1nica y atento a las discusiones de p\u00fablico conocimiento en torno al Partido Justicialista y sus autoridades, los y las integrantes del Consejo Departamental Justicialista Concordia abajo firmantes, <strong>convocamos al resto de las autoridades partidarias, a los afiliados y afiliadas y a la militancia peronista en general a debatir la reorganizaci\u00f3n y fortalecimiento de nuestra fuerza pol\u00edtica el d\u00eda s\u00e1bado a las 10 de la ma\u00f1ana en la sede del PJ local<\/strong>\u00ab.<\/p>\n\n\n\n<p>En el comunicado firmado por los consejeros, <strong>Ana Mar\u00eda Mengarelli, Facundo P\u00e9rez, Fabi\u00e1n Adente, Sabrina Mazariche Parody, Andrea Brasat, Agust\u00edn C\u00e1ceres, Kevin Inda, Carlos Alcides Gonz\u00e1lez y Mario Legarreta<\/strong>, no se habla, ni se indica, solicitar la renuncia de su Presidente, Facundo Ru\u00edz D\u00edaz, como lo da a entender Diario Junio.<\/p>\n\n\n\n<p>Uno de los consejeros del PJ Concordia, se\u00f1al\u00f3 a <strong>Diario del SUR Digital<\/strong>, que est\u00e1 de acuerdo con la convocatoria, pero de ninguna manera con pedir la renuncia a nadie. Es m\u00e1s, asegur\u00f3 que \u00abMario Legarreta y Facundo Perez, dos de los firmantes, no son ni siquiera consejeros titulares tampoco.<\/p>\n\n\n\n<p><strong>Denuncia por violencia de g\u00e9nero<\/strong><\/p>\n\n\n\n<p>En el marco de las diferencias pol\u00edticas y pase de facturas, se sum\u00f3 una denuncia por violencia de g\u00e9nero contra el abogado y apoderado del PJ Concordia, Javier Orduna por parte de la Vice Presidente, Yanina Barbona. <\/p>\n\n\n\n<p>Una mujer del peronismo local, afirm\u00f3 que Orduna no es la primera vez que comete estos tipos de actos, \u00ablo hizo conmigo hace un tiempo atr\u00e1s tambi\u00e9n\u00bb, asegur\u00f3 la militante que concurr\u00eda hace un tiempo al PJ.<\/p>\n\n\n\n<p>En la denuncia realizada por Barbona el 27 de octubre, la mujer sostiene que Orduna la amenazaba con \u00abescracharla en las redes sociales\u00bb. Le enviaba emisarios a que le soliciten carteler\u00eda de Bahl y Michel para despu\u00e9s decirle, \u00abQu\u00e9 jodida sos, siempre vergueando a los compa\u00f1eros\u00bb y otros improperios irreproducibles.<\/p>\n\n\n\n<figure class=\"wp-block-image size-large\"><img loading=\"lazy\" decoding=\"async\" width=\"802\" height=\"1024\" src=\"https:\/\/diariodelsurdigital.com.ar\/wp-content\/uploads\/2025\/11\/Imagen-de-WhatsApp-2025-11-05-a-las-20.21.04_ab918b0e-802x1024.jpg\" alt=\"\" class=\"wp-image-5567\" srcset=\"https:\/\/diariodelsurdigital.com.ar\/wp-content\/uploads\/2025\/11\/Imagen-de-WhatsApp-2025-11-05-a-las-20.21.04_ab918b0e-802x1024.jpg 802w, https:\/\/diariodelsurdigital.com.ar\/wp-content\/uploads\/2025\/11\/Imagen-de-WhatsApp-2025-11-05-a-las-20.21.04_ab918b0e-235x300.jpg 235w, https:\/\/diariodelsurdigital.com.ar\/wp-content\/uploads\/2025\/11\/Imagen-de-WhatsApp-2025-11-05-a-las-20.21.04_ab918b0e-768x981.jpg 768w, https:\/\/diariodelsurdigital.com.ar\/wp-content\/uploads\/2025\/11\/Imagen-de-WhatsApp-2025-11-05-a-las-20.21.04_ab918b0e-329x420.jpg 329w, https:\/\/diariodelsurdigital.com.ar\/wp-content\/uploads\/2025\/11\/Imagen-de-WhatsApp-2025-11-05-a-las-20.21.04_ab918b0e-696x889.jpg 696w, https:\/\/diariodelsurdigital.com.ar\/wp-content\/uploads\/2025\/11\/Imagen-de-WhatsApp-2025-11-05-a-las-20.21.04_ab918b0e.jpg 1002w\" sizes=\"auto, (max-width: 802px) 100vw, 802px\" \/><\/figure>\n","protected":false},"excerpt":{"rendered":"<p>\u00abEl Consejo Departamental del Partido Justicialista (PJ) de Concordia convoc\u00f3 a una reuni\u00f3n plenaria para este s\u00e1bado 8 de noviembre a las 10:00 hs en su sede local de calle G\u00fcemes. Seg\u00fan pudo saber Diario del SUR Digital, el c\u00f3nclave es \u00abEn virtud de facultades otorgadas por la Carta Org\u00e1nica y atento a las discusiones [&hellip;]<\/p>\n","protected":false},"author":2,"featured_media":5566,"comment_status":"open","ping_status":"open","sticky":false,"template":"","format":"standard","meta":{"footnotes":""},"categories":[16,22],"tags":[],"class_list":{"0":"post-5565","1":"post","2":"type-post","3":"status-publish","4":"format-standard","5":"has-post-thumbnail","7":"category-locales","8":"category-politica"},"yoast_head":"<!-- This site is optimized with the Yoast SEO plugin v27.4 - https:\/\/yoast.com\/product\/yoast-seo-wordpress\/ -->\n<title>Denunciaron por violencia de g\u00e9nero al apoderado del PJ Concordia y convocan a una reuni\u00f3n - Diario del Sur<\/title>\n<meta name=\"robots\" content=\"index, follow, max-snippet:-1, max-image-preview:large, max-video-preview:-1\" \/>\n<link rel=\"canonical\" href=\"https:\/\/diariodelsurdigital.com.ar\/?p=5565\" \/>\n<meta property=\"og:locale\" content=\"es_ES\" \/>\n<meta property=\"og:type\" content=\"article\" \/>\n<meta property=\"og:title\" content=\"Denunciaron por violencia de g\u00e9nero al apoderado del PJ Concordia y convocan a una reuni\u00f3n - Diario del Sur\" \/>\n<meta property=\"og:description\" content=\"\u00abEl Consejo Departamental del Partido Justicialista (PJ) de Concordia convoc\u00f3 a una reuni\u00f3n plenaria para este s\u00e1bado 8 de noviembre a las 10:00 hs en su sede local de calle G\u00fcemes. Seg\u00fan pudo saber Diario del SUR Digital, el c\u00f3nclave es \u00abEn virtud de facultades otorgadas por la Carta Org\u00e1nica y atento a las discusiones [&hellip;]\" \/>\n<meta property=\"og:url\" content=\"https:\/\/diariodelsurdigital.com.ar\/?p=5565\" \/>\n<meta property=\"og:site_name\" content=\"Diario del Sur\" \/>\n<meta property=\"article:published_time\" content=\"2025-11-06T23:03:33+00:00\" \/>\n<meta property=\"article:modified_time\" content=\"2025-11-06T23:03:34+00:00\" \/>\n<meta property=\"og:image\" content=\"https:\/\/diariodelsurdigital.com.ar\/wp-content\/uploads\/2025\/11\/Imagen-de-WhatsApp-2025-11-05-a-las-20.34.36_92928c37.jpg\" \/>\n\t<meta property=\"og:image:width\" content=\"569\" \/>\n\t<meta property=\"og:image:height\" content=\"331\" \/>\n\t<meta property=\"og:image:type\" content=\"image\/jpeg\" \/>\n<meta name=\"author\" content=\"Diario del Sur Digital\" \/>\n<meta name=\"twitter:card\" content=\"summary_large_image\" \/>\n<meta name=\"twitter:label1\" content=\"Escrito por\" \/>\n\t<meta name=\"twitter:data1\" content=\"Diario del Sur Digital\" \/>\n\t<meta name=\"twitter:label2\" content=\"Tiempo de lectura\" \/>\n\t<meta name=\"twitter:data2\" content=\"3 minutos\" \/>\n<script type=\"application\/ld+json\" class=\"yoast-schema-graph\">{\"@context\":\"https:\\\/\\\/schema.org\",\"@graph\":[{\"@type\":\"Article\",\"@id\":\"https:\\\/\\\/diariodelsurdigital.com.ar\\\/?p=5565#article\",\"isPartOf\":{\"@id\":\"https:\\\/\\\/diariodelsurdigital.com.ar\\\/?p=5565\"},\"author\":{\"name\":\"Diario del Sur Digital\",\"@id\":\"https:\\\/\\\/diariodelsurdigital.com.ar\\\/#\\\/schema\\\/person\\\/6136a32571657f7dba980b88b04c5465\"},\"headline\":\"Denunciaron por violencia de g\u00e9nero al apoderado del PJ Concordia y convocan a una reuni\u00f3n\",\"datePublished\":\"2025-11-06T23:03:33+00:00\",\"dateModified\":\"2025-11-06T23:03:34+00:00\",\"mainEntityOfPage\":{\"@id\":\"https:\\\/\\\/diariodelsurdigital.com.ar\\\/?p=5565\"},\"wordCount\":395,\"commentCount\":1,\"image\":{\"@id\":\"https:\\\/\\\/diariodelsurdigital.com.ar\\\/?p=5565#primaryimage\"},\"thumbnailUrl\":\"https:\\\/\\\/diariodelsurdigital.com.ar\\\/wp-content\\\/uploads\\\/2025\\\/11\\\/Imagen-de-WhatsApp-2025-11-05-a-las-20.34.36_92928c37.jpg\",\"articleSection\":[\"Locales\",\"Pol\u00edtica\"],\"inLanguage\":\"es\",\"potentialAction\":[{\"@type\":\"CommentAction\",\"name\":\"Comment\",\"target\":[\"https:\\\/\\\/diariodelsurdigital.com.ar\\\/?p=5565#respond\"]}]},{\"@type\":\"WebPage\",\"@id\":\"https:\\\/\\\/diariodelsurdigital.com.ar\\\/?p=5565\",\"url\":\"https:\\\/\\\/diariodelsurdigital.com.ar\\\/?p=5565\",\"name\":\"Denunciaron por violencia de g\u00e9nero al apoderado del PJ Concordia y convocan a una reuni\u00f3n - Diario del Sur\",\"isPartOf\":{\"@id\":\"https:\\\/\\\/diariodelsurdigital.com.ar\\\/#website\"},\"primaryImageOfPage\":{\"@id\":\"https:\\\/\\\/diariodelsurdigital.com.ar\\\/?p=5565#primaryimage\"},\"image\":{\"@id\":\"https:\\\/\\\/diariodelsurdigital.com.ar\\\/?p=5565#primaryimage\"},\"thumbnailUrl\":\"https:\\\/\\\/diariodelsurdigital.com.ar\\\/wp-content\\\/uploads\\\/2025\\\/11\\\/Imagen-de-WhatsApp-2025-11-05-a-las-20.34.36_92928c37.jpg\",\"datePublished\":\"2025-11-06T23:03:33+00:00\",\"dateModified\":\"2025-11-06T23:03:34+00:00\",\"author\":{\"@id\":\"https:\\\/\\\/diariodelsurdigital.com.ar\\\/#\\\/schema\\\/person\\\/6136a32571657f7dba980b88b04c5465\"},\"breadcrumb\":{\"@id\":\"https:\\\/\\\/diariodelsurdigital.com.ar\\\/?p=5565#breadcrumb\"},\"inLanguage\":\"es\",\"potentialAction\":[{\"@type\":\"ReadAction\",\"target\":[\"https:\\\/\\\/diariodelsurdigital.com.ar\\\/?p=5565\"]}]},{\"@type\":\"ImageObject\",\"inLanguage\":\"es\",\"@id\":\"https:\\\/\\\/diariodelsurdigital.com.ar\\\/?p=5565#primaryimage\",\"url\":\"https:\\\/\\\/diariodelsurdigital.com.ar\\\/wp-content\\\/uploads\\\/2025\\\/11\\\/Imagen-de-WhatsApp-2025-11-05-a-las-20.34.36_92928c37.jpg\",\"contentUrl\":\"https:\\\/\\\/diariodelsurdigital.com.ar\\\/wp-content\\\/uploads\\\/2025\\\/11\\\/Imagen-de-WhatsApp-2025-11-05-a-las-20.34.36_92928c37.jpg\",\"width\":569,\"height\":331},{\"@type\":\"BreadcrumbList\",\"@id\":\"https:\\\/\\\/diariodelsurdigital.com.ar\\\/?p=5565#breadcrumb\",\"itemListElement\":[{\"@type\":\"ListItem\",\"position\":1,\"name\":\"Portada\",\"item\":\"https:\\\/\\\/diariodelsurdigital.com.ar\\\/\"},{\"@type\":\"ListItem\",\"position\":2,\"name\":\"Denunciaron por violencia de g\u00e9nero al apoderado del PJ Concordia y convocan a una reuni\u00f3n\"}]},{\"@type\":\"WebSite\",\"@id\":\"https:\\\/\\\/diariodelsurdigital.com.ar\\\/#website\",\"url\":\"https:\\\/\\\/diariodelsurdigital.com.ar\\\/\",\"name\":\"Diario del Sur\",\"description\":\"Digital\",\"potentialAction\":[{\"@type\":\"SearchAction\",\"target\":{\"@type\":\"EntryPoint\",\"urlTemplate\":\"https:\\\/\\\/diariodelsurdigital.com.ar\\\/?s={search_term_string}\"},\"query-input\":{\"@type\":\"PropertyValueSpecification\",\"valueRequired\":true,\"valueName\":\"search_term_string\"}}],\"inLanguage\":\"es\"},{\"@type\":\"Person\",\"@id\":\"https:\\\/\\\/diariodelsurdigital.com.ar\\\/#\\\/schema\\\/person\\\/6136a32571657f7dba980b88b04c5465\",\"name\":\"Diario del Sur Digital\",\"image\":{\"@type\":\"ImageObject\",\"inLanguage\":\"es\",\"@id\":\"https:\\\/\\\/secure.gravatar.com\\\/avatar\\\/4c29ceac98541dd42460b2474aaa5dd37594d6ce6cb3cf2c101d09b48ee287ba?s=96&d=mm&r=g\",\"url\":\"https:\\\/\\\/secure.gravatar.com\\\/avatar\\\/4c29ceac98541dd42460b2474aaa5dd37594d6ce6cb3cf2c101d09b48ee287ba?s=96&d=mm&r=g\",\"contentUrl\":\"https:\\\/\\\/secure.gravatar.com\\\/avatar\\\/4c29ceac98541dd42460b2474aaa5dd37594d6ce6cb3cf2c101d09b48ee287ba?s=96&d=mm&r=g\",\"caption\":\"Diario del Sur Digital\"},\"url\":\"https:\\\/\\\/diariodelsurdigital.com.ar\\\/?author=2\"}]}<\/script>\n<!-- \/ Yoast SEO plugin. -->","yoast_head_json":{"title":"Denunciaron por violencia de g\u00e9nero al apoderado del PJ Concordia y convocan a una reuni\u00f3n - Diario del Sur","robots":{"index":"index","follow":"follow","max-snippet":"max-snippet:-1","max-image-preview":"max-image-preview:large","max-video-preview":"max-video-preview:-1"},"canonical":"https:\/\/diariodelsurdigital.com.ar\/?p=5565","og_locale":"es_ES","og_type":"article","og_title":"Denunciaron por violencia de g\u00e9nero al apoderado del PJ Concordia y convocan a una reuni\u00f3n - Diario del Sur","og_description":"\u00abEl Consejo Departamental del Partido Justicialista (PJ) de Concordia convoc\u00f3 a una reuni\u00f3n plenaria para este s\u00e1bado 8 de noviembre a las 10:00 hs en su sede local de calle G\u00fcemes. Seg\u00fan pudo saber Diario del SUR Digital, el c\u00f3nclave es \u00abEn virtud de facultades otorgadas por la Carta Org\u00e1nica y atento a las discusiones [&hellip;]","og_url":"https:\/\/diariodelsurdigital.com.ar\/?p=5565","og_site_name":"Diario del Sur","article_published_time":"2025-11-06T23:03:33+00:00","article_modified_time":"2025-11-06T23:03:34+00:00","og_image":[{"width":569,"height":331,"url":"https:\/\/diariodelsurdigital.com.ar\/wp-content\/uploads\/2025\/11\/Imagen-de-WhatsApp-2025-11-05-a-las-20.34.36_92928c37.jpg","type":"image\/jpeg"}],"author":"Diario del Sur Digital","twitter_card":"summary_large_image","twitter_misc":{"Escrito por":"Diario del Sur Digital","Tiempo de lectura":"3 minutos"},"schema":{"@context":"https:\/\/schema.org","@graph":[{"@type":"Article","@id":"https:\/\/diariodelsurdigital.com.ar\/?p=5565#article","isPartOf":{"@id":"https:\/\/diariodelsurdigital.com.ar\/?p=5565"},"author":{"name":"Diario del Sur Digital","@id":"https:\/\/diariodelsurdigital.com.ar\/#\/schema\/person\/6136a32571657f7dba980b88b04c5465"},"headline":"Denunciaron por violencia de g\u00e9nero al apoderado del PJ Concordia y convocan a una reuni\u00f3n","datePublished":"2025-11-06T23:03:33+00:00","dateModified":"2025-11-06T23:03:34+00:00","mainEntityOfPage":{"@id":"https:\/\/diariodelsurdigital.com.ar\/?p=5565"},"wordCount":395,"commentCount":1,"image":{"@id":"https:\/\/diariodelsurdigital.com.ar\/?p=5565#primaryimage"},"thumbnailUrl":"https:\/\/diariodelsurdigital.com.ar\/wp-content\/uploads\/2025\/11\/Imagen-de-WhatsApp-2025-11-05-a-las-20.34.36_92928c37.jpg","articleSection":["Locales","Pol\u00edtica"],"inLanguage":"es","potentialAction":[{"@type":"CommentAction","name":"Comment","target":["https:\/\/diariodelsurdigital.com.ar\/?p=5565#respond"]}]},{"@type":"WebPage","@id":"https:\/\/diariodelsurdigital.com.ar\/?p=5565","url":"https:\/\/diariodelsurdigital.com.ar\/?p=5565","name":"Denunciaron por violencia de g\u00e9nero al apoderado del PJ Concordia y convocan a una reuni\u00f3n - Diario del Sur","isPartOf":{"@id":"https:\/\/diariodelsurdigital.com.ar\/#website"},"primaryImageOfPage":{"@id":"https:\/\/diariodelsurdigital.com.ar\/?p=5565#primaryimage"},"image":{"@id":"https:\/\/diariodelsurdigital.com.ar\/?p=5565#primaryimage"},"thumbnailUrl":"https:\/\/diariodelsurdigital.com.ar\/wp-content\/uploads\/2025\/11\/Imagen-de-WhatsApp-2025-11-05-a-las-20.34.36_92928c37.jpg","datePublished":"2025-11-06T23:03:33+00:00","dateModified":"2025-11-06T23:03:34+00:00","author":{"@id":"https:\/\/diariodelsurdigital.com.ar\/#\/schema\/person\/6136a32571657f7dba980b88b04c5465"},"breadcrumb":{"@id":"https:\/\/diariodelsurdigital.com.ar\/?p=5565#breadcrumb"},"inLanguage":"es","potentialAction":[{"@type":"ReadAction","target":["https:\/\/diariodelsurdigital.com.ar\/?p=5565"]}]},{"@type":"ImageObject","inLanguage":"es","@id":"https:\/\/diariodelsurdigital.com.ar\/?p=5565#primaryimage","url":"https:\/\/diariodelsurdigital.com.ar\/wp-content\/uploads\/2025\/11\/Imagen-de-WhatsApp-2025-11-05-a-las-20.34.36_92928c37.jpg","contentUrl":"https:\/\/diariodelsurdigital.com.ar\/wp-content\/uploads\/2025\/11\/Imagen-de-WhatsApp-2025-11-05-a-las-20.34.36_92928c37.jpg","width":569,"height":331},{"@type":"BreadcrumbList","@id":"https:\/\/diariodelsurdigital.com.ar\/?p=5565#breadcrumb","itemListElement":[{"@type":"ListItem","position":1,"name":"Portada","item":"https:\/\/diariodelsurdigital.com.ar\/"},{"@type":"ListItem","position":2,"name":"Denunciaron por violencia de g\u00e9nero al apoderado del PJ Concordia y convocan a una reuni\u00f3n"}]},{"@type":"WebSite","@id":"https:\/\/diariodelsurdigital.com.ar\/#website","url":"https:\/\/diariodelsurdigital.com.ar\/","name":"Diario del Sur","description":"Digital","potentialAction":[{"@type":"SearchAction","target":{"@type":"EntryPoint","urlTemplate":"https:\/\/diariodelsurdigital.com.ar\/?s={search_term_string}"},"query-input":{"@type":"PropertyValueSpecification","valueRequired":true,"valueName":"search_term_string"}}],"inLanguage":"es"},{"@type":"Person","@id":"https:\/\/diariodelsurdigital.com.ar\/#\/schema\/person\/6136a32571657f7dba980b88b04c5465","name":"Diario del Sur Digital","image":{"@type":"ImageObject","inLanguage":"es","@id":"https:\/\/secure.gravatar.com\/avatar\/4c29ceac98541dd42460b2474aaa5dd37594d6ce6cb3cf2c101d09b48ee287ba?s=96&d=mm&r=g","url":"https:\/\/secure.gravatar.com\/avatar\/4c29ceac98541dd42460b2474aaa5dd37594d6ce6cb3cf2c101d09b48ee287ba?s=96&d=mm&r=g","contentUrl":"https:\/\/secure.gravatar.com\/avatar\/4c29ceac98541dd42460b2474aaa5dd37594d6ce6cb3cf2c101d09b48ee287ba?s=96&d=mm&r=g","caption":"Diario del Sur Digital"},"url":"https:\/\/diariodelsurdigital.com.ar\/?author=2"}]}},"_links":{"self":[{"href":"https:\/\/diariodelsurdigital.com.ar\/index.php?rest_route=\/wp\/v2\/posts\/5565","targetHints":{"allow":["GET"]}}],"collection":[{"href":"https:\/\/diariodelsurdigital.com.ar\/index.php?rest_route=\/wp\/v2\/posts"}],"about":[{"href":"https:\/\/diariodelsurdigital.com.ar\/index.php?rest_route=\/wp\/v2\/types\/post"}],"author":[{"embeddable":true,"href":"https:\/\/diariodelsurdigital.com.ar\/index.php?rest_route=\/wp\/v2\/users\/2"}],"replies":[{"embeddable":true,"href":"https:\/\/diariodelsurdigital.com.ar\/index.php?rest_route=%2Fwp%2Fv2%2Fcomments&post=5565"}],"version-history":[{"count":1,"href":"https:\/\/diariodelsurdigital.com.ar\/index.php?rest_route=\/wp\/v2\/posts\/5565\/revisions"}],"predecessor-version":[{"id":5568,"href":"https:\/\/diariodelsurdigital.com.ar\/index.php?rest_route=\/wp\/v2\/posts\/5565\/revisions\/5568"}],"wp:featuredmedia":[{"embeddable":true,"href":"https:\/\/diariodelsurdigital.com.ar\/index.php?rest_route=\/wp\/v2\/media\/5566"}],"wp:attachment":[{"href":"https:\/\/diariodelsurdigital.com.ar\/index.php?rest_route=%2Fwp%2Fv2%2Fmedia&parent=5565"}],"wp:term":[{"taxonomy":"category","embeddable":true,"href":"https:\/\/diariodelsurdigital.com.ar\/index.php?rest_route=%2Fwp%2Fv2%2Fcategories&post=5565"},{"taxonomy":"post_tag","embeddable":true,"href":"https:\/\/diariodelsurdigital.com.ar\/index.php?rest_route=%2Fwp%2Fv2%2Ftags&post=5565"}],"curies":[{"name":"wp","href":"https:\/\/api.w.org\/{rel}","templated":true}]}}