{"id":5576,"date":"2025-11-07T10:08:47","date_gmt":"2025-11-07T13:08:47","guid":{"rendered":"https:\/\/diariodelsurdigital.com.ar\/?p=5576"},"modified":"2025-11-07T10:08:48","modified_gmt":"2025-11-07T13:08:48","slug":"adorni-afirmo-que-los-gobernadores-dieron-luz-verde-para-la-reforma-laboral","status":"publish","type":"post","link":"https:\/\/diariodelsurdigital.com.ar\/?p=5576","title":{"rendered":"Adorni afirm\u00f3 que los gobernadores dieron luz verde para la reforma laboral"},"content":{"rendered":"\n<p>Desde su nuevo rol de jefe de Gabinete, Manuel Adorni habl\u00f3 del v\u00ednculo con los gobernadores y el avance en las negociaciones por la reforma laboral que proyecta el Gobierno. \u201cLa modernizaci\u00f3n laboral va a terminar pasando\u201d, asegur\u00f3 el funcionario.<\/p>\n\n\n\n<p>En di\u00e1logo con A24, Adorni advirti\u00f3 que, ya en una reuni\u00f3n de la que particip\u00f3 desde su antiguo rol como Secretario de Comunicaci\u00f3n, \u201cel planteo del presidente, no solo que fue bien recibido por los gobernadores, sino que se not\u00f3 un consenso por las generalidades de los temas\u201d, respecto a la reforma laboral.<\/p>\n\n\n\n<p>En esa l\u00ednea, defendi\u00f3 la iniciativa oficialista al afirmar que \u201ces falso que le van a sacar derecho al trabajador\u201d, y coment\u00f3: \u201cHay un cambio de \u00e9poca en todos los sectores y estamos comprendiendo que hay leyes obsoletas. Tambi\u00e9n en el cambio fiscal, estamos alienados con los gobernadores\u201d.<\/p>\n\n\n\n<p>C\u00f3mo avanza la negociaci\u00f3n por la reforma laboral<\/p>\n\n\n\n<p>De cara a las negociaciones en el \u00e1mbito legislativo, Adorni aclar\u00f3: \u201cHay consensos y es dif\u00edcil que la vieja pol\u00edtica tenga lugar. Patricia Bullrich tomar\u00e1 las negociaciones en el Senado y Mart\u00edn Menem en Diputados para poder avanzar en las reformas para que los argentinos puedan crecer, estamos hablando para llegar a un pa\u00eds m\u00e1s normal\u201d.<\/p>\n\n\n\n<p>Adem\u00e1s de revelar c\u00f3mo viene el di\u00e1logo con los mandatarios provinciales, Adorni carg\u00f3 contra los sindicatos: \u201cNo hay gremio que defienda a los trabajadores realmente que est\u00e9 en contra de una modernizaci\u00f3n laboral\u201d.<\/p>\n\n\n\n<p>Seg\u00fan su an\u00e1lisis, \u201csi est\u00e1s a favor del trabajador que represent\u00e1s, indefectiblemente ten\u00e9s que estar a favor de una modernizaci\u00f3n laboral, que es lo que va a terminar pasando\u201d, afirm\u00f3 sin dudar apenas un d\u00eda despu\u00e9s de la renovaci\u00f3n del triunvirato que conduce la CGT.<\/p>\n\n\n\n<p>\u201c\u00bfQui\u00e9n puede estar a favor de que sigan existiendo un 45 o un 50% de informales?\u201d, insisti\u00f3 el exvocero, y enfatiz\u00f3: \u201cEsta idea de \u2018guarda porque le van a quitar derechos al trabajador\u2019 es parte de una base falsa que es que el que est\u00e1 en la informalidad no tiene derechos. No tiene ninguna protecci\u00f3n, ning\u00fan cuidado y ning\u00fan beneficio\u201d, sentenci\u00f3.<\/p>\n","protected":false},"excerpt":{"rendered":"<p>Desde su nuevo rol de jefe de Gabinete, Manuel Adorni habl\u00f3 del v\u00ednculo con los gobernadores y el avance en las negociaciones por la reforma laboral que proyecta el Gobierno. \u201cLa modernizaci\u00f3n laboral va a terminar pasando\u201d, asegur\u00f3 el funcionario. En di\u00e1logo con A24, Adorni advirti\u00f3 que, ya en una reuni\u00f3n de la que particip\u00f3 [&hellip;]<\/p>\n","protected":false},"author":4,"featured_media":5577,"comment_status":"open","ping_status":"open","sticky":false,"template":"","format":"standard","meta":{"footnotes":""},"categories":[18,22],"tags":[],"class_list":{"0":"post-5576","1":"post","2":"type-post","3":"status-publish","4":"format-standard","5":"has-post-thumbnail","7":"category-nacionales","8":"category-politica"},"yoast_head":"<!-- This site is optimized with the Yoast SEO plugin v27.4 - https:\/\/yoast.com\/product\/yoast-seo-wordpress\/ -->\n<title>Adorni afirm\u00f3 que los gobernadores dieron luz verde para la reforma laboral - Diario del Sur<\/title>\n<meta name=\"robots\" content=\"index, follow, max-snippet:-1, max-image-preview:large, max-video-preview:-1\" \/>\n<link rel=\"canonical\" href=\"https:\/\/diariodelsurdigital.com.ar\/?p=5576\" \/>\n<meta property=\"og:locale\" content=\"es_ES\" \/>\n<meta property=\"og:type\" content=\"article\" \/>\n<meta property=\"og:title\" content=\"Adorni afirm\u00f3 que los gobernadores dieron luz verde para la reforma laboral - Diario del Sur\" \/>\n<meta property=\"og:description\" content=\"Desde su nuevo rol de jefe de Gabinete, Manuel Adorni habl\u00f3 del v\u00ednculo con los gobernadores y el avance en las negociaciones por la reforma laboral que proyecta el Gobierno. \u201cLa modernizaci\u00f3n laboral va a terminar pasando\u201d, asegur\u00f3 el funcionario. En di\u00e1logo con A24, Adorni advirti\u00f3 que, ya en una reuni\u00f3n de la que particip\u00f3 [&hellip;]\" \/>\n<meta property=\"og:url\" content=\"https:\/\/diariodelsurdigital.com.ar\/?p=5576\" \/>\n<meta property=\"og:site_name\" content=\"Diario del Sur\" \/>\n<meta property=\"article:published_time\" content=\"2025-11-07T13:08:47+00:00\" \/>\n<meta property=\"article:modified_time\" content=\"2025-11-07T13:08:48+00:00\" \/>\n<meta property=\"og:image\" content=\"https:\/\/diariodelsurdigital.com.ar\/wp-content\/uploads\/2025\/11\/md-24-1.webp\" \/>\n\t<meta property=\"og:image:width\" content=\"992\" \/>\n\t<meta property=\"og:image:height\" content=\"660\" \/>\n\t<meta property=\"og:image:type\" content=\"image\/webp\" \/>\n<meta name=\"author\" content=\"Diario del Sur Digital\" \/>\n<meta name=\"twitter:card\" content=\"summary_large_image\" \/>\n<meta name=\"twitter:label1\" content=\"Escrito por\" \/>\n\t<meta name=\"twitter:data1\" content=\"Diario del Sur Digital\" \/>\n\t<meta name=\"twitter:label2\" content=\"Tiempo de lectura\" \/>\n\t<meta name=\"twitter:data2\" content=\"2 minutos\" \/>\n<script type=\"application\/ld+json\" class=\"yoast-schema-graph\">{\"@context\":\"https:\\\/\\\/schema.org\",\"@graph\":[{\"@type\":\"Article\",\"@id\":\"https:\\\/\\\/diariodelsurdigital.com.ar\\\/?p=5576#article\",\"isPartOf\":{\"@id\":\"https:\\\/\\\/diariodelsurdigital.com.ar\\\/?p=5576\"},\"author\":{\"name\":\"Diario del Sur Digital\",\"@id\":\"https:\\\/\\\/diariodelsurdigital.com.ar\\\/#\\\/schema\\\/person\\\/1a4992532ed62965c968031b49195c81\"},\"headline\":\"Adorni afirm\u00f3 que los gobernadores dieron luz verde para la reforma laboral\",\"datePublished\":\"2025-11-07T13:08:47+00:00\",\"dateModified\":\"2025-11-07T13:08:48+00:00\",\"mainEntityOfPage\":{\"@id\":\"https:\\\/\\\/diariodelsurdigital.com.ar\\\/?p=5576\"},\"wordCount\":385,\"commentCount\":0,\"image\":{\"@id\":\"https:\\\/\\\/diariodelsurdigital.com.ar\\\/?p=5576#primaryimage\"},\"thumbnailUrl\":\"https:\\\/\\\/diariodelsurdigital.com.ar\\\/wp-content\\\/uploads\\\/2025\\\/11\\\/md-24-1.webp\",\"articleSection\":[\"Nacionales\",\"Pol\u00edtica\"],\"inLanguage\":\"es\",\"potentialAction\":[{\"@type\":\"CommentAction\",\"name\":\"Comment\",\"target\":[\"https:\\\/\\\/diariodelsurdigital.com.ar\\\/?p=5576#respond\"]}]},{\"@type\":\"WebPage\",\"@id\":\"https:\\\/\\\/diariodelsurdigital.com.ar\\\/?p=5576\",\"url\":\"https:\\\/\\\/diariodelsurdigital.com.ar\\\/?p=5576\",\"name\":\"Adorni afirm\u00f3 que los gobernadores dieron luz verde para la reforma laboral - Diario del Sur\",\"isPartOf\":{\"@id\":\"https:\\\/\\\/diariodelsurdigital.com.ar\\\/#website\"},\"primaryImageOfPage\":{\"@id\":\"https:\\\/\\\/diariodelsurdigital.com.ar\\\/?p=5576#primaryimage\"},\"image\":{\"@id\":\"https:\\\/\\\/diariodelsurdigital.com.ar\\\/?p=5576#primaryimage\"},\"thumbnailUrl\":\"https:\\\/\\\/diariodelsurdigital.com.ar\\\/wp-content\\\/uploads\\\/2025\\\/11\\\/md-24-1.webp\",\"datePublished\":\"2025-11-07T13:08:47+00:00\",\"dateModified\":\"2025-11-07T13:08:48+00:00\",\"author\":{\"@id\":\"https:\\\/\\\/diariodelsurdigital.com.ar\\\/#\\\/schema\\\/person\\\/1a4992532ed62965c968031b49195c81\"},\"breadcrumb\":{\"@id\":\"https:\\\/\\\/diariodelsurdigital.com.ar\\\/?p=5576#breadcrumb\"},\"inLanguage\":\"es\",\"potentialAction\":[{\"@type\":\"ReadAction\",\"target\":[\"https:\\\/\\\/diariodelsurdigital.com.ar\\\/?p=5576\"]}]},{\"@type\":\"ImageObject\",\"inLanguage\":\"es\",\"@id\":\"https:\\\/\\\/diariodelsurdigital.com.ar\\\/?p=5576#primaryimage\",\"url\":\"https:\\\/\\\/diariodelsurdigital.com.ar\\\/wp-content\\\/uploads\\\/2025\\\/11\\\/md-24-1.webp\",\"contentUrl\":\"https:\\\/\\\/diariodelsurdigital.com.ar\\\/wp-content\\\/uploads\\\/2025\\\/11\\\/md-24-1.webp\",\"width\":992,\"height\":660},{\"@type\":\"BreadcrumbList\",\"@id\":\"https:\\\/\\\/diariodelsurdigital.com.ar\\\/?p=5576#breadcrumb\",\"itemListElement\":[{\"@type\":\"ListItem\",\"position\":1,\"name\":\"Portada\",\"item\":\"https:\\\/\\\/diariodelsurdigital.com.ar\\\/\"},{\"@type\":\"ListItem\",\"position\":2,\"name\":\"Adorni afirm\u00f3 que los gobernadores dieron luz verde para la reforma laboral\"}]},{\"@type\":\"WebSite\",\"@id\":\"https:\\\/\\\/diariodelsurdigital.com.ar\\\/#website\",\"url\":\"https:\\\/\\\/diariodelsurdigital.com.ar\\\/\",\"name\":\"Diario del Sur\",\"description\":\"Digital\",\"potentialAction\":[{\"@type\":\"SearchAction\",\"target\":{\"@type\":\"EntryPoint\",\"urlTemplate\":\"https:\\\/\\\/diariodelsurdigital.com.ar\\\/?s={search_term_string}\"},\"query-input\":{\"@type\":\"PropertyValueSpecification\",\"valueRequired\":true,\"valueName\":\"search_term_string\"}}],\"inLanguage\":\"es\"},{\"@type\":\"Person\",\"@id\":\"https:\\\/\\\/diariodelsurdigital.com.ar\\\/#\\\/schema\\\/person\\\/1a4992532ed62965c968031b49195c81\",\"name\":\"Diario del Sur Digital\",\"image\":{\"@type\":\"ImageObject\",\"inLanguage\":\"es\",\"@id\":\"https:\\\/\\\/secure.gravatar.com\\\/avatar\\\/f0c7c47fc7146d19828273b9b8eda651c9c7ab583767e6338d3d3bee825adf76?s=96&d=mm&r=g\",\"url\":\"https:\\\/\\\/secure.gravatar.com\\\/avatar\\\/f0c7c47fc7146d19828273b9b8eda651c9c7ab583767e6338d3d3bee825adf76?s=96&d=mm&r=g\",\"contentUrl\":\"https:\\\/\\\/secure.gravatar.com\\\/avatar\\\/f0c7c47fc7146d19828273b9b8eda651c9c7ab583767e6338d3d3bee825adf76?s=96&d=mm&r=g\",\"caption\":\"Diario del Sur Digital\"},\"url\":\"https:\\\/\\\/diariodelsurdigital.com.ar\\\/?author=4\"}]}<\/script>\n<!-- \/ Yoast SEO plugin. -->","yoast_head_json":{"title":"Adorni afirm\u00f3 que los gobernadores dieron luz verde para la reforma laboral - Diario del Sur","robots":{"index":"index","follow":"follow","max-snippet":"max-snippet:-1","max-image-preview":"max-image-preview:large","max-video-preview":"max-video-preview:-1"},"canonical":"https:\/\/diariodelsurdigital.com.ar\/?p=5576","og_locale":"es_ES","og_type":"article","og_title":"Adorni afirm\u00f3 que los gobernadores dieron luz verde para la reforma laboral - Diario del Sur","og_description":"Desde su nuevo rol de jefe de Gabinete, Manuel Adorni habl\u00f3 del v\u00ednculo con los gobernadores y el avance en las negociaciones por la reforma laboral que proyecta el Gobierno. \u201cLa modernizaci\u00f3n laboral va a terminar pasando\u201d, asegur\u00f3 el funcionario. En di\u00e1logo con A24, Adorni advirti\u00f3 que, ya en una reuni\u00f3n de la que particip\u00f3 [&hellip;]","og_url":"https:\/\/diariodelsurdigital.com.ar\/?p=5576","og_site_name":"Diario del Sur","article_published_time":"2025-11-07T13:08:47+00:00","article_modified_time":"2025-11-07T13:08:48+00:00","og_image":[{"width":992,"height":660,"url":"https:\/\/diariodelsurdigital.com.ar\/wp-content\/uploads\/2025\/11\/md-24-1.webp","type":"image\/webp"}],"author":"Diario del Sur Digital","twitter_card":"summary_large_image","twitter_misc":{"Escrito por":"Diario del Sur Digital","Tiempo de lectura":"2 minutos"},"schema":{"@context":"https:\/\/schema.org","@graph":[{"@type":"Article","@id":"https:\/\/diariodelsurdigital.com.ar\/?p=5576#article","isPartOf":{"@id":"https:\/\/diariodelsurdigital.com.ar\/?p=5576"},"author":{"name":"Diario del Sur Digital","@id":"https:\/\/diariodelsurdigital.com.ar\/#\/schema\/person\/1a4992532ed62965c968031b49195c81"},"headline":"Adorni afirm\u00f3 que los gobernadores dieron luz verde para la reforma laboral","datePublished":"2025-11-07T13:08:47+00:00","dateModified":"2025-11-07T13:08:48+00:00","mainEntityOfPage":{"@id":"https:\/\/diariodelsurdigital.com.ar\/?p=5576"},"wordCount":385,"commentCount":0,"image":{"@id":"https:\/\/diariodelsurdigital.com.ar\/?p=5576#primaryimage"},"thumbnailUrl":"https:\/\/diariodelsurdigital.com.ar\/wp-content\/uploads\/2025\/11\/md-24-1.webp","articleSection":["Nacionales","Pol\u00edtica"],"inLanguage":"es","potentialAction":[{"@type":"CommentAction","name":"Comment","target":["https:\/\/diariodelsurdigital.com.ar\/?p=5576#respond"]}]},{"@type":"WebPage","@id":"https:\/\/diariodelsurdigital.com.ar\/?p=5576","url":"https:\/\/diariodelsurdigital.com.ar\/?p=5576","name":"Adorni afirm\u00f3 que los gobernadores dieron luz verde para la reforma laboral - Diario del Sur","isPartOf":{"@id":"https:\/\/diariodelsurdigital.com.ar\/#website"},"primaryImageOfPage":{"@id":"https:\/\/diariodelsurdigital.com.ar\/?p=5576#primaryimage"},"image":{"@id":"https:\/\/diariodelsurdigital.com.ar\/?p=5576#primaryimage"},"thumbnailUrl":"https:\/\/diariodelsurdigital.com.ar\/wp-content\/uploads\/2025\/11\/md-24-1.webp","datePublished":"2025-11-07T13:08:47+00:00","dateModified":"2025-11-07T13:08:48+00:00","author":{"@id":"https:\/\/diariodelsurdigital.com.ar\/#\/schema\/person\/1a4992532ed62965c968031b49195c81"},"breadcrumb":{"@id":"https:\/\/diariodelsurdigital.com.ar\/?p=5576#breadcrumb"},"inLanguage":"es","potentialAction":[{"@type":"ReadAction","target":["https:\/\/diariodelsurdigital.com.ar\/?p=5576"]}]},{"@type":"ImageObject","inLanguage":"es","@id":"https:\/\/diariodelsurdigital.com.ar\/?p=5576#primaryimage","url":"https:\/\/diariodelsurdigital.com.ar\/wp-content\/uploads\/2025\/11\/md-24-1.webp","contentUrl":"https:\/\/diariodelsurdigital.com.ar\/wp-content\/uploads\/2025\/11\/md-24-1.webp","width":992,"height":660},{"@type":"BreadcrumbList","@id":"https:\/\/diariodelsurdigital.com.ar\/?p=5576#breadcrumb","itemListElement":[{"@type":"ListItem","position":1,"name":"Portada","item":"https:\/\/diariodelsurdigital.com.ar\/"},{"@type":"ListItem","position":2,"name":"Adorni afirm\u00f3 que los gobernadores dieron luz verde para la reforma laboral"}]},{"@type":"WebSite","@id":"https:\/\/diariodelsurdigital.com.ar\/#website","url":"https:\/\/diariodelsurdigital.com.ar\/","name":"Diario del Sur","description":"Digital","potentialAction":[{"@type":"SearchAction","target":{"@type":"EntryPoint","urlTemplate":"https:\/\/diariodelsurdigital.com.ar\/?s={search_term_string}"},"query-input":{"@type":"PropertyValueSpecification","valueRequired":true,"valueName":"search_term_string"}}],"inLanguage":"es"},{"@type":"Person","@id":"https:\/\/diariodelsurdigital.com.ar\/#\/schema\/person\/1a4992532ed62965c968031b49195c81","name":"Diario del Sur Digital","image":{"@type":"ImageObject","inLanguage":"es","@id":"https:\/\/secure.gravatar.com\/avatar\/f0c7c47fc7146d19828273b9b8eda651c9c7ab583767e6338d3d3bee825adf76?s=96&d=mm&r=g","url":"https:\/\/secure.gravatar.com\/avatar\/f0c7c47fc7146d19828273b9b8eda651c9c7ab583767e6338d3d3bee825adf76?s=96&d=mm&r=g","contentUrl":"https:\/\/secure.gravatar.com\/avatar\/f0c7c47fc7146d19828273b9b8eda651c9c7ab583767e6338d3d3bee825adf76?s=96&d=mm&r=g","caption":"Diario del Sur Digital"},"url":"https:\/\/diariodelsurdigital.com.ar\/?author=4"}]}},"_links":{"self":[{"href":"https:\/\/diariodelsurdigital.com.ar\/index.php?rest_route=\/wp\/v2\/posts\/5576","targetHints":{"allow":["GET"]}}],"collection":[{"href":"https:\/\/diariodelsurdigital.com.ar\/index.php?rest_route=\/wp\/v2\/posts"}],"about":[{"href":"https:\/\/diariodelsurdigital.com.ar\/index.php?rest_route=\/wp\/v2\/types\/post"}],"author":[{"embeddable":true,"href":"https:\/\/diariodelsurdigital.com.ar\/index.php?rest_route=\/wp\/v2\/users\/4"}],"replies":[{"embeddable":true,"href":"https:\/\/diariodelsurdigital.com.ar\/index.php?rest_route=%2Fwp%2Fv2%2Fcomments&post=5576"}],"version-history":[{"count":1,"href":"https:\/\/diariodelsurdigital.com.ar\/index.php?rest_route=\/wp\/v2\/posts\/5576\/revisions"}],"predecessor-version":[{"id":5578,"href":"https:\/\/diariodelsurdigital.com.ar\/index.php?rest_route=\/wp\/v2\/posts\/5576\/revisions\/5578"}],"wp:featuredmedia":[{"embeddable":true,"href":"https:\/\/diariodelsurdigital.com.ar\/index.php?rest_route=\/wp\/v2\/media\/5577"}],"wp:attachment":[{"href":"https:\/\/diariodelsurdigital.com.ar\/index.php?rest_route=%2Fwp%2Fv2%2Fmedia&parent=5576"}],"wp:term":[{"taxonomy":"category","embeddable":true,"href":"https:\/\/diariodelsurdigital.com.ar\/index.php?rest_route=%2Fwp%2Fv2%2Fcategories&post=5576"},{"taxonomy":"post_tag","embeddable":true,"href":"https:\/\/diariodelsurdigital.com.ar\/index.php?rest_route=%2Fwp%2Fv2%2Ftags&post=5576"}],"curies":[{"name":"wp","href":"https:\/\/api.w.org\/{rel}","templated":true}]}}