{"id":558,"date":"2025-01-13T14:27:45","date_gmt":"2025-01-13T17:27:45","guid":{"rendered":"https:\/\/diariodelsurdigital.com.ar\/?p=558"},"modified":"2025-01-13T14:27:46","modified_gmt":"2025-01-13T17:27:46","slug":"carolina-gaillard-el-peronismo-todavia-no-se-dio-cuenta-del-cambio-de-epoca","status":"publish","type":"post","link":"https:\/\/diariodelsurdigital.com.ar\/?p=558","title":{"rendered":"Carolina Gaillard: \u00abEl peronismo todav\u00eda no se dio cuenta del cambio de \u00e9poca\u00bb"},"content":{"rendered":"\n<p>La diputada se refiri\u00f3 a las posibilidades del peronismo en 2025 y la herencia de un turbulento 2024. Hizo una fuerte autocr\u00edtica sobre el momento del PJ, habl\u00f3 sobre la detenci\u00f3n de Edgardo Kueider y tambi\u00e9n de c\u00f3mo podr\u00eda condicionar las chances de su espacio pol\u00edtico. Sobre la gesti\u00f3n de Frigerio se\u00f1al\u00f3: \u201cSe nota el profundo desconocimiento del territorio\u201d.<\/p>\n\n\n\n<p>La diputada nacional Carolina Gaillard dialog\u00f3 con el portal Letra P sobre la actualidad pol\u00edtica del pa\u00eds y de la provincia.<\/p>\n\n\n\n<p><em>&#8211; \u00bfC\u00f3mo ve el comienzo del a\u00f1o pol\u00edtico?<\/em><\/p>\n\n\n\n<p>&#8211; Estamos procesando lo que fue el a\u00f1o de Javier Milei. Hay una degradaci\u00f3n institucional enorme y una falta de reacci\u00f3n de la pol\u00edtica ante esta situaci\u00f3n. En el verano est\u00e1n todos los espacios viendo c\u00f3mo se formula la propuesta para las elecciones legislativas que van a ser muy importantes porque es la \u00fanica forma que tenemos para defender lo que conseguimos en el Congreso. Tenemos que poder ponerle un freno a este gobierno demencial.<\/p>\n\n\n\n<p><em>&#8211; \u00bfHay movimientos en ese sentido en el peronismo de Entre R\u00edos?<\/em><\/p>\n\n\n\n<p>&#8211; Estamos en enero y la pol\u00edtica lo est\u00e1 tambi\u00e9n. Fue un a\u00f1o agitado. Los movimientos van a verse en febrero. Por ahora, solo hay conversaciones y hay intercambio. No hay definiciones todav\u00eda.<\/p>\n\n\n\n<p><strong>La detenci\u00f3n de Edgardo Kueider<\/strong><\/p>\n\n\n\n<p><em>&#8211; \u00bfC\u00f3mo cree que podr\u00eda incidir la detenci\u00f3n del exsenador Edgardo Kueider en las chances electorales del peronismo este a\u00f1o?<\/em><\/p>\n\n\n\n<p>&#8211; Antes de que suceda lo de Kueider, ya con la derrota de 2023 nos ven\u00edamos replanteando todo, y arrastr\u00e1bamos baja performance en las legislativas. Creo que el peronismo no se dio cuenta del cambio de \u00e9poca, de esta etapa que se vive en el mundo, con nuevas demandas, que la pandemia cambi\u00f3 el sentido de la vida, que reformul\u00f3 los v\u00ednculos entre las personas.<\/p>\n\n\n\n<p><em>&#8211; \u00bfC\u00f3mo afect\u00f3 al peronismo ese cambio?<\/em><\/p>\n\n\n\n<p>&#8211; No pudo interpretar esta nueva sociedad. Seguimos hablando del trabajo como el que exist\u00eda hace 40 a\u00f1os y hoy los j\u00f3venes eligen otras modalidades, o medio tiempo, tienen otros valores. La gente viv\u00eda mal y la pol\u00edtica peleaba por el poder, nos aislamos y dejamos de representar. En Entre R\u00edos lo de Kueider viene a decantar, es la gota que rebals\u00f3 el vaso de un proceso de deterioro que ven\u00eda atravesando el peronismo en la provincia.<\/p>\n\n\n\n<p><em>&#8211; \u00bfCree que puede revertirlo?<\/em><\/p>\n\n\n\n<p>&#8211; Tenemos que pensar qu\u00e9 nos pas\u00f3, qu\u00e9 quieren los entrerrianos y qu\u00e9 plan de gobierno podemos ofrecerles en 2027. El partido tiene que democratizarse, abrir espacios a otros compa\u00f1eros que no son hist\u00f3ricos, no se sale de esta crisis si no es horizontalizando y abriendo los espacios.<\/p>\n\n\n\n<p><em>&#8211; \u00bfEso est\u00e1 sucediendo?<\/em><\/p>\n\n\n\n<p>-No. Es a lo que tenemos que aspirar. Los sub-40 impulsan encuentros y convocan a la militancia. Eso es un \u00e1mbito interesante para escuchar, y es tiempo de escuchar para repensarnos.<\/p>\n\n\n\n<p><em>&#8211; Gustavo Bordet, por ejemplo, \u00bfest\u00e1 escuchando?<\/em><\/p>\n\n\n\n<p>&#8211; Tengo una gran relaci\u00f3n con \u00e9l. Creo que s\u00ed. Est\u00e1 escuchando, particip\u00f3 del Congreso. Me parece que todo \u00e1mbito para discutir, \u00e9l lo va a abonar. Se que cree en eso. Pero los j\u00f3venes tenemos que impulsar, no esperar que otros los fomenten. No te pod\u00e9s quedar esperando que el otro haga, tenemos que construir nosotros las condiciones. Los que tienen las intendencias tienen responsabilidades de gesti\u00f3n, pero los que tenemos rol legislativo tenemos que ser una oposici\u00f3n fuerte.<\/p>\n\n\n\n<p><strong>La gesti\u00f3n de Rogelio Frigerio<\/strong><\/p>\n\n\n\n<p><em>&#8211; \u00bfC\u00f3mo eval\u00faa el primer a\u00f1o de Rogelio Frigerio?<\/em><\/p>\n\n\n\n<p>-Veo un gobierno al que le falta equipo y gesti\u00f3n, con buena comunicaci\u00f3n, pero se nota el profundo desconocimiento del territorio. Hace rato que Entre R\u00edos necesita un gobierno que llegue con un proyecto de provincia, y no veo que Frigerio tenga un plan, es muy dif\u00edcil cuando no viviste en la provincia y la mayor\u00eda de tus funcionarios son de Buenos Aires.<\/p>\n\n\n\n<p>Hasta ahora solo veo acciones aisladas para diferenciarse del peronismo: modernizar con expediente electr\u00f3nico, ley de \u00e9tica p\u00fablica, ficha limpia, son cuestiones institucionales, pero no son la prioridad de la gente. Otro ejemplo es la reforma pol\u00edtica, en una provincia que no tuvo denuncia de fraude, no es prioridad.&nbsp;<\/p>\n","protected":false},"excerpt":{"rendered":"<p>La diputada se refiri\u00f3 a las posibilidades del peronismo en 2025 y la herencia de un turbulento 2024. Hizo una fuerte autocr\u00edtica sobre el momento del PJ, habl\u00f3 sobre la detenci\u00f3n de Edgardo Kueider y tambi\u00e9n de c\u00f3mo podr\u00eda condicionar las chances de su espacio pol\u00edtico. Sobre la gesti\u00f3n de Frigerio se\u00f1al\u00f3: \u201cSe nota el [&hellip;]<\/p>\n","protected":false},"author":4,"featured_media":559,"comment_status":"open","ping_status":"open","sticky":false,"template":"","format":"standard","meta":{"footnotes":""},"categories":[22,17],"tags":[],"class_list":{"0":"post-558","1":"post","2":"type-post","3":"status-publish","4":"format-standard","5":"has-post-thumbnail","7":"category-politica","8":"category-provinciales"},"yoast_head":"<!-- This site is optimized with the Yoast SEO plugin v27.4 - https:\/\/yoast.com\/product\/yoast-seo-wordpress\/ -->\n<title>Carolina Gaillard: &quot;El peronismo todav\u00eda no se dio cuenta del cambio de \u00e9poca&quot; - Diario del Sur<\/title>\n<meta name=\"robots\" content=\"index, follow, max-snippet:-1, max-image-preview:large, max-video-preview:-1\" \/>\n<link rel=\"canonical\" href=\"https:\/\/diariodelsurdigital.com.ar\/?p=558\" \/>\n<meta property=\"og:locale\" content=\"es_ES\" \/>\n<meta property=\"og:type\" content=\"article\" \/>\n<meta property=\"og:title\" content=\"Carolina Gaillard: &quot;El peronismo todav\u00eda no se dio cuenta del cambio de \u00e9poca&quot; - Diario del Sur\" \/>\n<meta property=\"og:description\" content=\"La diputada se refiri\u00f3 a las posibilidades del peronismo en 2025 y la herencia de un turbulento 2024. Hizo una fuerte autocr\u00edtica sobre el momento del PJ, habl\u00f3 sobre la detenci\u00f3n de Edgardo Kueider y tambi\u00e9n de c\u00f3mo podr\u00eda condicionar las chances de su espacio pol\u00edtico. Sobre la gesti\u00f3n de Frigerio se\u00f1al\u00f3: \u201cSe nota el [&hellip;]\" \/>\n<meta property=\"og:url\" content=\"https:\/\/diariodelsurdigital.com.ar\/?p=558\" \/>\n<meta property=\"og:site_name\" content=\"Diario del Sur\" \/>\n<meta property=\"article:published_time\" content=\"2025-01-13T17:27:45+00:00\" \/>\n<meta property=\"article:modified_time\" content=\"2025-01-13T17:27:46+00:00\" \/>\n<meta property=\"og:image\" content=\"https:\/\/diariodelsurdigital.com.ar\/wp-content\/uploads\/2025\/01\/md-2025-01-13T142708.800.webp\" \/>\n\t<meta property=\"og:image:width\" content=\"992\" \/>\n\t<meta property=\"og:image:height\" content=\"661\" \/>\n\t<meta property=\"og:image:type\" content=\"image\/webp\" \/>\n<meta name=\"author\" content=\"Diario del Sur Digital\" \/>\n<meta name=\"twitter:card\" content=\"summary_large_image\" \/>\n<meta name=\"twitter:label1\" content=\"Escrito por\" \/>\n\t<meta name=\"twitter:data1\" content=\"Diario del Sur Digital\" \/>\n\t<meta name=\"twitter:label2\" content=\"Tiempo de lectura\" \/>\n\t<meta name=\"twitter:data2\" content=\"4 minutos\" \/>\n<script type=\"application\/ld+json\" class=\"yoast-schema-graph\">{\"@context\":\"https:\\\/\\\/schema.org\",\"@graph\":[{\"@type\":\"Article\",\"@id\":\"https:\\\/\\\/diariodelsurdigital.com.ar\\\/?p=558#article\",\"isPartOf\":{\"@id\":\"https:\\\/\\\/diariodelsurdigital.com.ar\\\/?p=558\"},\"author\":{\"name\":\"Diario del Sur Digital\",\"@id\":\"https:\\\/\\\/diariodelsurdigital.com.ar\\\/#\\\/schema\\\/person\\\/1a4992532ed62965c968031b49195c81\"},\"headline\":\"Carolina Gaillard: \u00abEl peronismo todav\u00eda no se dio cuenta del cambio de \u00e9poca\u00bb\",\"datePublished\":\"2025-01-13T17:27:45+00:00\",\"dateModified\":\"2025-01-13T17:27:46+00:00\",\"mainEntityOfPage\":{\"@id\":\"https:\\\/\\\/diariodelsurdigital.com.ar\\\/?p=558\"},\"wordCount\":753,\"commentCount\":0,\"image\":{\"@id\":\"https:\\\/\\\/diariodelsurdigital.com.ar\\\/?p=558#primaryimage\"},\"thumbnailUrl\":\"https:\\\/\\\/diariodelsurdigital.com.ar\\\/wp-content\\\/uploads\\\/2025\\\/01\\\/md-2025-01-13T142708.800.webp\",\"articleSection\":[\"Pol\u00edtica\",\"Provinciales\"],\"inLanguage\":\"es\",\"potentialAction\":[{\"@type\":\"CommentAction\",\"name\":\"Comment\",\"target\":[\"https:\\\/\\\/diariodelsurdigital.com.ar\\\/?p=558#respond\"]}]},{\"@type\":\"WebPage\",\"@id\":\"https:\\\/\\\/diariodelsurdigital.com.ar\\\/?p=558\",\"url\":\"https:\\\/\\\/diariodelsurdigital.com.ar\\\/?p=558\",\"name\":\"Carolina Gaillard: \\\"El peronismo todav\u00eda no se dio cuenta del cambio de \u00e9poca\\\" - Diario del Sur\",\"isPartOf\":{\"@id\":\"https:\\\/\\\/diariodelsurdigital.com.ar\\\/#website\"},\"primaryImageOfPage\":{\"@id\":\"https:\\\/\\\/diariodelsurdigital.com.ar\\\/?p=558#primaryimage\"},\"image\":{\"@id\":\"https:\\\/\\\/diariodelsurdigital.com.ar\\\/?p=558#primaryimage\"},\"thumbnailUrl\":\"https:\\\/\\\/diariodelsurdigital.com.ar\\\/wp-content\\\/uploads\\\/2025\\\/01\\\/md-2025-01-13T142708.800.webp\",\"datePublished\":\"2025-01-13T17:27:45+00:00\",\"dateModified\":\"2025-01-13T17:27:46+00:00\",\"author\":{\"@id\":\"https:\\\/\\\/diariodelsurdigital.com.ar\\\/#\\\/schema\\\/person\\\/1a4992532ed62965c968031b49195c81\"},\"breadcrumb\":{\"@id\":\"https:\\\/\\\/diariodelsurdigital.com.ar\\\/?p=558#breadcrumb\"},\"inLanguage\":\"es\",\"potentialAction\":[{\"@type\":\"ReadAction\",\"target\":[\"https:\\\/\\\/diariodelsurdigital.com.ar\\\/?p=558\"]}]},{\"@type\":\"ImageObject\",\"inLanguage\":\"es\",\"@id\":\"https:\\\/\\\/diariodelsurdigital.com.ar\\\/?p=558#primaryimage\",\"url\":\"https:\\\/\\\/diariodelsurdigital.com.ar\\\/wp-content\\\/uploads\\\/2025\\\/01\\\/md-2025-01-13T142708.800.webp\",\"contentUrl\":\"https:\\\/\\\/diariodelsurdigital.com.ar\\\/wp-content\\\/uploads\\\/2025\\\/01\\\/md-2025-01-13T142708.800.webp\",\"width\":992,\"height\":661},{\"@type\":\"BreadcrumbList\",\"@id\":\"https:\\\/\\\/diariodelsurdigital.com.ar\\\/?p=558#breadcrumb\",\"itemListElement\":[{\"@type\":\"ListItem\",\"position\":1,\"name\":\"Portada\",\"item\":\"https:\\\/\\\/diariodelsurdigital.com.ar\\\/\"},{\"@type\":\"ListItem\",\"position\":2,\"name\":\"Carolina Gaillard: \u00abEl peronismo todav\u00eda no se dio cuenta del cambio de \u00e9poca\u00bb\"}]},{\"@type\":\"WebSite\",\"@id\":\"https:\\\/\\\/diariodelsurdigital.com.ar\\\/#website\",\"url\":\"https:\\\/\\\/diariodelsurdigital.com.ar\\\/\",\"name\":\"Diario del Sur\",\"description\":\"Digital\",\"potentialAction\":[{\"@type\":\"SearchAction\",\"target\":{\"@type\":\"EntryPoint\",\"urlTemplate\":\"https:\\\/\\\/diariodelsurdigital.com.ar\\\/?s={search_term_string}\"},\"query-input\":{\"@type\":\"PropertyValueSpecification\",\"valueRequired\":true,\"valueName\":\"search_term_string\"}}],\"inLanguage\":\"es\"},{\"@type\":\"Person\",\"@id\":\"https:\\\/\\\/diariodelsurdigital.com.ar\\\/#\\\/schema\\\/person\\\/1a4992532ed62965c968031b49195c81\",\"name\":\"Diario del Sur Digital\",\"image\":{\"@type\":\"ImageObject\",\"inLanguage\":\"es\",\"@id\":\"https:\\\/\\\/secure.gravatar.com\\\/avatar\\\/f0c7c47fc7146d19828273b9b8eda651c9c7ab583767e6338d3d3bee825adf76?s=96&d=mm&r=g\",\"url\":\"https:\\\/\\\/secure.gravatar.com\\\/avatar\\\/f0c7c47fc7146d19828273b9b8eda651c9c7ab583767e6338d3d3bee825adf76?s=96&d=mm&r=g\",\"contentUrl\":\"https:\\\/\\\/secure.gravatar.com\\\/avatar\\\/f0c7c47fc7146d19828273b9b8eda651c9c7ab583767e6338d3d3bee825adf76?s=96&d=mm&r=g\",\"caption\":\"Diario del Sur Digital\"},\"url\":\"https:\\\/\\\/diariodelsurdigital.com.ar\\\/?author=4\"}]}<\/script>\n<!-- \/ Yoast SEO plugin. -->","yoast_head_json":{"title":"Carolina Gaillard: \"El peronismo todav\u00eda no se dio cuenta del cambio de \u00e9poca\" - Diario del Sur","robots":{"index":"index","follow":"follow","max-snippet":"max-snippet:-1","max-image-preview":"max-image-preview:large","max-video-preview":"max-video-preview:-1"},"canonical":"https:\/\/diariodelsurdigital.com.ar\/?p=558","og_locale":"es_ES","og_type":"article","og_title":"Carolina Gaillard: \"El peronismo todav\u00eda no se dio cuenta del cambio de \u00e9poca\" - Diario del Sur","og_description":"La diputada se refiri\u00f3 a las posibilidades del peronismo en 2025 y la herencia de un turbulento 2024. Hizo una fuerte autocr\u00edtica sobre el momento del PJ, habl\u00f3 sobre la detenci\u00f3n de Edgardo Kueider y tambi\u00e9n de c\u00f3mo podr\u00eda condicionar las chances de su espacio pol\u00edtico. Sobre la gesti\u00f3n de Frigerio se\u00f1al\u00f3: \u201cSe nota el [&hellip;]","og_url":"https:\/\/diariodelsurdigital.com.ar\/?p=558","og_site_name":"Diario del Sur","article_published_time":"2025-01-13T17:27:45+00:00","article_modified_time":"2025-01-13T17:27:46+00:00","og_image":[{"width":992,"height":661,"url":"https:\/\/diariodelsurdigital.com.ar\/wp-content\/uploads\/2025\/01\/md-2025-01-13T142708.800.webp","type":"image\/webp"}],"author":"Diario del Sur Digital","twitter_card":"summary_large_image","twitter_misc":{"Escrito por":"Diario del Sur Digital","Tiempo de lectura":"4 minutos"},"schema":{"@context":"https:\/\/schema.org","@graph":[{"@type":"Article","@id":"https:\/\/diariodelsurdigital.com.ar\/?p=558#article","isPartOf":{"@id":"https:\/\/diariodelsurdigital.com.ar\/?p=558"},"author":{"name":"Diario del Sur Digital","@id":"https:\/\/diariodelsurdigital.com.ar\/#\/schema\/person\/1a4992532ed62965c968031b49195c81"},"headline":"Carolina Gaillard: \u00abEl peronismo todav\u00eda no se dio cuenta del cambio de \u00e9poca\u00bb","datePublished":"2025-01-13T17:27:45+00:00","dateModified":"2025-01-13T17:27:46+00:00","mainEntityOfPage":{"@id":"https:\/\/diariodelsurdigital.com.ar\/?p=558"},"wordCount":753,"commentCount":0,"image":{"@id":"https:\/\/diariodelsurdigital.com.ar\/?p=558#primaryimage"},"thumbnailUrl":"https:\/\/diariodelsurdigital.com.ar\/wp-content\/uploads\/2025\/01\/md-2025-01-13T142708.800.webp","articleSection":["Pol\u00edtica","Provinciales"],"inLanguage":"es","potentialAction":[{"@type":"CommentAction","name":"Comment","target":["https:\/\/diariodelsurdigital.com.ar\/?p=558#respond"]}]},{"@type":"WebPage","@id":"https:\/\/diariodelsurdigital.com.ar\/?p=558","url":"https:\/\/diariodelsurdigital.com.ar\/?p=558","name":"Carolina Gaillard: \"El peronismo todav\u00eda no se dio cuenta del cambio de \u00e9poca\" - Diario del Sur","isPartOf":{"@id":"https:\/\/diariodelsurdigital.com.ar\/#website"},"primaryImageOfPage":{"@id":"https:\/\/diariodelsurdigital.com.ar\/?p=558#primaryimage"},"image":{"@id":"https:\/\/diariodelsurdigital.com.ar\/?p=558#primaryimage"},"thumbnailUrl":"https:\/\/diariodelsurdigital.com.ar\/wp-content\/uploads\/2025\/01\/md-2025-01-13T142708.800.webp","datePublished":"2025-01-13T17:27:45+00:00","dateModified":"2025-01-13T17:27:46+00:00","author":{"@id":"https:\/\/diariodelsurdigital.com.ar\/#\/schema\/person\/1a4992532ed62965c968031b49195c81"},"breadcrumb":{"@id":"https:\/\/diariodelsurdigital.com.ar\/?p=558#breadcrumb"},"inLanguage":"es","potentialAction":[{"@type":"ReadAction","target":["https:\/\/diariodelsurdigital.com.ar\/?p=558"]}]},{"@type":"ImageObject","inLanguage":"es","@id":"https:\/\/diariodelsurdigital.com.ar\/?p=558#primaryimage","url":"https:\/\/diariodelsurdigital.com.ar\/wp-content\/uploads\/2025\/01\/md-2025-01-13T142708.800.webp","contentUrl":"https:\/\/diariodelsurdigital.com.ar\/wp-content\/uploads\/2025\/01\/md-2025-01-13T142708.800.webp","width":992,"height":661},{"@type":"BreadcrumbList","@id":"https:\/\/diariodelsurdigital.com.ar\/?p=558#breadcrumb","itemListElement":[{"@type":"ListItem","position":1,"name":"Portada","item":"https:\/\/diariodelsurdigital.com.ar\/"},{"@type":"ListItem","position":2,"name":"Carolina Gaillard: \u00abEl peronismo todav\u00eda no se dio cuenta del cambio de \u00e9poca\u00bb"}]},{"@type":"WebSite","@id":"https:\/\/diariodelsurdigital.com.ar\/#website","url":"https:\/\/diariodelsurdigital.com.ar\/","name":"Diario del Sur","description":"Digital","potentialAction":[{"@type":"SearchAction","target":{"@type":"EntryPoint","urlTemplate":"https:\/\/diariodelsurdigital.com.ar\/?s={search_term_string}"},"query-input":{"@type":"PropertyValueSpecification","valueRequired":true,"valueName":"search_term_string"}}],"inLanguage":"es"},{"@type":"Person","@id":"https:\/\/diariodelsurdigital.com.ar\/#\/schema\/person\/1a4992532ed62965c968031b49195c81","name":"Diario del Sur Digital","image":{"@type":"ImageObject","inLanguage":"es","@id":"https:\/\/secure.gravatar.com\/avatar\/f0c7c47fc7146d19828273b9b8eda651c9c7ab583767e6338d3d3bee825adf76?s=96&d=mm&r=g","url":"https:\/\/secure.gravatar.com\/avatar\/f0c7c47fc7146d19828273b9b8eda651c9c7ab583767e6338d3d3bee825adf76?s=96&d=mm&r=g","contentUrl":"https:\/\/secure.gravatar.com\/avatar\/f0c7c47fc7146d19828273b9b8eda651c9c7ab583767e6338d3d3bee825adf76?s=96&d=mm&r=g","caption":"Diario del Sur Digital"},"url":"https:\/\/diariodelsurdigital.com.ar\/?author=4"}]}},"_links":{"self":[{"href":"https:\/\/diariodelsurdigital.com.ar\/index.php?rest_route=\/wp\/v2\/posts\/558","targetHints":{"allow":["GET"]}}],"collection":[{"href":"https:\/\/diariodelsurdigital.com.ar\/index.php?rest_route=\/wp\/v2\/posts"}],"about":[{"href":"https:\/\/diariodelsurdigital.com.ar\/index.php?rest_route=\/wp\/v2\/types\/post"}],"author":[{"embeddable":true,"href":"https:\/\/diariodelsurdigital.com.ar\/index.php?rest_route=\/wp\/v2\/users\/4"}],"replies":[{"embeddable":true,"href":"https:\/\/diariodelsurdigital.com.ar\/index.php?rest_route=%2Fwp%2Fv2%2Fcomments&post=558"}],"version-history":[{"count":1,"href":"https:\/\/diariodelsurdigital.com.ar\/index.php?rest_route=\/wp\/v2\/posts\/558\/revisions"}],"predecessor-version":[{"id":560,"href":"https:\/\/diariodelsurdigital.com.ar\/index.php?rest_route=\/wp\/v2\/posts\/558\/revisions\/560"}],"wp:featuredmedia":[{"embeddable":true,"href":"https:\/\/diariodelsurdigital.com.ar\/index.php?rest_route=\/wp\/v2\/media\/559"}],"wp:attachment":[{"href":"https:\/\/diariodelsurdigital.com.ar\/index.php?rest_route=%2Fwp%2Fv2%2Fmedia&parent=558"}],"wp:term":[{"taxonomy":"category","embeddable":true,"href":"https:\/\/diariodelsurdigital.com.ar\/index.php?rest_route=%2Fwp%2Fv2%2Fcategories&post=558"},{"taxonomy":"post_tag","embeddable":true,"href":"https:\/\/diariodelsurdigital.com.ar\/index.php?rest_route=%2Fwp%2Fv2%2Ftags&post=558"}],"curies":[{"name":"wp","href":"https:\/\/api.w.org\/{rel}","templated":true}]}}