{"id":5583,"date":"2025-11-08T20:47:16","date_gmt":"2025-11-08T23:47:16","guid":{"rendered":"https:\/\/diariodelsurdigital.com.ar\/?p=5583"},"modified":"2025-11-08T20:47:17","modified_gmt":"2025-11-08T23:47:17","slug":"concordia-se-prepara-para-el-xiii-encuentro-latinoamericano-de-poetas-y-narradores","status":"publish","type":"post","link":"https:\/\/diariodelsurdigital.com.ar\/?p=5583","title":{"rendered":"Concordia se prepara para el XIII Encuentro Latinoamericano de Poetas y Narradores"},"content":{"rendered":"\n<p><strong>El Centro Cultural Arreando Estrellas, uno de los espacios literarios m\u00e1s activos de Concordia, celebrar\u00e1 sus 20 a\u00f1os de trayectoria con la realizaci\u00f3n del XIII Encuentro Latinoamericano de Poetas y Narradores, que tendr\u00e1 lugar los d\u00edas 14, 15 y 16 de noviembre de 2025 en el Centro C\u00edvico Provincial, ubicado en Buenos Aires 179.<\/strong><\/p>\n\n\n\n<figure class=\"wp-block-image\"><img decoding=\"async\" src=\"https:\/\/cdnartic.ar\/e5zEBTV0m7LO_Pjf6jYAeGgbSOE=\/1500x0\/filters:no_upscale():format(webp):quality(40)\/https:\/\/elheraldocdn.eleco.com.ar\/media\/2025\/11\/centro.jpeg\" alt=\"Concordia se prepara para el XIII Encuentro Latinoamericano de Poetas y Narradores\"\/><\/figure>\n\n\n\n<p>Bajo el lema \u201cPor una cultura al alcance de todos\u201d, la organizaci\u00f3n convoca a escritores, narradores, lectores y p\u00fablico general a participar de tres jornadas dedicadas a la palabra y al intercambio cultural. El evento incluir\u00e1 rondas de lectura, presentaciones de libros, ponencias, exposiciones y venta de obras a cargo de los propios autores, adem\u00e1s de intervenciones art\u00edsticas y actividades especiales que acompa\u00f1ar\u00e1n el festejo por las dos d\u00e9cadas del proyecto cultural.<\/p>\n\n\n\n<p><strong>Una apertura cargada de homenajes y propuestas<\/strong><\/p>\n\n\n\n<p><br>Las actividades comenzar\u00e1n el viernes 14 a las 8.30, con la acreditaci\u00f3n y el acto oficial de apertura a las 9.30. Durante la ceremonia, adem\u00e1s de los saludos protocolares, se rendir\u00e1 homenaje a los fundadores del espacio, Isabel Castell\u00e1n y Carlos Sanabria, con palabras a cargo de la escritora Sandra P. Galarza. La ma\u00f1ana continuar\u00e1 con la actuaci\u00f3n del Ballet Municipal \u201cRenovando Sue\u00f1os\u201d y una nutrida agenda de rondas de lectura y presentaciones de libros, entre ellos \u201cPalabras que dicen\u201d de Nelda Lugrin y \u201cBajo la Urdimbre del Alma\u201d de Patricia Jaluff. Por la tarde, adem\u00e1s de nuevas lecturas y lanzamientos editoriales, se presentar\u00e1 la Antolog\u00eda 2025 de Arreando Estrellas y se realizar\u00e1 un recorrido por el Museo de la Imagen, en el marco de la Noche de los Museos. El cierre del d\u00eda estar\u00e1 a cargo de los alumnos del espacio art\u00edstico \u201cEl Garage\u201d, dirigido por Antonella Menge\u00f3n.<\/p>\n\n\n\n<p><strong>S\u00e1bado: libros, m\u00fasica y proyecciones<\/strong><\/p>\n\n\n\n<p><br>El s\u00e1bado 15 mantendr\u00e1 una din\u00e1mica similar, con un flujo continuo de lecturas y una importante presencia de autores regionales y nacionales. Se destacan las presentaciones de \u201cLas Mujeres y el Lunfardo\u201d de Gloria Malinskas, la antolog\u00eda \u201cAbrazos del Pensamiento\u201d y la presentaci\u00f3n internacional de la revista \u201cPiel de Letras, Literatura sin Fronteras\u201d, con participaci\u00f3n de escritores de Argentina y Espa\u00f1a.<br>Durante la tarde se sumar\u00e1n nuevos lanzamientos \u2014entre ellos obras de Edgardo Percara, Aldo Ares y Jos\u00e9 Luis Acosta\u2014, una interpretaci\u00f3n musical de una chamarrita compuesta por Acosta y Rosita Ramat Ferr\u00e9, y la proyecci\u00f3n de un video homenaje por los 20 a\u00f1os de Arreando Estrellas.<br>El d\u00eda concluir\u00e1 con m\u00fasica en vivo y una cena show festiva en el Club R\u00edo Uruguay.<\/p>\n\n\n\n<p><strong>Cierre con recorrido tur\u00edstico<\/strong><\/p>\n\n\n\n<p><br>El encuentro finalizar\u00e1 el domingo 16, a partir de las 9.30, con un paseo guiado por distintos puntos emblem\u00e1ticos de Concordia. Los participantes visitar\u00e1n el Castillo San Carlos y culminar\u00e1n la jornada con un lunch de despedida en el Naranjal de Pereda, donde se realizar\u00e1 el tradicional brindis de honor.<br>Un espacio cultural que celebra su historia<br>Arreando Estrellas, nacido en 2005, se ha consolidado como un referente para escritores de la regi\u00f3n y un puente de intercambio con autores de toda Latinoam\u00e9rica. Sus encuentros anuales, publicaciones y actividades comunitarias reflejan el esp\u00edritu que gu\u00eda al colectivo desde hace dos d\u00e9cadas: democratizar la palabra y promover la cultura como un derecho accesible para todos. Con su edici\u00f3n n\u00famero XIII, el encuentro promete una celebraci\u00f3n a la altura de la historia que representa, reforzando la identidad literaria de Concordia y su proyecci\u00f3n en el mapa cultural del continente.<\/p>\n\n\n\n<p>Fuente: El Heraldo<\/p>\n","protected":false},"excerpt":{"rendered":"<p>El Centro Cultural Arreando Estrellas, uno de los espacios literarios m\u00e1s activos de Concordia, celebrar\u00e1 sus 20 a\u00f1os de trayectoria con la realizaci\u00f3n del XIII Encuentro Latinoamericano de Poetas y Narradores, que tendr\u00e1 lugar los d\u00edas 14, 15 y 16 de noviembre de 2025 en el Centro C\u00edvico Provincial, ubicado en Buenos Aires 179. Bajo [&hellip;]<\/p>\n","protected":false},"author":3,"featured_media":5584,"comment_status":"open","ping_status":"open","sticky":false,"template":"","format":"standard","meta":{"footnotes":""},"categories":[19],"tags":[],"class_list":{"0":"post-5583","1":"post","2":"type-post","3":"status-publish","4":"format-standard","5":"has-post-thumbnail","7":"category-interes-general"},"yoast_head":"<!-- This site is optimized with the Yoast SEO plugin v27.4 - https:\/\/yoast.com\/product\/yoast-seo-wordpress\/ -->\n<title>Concordia se prepara para el XIII Encuentro Latinoamericano de Poetas y Narradores - Diario del Sur<\/title>\n<meta name=\"robots\" content=\"index, follow, max-snippet:-1, max-image-preview:large, max-video-preview:-1\" \/>\n<link rel=\"canonical\" href=\"https:\/\/diariodelsurdigital.com.ar\/?p=5583\" \/>\n<meta property=\"og:locale\" content=\"es_ES\" \/>\n<meta property=\"og:type\" content=\"article\" \/>\n<meta property=\"og:title\" content=\"Concordia se prepara para el XIII Encuentro Latinoamericano de Poetas y Narradores - Diario del Sur\" \/>\n<meta property=\"og:description\" content=\"El Centro Cultural Arreando Estrellas, uno de los espacios literarios m\u00e1s activos de Concordia, celebrar\u00e1 sus 20 a\u00f1os de trayectoria con la realizaci\u00f3n del XIII Encuentro Latinoamericano de Poetas y Narradores, que tendr\u00e1 lugar los d\u00edas 14, 15 y 16 de noviembre de 2025 en el Centro C\u00edvico Provincial, ubicado en Buenos Aires 179. Bajo [&hellip;]\" \/>\n<meta property=\"og:url\" content=\"https:\/\/diariodelsurdigital.com.ar\/?p=5583\" \/>\n<meta property=\"og:site_name\" content=\"Diario del Sur\" \/>\n<meta property=\"article:published_time\" content=\"2025-11-08T23:47:16+00:00\" \/>\n<meta property=\"article:modified_time\" content=\"2025-11-08T23:47:17+00:00\" \/>\n<meta property=\"og:image\" content=\"https:\/\/diariodelsurdigital.com.ar\/wp-content\/uploads\/2025\/11\/centro.webp\" \/>\n\t<meta property=\"og:image:width\" content=\"624\" \/>\n\t<meta property=\"og:image:height\" content=\"468\" \/>\n\t<meta property=\"og:image:type\" content=\"image\/webp\" \/>\n<meta name=\"author\" content=\"Diario del Sur Digital\" \/>\n<meta name=\"twitter:card\" content=\"summary_large_image\" \/>\n<meta name=\"twitter:label1\" content=\"Escrito por\" \/>\n\t<meta name=\"twitter:data1\" content=\"Diario del Sur Digital\" \/>\n\t<meta name=\"twitter:label2\" content=\"Tiempo de lectura\" \/>\n\t<meta name=\"twitter:data2\" content=\"3 minutos\" \/>\n<script type=\"application\/ld+json\" class=\"yoast-schema-graph\">{\"@context\":\"https:\\\/\\\/schema.org\",\"@graph\":[{\"@type\":\"Article\",\"@id\":\"https:\\\/\\\/diariodelsurdigital.com.ar\\\/?p=5583#article\",\"isPartOf\":{\"@id\":\"https:\\\/\\\/diariodelsurdigital.com.ar\\\/?p=5583\"},\"author\":{\"name\":\"Diario del Sur Digital\",\"@id\":\"https:\\\/\\\/diariodelsurdigital.com.ar\\\/#\\\/schema\\\/person\\\/d794acb23337e88c6e4004a39c32be62\"},\"headline\":\"Concordia se prepara para el XIII Encuentro Latinoamericano de Poetas y Narradores\",\"datePublished\":\"2025-11-08T23:47:16+00:00\",\"dateModified\":\"2025-11-08T23:47:17+00:00\",\"mainEntityOfPage\":{\"@id\":\"https:\\\/\\\/diariodelsurdigital.com.ar\\\/?p=5583\"},\"wordCount\":613,\"commentCount\":0,\"image\":{\"@id\":\"https:\\\/\\\/diariodelsurdigital.com.ar\\\/?p=5583#primaryimage\"},\"thumbnailUrl\":\"https:\\\/\\\/diariodelsurdigital.com.ar\\\/wp-content\\\/uploads\\\/2025\\\/11\\\/centro.webp\",\"articleSection\":[\"Inter\u00e9s General\"],\"inLanguage\":\"es\",\"potentialAction\":[{\"@type\":\"CommentAction\",\"name\":\"Comment\",\"target\":[\"https:\\\/\\\/diariodelsurdigital.com.ar\\\/?p=5583#respond\"]}]},{\"@type\":\"WebPage\",\"@id\":\"https:\\\/\\\/diariodelsurdigital.com.ar\\\/?p=5583\",\"url\":\"https:\\\/\\\/diariodelsurdigital.com.ar\\\/?p=5583\",\"name\":\"Concordia se prepara para el XIII Encuentro Latinoamericano de Poetas y Narradores - Diario del Sur\",\"isPartOf\":{\"@id\":\"https:\\\/\\\/diariodelsurdigital.com.ar\\\/#website\"},\"primaryImageOfPage\":{\"@id\":\"https:\\\/\\\/diariodelsurdigital.com.ar\\\/?p=5583#primaryimage\"},\"image\":{\"@id\":\"https:\\\/\\\/diariodelsurdigital.com.ar\\\/?p=5583#primaryimage\"},\"thumbnailUrl\":\"https:\\\/\\\/diariodelsurdigital.com.ar\\\/wp-content\\\/uploads\\\/2025\\\/11\\\/centro.webp\",\"datePublished\":\"2025-11-08T23:47:16+00:00\",\"dateModified\":\"2025-11-08T23:47:17+00:00\",\"author\":{\"@id\":\"https:\\\/\\\/diariodelsurdigital.com.ar\\\/#\\\/schema\\\/person\\\/d794acb23337e88c6e4004a39c32be62\"},\"breadcrumb\":{\"@id\":\"https:\\\/\\\/diariodelsurdigital.com.ar\\\/?p=5583#breadcrumb\"},\"inLanguage\":\"es\",\"potentialAction\":[{\"@type\":\"ReadAction\",\"target\":[\"https:\\\/\\\/diariodelsurdigital.com.ar\\\/?p=5583\"]}]},{\"@type\":\"ImageObject\",\"inLanguage\":\"es\",\"@id\":\"https:\\\/\\\/diariodelsurdigital.com.ar\\\/?p=5583#primaryimage\",\"url\":\"https:\\\/\\\/diariodelsurdigital.com.ar\\\/wp-content\\\/uploads\\\/2025\\\/11\\\/centro.webp\",\"contentUrl\":\"https:\\\/\\\/diariodelsurdigital.com.ar\\\/wp-content\\\/uploads\\\/2025\\\/11\\\/centro.webp\",\"width\":624,\"height\":468},{\"@type\":\"BreadcrumbList\",\"@id\":\"https:\\\/\\\/diariodelsurdigital.com.ar\\\/?p=5583#breadcrumb\",\"itemListElement\":[{\"@type\":\"ListItem\",\"position\":1,\"name\":\"Portada\",\"item\":\"https:\\\/\\\/diariodelsurdigital.com.ar\\\/\"},{\"@type\":\"ListItem\",\"position\":2,\"name\":\"Concordia se prepara para el XIII Encuentro Latinoamericano de Poetas y Narradores\"}]},{\"@type\":\"WebSite\",\"@id\":\"https:\\\/\\\/diariodelsurdigital.com.ar\\\/#website\",\"url\":\"https:\\\/\\\/diariodelsurdigital.com.ar\\\/\",\"name\":\"Diario del Sur\",\"description\":\"Digital\",\"potentialAction\":[{\"@type\":\"SearchAction\",\"target\":{\"@type\":\"EntryPoint\",\"urlTemplate\":\"https:\\\/\\\/diariodelsurdigital.com.ar\\\/?s={search_term_string}\"},\"query-input\":{\"@type\":\"PropertyValueSpecification\",\"valueRequired\":true,\"valueName\":\"search_term_string\"}}],\"inLanguage\":\"es\"},{\"@type\":\"Person\",\"@id\":\"https:\\\/\\\/diariodelsurdigital.com.ar\\\/#\\\/schema\\\/person\\\/d794acb23337e88c6e4004a39c32be62\",\"name\":\"Diario del Sur Digital\",\"image\":{\"@type\":\"ImageObject\",\"inLanguage\":\"es\",\"@id\":\"https:\\\/\\\/secure.gravatar.com\\\/avatar\\\/47679bcfa15734cfdefc176b6ad58adeeccac22b2e03e095ada6c622af2b463a?s=96&d=mm&r=g\",\"url\":\"https:\\\/\\\/secure.gravatar.com\\\/avatar\\\/47679bcfa15734cfdefc176b6ad58adeeccac22b2e03e095ada6c622af2b463a?s=96&d=mm&r=g\",\"contentUrl\":\"https:\\\/\\\/secure.gravatar.com\\\/avatar\\\/47679bcfa15734cfdefc176b6ad58adeeccac22b2e03e095ada6c622af2b463a?s=96&d=mm&r=g\",\"caption\":\"Diario del Sur Digital\"},\"url\":\"https:\\\/\\\/diariodelsurdigital.com.ar\\\/?author=3\"}]}<\/script>\n<!-- \/ Yoast SEO plugin. -->","yoast_head_json":{"title":"Concordia se prepara para el XIII Encuentro Latinoamericano de Poetas y Narradores - Diario del Sur","robots":{"index":"index","follow":"follow","max-snippet":"max-snippet:-1","max-image-preview":"max-image-preview:large","max-video-preview":"max-video-preview:-1"},"canonical":"https:\/\/diariodelsurdigital.com.ar\/?p=5583","og_locale":"es_ES","og_type":"article","og_title":"Concordia se prepara para el XIII Encuentro Latinoamericano de Poetas y Narradores - Diario del Sur","og_description":"El Centro Cultural Arreando Estrellas, uno de los espacios literarios m\u00e1s activos de Concordia, celebrar\u00e1 sus 20 a\u00f1os de trayectoria con la realizaci\u00f3n del XIII Encuentro Latinoamericano de Poetas y Narradores, que tendr\u00e1 lugar los d\u00edas 14, 15 y 16 de noviembre de 2025 en el Centro C\u00edvico Provincial, ubicado en Buenos Aires 179. Bajo [&hellip;]","og_url":"https:\/\/diariodelsurdigital.com.ar\/?p=5583","og_site_name":"Diario del Sur","article_published_time":"2025-11-08T23:47:16+00:00","article_modified_time":"2025-11-08T23:47:17+00:00","og_image":[{"width":624,"height":468,"url":"https:\/\/diariodelsurdigital.com.ar\/wp-content\/uploads\/2025\/11\/centro.webp","type":"image\/webp"}],"author":"Diario del Sur Digital","twitter_card":"summary_large_image","twitter_misc":{"Escrito por":"Diario del Sur Digital","Tiempo de lectura":"3 minutos"},"schema":{"@context":"https:\/\/schema.org","@graph":[{"@type":"Article","@id":"https:\/\/diariodelsurdigital.com.ar\/?p=5583#article","isPartOf":{"@id":"https:\/\/diariodelsurdigital.com.ar\/?p=5583"},"author":{"name":"Diario del Sur Digital","@id":"https:\/\/diariodelsurdigital.com.ar\/#\/schema\/person\/d794acb23337e88c6e4004a39c32be62"},"headline":"Concordia se prepara para el XIII Encuentro Latinoamericano de Poetas y Narradores","datePublished":"2025-11-08T23:47:16+00:00","dateModified":"2025-11-08T23:47:17+00:00","mainEntityOfPage":{"@id":"https:\/\/diariodelsurdigital.com.ar\/?p=5583"},"wordCount":613,"commentCount":0,"image":{"@id":"https:\/\/diariodelsurdigital.com.ar\/?p=5583#primaryimage"},"thumbnailUrl":"https:\/\/diariodelsurdigital.com.ar\/wp-content\/uploads\/2025\/11\/centro.webp","articleSection":["Inter\u00e9s General"],"inLanguage":"es","potentialAction":[{"@type":"CommentAction","name":"Comment","target":["https:\/\/diariodelsurdigital.com.ar\/?p=5583#respond"]}]},{"@type":"WebPage","@id":"https:\/\/diariodelsurdigital.com.ar\/?p=5583","url":"https:\/\/diariodelsurdigital.com.ar\/?p=5583","name":"Concordia se prepara para el XIII Encuentro Latinoamericano de Poetas y Narradores - Diario del Sur","isPartOf":{"@id":"https:\/\/diariodelsurdigital.com.ar\/#website"},"primaryImageOfPage":{"@id":"https:\/\/diariodelsurdigital.com.ar\/?p=5583#primaryimage"},"image":{"@id":"https:\/\/diariodelsurdigital.com.ar\/?p=5583#primaryimage"},"thumbnailUrl":"https:\/\/diariodelsurdigital.com.ar\/wp-content\/uploads\/2025\/11\/centro.webp","datePublished":"2025-11-08T23:47:16+00:00","dateModified":"2025-11-08T23:47:17+00:00","author":{"@id":"https:\/\/diariodelsurdigital.com.ar\/#\/schema\/person\/d794acb23337e88c6e4004a39c32be62"},"breadcrumb":{"@id":"https:\/\/diariodelsurdigital.com.ar\/?p=5583#breadcrumb"},"inLanguage":"es","potentialAction":[{"@type":"ReadAction","target":["https:\/\/diariodelsurdigital.com.ar\/?p=5583"]}]},{"@type":"ImageObject","inLanguage":"es","@id":"https:\/\/diariodelsurdigital.com.ar\/?p=5583#primaryimage","url":"https:\/\/diariodelsurdigital.com.ar\/wp-content\/uploads\/2025\/11\/centro.webp","contentUrl":"https:\/\/diariodelsurdigital.com.ar\/wp-content\/uploads\/2025\/11\/centro.webp","width":624,"height":468},{"@type":"BreadcrumbList","@id":"https:\/\/diariodelsurdigital.com.ar\/?p=5583#breadcrumb","itemListElement":[{"@type":"ListItem","position":1,"name":"Portada","item":"https:\/\/diariodelsurdigital.com.ar\/"},{"@type":"ListItem","position":2,"name":"Concordia se prepara para el XIII Encuentro Latinoamericano de Poetas y Narradores"}]},{"@type":"WebSite","@id":"https:\/\/diariodelsurdigital.com.ar\/#website","url":"https:\/\/diariodelsurdigital.com.ar\/","name":"Diario del Sur","description":"Digital","potentialAction":[{"@type":"SearchAction","target":{"@type":"EntryPoint","urlTemplate":"https:\/\/diariodelsurdigital.com.ar\/?s={search_term_string}"},"query-input":{"@type":"PropertyValueSpecification","valueRequired":true,"valueName":"search_term_string"}}],"inLanguage":"es"},{"@type":"Person","@id":"https:\/\/diariodelsurdigital.com.ar\/#\/schema\/person\/d794acb23337e88c6e4004a39c32be62","name":"Diario del Sur Digital","image":{"@type":"ImageObject","inLanguage":"es","@id":"https:\/\/secure.gravatar.com\/avatar\/47679bcfa15734cfdefc176b6ad58adeeccac22b2e03e095ada6c622af2b463a?s=96&d=mm&r=g","url":"https:\/\/secure.gravatar.com\/avatar\/47679bcfa15734cfdefc176b6ad58adeeccac22b2e03e095ada6c622af2b463a?s=96&d=mm&r=g","contentUrl":"https:\/\/secure.gravatar.com\/avatar\/47679bcfa15734cfdefc176b6ad58adeeccac22b2e03e095ada6c622af2b463a?s=96&d=mm&r=g","caption":"Diario del Sur Digital"},"url":"https:\/\/diariodelsurdigital.com.ar\/?author=3"}]}},"_links":{"self":[{"href":"https:\/\/diariodelsurdigital.com.ar\/index.php?rest_route=\/wp\/v2\/posts\/5583","targetHints":{"allow":["GET"]}}],"collection":[{"href":"https:\/\/diariodelsurdigital.com.ar\/index.php?rest_route=\/wp\/v2\/posts"}],"about":[{"href":"https:\/\/diariodelsurdigital.com.ar\/index.php?rest_route=\/wp\/v2\/types\/post"}],"author":[{"embeddable":true,"href":"https:\/\/diariodelsurdigital.com.ar\/index.php?rest_route=\/wp\/v2\/users\/3"}],"replies":[{"embeddable":true,"href":"https:\/\/diariodelsurdigital.com.ar\/index.php?rest_route=%2Fwp%2Fv2%2Fcomments&post=5583"}],"version-history":[{"count":1,"href":"https:\/\/diariodelsurdigital.com.ar\/index.php?rest_route=\/wp\/v2\/posts\/5583\/revisions"}],"predecessor-version":[{"id":5585,"href":"https:\/\/diariodelsurdigital.com.ar\/index.php?rest_route=\/wp\/v2\/posts\/5583\/revisions\/5585"}],"wp:featuredmedia":[{"embeddable":true,"href":"https:\/\/diariodelsurdigital.com.ar\/index.php?rest_route=\/wp\/v2\/media\/5584"}],"wp:attachment":[{"href":"https:\/\/diariodelsurdigital.com.ar\/index.php?rest_route=%2Fwp%2Fv2%2Fmedia&parent=5583"}],"wp:term":[{"taxonomy":"category","embeddable":true,"href":"https:\/\/diariodelsurdigital.com.ar\/index.php?rest_route=%2Fwp%2Fv2%2Fcategories&post=5583"},{"taxonomy":"post_tag","embeddable":true,"href":"https:\/\/diariodelsurdigital.com.ar\/index.php?rest_route=%2Fwp%2Fv2%2Ftags&post=5583"}],"curies":[{"name":"wp","href":"https:\/\/api.w.org\/{rel}","templated":true}]}}