{"id":5586,"date":"2025-11-08T20:50:21","date_gmt":"2025-11-08T23:50:21","guid":{"rendered":"https:\/\/diariodelsurdigital.com.ar\/?p=5586"},"modified":"2025-11-08T20:50:22","modified_gmt":"2025-11-08T23:50:22","slug":"accidente-laboral-en-concordia-un-hombre-cayo-de-un-arbol-y-fue-internado","status":"publish","type":"post","link":"https:\/\/diariodelsurdigital.com.ar\/?p=5586","title":{"rendered":"Accidente laboral en Concordia. Un hombre cay\u00f3 de un \u00e1rbol y fue internado"},"content":{"rendered":"\n<figure class=\"wp-block-image\"><img decoding=\"async\" src=\"https:\/\/media.elentrerios.com\/fotos-v2\/2025\/11\/08\/l_1762638761.jpg\" alt=\"\" title=\"\"\/><\/figure>\n\n\n\n<p>El hecho sucedi\u00f3 el jueves, alrededor de las 18. El damnificado, de 47 a\u00f1os y domiciliado en el Barrio Sapito de Concordia, se encontraba realizando ese tipo de trabajo, en \u00e1rboles al oeste de la ciudad.<\/p>\n\n\n\n<p>Seg\u00fan explicaron familiares de esta persona a la Polic\u00eda, estaba sacando hojas de eucaliptos plateado que luego los vend\u00eda en florer\u00edas, ya que se usan para hacer adornos y ramos; entre otras cosas.<\/p>\n\n\n\n<p>En esos menesteres se encontraba, cuando por motivos que se est\u00e1n investigando, cay\u00f3 de una altura considerable, golpeando con su cabeza y quedando con graves secuelas en su columna vertebral.<\/p>\n\n\n\n<h3 class=\"wp-block-heading\">Hospitalizado<\/h3>\n\n\n\n<p>Una vez socorrido y asistido, la v\u00edctima fue r\u00e1pidamente trasladada hasta la guardia del hospital Delicia Concepci\u00f3n Masvernat, desde donde se inform\u00f3 que este hombre tiene lesiones severas en su columna vertebral, por lo que evaluaba por estas horas, su traslado al hospital San Mart\u00edn, de Paran\u00e1.<\/p>\n\n\n\n<p>Sin embargo, producto de ese mismo cuadro delicado y la falta de camas en el hospital de la capital provincial, al menos hasta el mediod\u00eda de este viernes no pudo ser derivado. El parte m\u00e9dico del caso en cuesti\u00f3n, rezaba que los profesionales del Masvernat debieron \u201creevaluar al masculino\u201d, e informaron que presenta \u201cfractura tipo C con compromiso del conducto raqu\u00eddeo D5 y D6, con lesi\u00f3n inestable\u201d.<\/p>\n\n\n\n<p>El conducto raqu\u00eddeo es un canal hueco dentro de la columna vertebral que protege la m\u00e9dula espinal y las ra\u00edces nerviosas. Est\u00e1 formado por las aberturas en el centro de cada v\u00e9rtebra y alberga la m\u00e9dula espinal, desde la cual emergen 31 pares de nervios raqu\u00eddeos. Su funci\u00f3n principal es la protecci\u00f3n y la transmisi\u00f3n de se\u00f1ales nerviosas entre el cerebro y el resto del cuerpo, seg\u00fan public\u00f3 Diario R\u00edo Uruguay.<\/p>\n\n\n\n<p>Fuente: El Heraldo<\/p>\n","protected":false},"excerpt":{"rendered":"<p>El hecho sucedi\u00f3 el jueves, alrededor de las 18. El damnificado, de 47 a\u00f1os y domiciliado en el Barrio Sapito de Concordia, se encontraba realizando ese tipo de trabajo, en \u00e1rboles al oeste de la ciudad. Seg\u00fan explicaron familiares de esta persona a la Polic\u00eda, estaba sacando hojas de eucaliptos plateado que luego los vend\u00eda [&hellip;]<\/p>\n","protected":false},"author":3,"featured_media":0,"comment_status":"open","ping_status":"open","sticky":false,"template":"","format":"standard","meta":{"footnotes":""},"categories":[21],"tags":[],"class_list":{"0":"post-5586","1":"post","2":"type-post","3":"status-publish","4":"format-standard","6":"category-policiales"},"yoast_head":"<!-- This site is optimized with the Yoast SEO plugin v27.4 - https:\/\/yoast.com\/product\/yoast-seo-wordpress\/ -->\n<title>Accidente laboral en Concordia. Un hombre cay\u00f3 de un \u00e1rbol y fue internado - Diario del Sur<\/title>\n<meta name=\"robots\" content=\"index, follow, max-snippet:-1, max-image-preview:large, max-video-preview:-1\" \/>\n<link rel=\"canonical\" href=\"https:\/\/diariodelsurdigital.com.ar\/?p=5586\" \/>\n<meta property=\"og:locale\" content=\"es_ES\" \/>\n<meta property=\"og:type\" content=\"article\" \/>\n<meta property=\"og:title\" content=\"Accidente laboral en Concordia. Un hombre cay\u00f3 de un \u00e1rbol y fue internado - Diario del Sur\" \/>\n<meta property=\"og:description\" content=\"El hecho sucedi\u00f3 el jueves, alrededor de las 18. El damnificado, de 47 a\u00f1os y domiciliado en el Barrio Sapito de Concordia, se encontraba realizando ese tipo de trabajo, en \u00e1rboles al oeste de la ciudad. Seg\u00fan explicaron familiares de esta persona a la Polic\u00eda, estaba sacando hojas de eucaliptos plateado que luego los vend\u00eda [&hellip;]\" \/>\n<meta property=\"og:url\" content=\"https:\/\/diariodelsurdigital.com.ar\/?p=5586\" \/>\n<meta property=\"og:site_name\" content=\"Diario del Sur\" \/>\n<meta property=\"article:published_time\" content=\"2025-11-08T23:50:21+00:00\" \/>\n<meta property=\"article:modified_time\" content=\"2025-11-08T23:50:22+00:00\" \/>\n<meta property=\"og:image\" content=\"https:\/\/media.elentrerios.com\/fotos-v2\/2025\/11\/08\/l_1762638761.jpg\" \/>\n<meta name=\"author\" content=\"Diario del Sur Digital\" \/>\n<meta name=\"twitter:card\" content=\"summary_large_image\" \/>\n<meta name=\"twitter:label1\" content=\"Escrito por\" \/>\n\t<meta name=\"twitter:data1\" content=\"Diario del Sur Digital\" \/>\n\t<meta name=\"twitter:label2\" content=\"Tiempo de lectura\" \/>\n\t<meta name=\"twitter:data2\" content=\"2 minutos\" \/>\n<script type=\"application\/ld+json\" class=\"yoast-schema-graph\">{\"@context\":\"https:\\\/\\\/schema.org\",\"@graph\":[{\"@type\":\"Article\",\"@id\":\"https:\\\/\\\/diariodelsurdigital.com.ar\\\/?p=5586#article\",\"isPartOf\":{\"@id\":\"https:\\\/\\\/diariodelsurdigital.com.ar\\\/?p=5586\"},\"author\":{\"name\":\"Diario del Sur Digital\",\"@id\":\"https:\\\/\\\/diariodelsurdigital.com.ar\\\/#\\\/schema\\\/person\\\/d794acb23337e88c6e4004a39c32be62\"},\"headline\":\"Accidente laboral en Concordia. Un hombre cay\u00f3 de un \u00e1rbol y fue internado\",\"datePublished\":\"2025-11-08T23:50:21+00:00\",\"dateModified\":\"2025-11-08T23:50:22+00:00\",\"mainEntityOfPage\":{\"@id\":\"https:\\\/\\\/diariodelsurdigital.com.ar\\\/?p=5586\"},\"wordCount\":325,\"commentCount\":0,\"image\":{\"@id\":\"https:\\\/\\\/diariodelsurdigital.com.ar\\\/?p=5586#primaryimage\"},\"thumbnailUrl\":\"https:\\\/\\\/media.elentrerios.com\\\/fotos-v2\\\/2025\\\/11\\\/08\\\/l_1762638761.jpg\",\"articleSection\":[\"Policiales\"],\"inLanguage\":\"es\",\"potentialAction\":[{\"@type\":\"CommentAction\",\"name\":\"Comment\",\"target\":[\"https:\\\/\\\/diariodelsurdigital.com.ar\\\/?p=5586#respond\"]}]},{\"@type\":\"WebPage\",\"@id\":\"https:\\\/\\\/diariodelsurdigital.com.ar\\\/?p=5586\",\"url\":\"https:\\\/\\\/diariodelsurdigital.com.ar\\\/?p=5586\",\"name\":\"Accidente laboral en Concordia. Un hombre cay\u00f3 de un \u00e1rbol y fue internado - Diario del Sur\",\"isPartOf\":{\"@id\":\"https:\\\/\\\/diariodelsurdigital.com.ar\\\/#website\"},\"primaryImageOfPage\":{\"@id\":\"https:\\\/\\\/diariodelsurdigital.com.ar\\\/?p=5586#primaryimage\"},\"image\":{\"@id\":\"https:\\\/\\\/diariodelsurdigital.com.ar\\\/?p=5586#primaryimage\"},\"thumbnailUrl\":\"https:\\\/\\\/media.elentrerios.com\\\/fotos-v2\\\/2025\\\/11\\\/08\\\/l_1762638761.jpg\",\"datePublished\":\"2025-11-08T23:50:21+00:00\",\"dateModified\":\"2025-11-08T23:50:22+00:00\",\"author\":{\"@id\":\"https:\\\/\\\/diariodelsurdigital.com.ar\\\/#\\\/schema\\\/person\\\/d794acb23337e88c6e4004a39c32be62\"},\"breadcrumb\":{\"@id\":\"https:\\\/\\\/diariodelsurdigital.com.ar\\\/?p=5586#breadcrumb\"},\"inLanguage\":\"es\",\"potentialAction\":[{\"@type\":\"ReadAction\",\"target\":[\"https:\\\/\\\/diariodelsurdigital.com.ar\\\/?p=5586\"]}]},{\"@type\":\"ImageObject\",\"inLanguage\":\"es\",\"@id\":\"https:\\\/\\\/diariodelsurdigital.com.ar\\\/?p=5586#primaryimage\",\"url\":\"https:\\\/\\\/media.elentrerios.com\\\/fotos-v2\\\/2025\\\/11\\\/08\\\/l_1762638761.jpg\",\"contentUrl\":\"https:\\\/\\\/media.elentrerios.com\\\/fotos-v2\\\/2025\\\/11\\\/08\\\/l_1762638761.jpg\"},{\"@type\":\"BreadcrumbList\",\"@id\":\"https:\\\/\\\/diariodelsurdigital.com.ar\\\/?p=5586#breadcrumb\",\"itemListElement\":[{\"@type\":\"ListItem\",\"position\":1,\"name\":\"Portada\",\"item\":\"https:\\\/\\\/diariodelsurdigital.com.ar\\\/\"},{\"@type\":\"ListItem\",\"position\":2,\"name\":\"Accidente laboral en Concordia. Un hombre cay\u00f3 de un \u00e1rbol y fue internado\"}]},{\"@type\":\"WebSite\",\"@id\":\"https:\\\/\\\/diariodelsurdigital.com.ar\\\/#website\",\"url\":\"https:\\\/\\\/diariodelsurdigital.com.ar\\\/\",\"name\":\"Diario del Sur\",\"description\":\"Digital\",\"potentialAction\":[{\"@type\":\"SearchAction\",\"target\":{\"@type\":\"EntryPoint\",\"urlTemplate\":\"https:\\\/\\\/diariodelsurdigital.com.ar\\\/?s={search_term_string}\"},\"query-input\":{\"@type\":\"PropertyValueSpecification\",\"valueRequired\":true,\"valueName\":\"search_term_string\"}}],\"inLanguage\":\"es\"},{\"@type\":\"Person\",\"@id\":\"https:\\\/\\\/diariodelsurdigital.com.ar\\\/#\\\/schema\\\/person\\\/d794acb23337e88c6e4004a39c32be62\",\"name\":\"Diario del Sur Digital\",\"image\":{\"@type\":\"ImageObject\",\"inLanguage\":\"es\",\"@id\":\"https:\\\/\\\/secure.gravatar.com\\\/avatar\\\/47679bcfa15734cfdefc176b6ad58adeeccac22b2e03e095ada6c622af2b463a?s=96&d=mm&r=g\",\"url\":\"https:\\\/\\\/secure.gravatar.com\\\/avatar\\\/47679bcfa15734cfdefc176b6ad58adeeccac22b2e03e095ada6c622af2b463a?s=96&d=mm&r=g\",\"contentUrl\":\"https:\\\/\\\/secure.gravatar.com\\\/avatar\\\/47679bcfa15734cfdefc176b6ad58adeeccac22b2e03e095ada6c622af2b463a?s=96&d=mm&r=g\",\"caption\":\"Diario del Sur Digital\"},\"url\":\"https:\\\/\\\/diariodelsurdigital.com.ar\\\/?author=3\"}]}<\/script>\n<!-- \/ Yoast SEO plugin. -->","yoast_head_json":{"title":"Accidente laboral en Concordia. Un hombre cay\u00f3 de un \u00e1rbol y fue internado - Diario del Sur","robots":{"index":"index","follow":"follow","max-snippet":"max-snippet:-1","max-image-preview":"max-image-preview:large","max-video-preview":"max-video-preview:-1"},"canonical":"https:\/\/diariodelsurdigital.com.ar\/?p=5586","og_locale":"es_ES","og_type":"article","og_title":"Accidente laboral en Concordia. Un hombre cay\u00f3 de un \u00e1rbol y fue internado - Diario del Sur","og_description":"El hecho sucedi\u00f3 el jueves, alrededor de las 18. El damnificado, de 47 a\u00f1os y domiciliado en el Barrio Sapito de Concordia, se encontraba realizando ese tipo de trabajo, en \u00e1rboles al oeste de la ciudad. Seg\u00fan explicaron familiares de esta persona a la Polic\u00eda, estaba sacando hojas de eucaliptos plateado que luego los vend\u00eda [&hellip;]","og_url":"https:\/\/diariodelsurdigital.com.ar\/?p=5586","og_site_name":"Diario del Sur","article_published_time":"2025-11-08T23:50:21+00:00","article_modified_time":"2025-11-08T23:50:22+00:00","og_image":[{"url":"https:\/\/media.elentrerios.com\/fotos-v2\/2025\/11\/08\/l_1762638761.jpg","type":"","width":"","height":""}],"author":"Diario del Sur Digital","twitter_card":"summary_large_image","twitter_misc":{"Escrito por":"Diario del Sur Digital","Tiempo de lectura":"2 minutos"},"schema":{"@context":"https:\/\/schema.org","@graph":[{"@type":"Article","@id":"https:\/\/diariodelsurdigital.com.ar\/?p=5586#article","isPartOf":{"@id":"https:\/\/diariodelsurdigital.com.ar\/?p=5586"},"author":{"name":"Diario del Sur Digital","@id":"https:\/\/diariodelsurdigital.com.ar\/#\/schema\/person\/d794acb23337e88c6e4004a39c32be62"},"headline":"Accidente laboral en Concordia. Un hombre cay\u00f3 de un \u00e1rbol y fue internado","datePublished":"2025-11-08T23:50:21+00:00","dateModified":"2025-11-08T23:50:22+00:00","mainEntityOfPage":{"@id":"https:\/\/diariodelsurdigital.com.ar\/?p=5586"},"wordCount":325,"commentCount":0,"image":{"@id":"https:\/\/diariodelsurdigital.com.ar\/?p=5586#primaryimage"},"thumbnailUrl":"https:\/\/media.elentrerios.com\/fotos-v2\/2025\/11\/08\/l_1762638761.jpg","articleSection":["Policiales"],"inLanguage":"es","potentialAction":[{"@type":"CommentAction","name":"Comment","target":["https:\/\/diariodelsurdigital.com.ar\/?p=5586#respond"]}]},{"@type":"WebPage","@id":"https:\/\/diariodelsurdigital.com.ar\/?p=5586","url":"https:\/\/diariodelsurdigital.com.ar\/?p=5586","name":"Accidente laboral en Concordia. Un hombre cay\u00f3 de un \u00e1rbol y fue internado - Diario del Sur","isPartOf":{"@id":"https:\/\/diariodelsurdigital.com.ar\/#website"},"primaryImageOfPage":{"@id":"https:\/\/diariodelsurdigital.com.ar\/?p=5586#primaryimage"},"image":{"@id":"https:\/\/diariodelsurdigital.com.ar\/?p=5586#primaryimage"},"thumbnailUrl":"https:\/\/media.elentrerios.com\/fotos-v2\/2025\/11\/08\/l_1762638761.jpg","datePublished":"2025-11-08T23:50:21+00:00","dateModified":"2025-11-08T23:50:22+00:00","author":{"@id":"https:\/\/diariodelsurdigital.com.ar\/#\/schema\/person\/d794acb23337e88c6e4004a39c32be62"},"breadcrumb":{"@id":"https:\/\/diariodelsurdigital.com.ar\/?p=5586#breadcrumb"},"inLanguage":"es","potentialAction":[{"@type":"ReadAction","target":["https:\/\/diariodelsurdigital.com.ar\/?p=5586"]}]},{"@type":"ImageObject","inLanguage":"es","@id":"https:\/\/diariodelsurdigital.com.ar\/?p=5586#primaryimage","url":"https:\/\/media.elentrerios.com\/fotos-v2\/2025\/11\/08\/l_1762638761.jpg","contentUrl":"https:\/\/media.elentrerios.com\/fotos-v2\/2025\/11\/08\/l_1762638761.jpg"},{"@type":"BreadcrumbList","@id":"https:\/\/diariodelsurdigital.com.ar\/?p=5586#breadcrumb","itemListElement":[{"@type":"ListItem","position":1,"name":"Portada","item":"https:\/\/diariodelsurdigital.com.ar\/"},{"@type":"ListItem","position":2,"name":"Accidente laboral en Concordia. Un hombre cay\u00f3 de un \u00e1rbol y fue internado"}]},{"@type":"WebSite","@id":"https:\/\/diariodelsurdigital.com.ar\/#website","url":"https:\/\/diariodelsurdigital.com.ar\/","name":"Diario del Sur","description":"Digital","potentialAction":[{"@type":"SearchAction","target":{"@type":"EntryPoint","urlTemplate":"https:\/\/diariodelsurdigital.com.ar\/?s={search_term_string}"},"query-input":{"@type":"PropertyValueSpecification","valueRequired":true,"valueName":"search_term_string"}}],"inLanguage":"es"},{"@type":"Person","@id":"https:\/\/diariodelsurdigital.com.ar\/#\/schema\/person\/d794acb23337e88c6e4004a39c32be62","name":"Diario del Sur Digital","image":{"@type":"ImageObject","inLanguage":"es","@id":"https:\/\/secure.gravatar.com\/avatar\/47679bcfa15734cfdefc176b6ad58adeeccac22b2e03e095ada6c622af2b463a?s=96&d=mm&r=g","url":"https:\/\/secure.gravatar.com\/avatar\/47679bcfa15734cfdefc176b6ad58adeeccac22b2e03e095ada6c622af2b463a?s=96&d=mm&r=g","contentUrl":"https:\/\/secure.gravatar.com\/avatar\/47679bcfa15734cfdefc176b6ad58adeeccac22b2e03e095ada6c622af2b463a?s=96&d=mm&r=g","caption":"Diario del Sur Digital"},"url":"https:\/\/diariodelsurdigital.com.ar\/?author=3"}]}},"_links":{"self":[{"href":"https:\/\/diariodelsurdigital.com.ar\/index.php?rest_route=\/wp\/v2\/posts\/5586","targetHints":{"allow":["GET"]}}],"collection":[{"href":"https:\/\/diariodelsurdigital.com.ar\/index.php?rest_route=\/wp\/v2\/posts"}],"about":[{"href":"https:\/\/diariodelsurdigital.com.ar\/index.php?rest_route=\/wp\/v2\/types\/post"}],"author":[{"embeddable":true,"href":"https:\/\/diariodelsurdigital.com.ar\/index.php?rest_route=\/wp\/v2\/users\/3"}],"replies":[{"embeddable":true,"href":"https:\/\/diariodelsurdigital.com.ar\/index.php?rest_route=%2Fwp%2Fv2%2Fcomments&post=5586"}],"version-history":[{"count":1,"href":"https:\/\/diariodelsurdigital.com.ar\/index.php?rest_route=\/wp\/v2\/posts\/5586\/revisions"}],"predecessor-version":[{"id":5587,"href":"https:\/\/diariodelsurdigital.com.ar\/index.php?rest_route=\/wp\/v2\/posts\/5586\/revisions\/5587"}],"wp:attachment":[{"href":"https:\/\/diariodelsurdigital.com.ar\/index.php?rest_route=%2Fwp%2Fv2%2Fmedia&parent=5586"}],"wp:term":[{"taxonomy":"category","embeddable":true,"href":"https:\/\/diariodelsurdigital.com.ar\/index.php?rest_route=%2Fwp%2Fv2%2Fcategories&post=5586"},{"taxonomy":"post_tag","embeddable":true,"href":"https:\/\/diariodelsurdigital.com.ar\/index.php?rest_route=%2Fwp%2Fv2%2Ftags&post=5586"}],"curies":[{"name":"wp","href":"https:\/\/api.w.org\/{rel}","templated":true}]}}