{"id":5592,"date":"2025-11-09T14:43:28","date_gmt":"2025-11-09T17:43:28","guid":{"rendered":"https:\/\/diariodelsurdigital.com.ar\/?p=5592"},"modified":"2025-11-09T14:43:28","modified_gmt":"2025-11-09T17:43:28","slug":"los-hogares-pagaran-la-luz-mas-cara-que-las-industrias-este-verano-por-la-reforma-del-mercado-electrico","status":"publish","type":"post","link":"https:\/\/diariodelsurdigital.com.ar\/?p=5592","title":{"rendered":"Los hogares pagar\u00e1n la luz m\u00e1s cara que las industrias este verano por la reforma del mercado el\u00e9ctrico"},"content":{"rendered":"\n<p><strong>La segmentaci\u00f3n de tarifas y acuerdos contractuales impactar\u00e1 en la estructura de costos y en la estacionalidad del gasto energ\u00e9tico para distintos tipos de clientes.<\/strong><\/p>\n\n\n\n<figure class=\"wp-block-image\"><img decoding=\"async\" src=\"https:\/\/cdnartic.ar\/5zUm1WAw6CL_LNxr81uIqkm6Y9E=\/1500x0\/filters:no_upscale():format(webp):quality(40)\/https:\/\/elheraldocdn.eleco.com.ar\/media\/2025\/11\/reforma_mercado_electrico.jpeg\" alt=\"Los hogares pagar\u00e1n la luz m\u00e1s cara que las industrias este verano por la reforma del mercado el\u00e9ctrico\"\/><\/figure>\n\n\n\n<p>Las familias abonar\u00e1n valores superiores por la energ\u00eda el\u00e9ctrica frente a los sectores industriales y comerciales durante el verano. Esta din\u00e1mica responde a las disposiciones oficiales recientes de la reforma el\u00e9ctrica que impulsa el Gobierno, que modifican la metodolog\u00eda de formaci\u00f3n de precios y los mecanismos de abastecimiento en el mercado mayorista.<br>Seg\u00fan la Resoluci\u00f3n 434\/2025 de la Secretar\u00eda de Energ\u00eda, vigente desde noviembre, el valor del megavatio-hora (MWh) para el uso residencial se ubica entre 56.054 y 58.281 pesos hasta el 30 de abril de 2026. Para los grandes usuarios no residenciales, las sumas van de 47.310 a 51.633 pesos, en funci\u00f3n de la franja horaria y la relaci\u00f3n contractual con la distribuidora, inform\u00f3 Infobae. Esta estructura se aplica a todo el pa\u00eds, con fuerte impacto en el \u00c1rea Metropolitana de Buenos Aires (AMBA).<br>Durante noviembre los hogares experimentaron subas en las facturas el\u00e9ctricas de entre 3,4% y 4,1%, mientras industrias y comercios recibieron actualizaciones menores o incluso reducciones. La mayor\u00eda de los usuarios empresariales tuvo una baja tarifaria cercana al 1%, aunque algunos sectores industriales llegaron a una disminuci\u00f3n del 10,3 por ciento.<br>Expertos consultados atribuyen estas diferencias a la combinaci\u00f3n de fuentes y contratos que participan en el abastecimiento energ\u00e9tico nacional. Mientras los hogares reciben energ\u00eda a partir de una mezcla m\u00e1s costosa y estable, que incluye fuentes renovables, nuclear e hidroel\u00e9ctrica, los grandes usuarios industriales y comerciales acceden a un volumen m\u00e1s importante de energ\u00eda spot, la cual cotiza diariamente seg\u00fan la oferta y la demanda del sistema. El mercado spot es el segmento en el que la energ\u00eda se compra y se vende para entrega inmediata, con precios que var\u00edan a diario.<br>El nuevo mecanismo regula de manera diferenciada a usuarios residenciales, que mantienen subsidios parciales, y a consumidores no residenciales, cada vez m\u00e1s sujetos al mercado. \u201cLos hogares pagan tarifas m\u00e1s altas porque se los abastece con una combinaci\u00f3n de fuentes de energ\u00eda m\u00e1s costosa y estable, mientras que la industria y el comercio acceden a una mezcla mayor de energ\u00eda spot\u201d, explic\u00f3 una fuente del sector. Este esquema deriva de la Resoluci\u00f3n 400\/25, que asigna la energ\u00eda y revisa gradualmente el modelo previo de subsidios generalizados.<br>El gas natural, principal insumo de la generaci\u00f3n t\u00e9rmica, incide de manera central en la definici\u00f3n de costos. Durante el verano, el precio del gas ronda un d\u00f3lar por mill\u00f3n de BTU, mientras en invierno puede llegar a 20 d\u00f3lares por la mayor demanda para calefacci\u00f3n. De noviembre a abril, el costo m\u00e1s bajo de los combustibles beneficia principalmente a industrias y comercios, introduciendo una diferencia temporal en las tarifas de cada segmento.<br>La segmentaci\u00f3n tarifaria responde a la necesidad estatal de reducir las transferencias del Tesoro destinadas a subsidiar el costo de la energ\u00eda, una pol\u00edtica reiterada por el Gobierno de Javier Milei. La iniciativa pretende introducir se\u00f1ales de precios m\u00e1s precisas y avanzar hacia la desregulaci\u00f3n gradual del mercado el\u00e9ctrico, remarc\u00f3 el \u00e1rea energ\u00e9tica nacional. El objetivo es retornar de manera progresiva a un sistema competitivo, similar al de los a\u00f1os \u201890, donde la demanda pactaba contratos directos con los generadores.<br>Durante la d\u00e9cada anterior, la centralizaci\u00f3n de la compra y venta de energ\u00eda a trav\u00e9s de la Compa\u00f1\u00eda Administradora del Mercado Mayorista El\u00e9ctrico (CAMMESA) fortaleci\u00f3 los subsidios cruzados entre tipos de usuarios. Aunque la reforma actual conserva ciertas protecciones para usuarios prioritarios, fomenta que los grandes consumidores gestionen contratos de suministro propios. Fuentes oficiales destacaron frente a Infobae que el Gobierno busca garantizar precios m\u00e1s estables y previsibles para los hogares a lo largo del a\u00f1o.<br>En 2025, los usuarios de altos ingresos afrontaron aproximadamente el 85% del costo real de generaci\u00f3n, mientras que los de ingresos medios y bajos solo pagaron el 57% y 38%, respectivamente, de los costos efectivos, seg\u00fan la consultora Econom\u00eda y Energ\u00eda (EyE). Este desfase refleja la magnitud de los subsidios a\u00fan existentes y explica la presi\u00f3n para ajustar las tarifas y equilibrar el esfuerzo entre segmentos.<br>El mayor impacto recae en los hogares de nivel 2 y nivel 3, correspondientes a ingresos bajos y medios. Las variaciones en las facturas de estos grupos durante este a\u00f1o estuvieron vinculadas principalmente a la reducci\u00f3n escalonada de los subsidios. Los hogares de mayores ingresos registraron un ajuste menor en valores reales, influido por la revaluaci\u00f3n del peso respecto al d\u00f3lar.<br>Por norma oficial, las nuevas reglas se mantendr\u00e1n al menos hasta el 30 de abril de 2026. Durante ese periodo se consolidar\u00e1 el modelo estacional, en el que los hogares pagar\u00e1n m\u00e1s en verano y la industria y el comercio asumir\u00e1n mayores precios en invierno, por el encarecimiento de la generaci\u00f3n t\u00e9rmica.<br>El cambio no s\u00f3lo abarca la estructura tarifaria, sino tambi\u00e9n los canales de contrataci\u00f3n y la profundizaci\u00f3n de la segmentaci\u00f3n de los subsidios. El ajuste progresivo y la introducci\u00f3n de precios diferenciados buscan limitar el d\u00e9ficit fiscal y acercar el sistema el\u00e9ctrico argentino a los modelos de competencia internacional.<br>Las facturas de noviembre, primeras en plasmar el nuevo esquema, ya exhibieron incrementos superiores al promedio previo al proceso electoral, que era del 2% mensual. El mercado prev\u00e9 que las actualizaciones tarifarias contin\u00faen en los pr\u00f3ximos meses, atadas a la evoluci\u00f3n del precio de los combustibles y al retiro gradual de los subsidios en el marco del equilibrio fiscal. NA.<\/p>\n\n\n\n<p>Fuente: El Heraldo<\/p>\n","protected":false},"excerpt":{"rendered":"<p>La segmentaci\u00f3n de tarifas y acuerdos contractuales impactar\u00e1 en la estructura de costos y en la estacionalidad del gasto energ\u00e9tico para distintos tipos de clientes. Las familias abonar\u00e1n valores superiores por la energ\u00eda el\u00e9ctrica frente a los sectores industriales y comerciales durante el verano. Esta din\u00e1mica responde a las disposiciones oficiales recientes de la reforma [&hellip;]<\/p>\n","protected":false},"author":3,"featured_media":5593,"comment_status":"open","ping_status":"open","sticky":false,"template":"","format":"standard","meta":{"footnotes":""},"categories":[19],"tags":[],"class_list":{"0":"post-5592","1":"post","2":"type-post","3":"status-publish","4":"format-standard","5":"has-post-thumbnail","7":"category-interes-general"},"yoast_head":"<!-- This site is optimized with the Yoast SEO plugin v27.4 - https:\/\/yoast.com\/product\/yoast-seo-wordpress\/ -->\n<title>Los hogares pagar\u00e1n la luz m\u00e1s cara que las industrias este verano por la reforma del mercado el\u00e9ctrico - Diario del Sur<\/title>\n<meta name=\"robots\" content=\"index, follow, max-snippet:-1, max-image-preview:large, max-video-preview:-1\" \/>\n<link rel=\"canonical\" href=\"https:\/\/diariodelsurdigital.com.ar\/?p=5592\" \/>\n<meta property=\"og:locale\" content=\"es_ES\" \/>\n<meta property=\"og:type\" content=\"article\" \/>\n<meta property=\"og:title\" content=\"Los hogares pagar\u00e1n la luz m\u00e1s cara que las industrias este verano por la reforma del mercado el\u00e9ctrico - Diario del Sur\" \/>\n<meta property=\"og:description\" content=\"La segmentaci\u00f3n de tarifas y acuerdos contractuales impactar\u00e1 en la estructura de costos y en la estacionalidad del gasto energ\u00e9tico para distintos tipos de clientes. Las familias abonar\u00e1n valores superiores por la energ\u00eda el\u00e9ctrica frente a los sectores industriales y comerciales durante el verano. Esta din\u00e1mica responde a las disposiciones oficiales recientes de la reforma [&hellip;]\" \/>\n<meta property=\"og:url\" content=\"https:\/\/diariodelsurdigital.com.ar\/?p=5592\" \/>\n<meta property=\"og:site_name\" content=\"Diario del Sur\" \/>\n<meta property=\"article:published_time\" content=\"2025-11-09T17:43:28+00:00\" \/>\n<meta property=\"og:image\" content=\"https:\/\/diariodelsurdigital.com.ar\/wp-content\/uploads\/2025\/11\/reforma_mercado_electrico.webp\" \/>\n\t<meta property=\"og:image:width\" content=\"741\" \/>\n\t<meta property=\"og:image:height\" content=\"556\" \/>\n\t<meta property=\"og:image:type\" content=\"image\/webp\" \/>\n<meta name=\"author\" content=\"Diario del Sur Digital\" \/>\n<meta name=\"twitter:card\" content=\"summary_large_image\" \/>\n<meta name=\"twitter:label1\" content=\"Escrito por\" \/>\n\t<meta name=\"twitter:data1\" content=\"Diario del Sur Digital\" \/>\n\t<meta name=\"twitter:label2\" content=\"Tiempo de lectura\" \/>\n\t<meta name=\"twitter:data2\" content=\"5 minutos\" \/>\n<script type=\"application\/ld+json\" class=\"yoast-schema-graph\">{\"@context\":\"https:\\\/\\\/schema.org\",\"@graph\":[{\"@type\":\"Article\",\"@id\":\"https:\\\/\\\/diariodelsurdigital.com.ar\\\/?p=5592#article\",\"isPartOf\":{\"@id\":\"https:\\\/\\\/diariodelsurdigital.com.ar\\\/?p=5592\"},\"author\":{\"name\":\"Diario del Sur Digital\",\"@id\":\"https:\\\/\\\/diariodelsurdigital.com.ar\\\/#\\\/schema\\\/person\\\/d794acb23337e88c6e4004a39c32be62\"},\"headline\":\"Los hogares pagar\u00e1n la luz m\u00e1s cara que las industrias este verano por la reforma del mercado el\u00e9ctrico\",\"datePublished\":\"2025-11-09T17:43:28+00:00\",\"mainEntityOfPage\":{\"@id\":\"https:\\\/\\\/diariodelsurdigital.com.ar\\\/?p=5592\"},\"wordCount\":995,\"commentCount\":0,\"image\":{\"@id\":\"https:\\\/\\\/diariodelsurdigital.com.ar\\\/?p=5592#primaryimage\"},\"thumbnailUrl\":\"https:\\\/\\\/diariodelsurdigital.com.ar\\\/wp-content\\\/uploads\\\/2025\\\/11\\\/reforma_mercado_electrico.webp\",\"articleSection\":[\"Inter\u00e9s General\"],\"inLanguage\":\"es\",\"potentialAction\":[{\"@type\":\"CommentAction\",\"name\":\"Comment\",\"target\":[\"https:\\\/\\\/diariodelsurdigital.com.ar\\\/?p=5592#respond\"]}]},{\"@type\":\"WebPage\",\"@id\":\"https:\\\/\\\/diariodelsurdigital.com.ar\\\/?p=5592\",\"url\":\"https:\\\/\\\/diariodelsurdigital.com.ar\\\/?p=5592\",\"name\":\"Los hogares pagar\u00e1n la luz m\u00e1s cara que las industrias este verano por la reforma del mercado el\u00e9ctrico - Diario del Sur\",\"isPartOf\":{\"@id\":\"https:\\\/\\\/diariodelsurdigital.com.ar\\\/#website\"},\"primaryImageOfPage\":{\"@id\":\"https:\\\/\\\/diariodelsurdigital.com.ar\\\/?p=5592#primaryimage\"},\"image\":{\"@id\":\"https:\\\/\\\/diariodelsurdigital.com.ar\\\/?p=5592#primaryimage\"},\"thumbnailUrl\":\"https:\\\/\\\/diariodelsurdigital.com.ar\\\/wp-content\\\/uploads\\\/2025\\\/11\\\/reforma_mercado_electrico.webp\",\"datePublished\":\"2025-11-09T17:43:28+00:00\",\"author\":{\"@id\":\"https:\\\/\\\/diariodelsurdigital.com.ar\\\/#\\\/schema\\\/person\\\/d794acb23337e88c6e4004a39c32be62\"},\"breadcrumb\":{\"@id\":\"https:\\\/\\\/diariodelsurdigital.com.ar\\\/?p=5592#breadcrumb\"},\"inLanguage\":\"es\",\"potentialAction\":[{\"@type\":\"ReadAction\",\"target\":[\"https:\\\/\\\/diariodelsurdigital.com.ar\\\/?p=5592\"]}]},{\"@type\":\"ImageObject\",\"inLanguage\":\"es\",\"@id\":\"https:\\\/\\\/diariodelsurdigital.com.ar\\\/?p=5592#primaryimage\",\"url\":\"https:\\\/\\\/diariodelsurdigital.com.ar\\\/wp-content\\\/uploads\\\/2025\\\/11\\\/reforma_mercado_electrico.webp\",\"contentUrl\":\"https:\\\/\\\/diariodelsurdigital.com.ar\\\/wp-content\\\/uploads\\\/2025\\\/11\\\/reforma_mercado_electrico.webp\",\"width\":741,\"height\":556},{\"@type\":\"BreadcrumbList\",\"@id\":\"https:\\\/\\\/diariodelsurdigital.com.ar\\\/?p=5592#breadcrumb\",\"itemListElement\":[{\"@type\":\"ListItem\",\"position\":1,\"name\":\"Portada\",\"item\":\"https:\\\/\\\/diariodelsurdigital.com.ar\\\/\"},{\"@type\":\"ListItem\",\"position\":2,\"name\":\"Los hogares pagar\u00e1n la luz m\u00e1s cara que las industrias este verano por la reforma del mercado el\u00e9ctrico\"}]},{\"@type\":\"WebSite\",\"@id\":\"https:\\\/\\\/diariodelsurdigital.com.ar\\\/#website\",\"url\":\"https:\\\/\\\/diariodelsurdigital.com.ar\\\/\",\"name\":\"Diario del Sur\",\"description\":\"Digital\",\"potentialAction\":[{\"@type\":\"SearchAction\",\"target\":{\"@type\":\"EntryPoint\",\"urlTemplate\":\"https:\\\/\\\/diariodelsurdigital.com.ar\\\/?s={search_term_string}\"},\"query-input\":{\"@type\":\"PropertyValueSpecification\",\"valueRequired\":true,\"valueName\":\"search_term_string\"}}],\"inLanguage\":\"es\"},{\"@type\":\"Person\",\"@id\":\"https:\\\/\\\/diariodelsurdigital.com.ar\\\/#\\\/schema\\\/person\\\/d794acb23337e88c6e4004a39c32be62\",\"name\":\"Diario del Sur Digital\",\"image\":{\"@type\":\"ImageObject\",\"inLanguage\":\"es\",\"@id\":\"https:\\\/\\\/secure.gravatar.com\\\/avatar\\\/47679bcfa15734cfdefc176b6ad58adeeccac22b2e03e095ada6c622af2b463a?s=96&d=mm&r=g\",\"url\":\"https:\\\/\\\/secure.gravatar.com\\\/avatar\\\/47679bcfa15734cfdefc176b6ad58adeeccac22b2e03e095ada6c622af2b463a?s=96&d=mm&r=g\",\"contentUrl\":\"https:\\\/\\\/secure.gravatar.com\\\/avatar\\\/47679bcfa15734cfdefc176b6ad58adeeccac22b2e03e095ada6c622af2b463a?s=96&d=mm&r=g\",\"caption\":\"Diario del Sur Digital\"},\"url\":\"https:\\\/\\\/diariodelsurdigital.com.ar\\\/?author=3\"}]}<\/script>\n<!-- \/ Yoast SEO plugin. -->","yoast_head_json":{"title":"Los hogares pagar\u00e1n la luz m\u00e1s cara que las industrias este verano por la reforma del mercado el\u00e9ctrico - Diario del Sur","robots":{"index":"index","follow":"follow","max-snippet":"max-snippet:-1","max-image-preview":"max-image-preview:large","max-video-preview":"max-video-preview:-1"},"canonical":"https:\/\/diariodelsurdigital.com.ar\/?p=5592","og_locale":"es_ES","og_type":"article","og_title":"Los hogares pagar\u00e1n la luz m\u00e1s cara que las industrias este verano por la reforma del mercado el\u00e9ctrico - Diario del Sur","og_description":"La segmentaci\u00f3n de tarifas y acuerdos contractuales impactar\u00e1 en la estructura de costos y en la estacionalidad del gasto energ\u00e9tico para distintos tipos de clientes. Las familias abonar\u00e1n valores superiores por la energ\u00eda el\u00e9ctrica frente a los sectores industriales y comerciales durante el verano. Esta din\u00e1mica responde a las disposiciones oficiales recientes de la reforma [&hellip;]","og_url":"https:\/\/diariodelsurdigital.com.ar\/?p=5592","og_site_name":"Diario del Sur","article_published_time":"2025-11-09T17:43:28+00:00","og_image":[{"width":741,"height":556,"url":"https:\/\/diariodelsurdigital.com.ar\/wp-content\/uploads\/2025\/11\/reforma_mercado_electrico.webp","type":"image\/webp"}],"author":"Diario del Sur Digital","twitter_card":"summary_large_image","twitter_misc":{"Escrito por":"Diario del Sur Digital","Tiempo de lectura":"5 minutos"},"schema":{"@context":"https:\/\/schema.org","@graph":[{"@type":"Article","@id":"https:\/\/diariodelsurdigital.com.ar\/?p=5592#article","isPartOf":{"@id":"https:\/\/diariodelsurdigital.com.ar\/?p=5592"},"author":{"name":"Diario del Sur Digital","@id":"https:\/\/diariodelsurdigital.com.ar\/#\/schema\/person\/d794acb23337e88c6e4004a39c32be62"},"headline":"Los hogares pagar\u00e1n la luz m\u00e1s cara que las industrias este verano por la reforma del mercado el\u00e9ctrico","datePublished":"2025-11-09T17:43:28+00:00","mainEntityOfPage":{"@id":"https:\/\/diariodelsurdigital.com.ar\/?p=5592"},"wordCount":995,"commentCount":0,"image":{"@id":"https:\/\/diariodelsurdigital.com.ar\/?p=5592#primaryimage"},"thumbnailUrl":"https:\/\/diariodelsurdigital.com.ar\/wp-content\/uploads\/2025\/11\/reforma_mercado_electrico.webp","articleSection":["Inter\u00e9s General"],"inLanguage":"es","potentialAction":[{"@type":"CommentAction","name":"Comment","target":["https:\/\/diariodelsurdigital.com.ar\/?p=5592#respond"]}]},{"@type":"WebPage","@id":"https:\/\/diariodelsurdigital.com.ar\/?p=5592","url":"https:\/\/diariodelsurdigital.com.ar\/?p=5592","name":"Los hogares pagar\u00e1n la luz m\u00e1s cara que las industrias este verano por la reforma del mercado el\u00e9ctrico - Diario del Sur","isPartOf":{"@id":"https:\/\/diariodelsurdigital.com.ar\/#website"},"primaryImageOfPage":{"@id":"https:\/\/diariodelsurdigital.com.ar\/?p=5592#primaryimage"},"image":{"@id":"https:\/\/diariodelsurdigital.com.ar\/?p=5592#primaryimage"},"thumbnailUrl":"https:\/\/diariodelsurdigital.com.ar\/wp-content\/uploads\/2025\/11\/reforma_mercado_electrico.webp","datePublished":"2025-11-09T17:43:28+00:00","author":{"@id":"https:\/\/diariodelsurdigital.com.ar\/#\/schema\/person\/d794acb23337e88c6e4004a39c32be62"},"breadcrumb":{"@id":"https:\/\/diariodelsurdigital.com.ar\/?p=5592#breadcrumb"},"inLanguage":"es","potentialAction":[{"@type":"ReadAction","target":["https:\/\/diariodelsurdigital.com.ar\/?p=5592"]}]},{"@type":"ImageObject","inLanguage":"es","@id":"https:\/\/diariodelsurdigital.com.ar\/?p=5592#primaryimage","url":"https:\/\/diariodelsurdigital.com.ar\/wp-content\/uploads\/2025\/11\/reforma_mercado_electrico.webp","contentUrl":"https:\/\/diariodelsurdigital.com.ar\/wp-content\/uploads\/2025\/11\/reforma_mercado_electrico.webp","width":741,"height":556},{"@type":"BreadcrumbList","@id":"https:\/\/diariodelsurdigital.com.ar\/?p=5592#breadcrumb","itemListElement":[{"@type":"ListItem","position":1,"name":"Portada","item":"https:\/\/diariodelsurdigital.com.ar\/"},{"@type":"ListItem","position":2,"name":"Los hogares pagar\u00e1n la luz m\u00e1s cara que las industrias este verano por la reforma del mercado el\u00e9ctrico"}]},{"@type":"WebSite","@id":"https:\/\/diariodelsurdigital.com.ar\/#website","url":"https:\/\/diariodelsurdigital.com.ar\/","name":"Diario del Sur","description":"Digital","potentialAction":[{"@type":"SearchAction","target":{"@type":"EntryPoint","urlTemplate":"https:\/\/diariodelsurdigital.com.ar\/?s={search_term_string}"},"query-input":{"@type":"PropertyValueSpecification","valueRequired":true,"valueName":"search_term_string"}}],"inLanguage":"es"},{"@type":"Person","@id":"https:\/\/diariodelsurdigital.com.ar\/#\/schema\/person\/d794acb23337e88c6e4004a39c32be62","name":"Diario del Sur Digital","image":{"@type":"ImageObject","inLanguage":"es","@id":"https:\/\/secure.gravatar.com\/avatar\/47679bcfa15734cfdefc176b6ad58adeeccac22b2e03e095ada6c622af2b463a?s=96&d=mm&r=g","url":"https:\/\/secure.gravatar.com\/avatar\/47679bcfa15734cfdefc176b6ad58adeeccac22b2e03e095ada6c622af2b463a?s=96&d=mm&r=g","contentUrl":"https:\/\/secure.gravatar.com\/avatar\/47679bcfa15734cfdefc176b6ad58adeeccac22b2e03e095ada6c622af2b463a?s=96&d=mm&r=g","caption":"Diario del Sur Digital"},"url":"https:\/\/diariodelsurdigital.com.ar\/?author=3"}]}},"_links":{"self":[{"href":"https:\/\/diariodelsurdigital.com.ar\/index.php?rest_route=\/wp\/v2\/posts\/5592","targetHints":{"allow":["GET"]}}],"collection":[{"href":"https:\/\/diariodelsurdigital.com.ar\/index.php?rest_route=\/wp\/v2\/posts"}],"about":[{"href":"https:\/\/diariodelsurdigital.com.ar\/index.php?rest_route=\/wp\/v2\/types\/post"}],"author":[{"embeddable":true,"href":"https:\/\/diariodelsurdigital.com.ar\/index.php?rest_route=\/wp\/v2\/users\/3"}],"replies":[{"embeddable":true,"href":"https:\/\/diariodelsurdigital.com.ar\/index.php?rest_route=%2Fwp%2Fv2%2Fcomments&post=5592"}],"version-history":[{"count":1,"href":"https:\/\/diariodelsurdigital.com.ar\/index.php?rest_route=\/wp\/v2\/posts\/5592\/revisions"}],"predecessor-version":[{"id":5594,"href":"https:\/\/diariodelsurdigital.com.ar\/index.php?rest_route=\/wp\/v2\/posts\/5592\/revisions\/5594"}],"wp:featuredmedia":[{"embeddable":true,"href":"https:\/\/diariodelsurdigital.com.ar\/index.php?rest_route=\/wp\/v2\/media\/5593"}],"wp:attachment":[{"href":"https:\/\/diariodelsurdigital.com.ar\/index.php?rest_route=%2Fwp%2Fv2%2Fmedia&parent=5592"}],"wp:term":[{"taxonomy":"category","embeddable":true,"href":"https:\/\/diariodelsurdigital.com.ar\/index.php?rest_route=%2Fwp%2Fv2%2Fcategories&post=5592"},{"taxonomy":"post_tag","embeddable":true,"href":"https:\/\/diariodelsurdigital.com.ar\/index.php?rest_route=%2Fwp%2Fv2%2Ftags&post=5592"}],"curies":[{"name":"wp","href":"https:\/\/api.w.org\/{rel}","templated":true}]}}