{"id":5595,"date":"2025-11-09T14:46:43","date_gmt":"2025-11-09T17:46:43","guid":{"rendered":"https:\/\/diariodelsurdigital.com.ar\/?p=5595"},"modified":"2025-11-09T14:46:44","modified_gmt":"2025-11-09T17:46:44","slug":"aunque-ya-no-este-medico-entrerriano-sera-homenajeado-por-la-academia-nacional-de-medicina","status":"publish","type":"post","link":"https:\/\/diariodelsurdigital.com.ar\/?p=5595","title":{"rendered":"\u201cAunque ya no est\u00e9\u201d, m\u00e9dico entrerriano ser\u00e1 homenajeado por la Academia Nacional de Medicina"},"content":{"rendered":"\n<figure class=\"wp-block-image\"><img decoding=\"async\" src=\"https:\/\/media.elentrerios.com\/fotos-v2\/2025\/11\/07\/l_1762556326.jpg\" alt=\"\" title=\"\"\/><\/figure>\n\n\n\n<p>La Academia Nacional de Medicina de Buenos Aires otorgar\u00e1 el Premio Hip\u00f3crates 2025 al m\u00e9dico Carlos Alfredo Barb\u00e1s, en reconocimiento a su destacada trayectoria en asistencia rural.<\/p>\n\n\n\n<p>El reconocimiento distingue la labor de m\u00e1s de tres d\u00e9cadas del profesional concordiense en la atenci\u00f3n rural, quien dirigi\u00f3 los centros de salud de Puerto Yeru\u00e1 y Nueva Escocia, en el departamento Concordia, y ejerci\u00f3 la medicina hasta los 82 a\u00f1os.<\/p>\n\n\n\n<p>Oriundo de Concordia, Barb\u00e1s fue director de los centros de salud de Puerto Yeru\u00e1 y Nueva Escocia (departamento Concordia), donde desarroll\u00f3 una labor incansable durante m\u00e1s de 30 a\u00f1os. Ejerci\u00f3 su profesi\u00f3n hasta dos d\u00edas antes de su fallecimiento, ocurrido el 31 de julio de este a\u00f1o, a los 82 a\u00f1os. Hubiera cumplido 83 el 12 de agosto.<\/p>\n\n\n\n<p>El reconocimiento a su larga trayectoria ser\u00e1 entregado en una Sesi\u00f3n P\u00fablica Extraordinaria de la Academia, el pr\u00f3ximo jueves 13 de noviembre de 2025, junto a otros distinguidos profesionales de la medicina argentina.<\/p>\n\n\n\n<p>\u00abAunque ya no est\u00e9 f\u00edsicamente con nosotros, su huella, su inmensa calidad humana y el compromiso de pensar siempre en el otro nos dejaron un ejemplo imborrable\u00bb, expres\u00f3 su hija, Gabriela Barb\u00e1s, exministra de Salud de C\u00f3rdoba. \u00abEste premio es un hermoso tributo a la vida que dedic\u00f3 a los dem\u00e1s\u00bb, agreg\u00f3.<\/p>\n\n\n\n<h3 class=\"wp-block-heading\">Compromiso, cercan\u00eda y legado<\/h3>\n\n\n\n<p>Barb\u00e1s fue un referente esencial para la comunidad de Puerto Yeru\u00e1 y su zona de influencia. En \u00e9pocas en que los caminos rurales se volv\u00edan intransitables por las lluvias, \u00e9l no interrump\u00eda la atenci\u00f3n: transform\u00f3 habitaciones cedidas por vecinos en salas equipadas, organiz\u00f3 rondas sanitarias y campa\u00f1as de vacunaci\u00f3n, y lleg\u00f3 a atender a m\u00e1s de 30 personas por d\u00eda. Su gesti\u00f3n fue clave para lograr la construcci\u00f3n de un nuevo edificio sanitario, incorporar pediatras, enfermeros y agentes sanitarios, y fortalecer la red de atenci\u00f3n primaria.<\/p>\n\n\n\n<p>El Premio Hip\u00f3crates 2025 reconoce as\u00ed una vida entera dedicada al bienestar de los dem\u00e1s, marcada por la solidaridad, la vocaci\u00f3n y la convicci\u00f3n de que la salud p\u00fablica se construye desde la cercan\u00eda y el trabajo cotidiano.<\/p>\n\n\n\n<p>Fuente: El Entre Rios<\/p>\n","protected":false},"excerpt":{"rendered":"<p>La Academia Nacional de Medicina de Buenos Aires otorgar\u00e1 el Premio Hip\u00f3crates 2025 al m\u00e9dico Carlos Alfredo Barb\u00e1s, en reconocimiento a su destacada trayectoria en asistencia rural. El reconocimiento distingue la labor de m\u00e1s de tres d\u00e9cadas del profesional concordiense en la atenci\u00f3n rural, quien dirigi\u00f3 los centros de salud de Puerto Yeru\u00e1 y Nueva [&hellip;]<\/p>\n","protected":false},"author":3,"featured_media":5596,"comment_status":"open","ping_status":"open","sticky":false,"template":"","format":"standard","meta":{"footnotes":""},"categories":[16],"tags":[],"class_list":{"0":"post-5595","1":"post","2":"type-post","3":"status-publish","4":"format-standard","5":"has-post-thumbnail","7":"category-locales"},"yoast_head":"<!-- This site is optimized with the Yoast SEO plugin v27.4 - https:\/\/yoast.com\/product\/yoast-seo-wordpress\/ -->\n<title>\u201cAunque ya no est\u00e9\u201d, m\u00e9dico entrerriano ser\u00e1 homenajeado por la Academia Nacional de Medicina - Diario del Sur<\/title>\n<meta name=\"robots\" content=\"index, follow, max-snippet:-1, max-image-preview:large, max-video-preview:-1\" \/>\n<link rel=\"canonical\" href=\"https:\/\/diariodelsurdigital.com.ar\/?p=5595\" \/>\n<meta property=\"og:locale\" content=\"es_ES\" \/>\n<meta property=\"og:type\" content=\"article\" \/>\n<meta property=\"og:title\" content=\"\u201cAunque ya no est\u00e9\u201d, m\u00e9dico entrerriano ser\u00e1 homenajeado por la Academia Nacional de Medicina - Diario del Sur\" \/>\n<meta property=\"og:description\" content=\"La Academia Nacional de Medicina de Buenos Aires otorgar\u00e1 el Premio Hip\u00f3crates 2025 al m\u00e9dico Carlos Alfredo Barb\u00e1s, en reconocimiento a su destacada trayectoria en asistencia rural. El reconocimiento distingue la labor de m\u00e1s de tres d\u00e9cadas del profesional concordiense en la atenci\u00f3n rural, quien dirigi\u00f3 los centros de salud de Puerto Yeru\u00e1 y Nueva [&hellip;]\" \/>\n<meta property=\"og:url\" content=\"https:\/\/diariodelsurdigital.com.ar\/?p=5595\" \/>\n<meta property=\"og:site_name\" content=\"Diario del Sur\" \/>\n<meta property=\"article:published_time\" content=\"2025-11-09T17:46:43+00:00\" \/>\n<meta property=\"article:modified_time\" content=\"2025-11-09T17:46:44+00:00\" \/>\n<meta property=\"og:image\" content=\"https:\/\/diariodelsurdigital.com.ar\/wp-content\/uploads\/2025\/11\/l_1762556326.jpg\" \/>\n\t<meta property=\"og:image:width\" content=\"870\" \/>\n\t<meta property=\"og:image:height\" content=\"580\" \/>\n\t<meta property=\"og:image:type\" content=\"image\/jpeg\" \/>\n<meta name=\"author\" content=\"Diario del Sur Digital\" \/>\n<meta name=\"twitter:card\" content=\"summary_large_image\" \/>\n<meta name=\"twitter:label1\" content=\"Escrito por\" \/>\n\t<meta name=\"twitter:data1\" content=\"Diario del Sur Digital\" \/>\n\t<meta name=\"twitter:label2\" content=\"Tiempo de lectura\" \/>\n\t<meta name=\"twitter:data2\" content=\"2 minutos\" \/>\n<script type=\"application\/ld+json\" class=\"yoast-schema-graph\">{\"@context\":\"https:\\\/\\\/schema.org\",\"@graph\":[{\"@type\":\"Article\",\"@id\":\"https:\\\/\\\/diariodelsurdigital.com.ar\\\/?p=5595#article\",\"isPartOf\":{\"@id\":\"https:\\\/\\\/diariodelsurdigital.com.ar\\\/?p=5595\"},\"author\":{\"name\":\"Diario del Sur Digital\",\"@id\":\"https:\\\/\\\/diariodelsurdigital.com.ar\\\/#\\\/schema\\\/person\\\/d794acb23337e88c6e4004a39c32be62\"},\"headline\":\"\u201cAunque ya no est\u00e9\u201d, m\u00e9dico entrerriano ser\u00e1 homenajeado por la Academia Nacional de Medicina\",\"datePublished\":\"2025-11-09T17:46:43+00:00\",\"dateModified\":\"2025-11-09T17:46:44+00:00\",\"mainEntityOfPage\":{\"@id\":\"https:\\\/\\\/diariodelsurdigital.com.ar\\\/?p=5595\"},\"wordCount\":386,\"commentCount\":0,\"image\":{\"@id\":\"https:\\\/\\\/diariodelsurdigital.com.ar\\\/?p=5595#primaryimage\"},\"thumbnailUrl\":\"https:\\\/\\\/diariodelsurdigital.com.ar\\\/wp-content\\\/uploads\\\/2025\\\/11\\\/l_1762556326.jpg\",\"articleSection\":[\"Locales\"],\"inLanguage\":\"es\",\"potentialAction\":[{\"@type\":\"CommentAction\",\"name\":\"Comment\",\"target\":[\"https:\\\/\\\/diariodelsurdigital.com.ar\\\/?p=5595#respond\"]}]},{\"@type\":\"WebPage\",\"@id\":\"https:\\\/\\\/diariodelsurdigital.com.ar\\\/?p=5595\",\"url\":\"https:\\\/\\\/diariodelsurdigital.com.ar\\\/?p=5595\",\"name\":\"\u201cAunque ya no est\u00e9\u201d, m\u00e9dico entrerriano ser\u00e1 homenajeado por la Academia Nacional de Medicina - Diario del Sur\",\"isPartOf\":{\"@id\":\"https:\\\/\\\/diariodelsurdigital.com.ar\\\/#website\"},\"primaryImageOfPage\":{\"@id\":\"https:\\\/\\\/diariodelsurdigital.com.ar\\\/?p=5595#primaryimage\"},\"image\":{\"@id\":\"https:\\\/\\\/diariodelsurdigital.com.ar\\\/?p=5595#primaryimage\"},\"thumbnailUrl\":\"https:\\\/\\\/diariodelsurdigital.com.ar\\\/wp-content\\\/uploads\\\/2025\\\/11\\\/l_1762556326.jpg\",\"datePublished\":\"2025-11-09T17:46:43+00:00\",\"dateModified\":\"2025-11-09T17:46:44+00:00\",\"author\":{\"@id\":\"https:\\\/\\\/diariodelsurdigital.com.ar\\\/#\\\/schema\\\/person\\\/d794acb23337e88c6e4004a39c32be62\"},\"breadcrumb\":{\"@id\":\"https:\\\/\\\/diariodelsurdigital.com.ar\\\/?p=5595#breadcrumb\"},\"inLanguage\":\"es\",\"potentialAction\":[{\"@type\":\"ReadAction\",\"target\":[\"https:\\\/\\\/diariodelsurdigital.com.ar\\\/?p=5595\"]}]},{\"@type\":\"ImageObject\",\"inLanguage\":\"es\",\"@id\":\"https:\\\/\\\/diariodelsurdigital.com.ar\\\/?p=5595#primaryimage\",\"url\":\"https:\\\/\\\/diariodelsurdigital.com.ar\\\/wp-content\\\/uploads\\\/2025\\\/11\\\/l_1762556326.jpg\",\"contentUrl\":\"https:\\\/\\\/diariodelsurdigital.com.ar\\\/wp-content\\\/uploads\\\/2025\\\/11\\\/l_1762556326.jpg\",\"width\":870,\"height\":580},{\"@type\":\"BreadcrumbList\",\"@id\":\"https:\\\/\\\/diariodelsurdigital.com.ar\\\/?p=5595#breadcrumb\",\"itemListElement\":[{\"@type\":\"ListItem\",\"position\":1,\"name\":\"Portada\",\"item\":\"https:\\\/\\\/diariodelsurdigital.com.ar\\\/\"},{\"@type\":\"ListItem\",\"position\":2,\"name\":\"\u201cAunque ya no est\u00e9\u201d, m\u00e9dico entrerriano ser\u00e1 homenajeado por la Academia Nacional de Medicina\"}]},{\"@type\":\"WebSite\",\"@id\":\"https:\\\/\\\/diariodelsurdigital.com.ar\\\/#website\",\"url\":\"https:\\\/\\\/diariodelsurdigital.com.ar\\\/\",\"name\":\"Diario del Sur\",\"description\":\"Digital\",\"potentialAction\":[{\"@type\":\"SearchAction\",\"target\":{\"@type\":\"EntryPoint\",\"urlTemplate\":\"https:\\\/\\\/diariodelsurdigital.com.ar\\\/?s={search_term_string}\"},\"query-input\":{\"@type\":\"PropertyValueSpecification\",\"valueRequired\":true,\"valueName\":\"search_term_string\"}}],\"inLanguage\":\"es\"},{\"@type\":\"Person\",\"@id\":\"https:\\\/\\\/diariodelsurdigital.com.ar\\\/#\\\/schema\\\/person\\\/d794acb23337e88c6e4004a39c32be62\",\"name\":\"Diario del Sur Digital\",\"image\":{\"@type\":\"ImageObject\",\"inLanguage\":\"es\",\"@id\":\"https:\\\/\\\/secure.gravatar.com\\\/avatar\\\/47679bcfa15734cfdefc176b6ad58adeeccac22b2e03e095ada6c622af2b463a?s=96&d=mm&r=g\",\"url\":\"https:\\\/\\\/secure.gravatar.com\\\/avatar\\\/47679bcfa15734cfdefc176b6ad58adeeccac22b2e03e095ada6c622af2b463a?s=96&d=mm&r=g\",\"contentUrl\":\"https:\\\/\\\/secure.gravatar.com\\\/avatar\\\/47679bcfa15734cfdefc176b6ad58adeeccac22b2e03e095ada6c622af2b463a?s=96&d=mm&r=g\",\"caption\":\"Diario del Sur Digital\"},\"url\":\"https:\\\/\\\/diariodelsurdigital.com.ar\\\/?author=3\"}]}<\/script>\n<!-- \/ Yoast SEO plugin. -->","yoast_head_json":{"title":"\u201cAunque ya no est\u00e9\u201d, m\u00e9dico entrerriano ser\u00e1 homenajeado por la Academia Nacional de Medicina - Diario del Sur","robots":{"index":"index","follow":"follow","max-snippet":"max-snippet:-1","max-image-preview":"max-image-preview:large","max-video-preview":"max-video-preview:-1"},"canonical":"https:\/\/diariodelsurdigital.com.ar\/?p=5595","og_locale":"es_ES","og_type":"article","og_title":"\u201cAunque ya no est\u00e9\u201d, m\u00e9dico entrerriano ser\u00e1 homenajeado por la Academia Nacional de Medicina - Diario del Sur","og_description":"La Academia Nacional de Medicina de Buenos Aires otorgar\u00e1 el Premio Hip\u00f3crates 2025 al m\u00e9dico Carlos Alfredo Barb\u00e1s, en reconocimiento a su destacada trayectoria en asistencia rural. El reconocimiento distingue la labor de m\u00e1s de tres d\u00e9cadas del profesional concordiense en la atenci\u00f3n rural, quien dirigi\u00f3 los centros de salud de Puerto Yeru\u00e1 y Nueva [&hellip;]","og_url":"https:\/\/diariodelsurdigital.com.ar\/?p=5595","og_site_name":"Diario del Sur","article_published_time":"2025-11-09T17:46:43+00:00","article_modified_time":"2025-11-09T17:46:44+00:00","og_image":[{"width":870,"height":580,"url":"https:\/\/diariodelsurdigital.com.ar\/wp-content\/uploads\/2025\/11\/l_1762556326.jpg","type":"image\/jpeg"}],"author":"Diario del Sur Digital","twitter_card":"summary_large_image","twitter_misc":{"Escrito por":"Diario del Sur Digital","Tiempo de lectura":"2 minutos"},"schema":{"@context":"https:\/\/schema.org","@graph":[{"@type":"Article","@id":"https:\/\/diariodelsurdigital.com.ar\/?p=5595#article","isPartOf":{"@id":"https:\/\/diariodelsurdigital.com.ar\/?p=5595"},"author":{"name":"Diario del Sur Digital","@id":"https:\/\/diariodelsurdigital.com.ar\/#\/schema\/person\/d794acb23337e88c6e4004a39c32be62"},"headline":"\u201cAunque ya no est\u00e9\u201d, m\u00e9dico entrerriano ser\u00e1 homenajeado por la Academia Nacional de Medicina","datePublished":"2025-11-09T17:46:43+00:00","dateModified":"2025-11-09T17:46:44+00:00","mainEntityOfPage":{"@id":"https:\/\/diariodelsurdigital.com.ar\/?p=5595"},"wordCount":386,"commentCount":0,"image":{"@id":"https:\/\/diariodelsurdigital.com.ar\/?p=5595#primaryimage"},"thumbnailUrl":"https:\/\/diariodelsurdigital.com.ar\/wp-content\/uploads\/2025\/11\/l_1762556326.jpg","articleSection":["Locales"],"inLanguage":"es","potentialAction":[{"@type":"CommentAction","name":"Comment","target":["https:\/\/diariodelsurdigital.com.ar\/?p=5595#respond"]}]},{"@type":"WebPage","@id":"https:\/\/diariodelsurdigital.com.ar\/?p=5595","url":"https:\/\/diariodelsurdigital.com.ar\/?p=5595","name":"\u201cAunque ya no est\u00e9\u201d, m\u00e9dico entrerriano ser\u00e1 homenajeado por la Academia Nacional de Medicina - Diario del Sur","isPartOf":{"@id":"https:\/\/diariodelsurdigital.com.ar\/#website"},"primaryImageOfPage":{"@id":"https:\/\/diariodelsurdigital.com.ar\/?p=5595#primaryimage"},"image":{"@id":"https:\/\/diariodelsurdigital.com.ar\/?p=5595#primaryimage"},"thumbnailUrl":"https:\/\/diariodelsurdigital.com.ar\/wp-content\/uploads\/2025\/11\/l_1762556326.jpg","datePublished":"2025-11-09T17:46:43+00:00","dateModified":"2025-11-09T17:46:44+00:00","author":{"@id":"https:\/\/diariodelsurdigital.com.ar\/#\/schema\/person\/d794acb23337e88c6e4004a39c32be62"},"breadcrumb":{"@id":"https:\/\/diariodelsurdigital.com.ar\/?p=5595#breadcrumb"},"inLanguage":"es","potentialAction":[{"@type":"ReadAction","target":["https:\/\/diariodelsurdigital.com.ar\/?p=5595"]}]},{"@type":"ImageObject","inLanguage":"es","@id":"https:\/\/diariodelsurdigital.com.ar\/?p=5595#primaryimage","url":"https:\/\/diariodelsurdigital.com.ar\/wp-content\/uploads\/2025\/11\/l_1762556326.jpg","contentUrl":"https:\/\/diariodelsurdigital.com.ar\/wp-content\/uploads\/2025\/11\/l_1762556326.jpg","width":870,"height":580},{"@type":"BreadcrumbList","@id":"https:\/\/diariodelsurdigital.com.ar\/?p=5595#breadcrumb","itemListElement":[{"@type":"ListItem","position":1,"name":"Portada","item":"https:\/\/diariodelsurdigital.com.ar\/"},{"@type":"ListItem","position":2,"name":"\u201cAunque ya no est\u00e9\u201d, m\u00e9dico entrerriano ser\u00e1 homenajeado por la Academia Nacional de Medicina"}]},{"@type":"WebSite","@id":"https:\/\/diariodelsurdigital.com.ar\/#website","url":"https:\/\/diariodelsurdigital.com.ar\/","name":"Diario del Sur","description":"Digital","potentialAction":[{"@type":"SearchAction","target":{"@type":"EntryPoint","urlTemplate":"https:\/\/diariodelsurdigital.com.ar\/?s={search_term_string}"},"query-input":{"@type":"PropertyValueSpecification","valueRequired":true,"valueName":"search_term_string"}}],"inLanguage":"es"},{"@type":"Person","@id":"https:\/\/diariodelsurdigital.com.ar\/#\/schema\/person\/d794acb23337e88c6e4004a39c32be62","name":"Diario del Sur Digital","image":{"@type":"ImageObject","inLanguage":"es","@id":"https:\/\/secure.gravatar.com\/avatar\/47679bcfa15734cfdefc176b6ad58adeeccac22b2e03e095ada6c622af2b463a?s=96&d=mm&r=g","url":"https:\/\/secure.gravatar.com\/avatar\/47679bcfa15734cfdefc176b6ad58adeeccac22b2e03e095ada6c622af2b463a?s=96&d=mm&r=g","contentUrl":"https:\/\/secure.gravatar.com\/avatar\/47679bcfa15734cfdefc176b6ad58adeeccac22b2e03e095ada6c622af2b463a?s=96&d=mm&r=g","caption":"Diario del Sur Digital"},"url":"https:\/\/diariodelsurdigital.com.ar\/?author=3"}]}},"_links":{"self":[{"href":"https:\/\/diariodelsurdigital.com.ar\/index.php?rest_route=\/wp\/v2\/posts\/5595","targetHints":{"allow":["GET"]}}],"collection":[{"href":"https:\/\/diariodelsurdigital.com.ar\/index.php?rest_route=\/wp\/v2\/posts"}],"about":[{"href":"https:\/\/diariodelsurdigital.com.ar\/index.php?rest_route=\/wp\/v2\/types\/post"}],"author":[{"embeddable":true,"href":"https:\/\/diariodelsurdigital.com.ar\/index.php?rest_route=\/wp\/v2\/users\/3"}],"replies":[{"embeddable":true,"href":"https:\/\/diariodelsurdigital.com.ar\/index.php?rest_route=%2Fwp%2Fv2%2Fcomments&post=5595"}],"version-history":[{"count":1,"href":"https:\/\/diariodelsurdigital.com.ar\/index.php?rest_route=\/wp\/v2\/posts\/5595\/revisions"}],"predecessor-version":[{"id":5597,"href":"https:\/\/diariodelsurdigital.com.ar\/index.php?rest_route=\/wp\/v2\/posts\/5595\/revisions\/5597"}],"wp:featuredmedia":[{"embeddable":true,"href":"https:\/\/diariodelsurdigital.com.ar\/index.php?rest_route=\/wp\/v2\/media\/5596"}],"wp:attachment":[{"href":"https:\/\/diariodelsurdigital.com.ar\/index.php?rest_route=%2Fwp%2Fv2%2Fmedia&parent=5595"}],"wp:term":[{"taxonomy":"category","embeddable":true,"href":"https:\/\/diariodelsurdigital.com.ar\/index.php?rest_route=%2Fwp%2Fv2%2Fcategories&post=5595"},{"taxonomy":"post_tag","embeddable":true,"href":"https:\/\/diariodelsurdigital.com.ar\/index.php?rest_route=%2Fwp%2Fv2%2Ftags&post=5595"}],"curies":[{"name":"wp","href":"https:\/\/api.w.org\/{rel}","templated":true}]}}