{"id":5599,"date":"2025-11-10T09:25:54","date_gmt":"2025-11-10T12:25:54","guid":{"rendered":"https:\/\/diariodelsurdigital.com.ar\/?p=5599"},"modified":"2025-11-10T09:25:55","modified_gmt":"2025-11-10T12:25:55","slug":"comenzo-el-censo-nacional-docente-relevan-datos-de-12-millones-de-trabajadores-de-la-educacion","status":"publish","type":"post","link":"https:\/\/diariodelsurdigital.com.ar\/?p=5599","title":{"rendered":"Comenz\u00f3 el censo nacional docente: relevan datos de 1,2 millones de trabajadores de la educaci\u00f3n"},"content":{"rendered":"\n<p>El Relevamiento Nacional de Personal Educativo (ReNPE) comenz\u00f3 este lunes y tiene como objetivo actualizar la informaci\u00f3n sobre maestros y profesores de todos los niveles. La participaci\u00f3n es obligatoria, a trav\u00e9s de la web o de la app Mi Argentina. Hay tiempo hasta fin de a\u00f1o. Se censar\u00e1 a 1,2 millones de personas.<\/p>\n\n\n\n<p>Este lunes 10 de noviembre comenz\u00f3 un operativo nacional que relevar\u00e1 los datos de 1,2 millones de docentes en todo el pa\u00eds. El Relevamiento Nacional de Personal Educativo (ReNPE), aprobado en el Consejo Federal de Educaci\u00f3n (CFE) y coordinado por el Ministerio de Capital Humano, busca obtener informaci\u00f3n actualizada sobre los docentes y no docentes de instituciones educativas de todos los niveles (menos el universitario) y de todas las modalidades, tanto urbanas como rurales, estatales y privadas.<\/p>\n\n\n\n<p>El ReNPE relevar\u00e1 caracter\u00edsticas como perfil demogr\u00e1fico y socioecon\u00f3mico, situaci\u00f3n laboral, trayectoria profesional, formaci\u00f3n acad\u00e9mica, consumos culturales y estrategias pedag\u00f3gicas, entre otras cuestiones. Directivos, docentes y no docentes de todo el pa\u00eds, adem\u00e1s de supervisores, deber\u00e1n responderlo entre el 10 de noviembre y el 31 de diciembre. La participaci\u00f3n es obligatoria, se\u00f1alaron desde la Secretar\u00eda de Educaci\u00f3n, y se constatar\u00e1 con un certificado de finalizaci\u00f3n.<\/p>\n\n\n\n<p>El ReNPE busca actualizar los datos disponibles, que tienen m\u00e1s de diez a\u00f1os, dado que el \u00faltimo censo docente (antes llamado \u201cCENPE\u201d) se realiz\u00f3 en 2014. Sin embargo, de aquel operativo solo se publicaron algunos \u201cresultados preliminares\u201d, seg\u00fan explic\u00f3 en conferencia de prensa la subsecretaria de Informaci\u00f3n y Evaluaci\u00f3n Educativa, Mar\u00eda Cortelezzi, acompa\u00f1ada por Hern\u00e1n Rivas, director nacional del \u00e1rea. Las autoridades se\u00f1alaron que el censo de 2014 tuvo \u201cproblemas metodol\u00f3gicos\u201d y que, en rigor, los \u00faltimos datos \u201cconsistentes\u201d son los de 2004.<\/p>\n\n\n\n<p>El operativo est\u00e1 a cargo de la Red Federal de Informaci\u00f3n Educativa, integrada por las unidades de estad\u00edstica de los 24 ministerios provinciales y de la secretar\u00eda nacional. Cortelezzi y Rivas resaltaron que el objetivo del ReNPE es \u201ctener un diagn\u00f3stico claro\u201d sobre el perfil y la situaci\u00f3n de los docentes de todo el pa\u00eds, para poder \u201cdise\u00f1ar pol\u00edticas educativas basadas en evidencia que permitan acompa\u00f1arlos mejor\u201d.<\/p>\n\n\n\n<p>Se har\u00e1 en Entre R\u00edos un relevamiento del personal educativo<\/p>\n\n\n\n<p>Tambi\u00e9n subrayaron que la informaci\u00f3n ser\u00e1 confidencial. Para cargar sus datos, el personal educativo tiene dos alternativas: hacerlo a trav\u00e9s de la app Mi Argentina, o a trav\u00e9s del sitio argentina.gob.ar\/renpe. La \u201cc\u00e9dula censal\u201d (el cuestionario) estar\u00e1 disponible a partir del pr\u00f3ximo lunes 10.<\/p>\n\n\n\n<p>A diferencia de los censos docentes previos, la idea de este relevamiento \u2013aprobado el a\u00f1o pasado por medio de la resoluci\u00f3n N\u00ba 478 del CFE\u2013 es integrar los datos de maestros y profesores en la Base Nacional Homologada, una base de datos nacional que integra la informaci\u00f3n de las 24 jurisdicciones. Hasta ahora, esa base (creada en 2021) reun\u00eda informaci\u00f3n nominal \u2013es decir, individualizada\u2013 sobre estudiantes, con una cobertura que ya alcanza el 96% de la matr\u00edcula nacional; ahora tambi\u00e9n tendr\u00e1 un m\u00f3dulo sobre cargos y personal docente.<\/p>\n","protected":false},"excerpt":{"rendered":"<p>El Relevamiento Nacional de Personal Educativo (ReNPE) comenz\u00f3 este lunes y tiene como objetivo actualizar la informaci\u00f3n sobre maestros y profesores de todos los niveles. La participaci\u00f3n es obligatoria, a trav\u00e9s de la web o de la app Mi Argentina. Hay tiempo hasta fin de a\u00f1o. Se censar\u00e1 a 1,2 millones de personas. Este lunes [&hellip;]<\/p>\n","protected":false},"author":4,"featured_media":5600,"comment_status":"open","ping_status":"open","sticky":false,"template":"","format":"standard","meta":{"footnotes":""},"categories":[19],"tags":[],"class_list":{"0":"post-5599","1":"post","2":"type-post","3":"status-publish","4":"format-standard","5":"has-post-thumbnail","7":"category-interes-general"},"yoast_head":"<!-- This site is optimized with the Yoast SEO plugin v27.4 - https:\/\/yoast.com\/product\/yoast-seo-wordpress\/ -->\n<title>Comenz\u00f3 el censo nacional docente: relevan datos de 1,2 millones de trabajadores de la educaci\u00f3n - Diario del Sur<\/title>\n<meta name=\"robots\" content=\"index, follow, max-snippet:-1, max-image-preview:large, max-video-preview:-1\" \/>\n<link rel=\"canonical\" href=\"https:\/\/diariodelsurdigital.com.ar\/?p=5599\" \/>\n<meta property=\"og:locale\" content=\"es_ES\" \/>\n<meta property=\"og:type\" content=\"article\" \/>\n<meta property=\"og:title\" content=\"Comenz\u00f3 el censo nacional docente: relevan datos de 1,2 millones de trabajadores de la educaci\u00f3n - Diario del Sur\" \/>\n<meta property=\"og:description\" content=\"El Relevamiento Nacional de Personal Educativo (ReNPE) comenz\u00f3 este lunes y tiene como objetivo actualizar la informaci\u00f3n sobre maestros y profesores de todos los niveles. La participaci\u00f3n es obligatoria, a trav\u00e9s de la web o de la app Mi Argentina. Hay tiempo hasta fin de a\u00f1o. Se censar\u00e1 a 1,2 millones de personas. Este lunes [&hellip;]\" \/>\n<meta property=\"og:url\" content=\"https:\/\/diariodelsurdigital.com.ar\/?p=5599\" \/>\n<meta property=\"og:site_name\" content=\"Diario del Sur\" \/>\n<meta property=\"article:published_time\" content=\"2025-11-10T12:25:54+00:00\" \/>\n<meta property=\"article:modified_time\" content=\"2025-11-10T12:25:55+00:00\" \/>\n<meta property=\"og:image\" content=\"https:\/\/diariodelsurdigital.com.ar\/wp-content\/uploads\/2025\/11\/md.webp\" \/>\n\t<meta property=\"og:image:width\" content=\"992\" \/>\n\t<meta property=\"og:image:height\" content=\"659\" \/>\n\t<meta property=\"og:image:type\" content=\"image\/webp\" \/>\n<meta name=\"author\" content=\"Diario del Sur Digital\" \/>\n<meta name=\"twitter:card\" content=\"summary_large_image\" \/>\n<meta name=\"twitter:label1\" content=\"Escrito por\" \/>\n\t<meta name=\"twitter:data1\" content=\"Diario del Sur Digital\" \/>\n\t<meta name=\"twitter:label2\" content=\"Tiempo de lectura\" \/>\n\t<meta name=\"twitter:data2\" content=\"3 minutos\" \/>\n<script type=\"application\/ld+json\" class=\"yoast-schema-graph\">{\"@context\":\"https:\\\/\\\/schema.org\",\"@graph\":[{\"@type\":\"Article\",\"@id\":\"https:\\\/\\\/diariodelsurdigital.com.ar\\\/?p=5599#article\",\"isPartOf\":{\"@id\":\"https:\\\/\\\/diariodelsurdigital.com.ar\\\/?p=5599\"},\"author\":{\"name\":\"Diario del Sur Digital\",\"@id\":\"https:\\\/\\\/diariodelsurdigital.com.ar\\\/#\\\/schema\\\/person\\\/1a4992532ed62965c968031b49195c81\"},\"headline\":\"Comenz\u00f3 el censo nacional docente: relevan datos de 1,2 millones de trabajadores de la educaci\u00f3n\",\"datePublished\":\"2025-11-10T12:25:54+00:00\",\"dateModified\":\"2025-11-10T12:25:55+00:00\",\"mainEntityOfPage\":{\"@id\":\"https:\\\/\\\/diariodelsurdigital.com.ar\\\/?p=5599\"},\"wordCount\":547,\"commentCount\":0,\"image\":{\"@id\":\"https:\\\/\\\/diariodelsurdigital.com.ar\\\/?p=5599#primaryimage\"},\"thumbnailUrl\":\"https:\\\/\\\/diariodelsurdigital.com.ar\\\/wp-content\\\/uploads\\\/2025\\\/11\\\/md.webp\",\"articleSection\":[\"Inter\u00e9s General\"],\"inLanguage\":\"es\",\"potentialAction\":[{\"@type\":\"CommentAction\",\"name\":\"Comment\",\"target\":[\"https:\\\/\\\/diariodelsurdigital.com.ar\\\/?p=5599#respond\"]}]},{\"@type\":\"WebPage\",\"@id\":\"https:\\\/\\\/diariodelsurdigital.com.ar\\\/?p=5599\",\"url\":\"https:\\\/\\\/diariodelsurdigital.com.ar\\\/?p=5599\",\"name\":\"Comenz\u00f3 el censo nacional docente: relevan datos de 1,2 millones de trabajadores de la educaci\u00f3n - Diario del Sur\",\"isPartOf\":{\"@id\":\"https:\\\/\\\/diariodelsurdigital.com.ar\\\/#website\"},\"primaryImageOfPage\":{\"@id\":\"https:\\\/\\\/diariodelsurdigital.com.ar\\\/?p=5599#primaryimage\"},\"image\":{\"@id\":\"https:\\\/\\\/diariodelsurdigital.com.ar\\\/?p=5599#primaryimage\"},\"thumbnailUrl\":\"https:\\\/\\\/diariodelsurdigital.com.ar\\\/wp-content\\\/uploads\\\/2025\\\/11\\\/md.webp\",\"datePublished\":\"2025-11-10T12:25:54+00:00\",\"dateModified\":\"2025-11-10T12:25:55+00:00\",\"author\":{\"@id\":\"https:\\\/\\\/diariodelsurdigital.com.ar\\\/#\\\/schema\\\/person\\\/1a4992532ed62965c968031b49195c81\"},\"breadcrumb\":{\"@id\":\"https:\\\/\\\/diariodelsurdigital.com.ar\\\/?p=5599#breadcrumb\"},\"inLanguage\":\"es\",\"potentialAction\":[{\"@type\":\"ReadAction\",\"target\":[\"https:\\\/\\\/diariodelsurdigital.com.ar\\\/?p=5599\"]}]},{\"@type\":\"ImageObject\",\"inLanguage\":\"es\",\"@id\":\"https:\\\/\\\/diariodelsurdigital.com.ar\\\/?p=5599#primaryimage\",\"url\":\"https:\\\/\\\/diariodelsurdigital.com.ar\\\/wp-content\\\/uploads\\\/2025\\\/11\\\/md.webp\",\"contentUrl\":\"https:\\\/\\\/diariodelsurdigital.com.ar\\\/wp-content\\\/uploads\\\/2025\\\/11\\\/md.webp\",\"width\":992,\"height\":659},{\"@type\":\"BreadcrumbList\",\"@id\":\"https:\\\/\\\/diariodelsurdigital.com.ar\\\/?p=5599#breadcrumb\",\"itemListElement\":[{\"@type\":\"ListItem\",\"position\":1,\"name\":\"Portada\",\"item\":\"https:\\\/\\\/diariodelsurdigital.com.ar\\\/\"},{\"@type\":\"ListItem\",\"position\":2,\"name\":\"Comenz\u00f3 el censo nacional docente: relevan datos de 1,2 millones de trabajadores de la educaci\u00f3n\"}]},{\"@type\":\"WebSite\",\"@id\":\"https:\\\/\\\/diariodelsurdigital.com.ar\\\/#website\",\"url\":\"https:\\\/\\\/diariodelsurdigital.com.ar\\\/\",\"name\":\"Diario del Sur\",\"description\":\"Digital\",\"potentialAction\":[{\"@type\":\"SearchAction\",\"target\":{\"@type\":\"EntryPoint\",\"urlTemplate\":\"https:\\\/\\\/diariodelsurdigital.com.ar\\\/?s={search_term_string}\"},\"query-input\":{\"@type\":\"PropertyValueSpecification\",\"valueRequired\":true,\"valueName\":\"search_term_string\"}}],\"inLanguage\":\"es\"},{\"@type\":\"Person\",\"@id\":\"https:\\\/\\\/diariodelsurdigital.com.ar\\\/#\\\/schema\\\/person\\\/1a4992532ed62965c968031b49195c81\",\"name\":\"Diario del Sur Digital\",\"image\":{\"@type\":\"ImageObject\",\"inLanguage\":\"es\",\"@id\":\"https:\\\/\\\/secure.gravatar.com\\\/avatar\\\/f0c7c47fc7146d19828273b9b8eda651c9c7ab583767e6338d3d3bee825adf76?s=96&d=mm&r=g\",\"url\":\"https:\\\/\\\/secure.gravatar.com\\\/avatar\\\/f0c7c47fc7146d19828273b9b8eda651c9c7ab583767e6338d3d3bee825adf76?s=96&d=mm&r=g\",\"contentUrl\":\"https:\\\/\\\/secure.gravatar.com\\\/avatar\\\/f0c7c47fc7146d19828273b9b8eda651c9c7ab583767e6338d3d3bee825adf76?s=96&d=mm&r=g\",\"caption\":\"Diario del Sur Digital\"},\"url\":\"https:\\\/\\\/diariodelsurdigital.com.ar\\\/?author=4\"}]}<\/script>\n<!-- \/ Yoast SEO plugin. -->","yoast_head_json":{"title":"Comenz\u00f3 el censo nacional docente: relevan datos de 1,2 millones de trabajadores de la educaci\u00f3n - Diario del Sur","robots":{"index":"index","follow":"follow","max-snippet":"max-snippet:-1","max-image-preview":"max-image-preview:large","max-video-preview":"max-video-preview:-1"},"canonical":"https:\/\/diariodelsurdigital.com.ar\/?p=5599","og_locale":"es_ES","og_type":"article","og_title":"Comenz\u00f3 el censo nacional docente: relevan datos de 1,2 millones de trabajadores de la educaci\u00f3n - Diario del Sur","og_description":"El Relevamiento Nacional de Personal Educativo (ReNPE) comenz\u00f3 este lunes y tiene como objetivo actualizar la informaci\u00f3n sobre maestros y profesores de todos los niveles. La participaci\u00f3n es obligatoria, a trav\u00e9s de la web o de la app Mi Argentina. Hay tiempo hasta fin de a\u00f1o. Se censar\u00e1 a 1,2 millones de personas. Este lunes [&hellip;]","og_url":"https:\/\/diariodelsurdigital.com.ar\/?p=5599","og_site_name":"Diario del Sur","article_published_time":"2025-11-10T12:25:54+00:00","article_modified_time":"2025-11-10T12:25:55+00:00","og_image":[{"width":992,"height":659,"url":"https:\/\/diariodelsurdigital.com.ar\/wp-content\/uploads\/2025\/11\/md.webp","type":"image\/webp"}],"author":"Diario del Sur Digital","twitter_card":"summary_large_image","twitter_misc":{"Escrito por":"Diario del Sur Digital","Tiempo de lectura":"3 minutos"},"schema":{"@context":"https:\/\/schema.org","@graph":[{"@type":"Article","@id":"https:\/\/diariodelsurdigital.com.ar\/?p=5599#article","isPartOf":{"@id":"https:\/\/diariodelsurdigital.com.ar\/?p=5599"},"author":{"name":"Diario del Sur Digital","@id":"https:\/\/diariodelsurdigital.com.ar\/#\/schema\/person\/1a4992532ed62965c968031b49195c81"},"headline":"Comenz\u00f3 el censo nacional docente: relevan datos de 1,2 millones de trabajadores de la educaci\u00f3n","datePublished":"2025-11-10T12:25:54+00:00","dateModified":"2025-11-10T12:25:55+00:00","mainEntityOfPage":{"@id":"https:\/\/diariodelsurdigital.com.ar\/?p=5599"},"wordCount":547,"commentCount":0,"image":{"@id":"https:\/\/diariodelsurdigital.com.ar\/?p=5599#primaryimage"},"thumbnailUrl":"https:\/\/diariodelsurdigital.com.ar\/wp-content\/uploads\/2025\/11\/md.webp","articleSection":["Inter\u00e9s General"],"inLanguage":"es","potentialAction":[{"@type":"CommentAction","name":"Comment","target":["https:\/\/diariodelsurdigital.com.ar\/?p=5599#respond"]}]},{"@type":"WebPage","@id":"https:\/\/diariodelsurdigital.com.ar\/?p=5599","url":"https:\/\/diariodelsurdigital.com.ar\/?p=5599","name":"Comenz\u00f3 el censo nacional docente: relevan datos de 1,2 millones de trabajadores de la educaci\u00f3n - Diario del Sur","isPartOf":{"@id":"https:\/\/diariodelsurdigital.com.ar\/#website"},"primaryImageOfPage":{"@id":"https:\/\/diariodelsurdigital.com.ar\/?p=5599#primaryimage"},"image":{"@id":"https:\/\/diariodelsurdigital.com.ar\/?p=5599#primaryimage"},"thumbnailUrl":"https:\/\/diariodelsurdigital.com.ar\/wp-content\/uploads\/2025\/11\/md.webp","datePublished":"2025-11-10T12:25:54+00:00","dateModified":"2025-11-10T12:25:55+00:00","author":{"@id":"https:\/\/diariodelsurdigital.com.ar\/#\/schema\/person\/1a4992532ed62965c968031b49195c81"},"breadcrumb":{"@id":"https:\/\/diariodelsurdigital.com.ar\/?p=5599#breadcrumb"},"inLanguage":"es","potentialAction":[{"@type":"ReadAction","target":["https:\/\/diariodelsurdigital.com.ar\/?p=5599"]}]},{"@type":"ImageObject","inLanguage":"es","@id":"https:\/\/diariodelsurdigital.com.ar\/?p=5599#primaryimage","url":"https:\/\/diariodelsurdigital.com.ar\/wp-content\/uploads\/2025\/11\/md.webp","contentUrl":"https:\/\/diariodelsurdigital.com.ar\/wp-content\/uploads\/2025\/11\/md.webp","width":992,"height":659},{"@type":"BreadcrumbList","@id":"https:\/\/diariodelsurdigital.com.ar\/?p=5599#breadcrumb","itemListElement":[{"@type":"ListItem","position":1,"name":"Portada","item":"https:\/\/diariodelsurdigital.com.ar\/"},{"@type":"ListItem","position":2,"name":"Comenz\u00f3 el censo nacional docente: relevan datos de 1,2 millones de trabajadores de la educaci\u00f3n"}]},{"@type":"WebSite","@id":"https:\/\/diariodelsurdigital.com.ar\/#website","url":"https:\/\/diariodelsurdigital.com.ar\/","name":"Diario del Sur","description":"Digital","potentialAction":[{"@type":"SearchAction","target":{"@type":"EntryPoint","urlTemplate":"https:\/\/diariodelsurdigital.com.ar\/?s={search_term_string}"},"query-input":{"@type":"PropertyValueSpecification","valueRequired":true,"valueName":"search_term_string"}}],"inLanguage":"es"},{"@type":"Person","@id":"https:\/\/diariodelsurdigital.com.ar\/#\/schema\/person\/1a4992532ed62965c968031b49195c81","name":"Diario del Sur Digital","image":{"@type":"ImageObject","inLanguage":"es","@id":"https:\/\/secure.gravatar.com\/avatar\/f0c7c47fc7146d19828273b9b8eda651c9c7ab583767e6338d3d3bee825adf76?s=96&d=mm&r=g","url":"https:\/\/secure.gravatar.com\/avatar\/f0c7c47fc7146d19828273b9b8eda651c9c7ab583767e6338d3d3bee825adf76?s=96&d=mm&r=g","contentUrl":"https:\/\/secure.gravatar.com\/avatar\/f0c7c47fc7146d19828273b9b8eda651c9c7ab583767e6338d3d3bee825adf76?s=96&d=mm&r=g","caption":"Diario del Sur Digital"},"url":"https:\/\/diariodelsurdigital.com.ar\/?author=4"}]}},"_links":{"self":[{"href":"https:\/\/diariodelsurdigital.com.ar\/index.php?rest_route=\/wp\/v2\/posts\/5599","targetHints":{"allow":["GET"]}}],"collection":[{"href":"https:\/\/diariodelsurdigital.com.ar\/index.php?rest_route=\/wp\/v2\/posts"}],"about":[{"href":"https:\/\/diariodelsurdigital.com.ar\/index.php?rest_route=\/wp\/v2\/types\/post"}],"author":[{"embeddable":true,"href":"https:\/\/diariodelsurdigital.com.ar\/index.php?rest_route=\/wp\/v2\/users\/4"}],"replies":[{"embeddable":true,"href":"https:\/\/diariodelsurdigital.com.ar\/index.php?rest_route=%2Fwp%2Fv2%2Fcomments&post=5599"}],"version-history":[{"count":1,"href":"https:\/\/diariodelsurdigital.com.ar\/index.php?rest_route=\/wp\/v2\/posts\/5599\/revisions"}],"predecessor-version":[{"id":5601,"href":"https:\/\/diariodelsurdigital.com.ar\/index.php?rest_route=\/wp\/v2\/posts\/5599\/revisions\/5601"}],"wp:featuredmedia":[{"embeddable":true,"href":"https:\/\/diariodelsurdigital.com.ar\/index.php?rest_route=\/wp\/v2\/media\/5600"}],"wp:attachment":[{"href":"https:\/\/diariodelsurdigital.com.ar\/index.php?rest_route=%2Fwp%2Fv2%2Fmedia&parent=5599"}],"wp:term":[{"taxonomy":"category","embeddable":true,"href":"https:\/\/diariodelsurdigital.com.ar\/index.php?rest_route=%2Fwp%2Fv2%2Fcategories&post=5599"},{"taxonomy":"post_tag","embeddable":true,"href":"https:\/\/diariodelsurdigital.com.ar\/index.php?rest_route=%2Fwp%2Fv2%2Ftags&post=5599"}],"curies":[{"name":"wp","href":"https:\/\/api.w.org\/{rel}","templated":true}]}}