{"id":5608,"date":"2025-11-10T09:39:00","date_gmt":"2025-11-10T12:39:00","guid":{"rendered":"https:\/\/diariodelsurdigital.com.ar\/?p=5608"},"modified":"2025-11-10T09:39:01","modified_gmt":"2025-11-10T12:39:01","slug":"la-clase-media-en-crisis-mas-de-la-mitad-de-los-argentinos-ya-son-de-clase-baja","status":"publish","type":"post","link":"https:\/\/diariodelsurdigital.com.ar\/?p=5608","title":{"rendered":"La clase media en crisis: M\u00e1s de la mitad de los argentinos ya son de clase baja"},"content":{"rendered":"\n<p>As\u00ed lo arroja un informe, que tambi\u00e9n resalta la percepci\u00f3n que tienen los argentinos sobre a que clase social pertenecen. Por otro lado, 6 de cada 10 argentinos de clase media aseguraron que su trabajo solo les permite \u00absubsitir\u00bb.<\/p>\n\n\n\n<p><\/p>\n\n\n\n<p>Los vaivenes de la situaci\u00f3n econ\u00f3mica que atraviesa el pa\u00eds golpea a la clase media, uno de los sectores m\u00e1s representativos de la Argentina. Sin embargo, en la actualidad, solo el 43% de los hogares se ubica en este estrato social seg\u00fan su nivel de ingresos, mientras que el 52% pertenece a la clase baja y solo el 5% califica como clase alta.<\/p>\n\n\n\n<p>Los datos se desprenden de un informe de la fundaci\u00f3n Pensar, think tank del PRO, realizado entre septiembre y octubre, en colaboraci\u00f3n con la consultora Casa Tres. El an\u00e1lisis se bas\u00f3 en una encuesta sobre 2.319 hogares, y datos oficiales del Instituto Nacional de Estad\u00edstica y Censos (INDEC).<\/p>\n\n\n\n<p>La clase media sigue en ca\u00edda<br>Seg\u00fan detalla el el informe \u201cEsperando la Carroza: la \u2018clase media Mafalda\u2019 se diluye\u201d, para ser considerado de clase media los ingresos del hogar deben ubicarse entre $2.000.000 y $6.500.000&#8243;. As\u00ed, seg\u00fan las cifras aportadas, la clase media dej\u00f3 de representar al sector mayoritario de los hogares y contin\u00faa en ca\u00edda.<\/p>\n\n\n\n<p>En este sentido, una de las cuestiones que resalta el estudio es que la situaci\u00f3n real contrasta con la percepci\u00f3n social de cada persona sobre el estrato social a la que pertenece. As\u00ed, el 65% de los encuestados respondi\u00f3 considerarse de clase media.<\/p>\n\n\n\n<p>Sobre la situaci\u00f3n actual, el 54% de los consultados asegur\u00f3 que hoy su capacidad de consumo es mucho peor que hace un a\u00f1o. Por otro lado, el 55% afirm\u00f3 percibir que la clase media se est\u00e1 achicando, mientras que en contrapartida solo dos de cada diez encuestados replic\u00f3 que ese sector est\u00e1 creciendo.<\/p>\n\n\n\n<p>Seg\u00fan los n\u00fameros del informe del thin thank, hoy 8 millones de hogares argentinos son de clase baja, 7 millones de clase media, y menos de 1 mill\u00f3n de clase alta.<\/p>\n\n\n\n<p>La mayor\u00eda de argentinos cree que el trabajo alcanza para \u00absubsistir\u00bb<br>Otro pasaje del informe reflej\u00f3 la tensa relaci\u00f3n que existe hoy entre un gran porcentaje de la Naci\u00f3n y el trabajo. En este escenario, 6 de cada 10 trabajadores aseguran que su empleo solo les permite \u201csubsistir\u201d.<\/p>\n\n\n\n<p>El estudio revela una transformaci\u00f3n profunda en la identidad de la clase media, marcada por la p\u00e9rdida del poder adquisitivo, la precarizaci\u00f3n laboral y la sensaci\u00f3n de estancamiento. La expectativa de movilidad social \u2014tradicionalmente asociada al esfuerzo y la educaci\u00f3n\u2014 se diluye, y con ella la idea de que el futuro ser\u00e1 mejor.<\/p>\n\n\n\n<p>\u201cLa clase media fue hist\u00f3ricamente el coraz\u00f3n del imaginario nacional. Hoy vive un proceso de mutaci\u00f3n: sigue siendo aspiracional, pero sufre la p\u00e9rdida de seguridad y previsibilidad que la defin\u00edan\u201d, explic\u00f3 Guillermo Oliveto, fundador de la consultora.<\/p>\n\n\n\n<p>Uno de los fen\u00f3menos m\u00e1s representativos de este cambio es el del \u201cconsumidor sacrificial\u201d, que reemplaza al cl\u00e1sico \u201cconsumidor aspiracional\u201d. Antes, el consumo simbolizaba bienestar y progreso; hoy se convierte en un terreno de esfuerzo y resignaci\u00f3n. Las familias priorizan mantener los gastos esenciales \u2014como salud y educaci\u00f3n\u2014 y postergan todo lo dem\u00e1s.<\/p>\n\n\n\n<p>El sondeo tambi\u00e9n muestra un creciente sentimiento de retroceso generacional: el 41% de los argentinos considera que vive peor que sus padres, y apenas uno de cada cuatro se siente en mejor situaci\u00f3n. En este contexto, el trabajo dej\u00f3 de ser un veh\u00edculo de ascenso social para transformarse en una herramienta de supervivencia, public\u00f3 \u00c1mbito.<\/p>\n","protected":false},"excerpt":{"rendered":"<p>As\u00ed lo arroja un informe, que tambi\u00e9n resalta la percepci\u00f3n que tienen los argentinos sobre a que clase social pertenecen. Por otro lado, 6 de cada 10 argentinos de clase media aseguraron que su trabajo solo les permite \u00absubsitir\u00bb. Los vaivenes de la situaci\u00f3n econ\u00f3mica que atraviesa el pa\u00eds golpea a la clase media, uno [&hellip;]<\/p>\n","protected":false},"author":4,"featured_media":5609,"comment_status":"open","ping_status":"open","sticky":false,"template":"","format":"standard","meta":{"footnotes":""},"categories":[19,18],"tags":[],"class_list":{"0":"post-5608","1":"post","2":"type-post","3":"status-publish","4":"format-standard","5":"has-post-thumbnail","7":"category-interes-general","8":"category-nacionales"},"yoast_head":"<!-- This site is optimized with the Yoast SEO plugin v27.4 - https:\/\/yoast.com\/product\/yoast-seo-wordpress\/ -->\n<title>La clase media en crisis: M\u00e1s de la mitad de los argentinos ya son de clase baja - Diario del Sur<\/title>\n<meta name=\"robots\" content=\"index, follow, max-snippet:-1, max-image-preview:large, max-video-preview:-1\" \/>\n<link rel=\"canonical\" href=\"https:\/\/diariodelsurdigital.com.ar\/?p=5608\" \/>\n<meta property=\"og:locale\" content=\"es_ES\" \/>\n<meta property=\"og:type\" content=\"article\" \/>\n<meta property=\"og:title\" content=\"La clase media en crisis: M\u00e1s de la mitad de los argentinos ya son de clase baja - Diario del Sur\" \/>\n<meta property=\"og:description\" content=\"As\u00ed lo arroja un informe, que tambi\u00e9n resalta la percepci\u00f3n que tienen los argentinos sobre a que clase social pertenecen. Por otro lado, 6 de cada 10 argentinos de clase media aseguraron que su trabajo solo les permite \u00absubsitir\u00bb. Los vaivenes de la situaci\u00f3n econ\u00f3mica que atraviesa el pa\u00eds golpea a la clase media, uno [&hellip;]\" \/>\n<meta property=\"og:url\" content=\"https:\/\/diariodelsurdigital.com.ar\/?p=5608\" \/>\n<meta property=\"og:site_name\" content=\"Diario del Sur\" \/>\n<meta property=\"article:published_time\" content=\"2025-11-10T12:39:00+00:00\" \/>\n<meta property=\"article:modified_time\" content=\"2025-11-10T12:39:01+00:00\" \/>\n<meta property=\"og:image\" content=\"https:\/\/diariodelsurdigital.com.ar\/wp-content\/uploads\/2025\/11\/md-3.webp\" \/>\n\t<meta property=\"og:image:width\" content=\"992\" \/>\n\t<meta property=\"og:image:height\" content=\"557\" \/>\n\t<meta property=\"og:image:type\" content=\"image\/webp\" \/>\n<meta name=\"author\" content=\"Diario del Sur Digital\" \/>\n<meta name=\"twitter:card\" content=\"summary_large_image\" \/>\n<meta name=\"twitter:label1\" content=\"Escrito por\" \/>\n\t<meta name=\"twitter:data1\" content=\"Diario del Sur Digital\" \/>\n\t<meta name=\"twitter:label2\" content=\"Tiempo de lectura\" \/>\n\t<meta name=\"twitter:data2\" content=\"3 minutos\" \/>\n<script type=\"application\/ld+json\" class=\"yoast-schema-graph\">{\"@context\":\"https:\\\/\\\/schema.org\",\"@graph\":[{\"@type\":\"Article\",\"@id\":\"https:\\\/\\\/diariodelsurdigital.com.ar\\\/?p=5608#article\",\"isPartOf\":{\"@id\":\"https:\\\/\\\/diariodelsurdigital.com.ar\\\/?p=5608\"},\"author\":{\"name\":\"Diario del Sur Digital\",\"@id\":\"https:\\\/\\\/diariodelsurdigital.com.ar\\\/#\\\/schema\\\/person\\\/1a4992532ed62965c968031b49195c81\"},\"headline\":\"La clase media en crisis: M\u00e1s de la mitad de los argentinos ya son de clase baja\",\"datePublished\":\"2025-11-10T12:39:00+00:00\",\"dateModified\":\"2025-11-10T12:39:01+00:00\",\"mainEntityOfPage\":{\"@id\":\"https:\\\/\\\/diariodelsurdigital.com.ar\\\/?p=5608\"},\"wordCount\":625,\"commentCount\":0,\"image\":{\"@id\":\"https:\\\/\\\/diariodelsurdigital.com.ar\\\/?p=5608#primaryimage\"},\"thumbnailUrl\":\"https:\\\/\\\/diariodelsurdigital.com.ar\\\/wp-content\\\/uploads\\\/2025\\\/11\\\/md-3.webp\",\"articleSection\":[\"Inter\u00e9s General\",\"Nacionales\"],\"inLanguage\":\"es\",\"potentialAction\":[{\"@type\":\"CommentAction\",\"name\":\"Comment\",\"target\":[\"https:\\\/\\\/diariodelsurdigital.com.ar\\\/?p=5608#respond\"]}]},{\"@type\":\"WebPage\",\"@id\":\"https:\\\/\\\/diariodelsurdigital.com.ar\\\/?p=5608\",\"url\":\"https:\\\/\\\/diariodelsurdigital.com.ar\\\/?p=5608\",\"name\":\"La clase media en crisis: M\u00e1s de la mitad de los argentinos ya son de clase baja - Diario del Sur\",\"isPartOf\":{\"@id\":\"https:\\\/\\\/diariodelsurdigital.com.ar\\\/#website\"},\"primaryImageOfPage\":{\"@id\":\"https:\\\/\\\/diariodelsurdigital.com.ar\\\/?p=5608#primaryimage\"},\"image\":{\"@id\":\"https:\\\/\\\/diariodelsurdigital.com.ar\\\/?p=5608#primaryimage\"},\"thumbnailUrl\":\"https:\\\/\\\/diariodelsurdigital.com.ar\\\/wp-content\\\/uploads\\\/2025\\\/11\\\/md-3.webp\",\"datePublished\":\"2025-11-10T12:39:00+00:00\",\"dateModified\":\"2025-11-10T12:39:01+00:00\",\"author\":{\"@id\":\"https:\\\/\\\/diariodelsurdigital.com.ar\\\/#\\\/schema\\\/person\\\/1a4992532ed62965c968031b49195c81\"},\"breadcrumb\":{\"@id\":\"https:\\\/\\\/diariodelsurdigital.com.ar\\\/?p=5608#breadcrumb\"},\"inLanguage\":\"es\",\"potentialAction\":[{\"@type\":\"ReadAction\",\"target\":[\"https:\\\/\\\/diariodelsurdigital.com.ar\\\/?p=5608\"]}]},{\"@type\":\"ImageObject\",\"inLanguage\":\"es\",\"@id\":\"https:\\\/\\\/diariodelsurdigital.com.ar\\\/?p=5608#primaryimage\",\"url\":\"https:\\\/\\\/diariodelsurdigital.com.ar\\\/wp-content\\\/uploads\\\/2025\\\/11\\\/md-3.webp\",\"contentUrl\":\"https:\\\/\\\/diariodelsurdigital.com.ar\\\/wp-content\\\/uploads\\\/2025\\\/11\\\/md-3.webp\",\"width\":992,\"height\":557},{\"@type\":\"BreadcrumbList\",\"@id\":\"https:\\\/\\\/diariodelsurdigital.com.ar\\\/?p=5608#breadcrumb\",\"itemListElement\":[{\"@type\":\"ListItem\",\"position\":1,\"name\":\"Portada\",\"item\":\"https:\\\/\\\/diariodelsurdigital.com.ar\\\/\"},{\"@type\":\"ListItem\",\"position\":2,\"name\":\"La clase media en crisis: M\u00e1s de la mitad de los argentinos ya son de clase baja\"}]},{\"@type\":\"WebSite\",\"@id\":\"https:\\\/\\\/diariodelsurdigital.com.ar\\\/#website\",\"url\":\"https:\\\/\\\/diariodelsurdigital.com.ar\\\/\",\"name\":\"Diario del Sur\",\"description\":\"Digital\",\"potentialAction\":[{\"@type\":\"SearchAction\",\"target\":{\"@type\":\"EntryPoint\",\"urlTemplate\":\"https:\\\/\\\/diariodelsurdigital.com.ar\\\/?s={search_term_string}\"},\"query-input\":{\"@type\":\"PropertyValueSpecification\",\"valueRequired\":true,\"valueName\":\"search_term_string\"}}],\"inLanguage\":\"es\"},{\"@type\":\"Person\",\"@id\":\"https:\\\/\\\/diariodelsurdigital.com.ar\\\/#\\\/schema\\\/person\\\/1a4992532ed62965c968031b49195c81\",\"name\":\"Diario del Sur Digital\",\"image\":{\"@type\":\"ImageObject\",\"inLanguage\":\"es\",\"@id\":\"https:\\\/\\\/secure.gravatar.com\\\/avatar\\\/f0c7c47fc7146d19828273b9b8eda651c9c7ab583767e6338d3d3bee825adf76?s=96&d=mm&r=g\",\"url\":\"https:\\\/\\\/secure.gravatar.com\\\/avatar\\\/f0c7c47fc7146d19828273b9b8eda651c9c7ab583767e6338d3d3bee825adf76?s=96&d=mm&r=g\",\"contentUrl\":\"https:\\\/\\\/secure.gravatar.com\\\/avatar\\\/f0c7c47fc7146d19828273b9b8eda651c9c7ab583767e6338d3d3bee825adf76?s=96&d=mm&r=g\",\"caption\":\"Diario del Sur Digital\"},\"url\":\"https:\\\/\\\/diariodelsurdigital.com.ar\\\/?author=4\"}]}<\/script>\n<!-- \/ Yoast SEO plugin. -->","yoast_head_json":{"title":"La clase media en crisis: M\u00e1s de la mitad de los argentinos ya son de clase baja - Diario del Sur","robots":{"index":"index","follow":"follow","max-snippet":"max-snippet:-1","max-image-preview":"max-image-preview:large","max-video-preview":"max-video-preview:-1"},"canonical":"https:\/\/diariodelsurdigital.com.ar\/?p=5608","og_locale":"es_ES","og_type":"article","og_title":"La clase media en crisis: M\u00e1s de la mitad de los argentinos ya son de clase baja - Diario del Sur","og_description":"As\u00ed lo arroja un informe, que tambi\u00e9n resalta la percepci\u00f3n que tienen los argentinos sobre a que clase social pertenecen. Por otro lado, 6 de cada 10 argentinos de clase media aseguraron que su trabajo solo les permite \u00absubsitir\u00bb. Los vaivenes de la situaci\u00f3n econ\u00f3mica que atraviesa el pa\u00eds golpea a la clase media, uno [&hellip;]","og_url":"https:\/\/diariodelsurdigital.com.ar\/?p=5608","og_site_name":"Diario del Sur","article_published_time":"2025-11-10T12:39:00+00:00","article_modified_time":"2025-11-10T12:39:01+00:00","og_image":[{"width":992,"height":557,"url":"https:\/\/diariodelsurdigital.com.ar\/wp-content\/uploads\/2025\/11\/md-3.webp","type":"image\/webp"}],"author":"Diario del Sur Digital","twitter_card":"summary_large_image","twitter_misc":{"Escrito por":"Diario del Sur Digital","Tiempo de lectura":"3 minutos"},"schema":{"@context":"https:\/\/schema.org","@graph":[{"@type":"Article","@id":"https:\/\/diariodelsurdigital.com.ar\/?p=5608#article","isPartOf":{"@id":"https:\/\/diariodelsurdigital.com.ar\/?p=5608"},"author":{"name":"Diario del Sur Digital","@id":"https:\/\/diariodelsurdigital.com.ar\/#\/schema\/person\/1a4992532ed62965c968031b49195c81"},"headline":"La clase media en crisis: M\u00e1s de la mitad de los argentinos ya son de clase baja","datePublished":"2025-11-10T12:39:00+00:00","dateModified":"2025-11-10T12:39:01+00:00","mainEntityOfPage":{"@id":"https:\/\/diariodelsurdigital.com.ar\/?p=5608"},"wordCount":625,"commentCount":0,"image":{"@id":"https:\/\/diariodelsurdigital.com.ar\/?p=5608#primaryimage"},"thumbnailUrl":"https:\/\/diariodelsurdigital.com.ar\/wp-content\/uploads\/2025\/11\/md-3.webp","articleSection":["Inter\u00e9s General","Nacionales"],"inLanguage":"es","potentialAction":[{"@type":"CommentAction","name":"Comment","target":["https:\/\/diariodelsurdigital.com.ar\/?p=5608#respond"]}]},{"@type":"WebPage","@id":"https:\/\/diariodelsurdigital.com.ar\/?p=5608","url":"https:\/\/diariodelsurdigital.com.ar\/?p=5608","name":"La clase media en crisis: M\u00e1s de la mitad de los argentinos ya son de clase baja - Diario del Sur","isPartOf":{"@id":"https:\/\/diariodelsurdigital.com.ar\/#website"},"primaryImageOfPage":{"@id":"https:\/\/diariodelsurdigital.com.ar\/?p=5608#primaryimage"},"image":{"@id":"https:\/\/diariodelsurdigital.com.ar\/?p=5608#primaryimage"},"thumbnailUrl":"https:\/\/diariodelsurdigital.com.ar\/wp-content\/uploads\/2025\/11\/md-3.webp","datePublished":"2025-11-10T12:39:00+00:00","dateModified":"2025-11-10T12:39:01+00:00","author":{"@id":"https:\/\/diariodelsurdigital.com.ar\/#\/schema\/person\/1a4992532ed62965c968031b49195c81"},"breadcrumb":{"@id":"https:\/\/diariodelsurdigital.com.ar\/?p=5608#breadcrumb"},"inLanguage":"es","potentialAction":[{"@type":"ReadAction","target":["https:\/\/diariodelsurdigital.com.ar\/?p=5608"]}]},{"@type":"ImageObject","inLanguage":"es","@id":"https:\/\/diariodelsurdigital.com.ar\/?p=5608#primaryimage","url":"https:\/\/diariodelsurdigital.com.ar\/wp-content\/uploads\/2025\/11\/md-3.webp","contentUrl":"https:\/\/diariodelsurdigital.com.ar\/wp-content\/uploads\/2025\/11\/md-3.webp","width":992,"height":557},{"@type":"BreadcrumbList","@id":"https:\/\/diariodelsurdigital.com.ar\/?p=5608#breadcrumb","itemListElement":[{"@type":"ListItem","position":1,"name":"Portada","item":"https:\/\/diariodelsurdigital.com.ar\/"},{"@type":"ListItem","position":2,"name":"La clase media en crisis: M\u00e1s de la mitad de los argentinos ya son de clase baja"}]},{"@type":"WebSite","@id":"https:\/\/diariodelsurdigital.com.ar\/#website","url":"https:\/\/diariodelsurdigital.com.ar\/","name":"Diario del Sur","description":"Digital","potentialAction":[{"@type":"SearchAction","target":{"@type":"EntryPoint","urlTemplate":"https:\/\/diariodelsurdigital.com.ar\/?s={search_term_string}"},"query-input":{"@type":"PropertyValueSpecification","valueRequired":true,"valueName":"search_term_string"}}],"inLanguage":"es"},{"@type":"Person","@id":"https:\/\/diariodelsurdigital.com.ar\/#\/schema\/person\/1a4992532ed62965c968031b49195c81","name":"Diario del Sur Digital","image":{"@type":"ImageObject","inLanguage":"es","@id":"https:\/\/secure.gravatar.com\/avatar\/f0c7c47fc7146d19828273b9b8eda651c9c7ab583767e6338d3d3bee825adf76?s=96&d=mm&r=g","url":"https:\/\/secure.gravatar.com\/avatar\/f0c7c47fc7146d19828273b9b8eda651c9c7ab583767e6338d3d3bee825adf76?s=96&d=mm&r=g","contentUrl":"https:\/\/secure.gravatar.com\/avatar\/f0c7c47fc7146d19828273b9b8eda651c9c7ab583767e6338d3d3bee825adf76?s=96&d=mm&r=g","caption":"Diario del Sur Digital"},"url":"https:\/\/diariodelsurdigital.com.ar\/?author=4"}]}},"_links":{"self":[{"href":"https:\/\/diariodelsurdigital.com.ar\/index.php?rest_route=\/wp\/v2\/posts\/5608","targetHints":{"allow":["GET"]}}],"collection":[{"href":"https:\/\/diariodelsurdigital.com.ar\/index.php?rest_route=\/wp\/v2\/posts"}],"about":[{"href":"https:\/\/diariodelsurdigital.com.ar\/index.php?rest_route=\/wp\/v2\/types\/post"}],"author":[{"embeddable":true,"href":"https:\/\/diariodelsurdigital.com.ar\/index.php?rest_route=\/wp\/v2\/users\/4"}],"replies":[{"embeddable":true,"href":"https:\/\/diariodelsurdigital.com.ar\/index.php?rest_route=%2Fwp%2Fv2%2Fcomments&post=5608"}],"version-history":[{"count":1,"href":"https:\/\/diariodelsurdigital.com.ar\/index.php?rest_route=\/wp\/v2\/posts\/5608\/revisions"}],"predecessor-version":[{"id":5610,"href":"https:\/\/diariodelsurdigital.com.ar\/index.php?rest_route=\/wp\/v2\/posts\/5608\/revisions\/5610"}],"wp:featuredmedia":[{"embeddable":true,"href":"https:\/\/diariodelsurdigital.com.ar\/index.php?rest_route=\/wp\/v2\/media\/5609"}],"wp:attachment":[{"href":"https:\/\/diariodelsurdigital.com.ar\/index.php?rest_route=%2Fwp%2Fv2%2Fmedia&parent=5608"}],"wp:term":[{"taxonomy":"category","embeddable":true,"href":"https:\/\/diariodelsurdigital.com.ar\/index.php?rest_route=%2Fwp%2Fv2%2Fcategories&post=5608"},{"taxonomy":"post_tag","embeddable":true,"href":"https:\/\/diariodelsurdigital.com.ar\/index.php?rest_route=%2Fwp%2Fv2%2Ftags&post=5608"}],"curies":[{"name":"wp","href":"https:\/\/api.w.org\/{rel}","templated":true}]}}