{"id":5620,"date":"2025-11-11T14:49:59","date_gmt":"2025-11-11T17:49:59","guid":{"rendered":"https:\/\/diariodelsurdigital.com.ar\/?p=5620"},"modified":"2025-11-11T14:50:00","modified_gmt":"2025-11-11T17:50:00","slug":"el-peronismo-de-entre-rios-se-reune-en-gualeguaychu-tras-la-derrota-electoral-de-octubre","status":"publish","type":"post","link":"https:\/\/diariodelsurdigital.com.ar\/?p=5620","title":{"rendered":"El peronismo de Entre R\u00edos se re\u00fane en Gualeguaych\u00fa tras la derrota electoral de octubre"},"content":{"rendered":"\n<p>Este s\u00e1bado, Gualeguaych\u00fa ser\u00e1 el escenario del primer encuentro formal del peronismo entrerriano luego de la derrota electoral del pasado 26 de octubre. La cita reunir\u00e1 a intendentes y legisladores nacionales electos con el objetivo de empezar a definir una agenda legislativa com\u00fan, aunque el encuentro tambi\u00e9n se perfila como una oportunidad para abordar las tensiones internas que marcaron el proceso electoral.<\/p>\n\n\n\n<p><\/p>\n\n\n\n<p>A pesar de las especulaciones previas sobre posibles sanciones o suspensiones a los dirigentes que participaron de la contienda fuera de la estructura oficial del partido, fuentes cercanas a la organizaci\u00f3n confirmaron que estos temas no estar\u00e1n en la agenda. \u00abEs una cuesti\u00f3n del Consejo Provincial\u00bb, aseguraron, dejando claro que las posibles sanciones quedar\u00e1n en suspenso. Esta decisi\u00f3n refleja la voluntad de la dirigencia de mirar hacia el futuro y evitar agudizar los conflictos internos.<\/p>\n\n\n\n<p>Sin embargo, se espera que el encuentro de Gualeguaych\u00fa funcione tambi\u00e9n como un espacio de catarsis para discutir los errores y las cr\u00edticas surgidas durante la conformaci\u00f3n de las listas. \u00abHay una idea de mirar para adelante, pero lo que pas\u00f3, pas\u00f3\u00bb, destac\u00f3 una fuente del partido. La reuni\u00f3n, por tanto, ser\u00e1 una primera instancia de reflexi\u00f3n y an\u00e1lisis, adem\u00e1s de un momento para empezar a trazar una hoja de ruta para los pr\u00f3ximos desaf\u00edos legislativos.<\/p>\n\n\n\n<p>Este encuentro ser\u00e1 el primero de una serie de reuniones que incluir\u00e1n tambi\u00e9n a los legisladores provinciales, con el fin de reposicionar al partido y definir estrategias ante el nuevo escenario pol\u00edtico que se abre tras la derrota electoral. Para el justicialismo entrerriano, este espacio de di\u00e1logo representa una oportunidad de reordenamiento tras una de las derrotas m\u00e1s duras que ha vivido el peronismo en los \u00faltimos a\u00f1os. <\/p>\n","protected":false},"excerpt":{"rendered":"<p>Este s\u00e1bado, Gualeguaych\u00fa ser\u00e1 el escenario del primer encuentro formal del peronismo entrerriano luego de la derrota electoral del pasado 26 de octubre. La cita reunir\u00e1 a intendentes y legisladores nacionales electos con el objetivo de empezar a definir una agenda legislativa com\u00fan, aunque el encuentro tambi\u00e9n se perfila como una oportunidad para abordar las [&hellip;]<\/p>\n","protected":false},"author":4,"featured_media":5621,"comment_status":"open","ping_status":"open","sticky":false,"template":"","format":"standard","meta":{"footnotes":""},"categories":[19,22],"tags":[],"class_list":{"0":"post-5620","1":"post","2":"type-post","3":"status-publish","4":"format-standard","5":"has-post-thumbnail","7":"category-interes-general","8":"category-politica"},"yoast_head":"<!-- This site is optimized with the Yoast SEO plugin v27.4 - https:\/\/yoast.com\/product\/yoast-seo-wordpress\/ -->\n<title>El peronismo de Entre R\u00edos se re\u00fane en Gualeguaych\u00fa tras la derrota electoral de octubre - Diario del Sur<\/title>\n<meta name=\"robots\" content=\"index, follow, max-snippet:-1, max-image-preview:large, max-video-preview:-1\" \/>\n<link rel=\"canonical\" href=\"https:\/\/diariodelsurdigital.com.ar\/?p=5620\" \/>\n<meta property=\"og:locale\" content=\"es_ES\" \/>\n<meta property=\"og:type\" content=\"article\" \/>\n<meta property=\"og:title\" content=\"El peronismo de Entre R\u00edos se re\u00fane en Gualeguaych\u00fa tras la derrota electoral de octubre - Diario del Sur\" \/>\n<meta property=\"og:description\" content=\"Este s\u00e1bado, Gualeguaych\u00fa ser\u00e1 el escenario del primer encuentro formal del peronismo entrerriano luego de la derrota electoral del pasado 26 de octubre. La cita reunir\u00e1 a intendentes y legisladores nacionales electos con el objetivo de empezar a definir una agenda legislativa com\u00fan, aunque el encuentro tambi\u00e9n se perfila como una oportunidad para abordar las [&hellip;]\" \/>\n<meta property=\"og:url\" content=\"https:\/\/diariodelsurdigital.com.ar\/?p=5620\" \/>\n<meta property=\"og:site_name\" content=\"Diario del Sur\" \/>\n<meta property=\"article:published_time\" content=\"2025-11-11T17:49:59+00:00\" \/>\n<meta property=\"article:modified_time\" content=\"2025-11-11T17:50:00+00:00\" \/>\n<meta property=\"og:image\" content=\"https:\/\/diariodelsurdigital.com.ar\/wp-content\/uploads\/2025\/11\/md-4.webp\" \/>\n\t<meta property=\"og:image:width\" content=\"992\" \/>\n\t<meta property=\"og:image:height\" content=\"637\" \/>\n\t<meta property=\"og:image:type\" content=\"image\/webp\" \/>\n<meta name=\"author\" content=\"Diario del Sur Digital\" \/>\n<meta name=\"twitter:card\" content=\"summary_large_image\" \/>\n<meta name=\"twitter:label1\" content=\"Escrito por\" \/>\n\t<meta name=\"twitter:data1\" content=\"Diario del Sur Digital\" \/>\n\t<meta name=\"twitter:label2\" content=\"Tiempo de lectura\" \/>\n\t<meta name=\"twitter:data2\" content=\"2 minutos\" \/>\n<script type=\"application\/ld+json\" class=\"yoast-schema-graph\">{\"@context\":\"https:\\\/\\\/schema.org\",\"@graph\":[{\"@type\":\"Article\",\"@id\":\"https:\\\/\\\/diariodelsurdigital.com.ar\\\/?p=5620#article\",\"isPartOf\":{\"@id\":\"https:\\\/\\\/diariodelsurdigital.com.ar\\\/?p=5620\"},\"author\":{\"name\":\"Diario del Sur Digital\",\"@id\":\"https:\\\/\\\/diariodelsurdigital.com.ar\\\/#\\\/schema\\\/person\\\/1a4992532ed62965c968031b49195c81\"},\"headline\":\"El peronismo de Entre R\u00edos se re\u00fane en Gualeguaych\u00fa tras la derrota electoral de octubre\",\"datePublished\":\"2025-11-11T17:49:59+00:00\",\"dateModified\":\"2025-11-11T17:50:00+00:00\",\"mainEntityOfPage\":{\"@id\":\"https:\\\/\\\/diariodelsurdigital.com.ar\\\/?p=5620\"},\"wordCount\":320,\"commentCount\":0,\"image\":{\"@id\":\"https:\\\/\\\/diariodelsurdigital.com.ar\\\/?p=5620#primaryimage\"},\"thumbnailUrl\":\"https:\\\/\\\/diariodelsurdigital.com.ar\\\/wp-content\\\/uploads\\\/2025\\\/11\\\/md-4.webp\",\"articleSection\":[\"Inter\u00e9s General\",\"Pol\u00edtica\"],\"inLanguage\":\"es\",\"potentialAction\":[{\"@type\":\"CommentAction\",\"name\":\"Comment\",\"target\":[\"https:\\\/\\\/diariodelsurdigital.com.ar\\\/?p=5620#respond\"]}]},{\"@type\":\"WebPage\",\"@id\":\"https:\\\/\\\/diariodelsurdigital.com.ar\\\/?p=5620\",\"url\":\"https:\\\/\\\/diariodelsurdigital.com.ar\\\/?p=5620\",\"name\":\"El peronismo de Entre R\u00edos se re\u00fane en Gualeguaych\u00fa tras la derrota electoral de octubre - Diario del Sur\",\"isPartOf\":{\"@id\":\"https:\\\/\\\/diariodelsurdigital.com.ar\\\/#website\"},\"primaryImageOfPage\":{\"@id\":\"https:\\\/\\\/diariodelsurdigital.com.ar\\\/?p=5620#primaryimage\"},\"image\":{\"@id\":\"https:\\\/\\\/diariodelsurdigital.com.ar\\\/?p=5620#primaryimage\"},\"thumbnailUrl\":\"https:\\\/\\\/diariodelsurdigital.com.ar\\\/wp-content\\\/uploads\\\/2025\\\/11\\\/md-4.webp\",\"datePublished\":\"2025-11-11T17:49:59+00:00\",\"dateModified\":\"2025-11-11T17:50:00+00:00\",\"author\":{\"@id\":\"https:\\\/\\\/diariodelsurdigital.com.ar\\\/#\\\/schema\\\/person\\\/1a4992532ed62965c968031b49195c81\"},\"breadcrumb\":{\"@id\":\"https:\\\/\\\/diariodelsurdigital.com.ar\\\/?p=5620#breadcrumb\"},\"inLanguage\":\"es\",\"potentialAction\":[{\"@type\":\"ReadAction\",\"target\":[\"https:\\\/\\\/diariodelsurdigital.com.ar\\\/?p=5620\"]}]},{\"@type\":\"ImageObject\",\"inLanguage\":\"es\",\"@id\":\"https:\\\/\\\/diariodelsurdigital.com.ar\\\/?p=5620#primaryimage\",\"url\":\"https:\\\/\\\/diariodelsurdigital.com.ar\\\/wp-content\\\/uploads\\\/2025\\\/11\\\/md-4.webp\",\"contentUrl\":\"https:\\\/\\\/diariodelsurdigital.com.ar\\\/wp-content\\\/uploads\\\/2025\\\/11\\\/md-4.webp\",\"width\":992,\"height\":637},{\"@type\":\"BreadcrumbList\",\"@id\":\"https:\\\/\\\/diariodelsurdigital.com.ar\\\/?p=5620#breadcrumb\",\"itemListElement\":[{\"@type\":\"ListItem\",\"position\":1,\"name\":\"Portada\",\"item\":\"https:\\\/\\\/diariodelsurdigital.com.ar\\\/\"},{\"@type\":\"ListItem\",\"position\":2,\"name\":\"El peronismo de Entre R\u00edos se re\u00fane en Gualeguaych\u00fa tras la derrota electoral de octubre\"}]},{\"@type\":\"WebSite\",\"@id\":\"https:\\\/\\\/diariodelsurdigital.com.ar\\\/#website\",\"url\":\"https:\\\/\\\/diariodelsurdigital.com.ar\\\/\",\"name\":\"Diario del Sur\",\"description\":\"Digital\",\"potentialAction\":[{\"@type\":\"SearchAction\",\"target\":{\"@type\":\"EntryPoint\",\"urlTemplate\":\"https:\\\/\\\/diariodelsurdigital.com.ar\\\/?s={search_term_string}\"},\"query-input\":{\"@type\":\"PropertyValueSpecification\",\"valueRequired\":true,\"valueName\":\"search_term_string\"}}],\"inLanguage\":\"es\"},{\"@type\":\"Person\",\"@id\":\"https:\\\/\\\/diariodelsurdigital.com.ar\\\/#\\\/schema\\\/person\\\/1a4992532ed62965c968031b49195c81\",\"name\":\"Diario del Sur Digital\",\"image\":{\"@type\":\"ImageObject\",\"inLanguage\":\"es\",\"@id\":\"https:\\\/\\\/secure.gravatar.com\\\/avatar\\\/f0c7c47fc7146d19828273b9b8eda651c9c7ab583767e6338d3d3bee825adf76?s=96&d=mm&r=g\",\"url\":\"https:\\\/\\\/secure.gravatar.com\\\/avatar\\\/f0c7c47fc7146d19828273b9b8eda651c9c7ab583767e6338d3d3bee825adf76?s=96&d=mm&r=g\",\"contentUrl\":\"https:\\\/\\\/secure.gravatar.com\\\/avatar\\\/f0c7c47fc7146d19828273b9b8eda651c9c7ab583767e6338d3d3bee825adf76?s=96&d=mm&r=g\",\"caption\":\"Diario del Sur Digital\"},\"url\":\"https:\\\/\\\/diariodelsurdigital.com.ar\\\/?author=4\"}]}<\/script>\n<!-- \/ Yoast SEO plugin. -->","yoast_head_json":{"title":"El peronismo de Entre R\u00edos se re\u00fane en Gualeguaych\u00fa tras la derrota electoral de octubre - Diario del Sur","robots":{"index":"index","follow":"follow","max-snippet":"max-snippet:-1","max-image-preview":"max-image-preview:large","max-video-preview":"max-video-preview:-1"},"canonical":"https:\/\/diariodelsurdigital.com.ar\/?p=5620","og_locale":"es_ES","og_type":"article","og_title":"El peronismo de Entre R\u00edos se re\u00fane en Gualeguaych\u00fa tras la derrota electoral de octubre - Diario del Sur","og_description":"Este s\u00e1bado, Gualeguaych\u00fa ser\u00e1 el escenario del primer encuentro formal del peronismo entrerriano luego de la derrota electoral del pasado 26 de octubre. La cita reunir\u00e1 a intendentes y legisladores nacionales electos con el objetivo de empezar a definir una agenda legislativa com\u00fan, aunque el encuentro tambi\u00e9n se perfila como una oportunidad para abordar las [&hellip;]","og_url":"https:\/\/diariodelsurdigital.com.ar\/?p=5620","og_site_name":"Diario del Sur","article_published_time":"2025-11-11T17:49:59+00:00","article_modified_time":"2025-11-11T17:50:00+00:00","og_image":[{"width":992,"height":637,"url":"https:\/\/diariodelsurdigital.com.ar\/wp-content\/uploads\/2025\/11\/md-4.webp","type":"image\/webp"}],"author":"Diario del Sur Digital","twitter_card":"summary_large_image","twitter_misc":{"Escrito por":"Diario del Sur Digital","Tiempo de lectura":"2 minutos"},"schema":{"@context":"https:\/\/schema.org","@graph":[{"@type":"Article","@id":"https:\/\/diariodelsurdigital.com.ar\/?p=5620#article","isPartOf":{"@id":"https:\/\/diariodelsurdigital.com.ar\/?p=5620"},"author":{"name":"Diario del Sur Digital","@id":"https:\/\/diariodelsurdigital.com.ar\/#\/schema\/person\/1a4992532ed62965c968031b49195c81"},"headline":"El peronismo de Entre R\u00edos se re\u00fane en Gualeguaych\u00fa tras la derrota electoral de octubre","datePublished":"2025-11-11T17:49:59+00:00","dateModified":"2025-11-11T17:50:00+00:00","mainEntityOfPage":{"@id":"https:\/\/diariodelsurdigital.com.ar\/?p=5620"},"wordCount":320,"commentCount":0,"image":{"@id":"https:\/\/diariodelsurdigital.com.ar\/?p=5620#primaryimage"},"thumbnailUrl":"https:\/\/diariodelsurdigital.com.ar\/wp-content\/uploads\/2025\/11\/md-4.webp","articleSection":["Inter\u00e9s General","Pol\u00edtica"],"inLanguage":"es","potentialAction":[{"@type":"CommentAction","name":"Comment","target":["https:\/\/diariodelsurdigital.com.ar\/?p=5620#respond"]}]},{"@type":"WebPage","@id":"https:\/\/diariodelsurdigital.com.ar\/?p=5620","url":"https:\/\/diariodelsurdigital.com.ar\/?p=5620","name":"El peronismo de Entre R\u00edos se re\u00fane en Gualeguaych\u00fa tras la derrota electoral de octubre - Diario del Sur","isPartOf":{"@id":"https:\/\/diariodelsurdigital.com.ar\/#website"},"primaryImageOfPage":{"@id":"https:\/\/diariodelsurdigital.com.ar\/?p=5620#primaryimage"},"image":{"@id":"https:\/\/diariodelsurdigital.com.ar\/?p=5620#primaryimage"},"thumbnailUrl":"https:\/\/diariodelsurdigital.com.ar\/wp-content\/uploads\/2025\/11\/md-4.webp","datePublished":"2025-11-11T17:49:59+00:00","dateModified":"2025-11-11T17:50:00+00:00","author":{"@id":"https:\/\/diariodelsurdigital.com.ar\/#\/schema\/person\/1a4992532ed62965c968031b49195c81"},"breadcrumb":{"@id":"https:\/\/diariodelsurdigital.com.ar\/?p=5620#breadcrumb"},"inLanguage":"es","potentialAction":[{"@type":"ReadAction","target":["https:\/\/diariodelsurdigital.com.ar\/?p=5620"]}]},{"@type":"ImageObject","inLanguage":"es","@id":"https:\/\/diariodelsurdigital.com.ar\/?p=5620#primaryimage","url":"https:\/\/diariodelsurdigital.com.ar\/wp-content\/uploads\/2025\/11\/md-4.webp","contentUrl":"https:\/\/diariodelsurdigital.com.ar\/wp-content\/uploads\/2025\/11\/md-4.webp","width":992,"height":637},{"@type":"BreadcrumbList","@id":"https:\/\/diariodelsurdigital.com.ar\/?p=5620#breadcrumb","itemListElement":[{"@type":"ListItem","position":1,"name":"Portada","item":"https:\/\/diariodelsurdigital.com.ar\/"},{"@type":"ListItem","position":2,"name":"El peronismo de Entre R\u00edos se re\u00fane en Gualeguaych\u00fa tras la derrota electoral de octubre"}]},{"@type":"WebSite","@id":"https:\/\/diariodelsurdigital.com.ar\/#website","url":"https:\/\/diariodelsurdigital.com.ar\/","name":"Diario del Sur","description":"Digital","potentialAction":[{"@type":"SearchAction","target":{"@type":"EntryPoint","urlTemplate":"https:\/\/diariodelsurdigital.com.ar\/?s={search_term_string}"},"query-input":{"@type":"PropertyValueSpecification","valueRequired":true,"valueName":"search_term_string"}}],"inLanguage":"es"},{"@type":"Person","@id":"https:\/\/diariodelsurdigital.com.ar\/#\/schema\/person\/1a4992532ed62965c968031b49195c81","name":"Diario del Sur Digital","image":{"@type":"ImageObject","inLanguage":"es","@id":"https:\/\/secure.gravatar.com\/avatar\/f0c7c47fc7146d19828273b9b8eda651c9c7ab583767e6338d3d3bee825adf76?s=96&d=mm&r=g","url":"https:\/\/secure.gravatar.com\/avatar\/f0c7c47fc7146d19828273b9b8eda651c9c7ab583767e6338d3d3bee825adf76?s=96&d=mm&r=g","contentUrl":"https:\/\/secure.gravatar.com\/avatar\/f0c7c47fc7146d19828273b9b8eda651c9c7ab583767e6338d3d3bee825adf76?s=96&d=mm&r=g","caption":"Diario del Sur Digital"},"url":"https:\/\/diariodelsurdigital.com.ar\/?author=4"}]}},"_links":{"self":[{"href":"https:\/\/diariodelsurdigital.com.ar\/index.php?rest_route=\/wp\/v2\/posts\/5620","targetHints":{"allow":["GET"]}}],"collection":[{"href":"https:\/\/diariodelsurdigital.com.ar\/index.php?rest_route=\/wp\/v2\/posts"}],"about":[{"href":"https:\/\/diariodelsurdigital.com.ar\/index.php?rest_route=\/wp\/v2\/types\/post"}],"author":[{"embeddable":true,"href":"https:\/\/diariodelsurdigital.com.ar\/index.php?rest_route=\/wp\/v2\/users\/4"}],"replies":[{"embeddable":true,"href":"https:\/\/diariodelsurdigital.com.ar\/index.php?rest_route=%2Fwp%2Fv2%2Fcomments&post=5620"}],"version-history":[{"count":1,"href":"https:\/\/diariodelsurdigital.com.ar\/index.php?rest_route=\/wp\/v2\/posts\/5620\/revisions"}],"predecessor-version":[{"id":5622,"href":"https:\/\/diariodelsurdigital.com.ar\/index.php?rest_route=\/wp\/v2\/posts\/5620\/revisions\/5622"}],"wp:featuredmedia":[{"embeddable":true,"href":"https:\/\/diariodelsurdigital.com.ar\/index.php?rest_route=\/wp\/v2\/media\/5621"}],"wp:attachment":[{"href":"https:\/\/diariodelsurdigital.com.ar\/index.php?rest_route=%2Fwp%2Fv2%2Fmedia&parent=5620"}],"wp:term":[{"taxonomy":"category","embeddable":true,"href":"https:\/\/diariodelsurdigital.com.ar\/index.php?rest_route=%2Fwp%2Fv2%2Fcategories&post=5620"},{"taxonomy":"post_tag","embeddable":true,"href":"https:\/\/diariodelsurdigital.com.ar\/index.php?rest_route=%2Fwp%2Fv2%2Ftags&post=5620"}],"curies":[{"name":"wp","href":"https:\/\/api.w.org\/{rel}","templated":true}]}}