{"id":5626,"date":"2025-11-11T14:55:01","date_gmt":"2025-11-11T17:55:01","guid":{"rendered":"https:\/\/diariodelsurdigital.com.ar\/?p=5626"},"modified":"2025-11-11T14:55:03","modified_gmt":"2025-11-11T17:55:03","slug":"un-hombre-fue-hospitalizado-tras-ser-apunalado-durante-una-pelea-en-federacion","status":"publish","type":"post","link":"https:\/\/diariodelsurdigital.com.ar\/?p=5626","title":{"rendered":"Un hombre fue hospitalizado tras ser apu\u00f1alado durante una pelea en Federaci\u00f3n"},"content":{"rendered":"\n<p>Fuentes policiales indicaron que una pelea entre tres vecinos, termin\u00f3 con un joven de 29 a\u00f1os herido en el pecho y otro detenido. La Fiscal\u00eda orden\u00f3 un allanamiento y el secuestro de elementos vinculados a la causa.<\/p>\n\n\n\n<p>Una pelea en la que intervinieron tres hombres alter\u00f3 la tarde del lunes en la ciudad de Federaci\u00f3n. El hecho ocurri\u00f3 en la intersecci\u00f3n de calles Emilio Surra y Las Rosas, donde intervino personal policial tras ser alertado por los vecinos debido a un enfrentamiento.<\/p>\n\n\n\n<p>Seg\u00fan inform\u00f3 Elonce, un hombre de 29 a\u00f1os sufri\u00f3 una herida punzante en el pecho y m\u00faltiples escoriaciones, por lo que fue trasladado al Hospital Masvernat de Concordia para recibir una atenci\u00f3n m\u00e1s especializada.<\/p>\n\n\n\n<p>Otro de los involucrados, de 45 a\u00f1os, present\u00f3 un corte leve en el rostro, mientras que el presunto agresor, de 25 a\u00f1os, tambi\u00e9n result\u00f3 con una herida en una ceja y varias escoriaciones producto del enfrentamiento.<\/p>\n\n\n\n<p>Tras el incidente, la Fiscal\u00eda en turno orden\u00f3 un allanamiento en la vivienda del supuesto agresor, donde el personal policial procedi\u00f3 al secuestro de elementos de inter\u00e9s para la causa.<\/p>\n\n\n\n<p>El joven de 25 a\u00f1os fue detenido y qued\u00f3 a disposici\u00f3n de la Unidad Fiscal de Federaci\u00f3n, mientras se avanza en la investigaci\u00f3n para determinar las circunstancias que derivaron en la pelea.<\/p>\n\n\n\n<p>Fuentes policiales confirmaron que las tres personas involucradas presentan lesiones de car\u00e1cter leve, aunque el herido de 29 a\u00f1os contin\u00faa bajo observaci\u00f3n m\u00e9dica en Concordia. El caso fue caratulado como lesiones rec\u00edprocas y permanece bajo an\u00e1lisis del Ministerio P\u00fablico Fiscal.<\/p>\n","protected":false},"excerpt":{"rendered":"<p>Fuentes policiales indicaron que una pelea entre tres vecinos, termin\u00f3 con un joven de 29 a\u00f1os herido en el pecho y otro detenido. La Fiscal\u00eda orden\u00f3 un allanamiento y el secuestro de elementos vinculados a la causa. Una pelea en la que intervinieron tres hombres alter\u00f3 la tarde del lunes en la ciudad de Federaci\u00f3n. [&hellip;]<\/p>\n","protected":false},"author":4,"featured_media":5627,"comment_status":"open","ping_status":"open","sticky":false,"template":"","format":"standard","meta":{"footnotes":""},"categories":[21],"tags":[],"class_list":{"0":"post-5626","1":"post","2":"type-post","3":"status-publish","4":"format-standard","5":"has-post-thumbnail","7":"category-policiales"},"yoast_head":"<!-- This site is optimized with the Yoast SEO plugin v27.4 - https:\/\/yoast.com\/product\/yoast-seo-wordpress\/ -->\n<title>Un hombre fue hospitalizado tras ser apu\u00f1alado durante una pelea en Federaci\u00f3n - Diario del Sur<\/title>\n<meta name=\"robots\" content=\"index, follow, max-snippet:-1, max-image-preview:large, max-video-preview:-1\" \/>\n<link rel=\"canonical\" href=\"https:\/\/diariodelsurdigital.com.ar\/?p=5626\" \/>\n<meta property=\"og:locale\" content=\"es_ES\" \/>\n<meta property=\"og:type\" content=\"article\" \/>\n<meta property=\"og:title\" content=\"Un hombre fue hospitalizado tras ser apu\u00f1alado durante una pelea en Federaci\u00f3n - Diario del Sur\" \/>\n<meta property=\"og:description\" content=\"Fuentes policiales indicaron que una pelea entre tres vecinos, termin\u00f3 con un joven de 29 a\u00f1os herido en el pecho y otro detenido. La Fiscal\u00eda orden\u00f3 un allanamiento y el secuestro de elementos vinculados a la causa. Una pelea en la que intervinieron tres hombres alter\u00f3 la tarde del lunes en la ciudad de Federaci\u00f3n. [&hellip;]\" \/>\n<meta property=\"og:url\" content=\"https:\/\/diariodelsurdigital.com.ar\/?p=5626\" \/>\n<meta property=\"og:site_name\" content=\"Diario del Sur\" \/>\n<meta property=\"article:published_time\" content=\"2025-11-11T17:55:01+00:00\" \/>\n<meta property=\"article:modified_time\" content=\"2025-11-11T17:55:03+00:00\" \/>\n<meta property=\"og:image\" content=\"https:\/\/diariodelsurdigital.com.ar\/wp-content\/uploads\/2025\/11\/md-6.webp\" \/>\n\t<meta property=\"og:image:width\" content=\"992\" \/>\n\t<meta property=\"og:image:height\" content=\"662\" \/>\n\t<meta property=\"og:image:type\" content=\"image\/webp\" \/>\n<meta name=\"author\" content=\"Diario del Sur Digital\" \/>\n<meta name=\"twitter:card\" content=\"summary_large_image\" \/>\n<meta name=\"twitter:label1\" content=\"Escrito por\" \/>\n\t<meta name=\"twitter:data1\" content=\"Diario del Sur Digital\" \/>\n\t<meta name=\"twitter:label2\" content=\"Tiempo de lectura\" \/>\n\t<meta name=\"twitter:data2\" content=\"2 minutos\" \/>\n<script type=\"application\/ld+json\" class=\"yoast-schema-graph\">{\"@context\":\"https:\\\/\\\/schema.org\",\"@graph\":[{\"@type\":\"Article\",\"@id\":\"https:\\\/\\\/diariodelsurdigital.com.ar\\\/?p=5626#article\",\"isPartOf\":{\"@id\":\"https:\\\/\\\/diariodelsurdigital.com.ar\\\/?p=5626\"},\"author\":{\"name\":\"Diario del Sur Digital\",\"@id\":\"https:\\\/\\\/diariodelsurdigital.com.ar\\\/#\\\/schema\\\/person\\\/1a4992532ed62965c968031b49195c81\"},\"headline\":\"Un hombre fue hospitalizado tras ser apu\u00f1alado durante una pelea en Federaci\u00f3n\",\"datePublished\":\"2025-11-11T17:55:01+00:00\",\"dateModified\":\"2025-11-11T17:55:03+00:00\",\"mainEntityOfPage\":{\"@id\":\"https:\\\/\\\/diariodelsurdigital.com.ar\\\/?p=5626\"},\"wordCount\":288,\"commentCount\":0,\"image\":{\"@id\":\"https:\\\/\\\/diariodelsurdigital.com.ar\\\/?p=5626#primaryimage\"},\"thumbnailUrl\":\"https:\\\/\\\/diariodelsurdigital.com.ar\\\/wp-content\\\/uploads\\\/2025\\\/11\\\/md-6.webp\",\"articleSection\":[\"Policiales\"],\"inLanguage\":\"es\",\"potentialAction\":[{\"@type\":\"CommentAction\",\"name\":\"Comment\",\"target\":[\"https:\\\/\\\/diariodelsurdigital.com.ar\\\/?p=5626#respond\"]}]},{\"@type\":\"WebPage\",\"@id\":\"https:\\\/\\\/diariodelsurdigital.com.ar\\\/?p=5626\",\"url\":\"https:\\\/\\\/diariodelsurdigital.com.ar\\\/?p=5626\",\"name\":\"Un hombre fue hospitalizado tras ser apu\u00f1alado durante una pelea en Federaci\u00f3n - Diario del Sur\",\"isPartOf\":{\"@id\":\"https:\\\/\\\/diariodelsurdigital.com.ar\\\/#website\"},\"primaryImageOfPage\":{\"@id\":\"https:\\\/\\\/diariodelsurdigital.com.ar\\\/?p=5626#primaryimage\"},\"image\":{\"@id\":\"https:\\\/\\\/diariodelsurdigital.com.ar\\\/?p=5626#primaryimage\"},\"thumbnailUrl\":\"https:\\\/\\\/diariodelsurdigital.com.ar\\\/wp-content\\\/uploads\\\/2025\\\/11\\\/md-6.webp\",\"datePublished\":\"2025-11-11T17:55:01+00:00\",\"dateModified\":\"2025-11-11T17:55:03+00:00\",\"author\":{\"@id\":\"https:\\\/\\\/diariodelsurdigital.com.ar\\\/#\\\/schema\\\/person\\\/1a4992532ed62965c968031b49195c81\"},\"breadcrumb\":{\"@id\":\"https:\\\/\\\/diariodelsurdigital.com.ar\\\/?p=5626#breadcrumb\"},\"inLanguage\":\"es\",\"potentialAction\":[{\"@type\":\"ReadAction\",\"target\":[\"https:\\\/\\\/diariodelsurdigital.com.ar\\\/?p=5626\"]}]},{\"@type\":\"ImageObject\",\"inLanguage\":\"es\",\"@id\":\"https:\\\/\\\/diariodelsurdigital.com.ar\\\/?p=5626#primaryimage\",\"url\":\"https:\\\/\\\/diariodelsurdigital.com.ar\\\/wp-content\\\/uploads\\\/2025\\\/11\\\/md-6.webp\",\"contentUrl\":\"https:\\\/\\\/diariodelsurdigital.com.ar\\\/wp-content\\\/uploads\\\/2025\\\/11\\\/md-6.webp\",\"width\":992,\"height\":662},{\"@type\":\"BreadcrumbList\",\"@id\":\"https:\\\/\\\/diariodelsurdigital.com.ar\\\/?p=5626#breadcrumb\",\"itemListElement\":[{\"@type\":\"ListItem\",\"position\":1,\"name\":\"Portada\",\"item\":\"https:\\\/\\\/diariodelsurdigital.com.ar\\\/\"},{\"@type\":\"ListItem\",\"position\":2,\"name\":\"Un hombre fue hospitalizado tras ser apu\u00f1alado durante una pelea en Federaci\u00f3n\"}]},{\"@type\":\"WebSite\",\"@id\":\"https:\\\/\\\/diariodelsurdigital.com.ar\\\/#website\",\"url\":\"https:\\\/\\\/diariodelsurdigital.com.ar\\\/\",\"name\":\"Diario del Sur\",\"description\":\"Digital\",\"potentialAction\":[{\"@type\":\"SearchAction\",\"target\":{\"@type\":\"EntryPoint\",\"urlTemplate\":\"https:\\\/\\\/diariodelsurdigital.com.ar\\\/?s={search_term_string}\"},\"query-input\":{\"@type\":\"PropertyValueSpecification\",\"valueRequired\":true,\"valueName\":\"search_term_string\"}}],\"inLanguage\":\"es\"},{\"@type\":\"Person\",\"@id\":\"https:\\\/\\\/diariodelsurdigital.com.ar\\\/#\\\/schema\\\/person\\\/1a4992532ed62965c968031b49195c81\",\"name\":\"Diario del Sur Digital\",\"image\":{\"@type\":\"ImageObject\",\"inLanguage\":\"es\",\"@id\":\"https:\\\/\\\/secure.gravatar.com\\\/avatar\\\/f0c7c47fc7146d19828273b9b8eda651c9c7ab583767e6338d3d3bee825adf76?s=96&d=mm&r=g\",\"url\":\"https:\\\/\\\/secure.gravatar.com\\\/avatar\\\/f0c7c47fc7146d19828273b9b8eda651c9c7ab583767e6338d3d3bee825adf76?s=96&d=mm&r=g\",\"contentUrl\":\"https:\\\/\\\/secure.gravatar.com\\\/avatar\\\/f0c7c47fc7146d19828273b9b8eda651c9c7ab583767e6338d3d3bee825adf76?s=96&d=mm&r=g\",\"caption\":\"Diario del Sur Digital\"},\"url\":\"https:\\\/\\\/diariodelsurdigital.com.ar\\\/?author=4\"}]}<\/script>\n<!-- \/ Yoast SEO plugin. -->","yoast_head_json":{"title":"Un hombre fue hospitalizado tras ser apu\u00f1alado durante una pelea en Federaci\u00f3n - Diario del Sur","robots":{"index":"index","follow":"follow","max-snippet":"max-snippet:-1","max-image-preview":"max-image-preview:large","max-video-preview":"max-video-preview:-1"},"canonical":"https:\/\/diariodelsurdigital.com.ar\/?p=5626","og_locale":"es_ES","og_type":"article","og_title":"Un hombre fue hospitalizado tras ser apu\u00f1alado durante una pelea en Federaci\u00f3n - Diario del Sur","og_description":"Fuentes policiales indicaron que una pelea entre tres vecinos, termin\u00f3 con un joven de 29 a\u00f1os herido en el pecho y otro detenido. La Fiscal\u00eda orden\u00f3 un allanamiento y el secuestro de elementos vinculados a la causa. Una pelea en la que intervinieron tres hombres alter\u00f3 la tarde del lunes en la ciudad de Federaci\u00f3n. [&hellip;]","og_url":"https:\/\/diariodelsurdigital.com.ar\/?p=5626","og_site_name":"Diario del Sur","article_published_time":"2025-11-11T17:55:01+00:00","article_modified_time":"2025-11-11T17:55:03+00:00","og_image":[{"width":992,"height":662,"url":"https:\/\/diariodelsurdigital.com.ar\/wp-content\/uploads\/2025\/11\/md-6.webp","type":"image\/webp"}],"author":"Diario del Sur Digital","twitter_card":"summary_large_image","twitter_misc":{"Escrito por":"Diario del Sur Digital","Tiempo de lectura":"2 minutos"},"schema":{"@context":"https:\/\/schema.org","@graph":[{"@type":"Article","@id":"https:\/\/diariodelsurdigital.com.ar\/?p=5626#article","isPartOf":{"@id":"https:\/\/diariodelsurdigital.com.ar\/?p=5626"},"author":{"name":"Diario del Sur Digital","@id":"https:\/\/diariodelsurdigital.com.ar\/#\/schema\/person\/1a4992532ed62965c968031b49195c81"},"headline":"Un hombre fue hospitalizado tras ser apu\u00f1alado durante una pelea en Federaci\u00f3n","datePublished":"2025-11-11T17:55:01+00:00","dateModified":"2025-11-11T17:55:03+00:00","mainEntityOfPage":{"@id":"https:\/\/diariodelsurdigital.com.ar\/?p=5626"},"wordCount":288,"commentCount":0,"image":{"@id":"https:\/\/diariodelsurdigital.com.ar\/?p=5626#primaryimage"},"thumbnailUrl":"https:\/\/diariodelsurdigital.com.ar\/wp-content\/uploads\/2025\/11\/md-6.webp","articleSection":["Policiales"],"inLanguage":"es","potentialAction":[{"@type":"CommentAction","name":"Comment","target":["https:\/\/diariodelsurdigital.com.ar\/?p=5626#respond"]}]},{"@type":"WebPage","@id":"https:\/\/diariodelsurdigital.com.ar\/?p=5626","url":"https:\/\/diariodelsurdigital.com.ar\/?p=5626","name":"Un hombre fue hospitalizado tras ser apu\u00f1alado durante una pelea en Federaci\u00f3n - Diario del Sur","isPartOf":{"@id":"https:\/\/diariodelsurdigital.com.ar\/#website"},"primaryImageOfPage":{"@id":"https:\/\/diariodelsurdigital.com.ar\/?p=5626#primaryimage"},"image":{"@id":"https:\/\/diariodelsurdigital.com.ar\/?p=5626#primaryimage"},"thumbnailUrl":"https:\/\/diariodelsurdigital.com.ar\/wp-content\/uploads\/2025\/11\/md-6.webp","datePublished":"2025-11-11T17:55:01+00:00","dateModified":"2025-11-11T17:55:03+00:00","author":{"@id":"https:\/\/diariodelsurdigital.com.ar\/#\/schema\/person\/1a4992532ed62965c968031b49195c81"},"breadcrumb":{"@id":"https:\/\/diariodelsurdigital.com.ar\/?p=5626#breadcrumb"},"inLanguage":"es","potentialAction":[{"@type":"ReadAction","target":["https:\/\/diariodelsurdigital.com.ar\/?p=5626"]}]},{"@type":"ImageObject","inLanguage":"es","@id":"https:\/\/diariodelsurdigital.com.ar\/?p=5626#primaryimage","url":"https:\/\/diariodelsurdigital.com.ar\/wp-content\/uploads\/2025\/11\/md-6.webp","contentUrl":"https:\/\/diariodelsurdigital.com.ar\/wp-content\/uploads\/2025\/11\/md-6.webp","width":992,"height":662},{"@type":"BreadcrumbList","@id":"https:\/\/diariodelsurdigital.com.ar\/?p=5626#breadcrumb","itemListElement":[{"@type":"ListItem","position":1,"name":"Portada","item":"https:\/\/diariodelsurdigital.com.ar\/"},{"@type":"ListItem","position":2,"name":"Un hombre fue hospitalizado tras ser apu\u00f1alado durante una pelea en Federaci\u00f3n"}]},{"@type":"WebSite","@id":"https:\/\/diariodelsurdigital.com.ar\/#website","url":"https:\/\/diariodelsurdigital.com.ar\/","name":"Diario del Sur","description":"Digital","potentialAction":[{"@type":"SearchAction","target":{"@type":"EntryPoint","urlTemplate":"https:\/\/diariodelsurdigital.com.ar\/?s={search_term_string}"},"query-input":{"@type":"PropertyValueSpecification","valueRequired":true,"valueName":"search_term_string"}}],"inLanguage":"es"},{"@type":"Person","@id":"https:\/\/diariodelsurdigital.com.ar\/#\/schema\/person\/1a4992532ed62965c968031b49195c81","name":"Diario del Sur Digital","image":{"@type":"ImageObject","inLanguage":"es","@id":"https:\/\/secure.gravatar.com\/avatar\/f0c7c47fc7146d19828273b9b8eda651c9c7ab583767e6338d3d3bee825adf76?s=96&d=mm&r=g","url":"https:\/\/secure.gravatar.com\/avatar\/f0c7c47fc7146d19828273b9b8eda651c9c7ab583767e6338d3d3bee825adf76?s=96&d=mm&r=g","contentUrl":"https:\/\/secure.gravatar.com\/avatar\/f0c7c47fc7146d19828273b9b8eda651c9c7ab583767e6338d3d3bee825adf76?s=96&d=mm&r=g","caption":"Diario del Sur Digital"},"url":"https:\/\/diariodelsurdigital.com.ar\/?author=4"}]}},"_links":{"self":[{"href":"https:\/\/diariodelsurdigital.com.ar\/index.php?rest_route=\/wp\/v2\/posts\/5626","targetHints":{"allow":["GET"]}}],"collection":[{"href":"https:\/\/diariodelsurdigital.com.ar\/index.php?rest_route=\/wp\/v2\/posts"}],"about":[{"href":"https:\/\/diariodelsurdigital.com.ar\/index.php?rest_route=\/wp\/v2\/types\/post"}],"author":[{"embeddable":true,"href":"https:\/\/diariodelsurdigital.com.ar\/index.php?rest_route=\/wp\/v2\/users\/4"}],"replies":[{"embeddable":true,"href":"https:\/\/diariodelsurdigital.com.ar\/index.php?rest_route=%2Fwp%2Fv2%2Fcomments&post=5626"}],"version-history":[{"count":1,"href":"https:\/\/diariodelsurdigital.com.ar\/index.php?rest_route=\/wp\/v2\/posts\/5626\/revisions"}],"predecessor-version":[{"id":5628,"href":"https:\/\/diariodelsurdigital.com.ar\/index.php?rest_route=\/wp\/v2\/posts\/5626\/revisions\/5628"}],"wp:featuredmedia":[{"embeddable":true,"href":"https:\/\/diariodelsurdigital.com.ar\/index.php?rest_route=\/wp\/v2\/media\/5627"}],"wp:attachment":[{"href":"https:\/\/diariodelsurdigital.com.ar\/index.php?rest_route=%2Fwp%2Fv2%2Fmedia&parent=5626"}],"wp:term":[{"taxonomy":"category","embeddable":true,"href":"https:\/\/diariodelsurdigital.com.ar\/index.php?rest_route=%2Fwp%2Fv2%2Fcategories&post=5626"},{"taxonomy":"post_tag","embeddable":true,"href":"https:\/\/diariodelsurdigital.com.ar\/index.php?rest_route=%2Fwp%2Fv2%2Ftags&post=5626"}],"curies":[{"name":"wp","href":"https:\/\/api.w.org\/{rel}","templated":true}]}}