{"id":5629,"date":"2025-11-11T14:57:56","date_gmt":"2025-11-11T17:57:56","guid":{"rendered":"https:\/\/diariodelsurdigital.com.ar\/?p=5629"},"modified":"2025-11-11T14:57:57","modified_gmt":"2025-11-11T17:57:57","slug":"parana-concentra-la-mitad-de-los-homicidios-registrados-en-la-provincia-en-lo-que-va-de-2025","status":"publish","type":"post","link":"https:\/\/diariodelsurdigital.com.ar\/?p=5629","title":{"rendered":"Paran\u00e1 concentra la mitad de los homicidios registrados en la provincia en lo que va de 2025"},"content":{"rendered":"\n<p>Como dato sobresaliente, en la capital entrerriana no hay homicidios en ocasi\u00f3n de robos. La mayor\u00eda de los cr\u00edmenes son entre personas que se conocen.<\/p>\n\n\n\n<p>En la provincia de Entre R\u00edos, a 51 d\u00edas de finalizar el a\u00f1o, se registran 28 homicidios. La mayor concentraci\u00f3n de casos se dio en el Departamento Paran\u00e1, con 14 v\u00edctimas, seguida por Concordia con ocho, Victoria y Tala con dos cada una, y finalmente un hecho en Concepci\u00f3n del Uruguay y otro en Larroque.<\/p>\n\n\n\n<p>Entre los cr\u00edmenes figuran dos femicidios: el de Daiana Mendieta en Gobernador Mansilla y el de Soledad Andino en Victoria. A ellos se suman otras tres mujeres asesinadas en conflictos barriales: Yolanda Pereyra en el barrio 1\u00b0 de Julio, Jazm\u00edn Gonz\u00e1lez en Bajada Grande y Jessica Bravo en Concordia.<\/p>\n\n\n\n<p>La mayor\u00eda de los hechos se produjeron con armas de fuego y entre personas que se conoc\u00edan previamente. No se registraron homicidios en ocasi\u00f3n de robo. Los motivos m\u00e1s frecuentes fueron el consumo de alcohol y drogas, adem\u00e1s de disputas territoriales.<\/p>\n\n\n\n<p>El \u00faltimo caso corresponde a Tom\u00e1s Yair Flores, un joven de 20 a\u00f1os asesinado de una pu\u00f1alada en Paran\u00e1. La Justicia investiga a tres sospechosos por el hecho. En la capital provincial, la mayor\u00eda de los homicidios ya fueron resueltos mediante juicios abreviados.<\/p>\n\n\n\n<p>En comparaci\u00f3n con a\u00f1os anteriores, las cifras se mantienen similares. En el departamento Paran\u00e1 hubo 16 homicidios en 2023 y 2024, mientras que en 2025 la cifra alcanza 14 hasta el momento. A nivel provincial, los registros muestran 32 homicidios en 2022, 40 en 2023, 49 en 2024 y 28 en lo que va de 2025.<\/p>\n\n\n\n<p>Seg\u00fan las estad\u00edsticas propias, la violencia letal en Entre R\u00edos se sostiene en niveles altos y con caracter\u00edsticas repetidas: v\u00ednculos previos entre v\u00edctimas y victimarios, armas de fuego como principal medio y conflictos atravesados por consumo de sustancias y disputas territoriales.<\/p>\n\n\n\n<p>Un dato que preocupa es que los tres \u00faltimos asesinatos acontecieron \u2013 Jazm\u00edn Gonz\u00e1lez, Ra\u00fal Scherer y Tom\u00e1s Flores \u2013 en el marco de festejos, public\u00f3 Ahora.<\/p>\n","protected":false},"excerpt":{"rendered":"<p>Como dato sobresaliente, en la capital entrerriana no hay homicidios en ocasi\u00f3n de robos. La mayor\u00eda de los cr\u00edmenes son entre personas que se conocen. En la provincia de Entre R\u00edos, a 51 d\u00edas de finalizar el a\u00f1o, se registran 28 homicidios. La mayor concentraci\u00f3n de casos se dio en el Departamento Paran\u00e1, con 14 [&hellip;]<\/p>\n","protected":false},"author":4,"featured_media":5630,"comment_status":"open","ping_status":"open","sticky":false,"template":"","format":"standard","meta":{"footnotes":""},"categories":[21,17],"tags":[],"class_list":{"0":"post-5629","1":"post","2":"type-post","3":"status-publish","4":"format-standard","5":"has-post-thumbnail","7":"category-policiales","8":"category-provinciales"},"yoast_head":"<!-- This site is optimized with the Yoast SEO plugin v27.4 - https:\/\/yoast.com\/product\/yoast-seo-wordpress\/ -->\n<title>Paran\u00e1 concentra la mitad de los homicidios registrados en la provincia en lo que va de 2025 - Diario del Sur<\/title>\n<meta name=\"robots\" content=\"index, follow, max-snippet:-1, max-image-preview:large, max-video-preview:-1\" \/>\n<link rel=\"canonical\" href=\"https:\/\/diariodelsurdigital.com.ar\/?p=5629\" \/>\n<meta property=\"og:locale\" content=\"es_ES\" \/>\n<meta property=\"og:type\" content=\"article\" \/>\n<meta property=\"og:title\" content=\"Paran\u00e1 concentra la mitad de los homicidios registrados en la provincia en lo que va de 2025 - Diario del Sur\" \/>\n<meta property=\"og:description\" content=\"Como dato sobresaliente, en la capital entrerriana no hay homicidios en ocasi\u00f3n de robos. La mayor\u00eda de los cr\u00edmenes son entre personas que se conocen. En la provincia de Entre R\u00edos, a 51 d\u00edas de finalizar el a\u00f1o, se registran 28 homicidios. La mayor concentraci\u00f3n de casos se dio en el Departamento Paran\u00e1, con 14 [&hellip;]\" \/>\n<meta property=\"og:url\" content=\"https:\/\/diariodelsurdigital.com.ar\/?p=5629\" \/>\n<meta property=\"og:site_name\" content=\"Diario del Sur\" \/>\n<meta property=\"article:published_time\" content=\"2025-11-11T17:57:56+00:00\" \/>\n<meta property=\"article:modified_time\" content=\"2025-11-11T17:57:57+00:00\" \/>\n<meta property=\"og:image\" content=\"https:\/\/diariodelsurdigital.com.ar\/wp-content\/uploads\/2025\/11\/md-7.webp\" \/>\n\t<meta property=\"og:image:width\" content=\"992\" \/>\n\t<meta property=\"og:image:height\" content=\"627\" \/>\n\t<meta property=\"og:image:type\" content=\"image\/webp\" \/>\n<meta name=\"author\" content=\"Diario del Sur Digital\" \/>\n<meta name=\"twitter:card\" content=\"summary_large_image\" \/>\n<meta name=\"twitter:label1\" content=\"Escrito por\" \/>\n\t<meta name=\"twitter:data1\" content=\"Diario del Sur Digital\" \/>\n\t<meta name=\"twitter:label2\" content=\"Tiempo de lectura\" \/>\n\t<meta name=\"twitter:data2\" content=\"2 minutos\" \/>\n<script type=\"application\/ld+json\" class=\"yoast-schema-graph\">{\"@context\":\"https:\\\/\\\/schema.org\",\"@graph\":[{\"@type\":\"Article\",\"@id\":\"https:\\\/\\\/diariodelsurdigital.com.ar\\\/?p=5629#article\",\"isPartOf\":{\"@id\":\"https:\\\/\\\/diariodelsurdigital.com.ar\\\/?p=5629\"},\"author\":{\"name\":\"Diario del Sur Digital\",\"@id\":\"https:\\\/\\\/diariodelsurdigital.com.ar\\\/#\\\/schema\\\/person\\\/1a4992532ed62965c968031b49195c81\"},\"headline\":\"Paran\u00e1 concentra la mitad de los homicidios registrados en la provincia en lo que va de 2025\",\"datePublished\":\"2025-11-11T17:57:56+00:00\",\"dateModified\":\"2025-11-11T17:57:57+00:00\",\"mainEntityOfPage\":{\"@id\":\"https:\\\/\\\/diariodelsurdigital.com.ar\\\/?p=5629\"},\"wordCount\":366,\"commentCount\":0,\"image\":{\"@id\":\"https:\\\/\\\/diariodelsurdigital.com.ar\\\/?p=5629#primaryimage\"},\"thumbnailUrl\":\"https:\\\/\\\/diariodelsurdigital.com.ar\\\/wp-content\\\/uploads\\\/2025\\\/11\\\/md-7.webp\",\"articleSection\":[\"Policiales\",\"Provinciales\"],\"inLanguage\":\"es\",\"potentialAction\":[{\"@type\":\"CommentAction\",\"name\":\"Comment\",\"target\":[\"https:\\\/\\\/diariodelsurdigital.com.ar\\\/?p=5629#respond\"]}]},{\"@type\":\"WebPage\",\"@id\":\"https:\\\/\\\/diariodelsurdigital.com.ar\\\/?p=5629\",\"url\":\"https:\\\/\\\/diariodelsurdigital.com.ar\\\/?p=5629\",\"name\":\"Paran\u00e1 concentra la mitad de los homicidios registrados en la provincia en lo que va de 2025 - Diario del Sur\",\"isPartOf\":{\"@id\":\"https:\\\/\\\/diariodelsurdigital.com.ar\\\/#website\"},\"primaryImageOfPage\":{\"@id\":\"https:\\\/\\\/diariodelsurdigital.com.ar\\\/?p=5629#primaryimage\"},\"image\":{\"@id\":\"https:\\\/\\\/diariodelsurdigital.com.ar\\\/?p=5629#primaryimage\"},\"thumbnailUrl\":\"https:\\\/\\\/diariodelsurdigital.com.ar\\\/wp-content\\\/uploads\\\/2025\\\/11\\\/md-7.webp\",\"datePublished\":\"2025-11-11T17:57:56+00:00\",\"dateModified\":\"2025-11-11T17:57:57+00:00\",\"author\":{\"@id\":\"https:\\\/\\\/diariodelsurdigital.com.ar\\\/#\\\/schema\\\/person\\\/1a4992532ed62965c968031b49195c81\"},\"breadcrumb\":{\"@id\":\"https:\\\/\\\/diariodelsurdigital.com.ar\\\/?p=5629#breadcrumb\"},\"inLanguage\":\"es\",\"potentialAction\":[{\"@type\":\"ReadAction\",\"target\":[\"https:\\\/\\\/diariodelsurdigital.com.ar\\\/?p=5629\"]}]},{\"@type\":\"ImageObject\",\"inLanguage\":\"es\",\"@id\":\"https:\\\/\\\/diariodelsurdigital.com.ar\\\/?p=5629#primaryimage\",\"url\":\"https:\\\/\\\/diariodelsurdigital.com.ar\\\/wp-content\\\/uploads\\\/2025\\\/11\\\/md-7.webp\",\"contentUrl\":\"https:\\\/\\\/diariodelsurdigital.com.ar\\\/wp-content\\\/uploads\\\/2025\\\/11\\\/md-7.webp\",\"width\":992,\"height\":627},{\"@type\":\"BreadcrumbList\",\"@id\":\"https:\\\/\\\/diariodelsurdigital.com.ar\\\/?p=5629#breadcrumb\",\"itemListElement\":[{\"@type\":\"ListItem\",\"position\":1,\"name\":\"Portada\",\"item\":\"https:\\\/\\\/diariodelsurdigital.com.ar\\\/\"},{\"@type\":\"ListItem\",\"position\":2,\"name\":\"Paran\u00e1 concentra la mitad de los homicidios registrados en la provincia en lo que va de 2025\"}]},{\"@type\":\"WebSite\",\"@id\":\"https:\\\/\\\/diariodelsurdigital.com.ar\\\/#website\",\"url\":\"https:\\\/\\\/diariodelsurdigital.com.ar\\\/\",\"name\":\"Diario del Sur\",\"description\":\"Digital\",\"potentialAction\":[{\"@type\":\"SearchAction\",\"target\":{\"@type\":\"EntryPoint\",\"urlTemplate\":\"https:\\\/\\\/diariodelsurdigital.com.ar\\\/?s={search_term_string}\"},\"query-input\":{\"@type\":\"PropertyValueSpecification\",\"valueRequired\":true,\"valueName\":\"search_term_string\"}}],\"inLanguage\":\"es\"},{\"@type\":\"Person\",\"@id\":\"https:\\\/\\\/diariodelsurdigital.com.ar\\\/#\\\/schema\\\/person\\\/1a4992532ed62965c968031b49195c81\",\"name\":\"Diario del Sur Digital\",\"image\":{\"@type\":\"ImageObject\",\"inLanguage\":\"es\",\"@id\":\"https:\\\/\\\/secure.gravatar.com\\\/avatar\\\/f0c7c47fc7146d19828273b9b8eda651c9c7ab583767e6338d3d3bee825adf76?s=96&d=mm&r=g\",\"url\":\"https:\\\/\\\/secure.gravatar.com\\\/avatar\\\/f0c7c47fc7146d19828273b9b8eda651c9c7ab583767e6338d3d3bee825adf76?s=96&d=mm&r=g\",\"contentUrl\":\"https:\\\/\\\/secure.gravatar.com\\\/avatar\\\/f0c7c47fc7146d19828273b9b8eda651c9c7ab583767e6338d3d3bee825adf76?s=96&d=mm&r=g\",\"caption\":\"Diario del Sur Digital\"},\"url\":\"https:\\\/\\\/diariodelsurdigital.com.ar\\\/?author=4\"}]}<\/script>\n<!-- \/ Yoast SEO plugin. -->","yoast_head_json":{"title":"Paran\u00e1 concentra la mitad de los homicidios registrados en la provincia en lo que va de 2025 - Diario del Sur","robots":{"index":"index","follow":"follow","max-snippet":"max-snippet:-1","max-image-preview":"max-image-preview:large","max-video-preview":"max-video-preview:-1"},"canonical":"https:\/\/diariodelsurdigital.com.ar\/?p=5629","og_locale":"es_ES","og_type":"article","og_title":"Paran\u00e1 concentra la mitad de los homicidios registrados en la provincia en lo que va de 2025 - Diario del Sur","og_description":"Como dato sobresaliente, en la capital entrerriana no hay homicidios en ocasi\u00f3n de robos. La mayor\u00eda de los cr\u00edmenes son entre personas que se conocen. En la provincia de Entre R\u00edos, a 51 d\u00edas de finalizar el a\u00f1o, se registran 28 homicidios. La mayor concentraci\u00f3n de casos se dio en el Departamento Paran\u00e1, con 14 [&hellip;]","og_url":"https:\/\/diariodelsurdigital.com.ar\/?p=5629","og_site_name":"Diario del Sur","article_published_time":"2025-11-11T17:57:56+00:00","article_modified_time":"2025-11-11T17:57:57+00:00","og_image":[{"width":992,"height":627,"url":"https:\/\/diariodelsurdigital.com.ar\/wp-content\/uploads\/2025\/11\/md-7.webp","type":"image\/webp"}],"author":"Diario del Sur Digital","twitter_card":"summary_large_image","twitter_misc":{"Escrito por":"Diario del Sur Digital","Tiempo de lectura":"2 minutos"},"schema":{"@context":"https:\/\/schema.org","@graph":[{"@type":"Article","@id":"https:\/\/diariodelsurdigital.com.ar\/?p=5629#article","isPartOf":{"@id":"https:\/\/diariodelsurdigital.com.ar\/?p=5629"},"author":{"name":"Diario del Sur Digital","@id":"https:\/\/diariodelsurdigital.com.ar\/#\/schema\/person\/1a4992532ed62965c968031b49195c81"},"headline":"Paran\u00e1 concentra la mitad de los homicidios registrados en la provincia en lo que va de 2025","datePublished":"2025-11-11T17:57:56+00:00","dateModified":"2025-11-11T17:57:57+00:00","mainEntityOfPage":{"@id":"https:\/\/diariodelsurdigital.com.ar\/?p=5629"},"wordCount":366,"commentCount":0,"image":{"@id":"https:\/\/diariodelsurdigital.com.ar\/?p=5629#primaryimage"},"thumbnailUrl":"https:\/\/diariodelsurdigital.com.ar\/wp-content\/uploads\/2025\/11\/md-7.webp","articleSection":["Policiales","Provinciales"],"inLanguage":"es","potentialAction":[{"@type":"CommentAction","name":"Comment","target":["https:\/\/diariodelsurdigital.com.ar\/?p=5629#respond"]}]},{"@type":"WebPage","@id":"https:\/\/diariodelsurdigital.com.ar\/?p=5629","url":"https:\/\/diariodelsurdigital.com.ar\/?p=5629","name":"Paran\u00e1 concentra la mitad de los homicidios registrados en la provincia en lo que va de 2025 - Diario del Sur","isPartOf":{"@id":"https:\/\/diariodelsurdigital.com.ar\/#website"},"primaryImageOfPage":{"@id":"https:\/\/diariodelsurdigital.com.ar\/?p=5629#primaryimage"},"image":{"@id":"https:\/\/diariodelsurdigital.com.ar\/?p=5629#primaryimage"},"thumbnailUrl":"https:\/\/diariodelsurdigital.com.ar\/wp-content\/uploads\/2025\/11\/md-7.webp","datePublished":"2025-11-11T17:57:56+00:00","dateModified":"2025-11-11T17:57:57+00:00","author":{"@id":"https:\/\/diariodelsurdigital.com.ar\/#\/schema\/person\/1a4992532ed62965c968031b49195c81"},"breadcrumb":{"@id":"https:\/\/diariodelsurdigital.com.ar\/?p=5629#breadcrumb"},"inLanguage":"es","potentialAction":[{"@type":"ReadAction","target":["https:\/\/diariodelsurdigital.com.ar\/?p=5629"]}]},{"@type":"ImageObject","inLanguage":"es","@id":"https:\/\/diariodelsurdigital.com.ar\/?p=5629#primaryimage","url":"https:\/\/diariodelsurdigital.com.ar\/wp-content\/uploads\/2025\/11\/md-7.webp","contentUrl":"https:\/\/diariodelsurdigital.com.ar\/wp-content\/uploads\/2025\/11\/md-7.webp","width":992,"height":627},{"@type":"BreadcrumbList","@id":"https:\/\/diariodelsurdigital.com.ar\/?p=5629#breadcrumb","itemListElement":[{"@type":"ListItem","position":1,"name":"Portada","item":"https:\/\/diariodelsurdigital.com.ar\/"},{"@type":"ListItem","position":2,"name":"Paran\u00e1 concentra la mitad de los homicidios registrados en la provincia en lo que va de 2025"}]},{"@type":"WebSite","@id":"https:\/\/diariodelsurdigital.com.ar\/#website","url":"https:\/\/diariodelsurdigital.com.ar\/","name":"Diario del Sur","description":"Digital","potentialAction":[{"@type":"SearchAction","target":{"@type":"EntryPoint","urlTemplate":"https:\/\/diariodelsurdigital.com.ar\/?s={search_term_string}"},"query-input":{"@type":"PropertyValueSpecification","valueRequired":true,"valueName":"search_term_string"}}],"inLanguage":"es"},{"@type":"Person","@id":"https:\/\/diariodelsurdigital.com.ar\/#\/schema\/person\/1a4992532ed62965c968031b49195c81","name":"Diario del Sur Digital","image":{"@type":"ImageObject","inLanguage":"es","@id":"https:\/\/secure.gravatar.com\/avatar\/f0c7c47fc7146d19828273b9b8eda651c9c7ab583767e6338d3d3bee825adf76?s=96&d=mm&r=g","url":"https:\/\/secure.gravatar.com\/avatar\/f0c7c47fc7146d19828273b9b8eda651c9c7ab583767e6338d3d3bee825adf76?s=96&d=mm&r=g","contentUrl":"https:\/\/secure.gravatar.com\/avatar\/f0c7c47fc7146d19828273b9b8eda651c9c7ab583767e6338d3d3bee825adf76?s=96&d=mm&r=g","caption":"Diario del Sur Digital"},"url":"https:\/\/diariodelsurdigital.com.ar\/?author=4"}]}},"_links":{"self":[{"href":"https:\/\/diariodelsurdigital.com.ar\/index.php?rest_route=\/wp\/v2\/posts\/5629","targetHints":{"allow":["GET"]}}],"collection":[{"href":"https:\/\/diariodelsurdigital.com.ar\/index.php?rest_route=\/wp\/v2\/posts"}],"about":[{"href":"https:\/\/diariodelsurdigital.com.ar\/index.php?rest_route=\/wp\/v2\/types\/post"}],"author":[{"embeddable":true,"href":"https:\/\/diariodelsurdigital.com.ar\/index.php?rest_route=\/wp\/v2\/users\/4"}],"replies":[{"embeddable":true,"href":"https:\/\/diariodelsurdigital.com.ar\/index.php?rest_route=%2Fwp%2Fv2%2Fcomments&post=5629"}],"version-history":[{"count":1,"href":"https:\/\/diariodelsurdigital.com.ar\/index.php?rest_route=\/wp\/v2\/posts\/5629\/revisions"}],"predecessor-version":[{"id":5631,"href":"https:\/\/diariodelsurdigital.com.ar\/index.php?rest_route=\/wp\/v2\/posts\/5629\/revisions\/5631"}],"wp:featuredmedia":[{"embeddable":true,"href":"https:\/\/diariodelsurdigital.com.ar\/index.php?rest_route=\/wp\/v2\/media\/5630"}],"wp:attachment":[{"href":"https:\/\/diariodelsurdigital.com.ar\/index.php?rest_route=%2Fwp%2Fv2%2Fmedia&parent=5629"}],"wp:term":[{"taxonomy":"category","embeddable":true,"href":"https:\/\/diariodelsurdigital.com.ar\/index.php?rest_route=%2Fwp%2Fv2%2Fcategories&post=5629"},{"taxonomy":"post_tag","embeddable":true,"href":"https:\/\/diariodelsurdigital.com.ar\/index.php?rest_route=%2Fwp%2Fv2%2Ftags&post=5629"}],"curies":[{"name":"wp","href":"https:\/\/api.w.org\/{rel}","templated":true}]}}