{"id":564,"date":"2025-01-13T15:01:27","date_gmt":"2025-01-13T18:01:27","guid":{"rendered":"https:\/\/diariodelsurdigital.com.ar\/?p=564"},"modified":"2025-01-13T15:01:28","modified_gmt":"2025-01-13T18:01:28","slug":"esteche-mitchel-tiene-menos-trabajo-en-territorio-entrerriano-que-frigerio","status":"publish","type":"post","link":"https:\/\/diariodelsurdigital.com.ar\/?p=564","title":{"rendered":"ESTECHE: \u201cMitchel tiene menos trabajo en territorio entrerriano que Frigerio\u201d"},"content":{"rendered":"\n<p><\/p>\n\n\n\n<p>As\u00ed lo defini\u00f3 al massista Guillermo Mitchel, el referente de la seccional mas grande de Concordia y ex consejero del Partido Justicialista, Rub\u00e9n Esteche.<\/p>\n\n\n\n<p>Esteche se\u00f1al\u00f3 a<strong> Diario del SUR Digital<\/strong> que \u201cAc\u00e1 se terminaron los inventos y paracaidistas. Le\u00ed que este muchacho (Mitchel) critic\u00f3 al primer mandatario de Venezuela, Nicol\u00e1s Maduro por nombrarlo a Per\u00f3n, como si el venezolano lo registrara. Algo que es muy gracioso. Tiembla Maduro\u201d, dijo entre risas el dirigente.<\/p>\n\n\n\n<p>\u201cSer\u00eda mejor que Guillermo Mitchel se preocupe por las investigaciones que lo se\u00f1alan por irregularidades en importaciones fraudulentas cuando estaba como titular de la Aduana\u201d, indic\u00f3 Esteche y agreg\u00f3, \u201cTambi\u00e9n por sus compa\u00f1eros que lo quieren proyectar en Entre R\u00edos y particularmente en Concordia, como lo es Juan Domingo \u201cPalito\u201d Orabona que est\u00e1 mas sucio que una papa y pesa sobre su cabeza los contratos truchos del senado de Entre R\u00edos. Dime con quien andas y te dir\u00e9 quien eres\u201d, sostuvo Esteche.<\/p>\n\n\n\n<p>Por \u00faltimo, el referente dijo que \u201cSabemos perfectamente cuales son las intenciones de Mitchel que trabaja en t\u00e1ndem con Gustavo Bordet y Rosario Romero, que no es m\u00e1s que colarse como precandidato para las elecciones legislativas de este a\u00f1o por Entre R\u00edos. Pero si de algo sirvieron las elecciones pasadas, es para darse cuenta que nos quieren embaucar de nuevo. Los mariscales de la derrota nos quieren meter el perro de nuevo. Pero el peronista promedio no es tonto. Sabe perfectamente que votar a Mitchel o Bordet, es votar a los mismos que lo entregaron con alfombra roja a un porte\u00f1o que comparte el poder con ellos. Adem\u00e1s, Mitchel tiene menos trabajo en territorio entrerriano que Frigerio. Por m\u00e1s que lo quieran instalar poniendo millones de pesos en los medios de comunicaci\u00f3n, dinero de dudosa procedencia, no podr\u00e1n con un pueblo cansado de sus mentiras\u201d, culmin\u00f3.<\/p>\n","protected":false},"excerpt":{"rendered":"<p>As\u00ed lo defini\u00f3 al massista Guillermo Mitchel, el referente de la seccional mas grande de Concordia y ex consejero del Partido Justicialista, Rub\u00e9n Esteche. Esteche se\u00f1al\u00f3 a Diario del SUR Digital que \u201cAc\u00e1 se terminaron los inventos y paracaidistas. Le\u00ed que este muchacho (Mitchel) critic\u00f3 al primer mandatario de Venezuela, Nicol\u00e1s Maduro por nombrarlo a [&hellip;]<\/p>\n","protected":false},"author":2,"featured_media":565,"comment_status":"open","ping_status":"open","sticky":false,"template":"","format":"standard","meta":{"footnotes":""},"categories":[16],"tags":[],"class_list":{"0":"post-564","1":"post","2":"type-post","3":"status-publish","4":"format-standard","5":"has-post-thumbnail","7":"category-locales"},"yoast_head":"<!-- This site is optimized with the Yoast SEO plugin v27.4 - https:\/\/yoast.com\/product\/yoast-seo-wordpress\/ -->\n<title>ESTECHE: \u201cMitchel tiene menos trabajo en territorio entrerriano que Frigerio\u201d - Diario del Sur<\/title>\n<meta name=\"robots\" content=\"index, follow, max-snippet:-1, max-image-preview:large, max-video-preview:-1\" \/>\n<link rel=\"canonical\" href=\"https:\/\/diariodelsurdigital.com.ar\/?p=564\" \/>\n<meta property=\"og:locale\" content=\"es_ES\" \/>\n<meta property=\"og:type\" content=\"article\" \/>\n<meta property=\"og:title\" content=\"ESTECHE: \u201cMitchel tiene menos trabajo en territorio entrerriano que Frigerio\u201d - Diario del Sur\" \/>\n<meta property=\"og:description\" content=\"As\u00ed lo defini\u00f3 al massista Guillermo Mitchel, el referente de la seccional mas grande de Concordia y ex consejero del Partido Justicialista, Rub\u00e9n Esteche. Esteche se\u00f1al\u00f3 a Diario del SUR Digital que \u201cAc\u00e1 se terminaron los inventos y paracaidistas. Le\u00ed que este muchacho (Mitchel) critic\u00f3 al primer mandatario de Venezuela, Nicol\u00e1s Maduro por nombrarlo a [&hellip;]\" \/>\n<meta property=\"og:url\" content=\"https:\/\/diariodelsurdigital.com.ar\/?p=564\" \/>\n<meta property=\"og:site_name\" content=\"Diario del Sur\" \/>\n<meta property=\"article:published_time\" content=\"2025-01-13T18:01:27+00:00\" \/>\n<meta property=\"article:modified_time\" content=\"2025-01-13T18:01:28+00:00\" \/>\n<meta property=\"og:image\" content=\"https:\/\/diariodelsurdigital.com.ar\/wp-content\/uploads\/2025\/01\/46501085_2077132689015041_4377537874761875456_n.jpg\" \/>\n\t<meta property=\"og:image:width\" content=\"452\" \/>\n\t<meta property=\"og:image:height\" content=\"344\" \/>\n\t<meta property=\"og:image:type\" content=\"image\/jpeg\" \/>\n<meta name=\"author\" content=\"Diario del Sur Digital\" \/>\n<meta name=\"twitter:card\" content=\"summary_large_image\" \/>\n<meta name=\"twitter:label1\" content=\"Escrito por\" \/>\n\t<meta name=\"twitter:data1\" content=\"Diario del Sur Digital\" \/>\n\t<meta name=\"twitter:label2\" content=\"Tiempo de lectura\" \/>\n\t<meta name=\"twitter:data2\" content=\"2 minutos\" \/>\n<script type=\"application\/ld+json\" class=\"yoast-schema-graph\">{\"@context\":\"https:\\\/\\\/schema.org\",\"@graph\":[{\"@type\":\"Article\",\"@id\":\"https:\\\/\\\/diariodelsurdigital.com.ar\\\/?p=564#article\",\"isPartOf\":{\"@id\":\"https:\\\/\\\/diariodelsurdigital.com.ar\\\/?p=564\"},\"author\":{\"name\":\"Diario del Sur Digital\",\"@id\":\"https:\\\/\\\/diariodelsurdigital.com.ar\\\/#\\\/schema\\\/person\\\/6136a32571657f7dba980b88b04c5465\"},\"headline\":\"ESTECHE: \u201cMitchel tiene menos trabajo en territorio entrerriano que Frigerio\u201d\",\"datePublished\":\"2025-01-13T18:01:27+00:00\",\"dateModified\":\"2025-01-13T18:01:28+00:00\",\"mainEntityOfPage\":{\"@id\":\"https:\\\/\\\/diariodelsurdigital.com.ar\\\/?p=564\"},\"wordCount\":331,\"commentCount\":0,\"image\":{\"@id\":\"https:\\\/\\\/diariodelsurdigital.com.ar\\\/?p=564#primaryimage\"},\"thumbnailUrl\":\"https:\\\/\\\/diariodelsurdigital.com.ar\\\/wp-content\\\/uploads\\\/2025\\\/01\\\/46501085_2077132689015041_4377537874761875456_n.jpg\",\"articleSection\":[\"Locales\"],\"inLanguage\":\"es\",\"potentialAction\":[{\"@type\":\"CommentAction\",\"name\":\"Comment\",\"target\":[\"https:\\\/\\\/diariodelsurdigital.com.ar\\\/?p=564#respond\"]}]},{\"@type\":\"WebPage\",\"@id\":\"https:\\\/\\\/diariodelsurdigital.com.ar\\\/?p=564\",\"url\":\"https:\\\/\\\/diariodelsurdigital.com.ar\\\/?p=564\",\"name\":\"ESTECHE: \u201cMitchel tiene menos trabajo en territorio entrerriano que Frigerio\u201d - Diario del Sur\",\"isPartOf\":{\"@id\":\"https:\\\/\\\/diariodelsurdigital.com.ar\\\/#website\"},\"primaryImageOfPage\":{\"@id\":\"https:\\\/\\\/diariodelsurdigital.com.ar\\\/?p=564#primaryimage\"},\"image\":{\"@id\":\"https:\\\/\\\/diariodelsurdigital.com.ar\\\/?p=564#primaryimage\"},\"thumbnailUrl\":\"https:\\\/\\\/diariodelsurdigital.com.ar\\\/wp-content\\\/uploads\\\/2025\\\/01\\\/46501085_2077132689015041_4377537874761875456_n.jpg\",\"datePublished\":\"2025-01-13T18:01:27+00:00\",\"dateModified\":\"2025-01-13T18:01:28+00:00\",\"author\":{\"@id\":\"https:\\\/\\\/diariodelsurdigital.com.ar\\\/#\\\/schema\\\/person\\\/6136a32571657f7dba980b88b04c5465\"},\"breadcrumb\":{\"@id\":\"https:\\\/\\\/diariodelsurdigital.com.ar\\\/?p=564#breadcrumb\"},\"inLanguage\":\"es\",\"potentialAction\":[{\"@type\":\"ReadAction\",\"target\":[\"https:\\\/\\\/diariodelsurdigital.com.ar\\\/?p=564\"]}]},{\"@type\":\"ImageObject\",\"inLanguage\":\"es\",\"@id\":\"https:\\\/\\\/diariodelsurdigital.com.ar\\\/?p=564#primaryimage\",\"url\":\"https:\\\/\\\/diariodelsurdigital.com.ar\\\/wp-content\\\/uploads\\\/2025\\\/01\\\/46501085_2077132689015041_4377537874761875456_n.jpg\",\"contentUrl\":\"https:\\\/\\\/diariodelsurdigital.com.ar\\\/wp-content\\\/uploads\\\/2025\\\/01\\\/46501085_2077132689015041_4377537874761875456_n.jpg\",\"width\":452,\"height\":344},{\"@type\":\"BreadcrumbList\",\"@id\":\"https:\\\/\\\/diariodelsurdigital.com.ar\\\/?p=564#breadcrumb\",\"itemListElement\":[{\"@type\":\"ListItem\",\"position\":1,\"name\":\"Portada\",\"item\":\"https:\\\/\\\/diariodelsurdigital.com.ar\\\/\"},{\"@type\":\"ListItem\",\"position\":2,\"name\":\"ESTECHE: \u201cMitchel tiene menos trabajo en territorio entrerriano que Frigerio\u201d\"}]},{\"@type\":\"WebSite\",\"@id\":\"https:\\\/\\\/diariodelsurdigital.com.ar\\\/#website\",\"url\":\"https:\\\/\\\/diariodelsurdigital.com.ar\\\/\",\"name\":\"Diario del Sur\",\"description\":\"Digital\",\"potentialAction\":[{\"@type\":\"SearchAction\",\"target\":{\"@type\":\"EntryPoint\",\"urlTemplate\":\"https:\\\/\\\/diariodelsurdigital.com.ar\\\/?s={search_term_string}\"},\"query-input\":{\"@type\":\"PropertyValueSpecification\",\"valueRequired\":true,\"valueName\":\"search_term_string\"}}],\"inLanguage\":\"es\"},{\"@type\":\"Person\",\"@id\":\"https:\\\/\\\/diariodelsurdigital.com.ar\\\/#\\\/schema\\\/person\\\/6136a32571657f7dba980b88b04c5465\",\"name\":\"Diario del Sur Digital\",\"image\":{\"@type\":\"ImageObject\",\"inLanguage\":\"es\",\"@id\":\"https:\\\/\\\/secure.gravatar.com\\\/avatar\\\/4c29ceac98541dd42460b2474aaa5dd37594d6ce6cb3cf2c101d09b48ee287ba?s=96&d=mm&r=g\",\"url\":\"https:\\\/\\\/secure.gravatar.com\\\/avatar\\\/4c29ceac98541dd42460b2474aaa5dd37594d6ce6cb3cf2c101d09b48ee287ba?s=96&d=mm&r=g\",\"contentUrl\":\"https:\\\/\\\/secure.gravatar.com\\\/avatar\\\/4c29ceac98541dd42460b2474aaa5dd37594d6ce6cb3cf2c101d09b48ee287ba?s=96&d=mm&r=g\",\"caption\":\"Diario del Sur Digital\"},\"url\":\"https:\\\/\\\/diariodelsurdigital.com.ar\\\/?author=2\"}]}<\/script>\n<!-- \/ Yoast SEO plugin. -->","yoast_head_json":{"title":"ESTECHE: \u201cMitchel tiene menos trabajo en territorio entrerriano que Frigerio\u201d - Diario del Sur","robots":{"index":"index","follow":"follow","max-snippet":"max-snippet:-1","max-image-preview":"max-image-preview:large","max-video-preview":"max-video-preview:-1"},"canonical":"https:\/\/diariodelsurdigital.com.ar\/?p=564","og_locale":"es_ES","og_type":"article","og_title":"ESTECHE: \u201cMitchel tiene menos trabajo en territorio entrerriano que Frigerio\u201d - Diario del Sur","og_description":"As\u00ed lo defini\u00f3 al massista Guillermo Mitchel, el referente de la seccional mas grande de Concordia y ex consejero del Partido Justicialista, Rub\u00e9n Esteche. Esteche se\u00f1al\u00f3 a Diario del SUR Digital que \u201cAc\u00e1 se terminaron los inventos y paracaidistas. Le\u00ed que este muchacho (Mitchel) critic\u00f3 al primer mandatario de Venezuela, Nicol\u00e1s Maduro por nombrarlo a [&hellip;]","og_url":"https:\/\/diariodelsurdigital.com.ar\/?p=564","og_site_name":"Diario del Sur","article_published_time":"2025-01-13T18:01:27+00:00","article_modified_time":"2025-01-13T18:01:28+00:00","og_image":[{"width":452,"height":344,"url":"https:\/\/diariodelsurdigital.com.ar\/wp-content\/uploads\/2025\/01\/46501085_2077132689015041_4377537874761875456_n.jpg","type":"image\/jpeg"}],"author":"Diario del Sur Digital","twitter_card":"summary_large_image","twitter_misc":{"Escrito por":"Diario del Sur Digital","Tiempo de lectura":"2 minutos"},"schema":{"@context":"https:\/\/schema.org","@graph":[{"@type":"Article","@id":"https:\/\/diariodelsurdigital.com.ar\/?p=564#article","isPartOf":{"@id":"https:\/\/diariodelsurdigital.com.ar\/?p=564"},"author":{"name":"Diario del Sur Digital","@id":"https:\/\/diariodelsurdigital.com.ar\/#\/schema\/person\/6136a32571657f7dba980b88b04c5465"},"headline":"ESTECHE: \u201cMitchel tiene menos trabajo en territorio entrerriano que Frigerio\u201d","datePublished":"2025-01-13T18:01:27+00:00","dateModified":"2025-01-13T18:01:28+00:00","mainEntityOfPage":{"@id":"https:\/\/diariodelsurdigital.com.ar\/?p=564"},"wordCount":331,"commentCount":0,"image":{"@id":"https:\/\/diariodelsurdigital.com.ar\/?p=564#primaryimage"},"thumbnailUrl":"https:\/\/diariodelsurdigital.com.ar\/wp-content\/uploads\/2025\/01\/46501085_2077132689015041_4377537874761875456_n.jpg","articleSection":["Locales"],"inLanguage":"es","potentialAction":[{"@type":"CommentAction","name":"Comment","target":["https:\/\/diariodelsurdigital.com.ar\/?p=564#respond"]}]},{"@type":"WebPage","@id":"https:\/\/diariodelsurdigital.com.ar\/?p=564","url":"https:\/\/diariodelsurdigital.com.ar\/?p=564","name":"ESTECHE: \u201cMitchel tiene menos trabajo en territorio entrerriano que Frigerio\u201d - Diario del Sur","isPartOf":{"@id":"https:\/\/diariodelsurdigital.com.ar\/#website"},"primaryImageOfPage":{"@id":"https:\/\/diariodelsurdigital.com.ar\/?p=564#primaryimage"},"image":{"@id":"https:\/\/diariodelsurdigital.com.ar\/?p=564#primaryimage"},"thumbnailUrl":"https:\/\/diariodelsurdigital.com.ar\/wp-content\/uploads\/2025\/01\/46501085_2077132689015041_4377537874761875456_n.jpg","datePublished":"2025-01-13T18:01:27+00:00","dateModified":"2025-01-13T18:01:28+00:00","author":{"@id":"https:\/\/diariodelsurdigital.com.ar\/#\/schema\/person\/6136a32571657f7dba980b88b04c5465"},"breadcrumb":{"@id":"https:\/\/diariodelsurdigital.com.ar\/?p=564#breadcrumb"},"inLanguage":"es","potentialAction":[{"@type":"ReadAction","target":["https:\/\/diariodelsurdigital.com.ar\/?p=564"]}]},{"@type":"ImageObject","inLanguage":"es","@id":"https:\/\/diariodelsurdigital.com.ar\/?p=564#primaryimage","url":"https:\/\/diariodelsurdigital.com.ar\/wp-content\/uploads\/2025\/01\/46501085_2077132689015041_4377537874761875456_n.jpg","contentUrl":"https:\/\/diariodelsurdigital.com.ar\/wp-content\/uploads\/2025\/01\/46501085_2077132689015041_4377537874761875456_n.jpg","width":452,"height":344},{"@type":"BreadcrumbList","@id":"https:\/\/diariodelsurdigital.com.ar\/?p=564#breadcrumb","itemListElement":[{"@type":"ListItem","position":1,"name":"Portada","item":"https:\/\/diariodelsurdigital.com.ar\/"},{"@type":"ListItem","position":2,"name":"ESTECHE: \u201cMitchel tiene menos trabajo en territorio entrerriano que Frigerio\u201d"}]},{"@type":"WebSite","@id":"https:\/\/diariodelsurdigital.com.ar\/#website","url":"https:\/\/diariodelsurdigital.com.ar\/","name":"Diario del Sur","description":"Digital","potentialAction":[{"@type":"SearchAction","target":{"@type":"EntryPoint","urlTemplate":"https:\/\/diariodelsurdigital.com.ar\/?s={search_term_string}"},"query-input":{"@type":"PropertyValueSpecification","valueRequired":true,"valueName":"search_term_string"}}],"inLanguage":"es"},{"@type":"Person","@id":"https:\/\/diariodelsurdigital.com.ar\/#\/schema\/person\/6136a32571657f7dba980b88b04c5465","name":"Diario del Sur Digital","image":{"@type":"ImageObject","inLanguage":"es","@id":"https:\/\/secure.gravatar.com\/avatar\/4c29ceac98541dd42460b2474aaa5dd37594d6ce6cb3cf2c101d09b48ee287ba?s=96&d=mm&r=g","url":"https:\/\/secure.gravatar.com\/avatar\/4c29ceac98541dd42460b2474aaa5dd37594d6ce6cb3cf2c101d09b48ee287ba?s=96&d=mm&r=g","contentUrl":"https:\/\/secure.gravatar.com\/avatar\/4c29ceac98541dd42460b2474aaa5dd37594d6ce6cb3cf2c101d09b48ee287ba?s=96&d=mm&r=g","caption":"Diario del Sur Digital"},"url":"https:\/\/diariodelsurdigital.com.ar\/?author=2"}]}},"_links":{"self":[{"href":"https:\/\/diariodelsurdigital.com.ar\/index.php?rest_route=\/wp\/v2\/posts\/564","targetHints":{"allow":["GET"]}}],"collection":[{"href":"https:\/\/diariodelsurdigital.com.ar\/index.php?rest_route=\/wp\/v2\/posts"}],"about":[{"href":"https:\/\/diariodelsurdigital.com.ar\/index.php?rest_route=\/wp\/v2\/types\/post"}],"author":[{"embeddable":true,"href":"https:\/\/diariodelsurdigital.com.ar\/index.php?rest_route=\/wp\/v2\/users\/2"}],"replies":[{"embeddable":true,"href":"https:\/\/diariodelsurdigital.com.ar\/index.php?rest_route=%2Fwp%2Fv2%2Fcomments&post=564"}],"version-history":[{"count":1,"href":"https:\/\/diariodelsurdigital.com.ar\/index.php?rest_route=\/wp\/v2\/posts\/564\/revisions"}],"predecessor-version":[{"id":566,"href":"https:\/\/diariodelsurdigital.com.ar\/index.php?rest_route=\/wp\/v2\/posts\/564\/revisions\/566"}],"wp:featuredmedia":[{"embeddable":true,"href":"https:\/\/diariodelsurdigital.com.ar\/index.php?rest_route=\/wp\/v2\/media\/565"}],"wp:attachment":[{"href":"https:\/\/diariodelsurdigital.com.ar\/index.php?rest_route=%2Fwp%2Fv2%2Fmedia&parent=564"}],"wp:term":[{"taxonomy":"category","embeddable":true,"href":"https:\/\/diariodelsurdigital.com.ar\/index.php?rest_route=%2Fwp%2Fv2%2Fcategories&post=564"},{"taxonomy":"post_tag","embeddable":true,"href":"https:\/\/diariodelsurdigital.com.ar\/index.php?rest_route=%2Fwp%2Fv2%2Ftags&post=564"}],"curies":[{"name":"wp","href":"https:\/\/api.w.org\/{rel}","templated":true}]}}