{"id":5643,"date":"2025-11-12T08:35:05","date_gmt":"2025-11-12T11:35:05","guid":{"rendered":"https:\/\/diariodelsurdigital.com.ar\/?p=5643"},"modified":"2025-11-12T08:35:06","modified_gmt":"2025-11-12T11:35:06","slug":"docentes-universitarios-entrerrianos-inician-tres-dias-de-paro","status":"publish","type":"post","link":"https:\/\/diariodelsurdigital.com.ar\/?p=5643","title":{"rendered":"Docentes universitarios entrerrianos inician tres d\u00edas de paro"},"content":{"rendered":"\n<p>El paro de 72 horas se llevar\u00e1 adelante en todo el pa\u00eds, en rechazo al recorte salarial que enfrentan las universidades nacionales y en reclamo de la implementaci\u00f3n plena de la Ley de Financiamiento Universitario. Se pliegan a la medida los docentes entrerrianos de AGDU y Sitradu.<\/p>\n\n\n\n<p>Las universidades nacionales inician este mi\u00e9rcoles un paro de 72 horas impulsado por los gremios docentes de todo el pa\u00eds, que cuestionan el recorte salarial y reclaman la aplicaci\u00f3n inmediata de la Ley de Financiamiento Universitario, recientemente sancionada por el Congreso.<\/p>\n\n\n\n<p>Los dos gremios entrerrianos, la Asociaci\u00f3n Gremial de Docentes Universitarios (AGDU) y el Sindicato de Trabajadores Docentes Universitarios (Sitradu), adhieren a la medida resuelta por las dos Federaciones nacionales a las que pertenecen, Conadu y Conadu Hist\u00f3rica, respectivamente.<\/p>\n\n\n\n<p>La ley de financiamiento universitario fue aprobada por el Congreso luego de una larga discusi\u00f3n a lo largo del a\u00f1o, que incluy\u00f3 el veto del presidente Javier Milei y la posterior ratificaci\u00f3n por parte de los legisladores nacionales, que impusieron la norma por sobre la voluntad del jefe de Estado.<\/p>\n\n\n\n<p>Representantes sindicales advierten que la vigencia de la ley es indispensable para frenar el deterioro de las condiciones laborales y sostener el sistema p\u00fablico de ense\u00f1anza superior.<\/p>\n\n\n\n<p>Continuidad<br>Respecto a la continuidad de las acciones, la semana pasada el Congreso de Conadu \u2013del cual particip\u00f3 AGDU\u2013 resolvi\u00f3 afectar el inicio del curso lectivo 2026 si el Gobierno no avanza en la implementaci\u00f3n de la Ley de Financiamiento Universitario.<\/p>\n\n\n\n<p>Otra resoluci\u00f3n que tom\u00f3 ese cuerpo fue avanzar en la judicializaci\u00f3n del reclamo por la apertura de paritarias, en articulaci\u00f3n con el Frente Sindical Universitario.<\/p>\n","protected":false},"excerpt":{"rendered":"<p>El paro de 72 horas se llevar\u00e1 adelante en todo el pa\u00eds, en rechazo al recorte salarial que enfrentan las universidades nacionales y en reclamo de la implementaci\u00f3n plena de la Ley de Financiamiento Universitario. Se pliegan a la medida los docentes entrerrianos de AGDU y Sitradu. Las universidades nacionales inician este mi\u00e9rcoles un paro [&hellip;]<\/p>\n","protected":false},"author":4,"featured_media":5644,"comment_status":"open","ping_status":"open","sticky":false,"template":"","format":"standard","meta":{"footnotes":""},"categories":[17],"tags":[],"class_list":{"0":"post-5643","1":"post","2":"type-post","3":"status-publish","4":"format-standard","5":"has-post-thumbnail","7":"category-provinciales"},"yoast_head":"<!-- This site is optimized with the Yoast SEO plugin v27.4 - https:\/\/yoast.com\/product\/yoast-seo-wordpress\/ -->\n<title>Docentes universitarios entrerrianos inician tres d\u00edas de paro - Diario del Sur<\/title>\n<meta name=\"robots\" content=\"index, follow, max-snippet:-1, max-image-preview:large, max-video-preview:-1\" \/>\n<link rel=\"canonical\" href=\"https:\/\/diariodelsurdigital.com.ar\/?p=5643\" \/>\n<meta property=\"og:locale\" content=\"es_ES\" \/>\n<meta property=\"og:type\" content=\"article\" \/>\n<meta property=\"og:title\" content=\"Docentes universitarios entrerrianos inician tres d\u00edas de paro - Diario del Sur\" \/>\n<meta property=\"og:description\" content=\"El paro de 72 horas se llevar\u00e1 adelante en todo el pa\u00eds, en rechazo al recorte salarial que enfrentan las universidades nacionales y en reclamo de la implementaci\u00f3n plena de la Ley de Financiamiento Universitario. Se pliegan a la medida los docentes entrerrianos de AGDU y Sitradu. Las universidades nacionales inician este mi\u00e9rcoles un paro [&hellip;]\" \/>\n<meta property=\"og:url\" content=\"https:\/\/diariodelsurdigital.com.ar\/?p=5643\" \/>\n<meta property=\"og:site_name\" content=\"Diario del Sur\" \/>\n<meta property=\"article:published_time\" content=\"2025-11-12T11:35:05+00:00\" \/>\n<meta property=\"article:modified_time\" content=\"2025-11-12T11:35:06+00:00\" \/>\n<meta property=\"og:image\" content=\"https:\/\/diariodelsurdigital.com.ar\/wp-content\/uploads\/2025\/11\/md-8.webp\" \/>\n\t<meta property=\"og:image:width\" content=\"992\" \/>\n\t<meta property=\"og:image:height\" content=\"744\" \/>\n\t<meta property=\"og:image:type\" content=\"image\/webp\" \/>\n<meta name=\"author\" content=\"Diario del Sur Digital\" \/>\n<meta name=\"twitter:card\" content=\"summary_large_image\" \/>\n<meta name=\"twitter:label1\" content=\"Escrito por\" \/>\n\t<meta name=\"twitter:data1\" content=\"Diario del Sur Digital\" \/>\n\t<meta name=\"twitter:label2\" content=\"Tiempo de lectura\" \/>\n\t<meta name=\"twitter:data2\" content=\"2 minutos\" \/>\n<script type=\"application\/ld+json\" class=\"yoast-schema-graph\">{\"@context\":\"https:\\\/\\\/schema.org\",\"@graph\":[{\"@type\":\"Article\",\"@id\":\"https:\\\/\\\/diariodelsurdigital.com.ar\\\/?p=5643#article\",\"isPartOf\":{\"@id\":\"https:\\\/\\\/diariodelsurdigital.com.ar\\\/?p=5643\"},\"author\":{\"name\":\"Diario del Sur Digital\",\"@id\":\"https:\\\/\\\/diariodelsurdigital.com.ar\\\/#\\\/schema\\\/person\\\/1a4992532ed62965c968031b49195c81\"},\"headline\":\"Docentes universitarios entrerrianos inician tres d\u00edas de paro\",\"datePublished\":\"2025-11-12T11:35:05+00:00\",\"dateModified\":\"2025-11-12T11:35:06+00:00\",\"mainEntityOfPage\":{\"@id\":\"https:\\\/\\\/diariodelsurdigital.com.ar\\\/?p=5643\"},\"wordCount\":290,\"commentCount\":0,\"image\":{\"@id\":\"https:\\\/\\\/diariodelsurdigital.com.ar\\\/?p=5643#primaryimage\"},\"thumbnailUrl\":\"https:\\\/\\\/diariodelsurdigital.com.ar\\\/wp-content\\\/uploads\\\/2025\\\/11\\\/md-8.webp\",\"articleSection\":[\"Provinciales\"],\"inLanguage\":\"es\",\"potentialAction\":[{\"@type\":\"CommentAction\",\"name\":\"Comment\",\"target\":[\"https:\\\/\\\/diariodelsurdigital.com.ar\\\/?p=5643#respond\"]}]},{\"@type\":\"WebPage\",\"@id\":\"https:\\\/\\\/diariodelsurdigital.com.ar\\\/?p=5643\",\"url\":\"https:\\\/\\\/diariodelsurdigital.com.ar\\\/?p=5643\",\"name\":\"Docentes universitarios entrerrianos inician tres d\u00edas de paro - Diario del Sur\",\"isPartOf\":{\"@id\":\"https:\\\/\\\/diariodelsurdigital.com.ar\\\/#website\"},\"primaryImageOfPage\":{\"@id\":\"https:\\\/\\\/diariodelsurdigital.com.ar\\\/?p=5643#primaryimage\"},\"image\":{\"@id\":\"https:\\\/\\\/diariodelsurdigital.com.ar\\\/?p=5643#primaryimage\"},\"thumbnailUrl\":\"https:\\\/\\\/diariodelsurdigital.com.ar\\\/wp-content\\\/uploads\\\/2025\\\/11\\\/md-8.webp\",\"datePublished\":\"2025-11-12T11:35:05+00:00\",\"dateModified\":\"2025-11-12T11:35:06+00:00\",\"author\":{\"@id\":\"https:\\\/\\\/diariodelsurdigital.com.ar\\\/#\\\/schema\\\/person\\\/1a4992532ed62965c968031b49195c81\"},\"breadcrumb\":{\"@id\":\"https:\\\/\\\/diariodelsurdigital.com.ar\\\/?p=5643#breadcrumb\"},\"inLanguage\":\"es\",\"potentialAction\":[{\"@type\":\"ReadAction\",\"target\":[\"https:\\\/\\\/diariodelsurdigital.com.ar\\\/?p=5643\"]}]},{\"@type\":\"ImageObject\",\"inLanguage\":\"es\",\"@id\":\"https:\\\/\\\/diariodelsurdigital.com.ar\\\/?p=5643#primaryimage\",\"url\":\"https:\\\/\\\/diariodelsurdigital.com.ar\\\/wp-content\\\/uploads\\\/2025\\\/11\\\/md-8.webp\",\"contentUrl\":\"https:\\\/\\\/diariodelsurdigital.com.ar\\\/wp-content\\\/uploads\\\/2025\\\/11\\\/md-8.webp\",\"width\":992,\"height\":744},{\"@type\":\"BreadcrumbList\",\"@id\":\"https:\\\/\\\/diariodelsurdigital.com.ar\\\/?p=5643#breadcrumb\",\"itemListElement\":[{\"@type\":\"ListItem\",\"position\":1,\"name\":\"Portada\",\"item\":\"https:\\\/\\\/diariodelsurdigital.com.ar\\\/\"},{\"@type\":\"ListItem\",\"position\":2,\"name\":\"Docentes universitarios entrerrianos inician tres d\u00edas de paro\"}]},{\"@type\":\"WebSite\",\"@id\":\"https:\\\/\\\/diariodelsurdigital.com.ar\\\/#website\",\"url\":\"https:\\\/\\\/diariodelsurdigital.com.ar\\\/\",\"name\":\"Diario del Sur\",\"description\":\"Digital\",\"potentialAction\":[{\"@type\":\"SearchAction\",\"target\":{\"@type\":\"EntryPoint\",\"urlTemplate\":\"https:\\\/\\\/diariodelsurdigital.com.ar\\\/?s={search_term_string}\"},\"query-input\":{\"@type\":\"PropertyValueSpecification\",\"valueRequired\":true,\"valueName\":\"search_term_string\"}}],\"inLanguage\":\"es\"},{\"@type\":\"Person\",\"@id\":\"https:\\\/\\\/diariodelsurdigital.com.ar\\\/#\\\/schema\\\/person\\\/1a4992532ed62965c968031b49195c81\",\"name\":\"Diario del Sur Digital\",\"image\":{\"@type\":\"ImageObject\",\"inLanguage\":\"es\",\"@id\":\"https:\\\/\\\/secure.gravatar.com\\\/avatar\\\/f0c7c47fc7146d19828273b9b8eda651c9c7ab583767e6338d3d3bee825adf76?s=96&d=mm&r=g\",\"url\":\"https:\\\/\\\/secure.gravatar.com\\\/avatar\\\/f0c7c47fc7146d19828273b9b8eda651c9c7ab583767e6338d3d3bee825adf76?s=96&d=mm&r=g\",\"contentUrl\":\"https:\\\/\\\/secure.gravatar.com\\\/avatar\\\/f0c7c47fc7146d19828273b9b8eda651c9c7ab583767e6338d3d3bee825adf76?s=96&d=mm&r=g\",\"caption\":\"Diario del Sur Digital\"},\"url\":\"https:\\\/\\\/diariodelsurdigital.com.ar\\\/?author=4\"}]}<\/script>\n<!-- \/ Yoast SEO plugin. -->","yoast_head_json":{"title":"Docentes universitarios entrerrianos inician tres d\u00edas de paro - Diario del Sur","robots":{"index":"index","follow":"follow","max-snippet":"max-snippet:-1","max-image-preview":"max-image-preview:large","max-video-preview":"max-video-preview:-1"},"canonical":"https:\/\/diariodelsurdigital.com.ar\/?p=5643","og_locale":"es_ES","og_type":"article","og_title":"Docentes universitarios entrerrianos inician tres d\u00edas de paro - Diario del Sur","og_description":"El paro de 72 horas se llevar\u00e1 adelante en todo el pa\u00eds, en rechazo al recorte salarial que enfrentan las universidades nacionales y en reclamo de la implementaci\u00f3n plena de la Ley de Financiamiento Universitario. Se pliegan a la medida los docentes entrerrianos de AGDU y Sitradu. Las universidades nacionales inician este mi\u00e9rcoles un paro [&hellip;]","og_url":"https:\/\/diariodelsurdigital.com.ar\/?p=5643","og_site_name":"Diario del Sur","article_published_time":"2025-11-12T11:35:05+00:00","article_modified_time":"2025-11-12T11:35:06+00:00","og_image":[{"width":992,"height":744,"url":"https:\/\/diariodelsurdigital.com.ar\/wp-content\/uploads\/2025\/11\/md-8.webp","type":"image\/webp"}],"author":"Diario del Sur Digital","twitter_card":"summary_large_image","twitter_misc":{"Escrito por":"Diario del Sur Digital","Tiempo de lectura":"2 minutos"},"schema":{"@context":"https:\/\/schema.org","@graph":[{"@type":"Article","@id":"https:\/\/diariodelsurdigital.com.ar\/?p=5643#article","isPartOf":{"@id":"https:\/\/diariodelsurdigital.com.ar\/?p=5643"},"author":{"name":"Diario del Sur Digital","@id":"https:\/\/diariodelsurdigital.com.ar\/#\/schema\/person\/1a4992532ed62965c968031b49195c81"},"headline":"Docentes universitarios entrerrianos inician tres d\u00edas de paro","datePublished":"2025-11-12T11:35:05+00:00","dateModified":"2025-11-12T11:35:06+00:00","mainEntityOfPage":{"@id":"https:\/\/diariodelsurdigital.com.ar\/?p=5643"},"wordCount":290,"commentCount":0,"image":{"@id":"https:\/\/diariodelsurdigital.com.ar\/?p=5643#primaryimage"},"thumbnailUrl":"https:\/\/diariodelsurdigital.com.ar\/wp-content\/uploads\/2025\/11\/md-8.webp","articleSection":["Provinciales"],"inLanguage":"es","potentialAction":[{"@type":"CommentAction","name":"Comment","target":["https:\/\/diariodelsurdigital.com.ar\/?p=5643#respond"]}]},{"@type":"WebPage","@id":"https:\/\/diariodelsurdigital.com.ar\/?p=5643","url":"https:\/\/diariodelsurdigital.com.ar\/?p=5643","name":"Docentes universitarios entrerrianos inician tres d\u00edas de paro - Diario del Sur","isPartOf":{"@id":"https:\/\/diariodelsurdigital.com.ar\/#website"},"primaryImageOfPage":{"@id":"https:\/\/diariodelsurdigital.com.ar\/?p=5643#primaryimage"},"image":{"@id":"https:\/\/diariodelsurdigital.com.ar\/?p=5643#primaryimage"},"thumbnailUrl":"https:\/\/diariodelsurdigital.com.ar\/wp-content\/uploads\/2025\/11\/md-8.webp","datePublished":"2025-11-12T11:35:05+00:00","dateModified":"2025-11-12T11:35:06+00:00","author":{"@id":"https:\/\/diariodelsurdigital.com.ar\/#\/schema\/person\/1a4992532ed62965c968031b49195c81"},"breadcrumb":{"@id":"https:\/\/diariodelsurdigital.com.ar\/?p=5643#breadcrumb"},"inLanguage":"es","potentialAction":[{"@type":"ReadAction","target":["https:\/\/diariodelsurdigital.com.ar\/?p=5643"]}]},{"@type":"ImageObject","inLanguage":"es","@id":"https:\/\/diariodelsurdigital.com.ar\/?p=5643#primaryimage","url":"https:\/\/diariodelsurdigital.com.ar\/wp-content\/uploads\/2025\/11\/md-8.webp","contentUrl":"https:\/\/diariodelsurdigital.com.ar\/wp-content\/uploads\/2025\/11\/md-8.webp","width":992,"height":744},{"@type":"BreadcrumbList","@id":"https:\/\/diariodelsurdigital.com.ar\/?p=5643#breadcrumb","itemListElement":[{"@type":"ListItem","position":1,"name":"Portada","item":"https:\/\/diariodelsurdigital.com.ar\/"},{"@type":"ListItem","position":2,"name":"Docentes universitarios entrerrianos inician tres d\u00edas de paro"}]},{"@type":"WebSite","@id":"https:\/\/diariodelsurdigital.com.ar\/#website","url":"https:\/\/diariodelsurdigital.com.ar\/","name":"Diario del Sur","description":"Digital","potentialAction":[{"@type":"SearchAction","target":{"@type":"EntryPoint","urlTemplate":"https:\/\/diariodelsurdigital.com.ar\/?s={search_term_string}"},"query-input":{"@type":"PropertyValueSpecification","valueRequired":true,"valueName":"search_term_string"}}],"inLanguage":"es"},{"@type":"Person","@id":"https:\/\/diariodelsurdigital.com.ar\/#\/schema\/person\/1a4992532ed62965c968031b49195c81","name":"Diario del Sur Digital","image":{"@type":"ImageObject","inLanguage":"es","@id":"https:\/\/secure.gravatar.com\/avatar\/f0c7c47fc7146d19828273b9b8eda651c9c7ab583767e6338d3d3bee825adf76?s=96&d=mm&r=g","url":"https:\/\/secure.gravatar.com\/avatar\/f0c7c47fc7146d19828273b9b8eda651c9c7ab583767e6338d3d3bee825adf76?s=96&d=mm&r=g","contentUrl":"https:\/\/secure.gravatar.com\/avatar\/f0c7c47fc7146d19828273b9b8eda651c9c7ab583767e6338d3d3bee825adf76?s=96&d=mm&r=g","caption":"Diario del Sur Digital"},"url":"https:\/\/diariodelsurdigital.com.ar\/?author=4"}]}},"_links":{"self":[{"href":"https:\/\/diariodelsurdigital.com.ar\/index.php?rest_route=\/wp\/v2\/posts\/5643","targetHints":{"allow":["GET"]}}],"collection":[{"href":"https:\/\/diariodelsurdigital.com.ar\/index.php?rest_route=\/wp\/v2\/posts"}],"about":[{"href":"https:\/\/diariodelsurdigital.com.ar\/index.php?rest_route=\/wp\/v2\/types\/post"}],"author":[{"embeddable":true,"href":"https:\/\/diariodelsurdigital.com.ar\/index.php?rest_route=\/wp\/v2\/users\/4"}],"replies":[{"embeddable":true,"href":"https:\/\/diariodelsurdigital.com.ar\/index.php?rest_route=%2Fwp%2Fv2%2Fcomments&post=5643"}],"version-history":[{"count":1,"href":"https:\/\/diariodelsurdigital.com.ar\/index.php?rest_route=\/wp\/v2\/posts\/5643\/revisions"}],"predecessor-version":[{"id":5645,"href":"https:\/\/diariodelsurdigital.com.ar\/index.php?rest_route=\/wp\/v2\/posts\/5643\/revisions\/5645"}],"wp:featuredmedia":[{"embeddable":true,"href":"https:\/\/diariodelsurdigital.com.ar\/index.php?rest_route=\/wp\/v2\/media\/5644"}],"wp:attachment":[{"href":"https:\/\/diariodelsurdigital.com.ar\/index.php?rest_route=%2Fwp%2Fv2%2Fmedia&parent=5643"}],"wp:term":[{"taxonomy":"category","embeddable":true,"href":"https:\/\/diariodelsurdigital.com.ar\/index.php?rest_route=%2Fwp%2Fv2%2Fcategories&post=5643"},{"taxonomy":"post_tag","embeddable":true,"href":"https:\/\/diariodelsurdigital.com.ar\/index.php?rest_route=%2Fwp%2Fv2%2Ftags&post=5643"}],"curies":[{"name":"wp","href":"https:\/\/api.w.org\/{rel}","templated":true}]}}