{"id":5649,"date":"2025-11-12T08:40:42","date_gmt":"2025-11-12T11:40:42","guid":{"rendered":"https:\/\/diariodelsurdigital.com.ar\/?p=5649"},"modified":"2025-11-12T08:40:43","modified_gmt":"2025-11-12T11:40:43","slug":"tras-jurar-como-ministro-de-interior-santilli-llega-hoy-a-entre-rios","status":"publish","type":"post","link":"https:\/\/diariodelsurdigital.com.ar\/?p=5649","title":{"rendered":"Tras jurar como Ministro de Interior, Santilli llega hoy a Entre R\u00edos"},"content":{"rendered":"\n<p>El nuevo funcionario ser\u00e1 recibido por el gobernador Rogelio Frigerio en Paran\u00e1 este mi\u00e9rcoles, horas despu\u00e9s de haber jurado como Ministro, en lo que ser\u00e1 la primera actividad oficial en el cargo.<\/p>\n\n\n\n<p>Tras asumir formalmente como ministro del Interior, Diego Santilli se lanzar\u00e1 a una gira por las provincias que tendr\u00e1 a Entre R\u00edos como su primera parada.<\/p>\n\n\n\n<p>El jueves, en tanto, recibir\u00e1 en la Casa Rosada al salte\u00f1o Gustavo S\u00e1enz. El objetivo del flamante Ministro es buscar apoyos para el Presupuesto 2026 y la agenda de reformas que empuja Javier Milei.<\/p>\n\n\n\n<p>Al confirmar la visita de Santilli, Frigerio destac\u00f3 la relaci\u00f3n personal y pol\u00edtica que mantiene con el funcionario. \u201cTenemos un v\u00ednculo con el nuevo ministro de much\u00edsimos a\u00f1os. Somos amigos de toda la vida, pr\u00e1cticamente, as\u00ed que muy contento con su designaci\u00f3n como ministro en esta etapa\u201d, expres\u00f3 el gobernador en declaraciones a la prensa.<\/p>\n\n\n\n<p>Adem\u00e1s, subray\u00f3: \u201cHacen falta construir consensos para encarar las reformas que la Argentina viene pateando para adelante hace much\u00edsimo tiempo, y que necesita para consolidar una estabilidad macroecon\u00f3mica que nos permita ahora s\u00ed un proceso de desarrollo econ\u00f3mico y de crecimiento sostenido\u201d.<\/p>\n\n\n\n<p>Jura<br>El martes, en un acto breve en el Sal\u00f3n Blanco, presidente Javier Milei le tom\u00f3 juramento a Diego Santilli para asumir el cargo de Ministro del Interior, formalizando el cargo que ven\u00eda ejerciendo en los \u00faltimos.<\/p>\n\n\n\n<p>No hubo discursos ni palabras de agradecimiento. Solo la toma de juramento del Presidente y un abrazo efusivo con Santilli, qui\u00e9n el viernes renuncia a su banca para poder asumir. Estuvieron presentes los ministros del Poder Ejecutivo, la Secretaria General de la Presidencia, Karina Milei, y el presidente de la C\u00e1mara de Diputados, Mart\u00edn Menem. Tambi\u00e9n los hijos de Santilli y su esposa. <\/p>\n","protected":false},"excerpt":{"rendered":"<p>El nuevo funcionario ser\u00e1 recibido por el gobernador Rogelio Frigerio en Paran\u00e1 este mi\u00e9rcoles, horas despu\u00e9s de haber jurado como Ministro, en lo que ser\u00e1 la primera actividad oficial en el cargo. Tras asumir formalmente como ministro del Interior, Diego Santilli se lanzar\u00e1 a una gira por las provincias que tendr\u00e1 a Entre R\u00edos como [&hellip;]<\/p>\n","protected":false},"author":4,"featured_media":5650,"comment_status":"open","ping_status":"open","sticky":false,"template":"","format":"standard","meta":{"footnotes":""},"categories":[22,17],"tags":[],"class_list":{"0":"post-5649","1":"post","2":"type-post","3":"status-publish","4":"format-standard","5":"has-post-thumbnail","7":"category-politica","8":"category-provinciales"},"yoast_head":"<!-- This site is optimized with the Yoast SEO plugin v27.4 - https:\/\/yoast.com\/product\/yoast-seo-wordpress\/ -->\n<title>Tras jurar como Ministro de Interior, Santilli llega hoy a Entre R\u00edos - Diario del Sur<\/title>\n<meta name=\"robots\" content=\"index, follow, max-snippet:-1, max-image-preview:large, max-video-preview:-1\" \/>\n<link rel=\"canonical\" href=\"https:\/\/diariodelsurdigital.com.ar\/?p=5649\" \/>\n<meta property=\"og:locale\" content=\"es_ES\" \/>\n<meta property=\"og:type\" content=\"article\" \/>\n<meta property=\"og:title\" content=\"Tras jurar como Ministro de Interior, Santilli llega hoy a Entre R\u00edos - Diario del Sur\" \/>\n<meta property=\"og:description\" content=\"El nuevo funcionario ser\u00e1 recibido por el gobernador Rogelio Frigerio en Paran\u00e1 este mi\u00e9rcoles, horas despu\u00e9s de haber jurado como Ministro, en lo que ser\u00e1 la primera actividad oficial en el cargo. Tras asumir formalmente como ministro del Interior, Diego Santilli se lanzar\u00e1 a una gira por las provincias que tendr\u00e1 a Entre R\u00edos como [&hellip;]\" \/>\n<meta property=\"og:url\" content=\"https:\/\/diariodelsurdigital.com.ar\/?p=5649\" \/>\n<meta property=\"og:site_name\" content=\"Diario del Sur\" \/>\n<meta property=\"article:published_time\" content=\"2025-11-12T11:40:42+00:00\" \/>\n<meta property=\"article:modified_time\" content=\"2025-11-12T11:40:43+00:00\" \/>\n<meta property=\"og:image\" content=\"https:\/\/diariodelsurdigital.com.ar\/wp-content\/uploads\/2025\/11\/md-10.webp\" \/>\n\t<meta property=\"og:image:width\" content=\"992\" \/>\n\t<meta property=\"og:image:height\" content=\"707\" \/>\n\t<meta property=\"og:image:type\" content=\"image\/webp\" \/>\n<meta name=\"author\" content=\"Diario del Sur Digital\" \/>\n<meta name=\"twitter:card\" content=\"summary_large_image\" \/>\n<meta name=\"twitter:label1\" content=\"Escrito por\" \/>\n\t<meta name=\"twitter:data1\" content=\"Diario del Sur Digital\" \/>\n\t<meta name=\"twitter:label2\" content=\"Tiempo de lectura\" \/>\n\t<meta name=\"twitter:data2\" content=\"2 minutos\" \/>\n<script type=\"application\/ld+json\" class=\"yoast-schema-graph\">{\"@context\":\"https:\\\/\\\/schema.org\",\"@graph\":[{\"@type\":\"Article\",\"@id\":\"https:\\\/\\\/diariodelsurdigital.com.ar\\\/?p=5649#article\",\"isPartOf\":{\"@id\":\"https:\\\/\\\/diariodelsurdigital.com.ar\\\/?p=5649\"},\"author\":{\"name\":\"Diario del Sur Digital\",\"@id\":\"https:\\\/\\\/diariodelsurdigital.com.ar\\\/#\\\/schema\\\/person\\\/1a4992532ed62965c968031b49195c81\"},\"headline\":\"Tras jurar como Ministro de Interior, Santilli llega hoy a Entre R\u00edos\",\"datePublished\":\"2025-11-12T11:40:42+00:00\",\"dateModified\":\"2025-11-12T11:40:43+00:00\",\"mainEntityOfPage\":{\"@id\":\"https:\\\/\\\/diariodelsurdigital.com.ar\\\/?p=5649\"},\"wordCount\":322,\"commentCount\":0,\"image\":{\"@id\":\"https:\\\/\\\/diariodelsurdigital.com.ar\\\/?p=5649#primaryimage\"},\"thumbnailUrl\":\"https:\\\/\\\/diariodelsurdigital.com.ar\\\/wp-content\\\/uploads\\\/2025\\\/11\\\/md-10.webp\",\"articleSection\":[\"Pol\u00edtica\",\"Provinciales\"],\"inLanguage\":\"es\",\"potentialAction\":[{\"@type\":\"CommentAction\",\"name\":\"Comment\",\"target\":[\"https:\\\/\\\/diariodelsurdigital.com.ar\\\/?p=5649#respond\"]}]},{\"@type\":\"WebPage\",\"@id\":\"https:\\\/\\\/diariodelsurdigital.com.ar\\\/?p=5649\",\"url\":\"https:\\\/\\\/diariodelsurdigital.com.ar\\\/?p=5649\",\"name\":\"Tras jurar como Ministro de Interior, Santilli llega hoy a Entre R\u00edos - Diario del Sur\",\"isPartOf\":{\"@id\":\"https:\\\/\\\/diariodelsurdigital.com.ar\\\/#website\"},\"primaryImageOfPage\":{\"@id\":\"https:\\\/\\\/diariodelsurdigital.com.ar\\\/?p=5649#primaryimage\"},\"image\":{\"@id\":\"https:\\\/\\\/diariodelsurdigital.com.ar\\\/?p=5649#primaryimage\"},\"thumbnailUrl\":\"https:\\\/\\\/diariodelsurdigital.com.ar\\\/wp-content\\\/uploads\\\/2025\\\/11\\\/md-10.webp\",\"datePublished\":\"2025-11-12T11:40:42+00:00\",\"dateModified\":\"2025-11-12T11:40:43+00:00\",\"author\":{\"@id\":\"https:\\\/\\\/diariodelsurdigital.com.ar\\\/#\\\/schema\\\/person\\\/1a4992532ed62965c968031b49195c81\"},\"breadcrumb\":{\"@id\":\"https:\\\/\\\/diariodelsurdigital.com.ar\\\/?p=5649#breadcrumb\"},\"inLanguage\":\"es\",\"potentialAction\":[{\"@type\":\"ReadAction\",\"target\":[\"https:\\\/\\\/diariodelsurdigital.com.ar\\\/?p=5649\"]}]},{\"@type\":\"ImageObject\",\"inLanguage\":\"es\",\"@id\":\"https:\\\/\\\/diariodelsurdigital.com.ar\\\/?p=5649#primaryimage\",\"url\":\"https:\\\/\\\/diariodelsurdigital.com.ar\\\/wp-content\\\/uploads\\\/2025\\\/11\\\/md-10.webp\",\"contentUrl\":\"https:\\\/\\\/diariodelsurdigital.com.ar\\\/wp-content\\\/uploads\\\/2025\\\/11\\\/md-10.webp\",\"width\":992,\"height\":707},{\"@type\":\"BreadcrumbList\",\"@id\":\"https:\\\/\\\/diariodelsurdigital.com.ar\\\/?p=5649#breadcrumb\",\"itemListElement\":[{\"@type\":\"ListItem\",\"position\":1,\"name\":\"Portada\",\"item\":\"https:\\\/\\\/diariodelsurdigital.com.ar\\\/\"},{\"@type\":\"ListItem\",\"position\":2,\"name\":\"Tras jurar como Ministro de Interior, Santilli llega hoy a Entre R\u00edos\"}]},{\"@type\":\"WebSite\",\"@id\":\"https:\\\/\\\/diariodelsurdigital.com.ar\\\/#website\",\"url\":\"https:\\\/\\\/diariodelsurdigital.com.ar\\\/\",\"name\":\"Diario del Sur\",\"description\":\"Digital\",\"potentialAction\":[{\"@type\":\"SearchAction\",\"target\":{\"@type\":\"EntryPoint\",\"urlTemplate\":\"https:\\\/\\\/diariodelsurdigital.com.ar\\\/?s={search_term_string}\"},\"query-input\":{\"@type\":\"PropertyValueSpecification\",\"valueRequired\":true,\"valueName\":\"search_term_string\"}}],\"inLanguage\":\"es\"},{\"@type\":\"Person\",\"@id\":\"https:\\\/\\\/diariodelsurdigital.com.ar\\\/#\\\/schema\\\/person\\\/1a4992532ed62965c968031b49195c81\",\"name\":\"Diario del Sur Digital\",\"image\":{\"@type\":\"ImageObject\",\"inLanguage\":\"es\",\"@id\":\"https:\\\/\\\/secure.gravatar.com\\\/avatar\\\/f0c7c47fc7146d19828273b9b8eda651c9c7ab583767e6338d3d3bee825adf76?s=96&d=mm&r=g\",\"url\":\"https:\\\/\\\/secure.gravatar.com\\\/avatar\\\/f0c7c47fc7146d19828273b9b8eda651c9c7ab583767e6338d3d3bee825adf76?s=96&d=mm&r=g\",\"contentUrl\":\"https:\\\/\\\/secure.gravatar.com\\\/avatar\\\/f0c7c47fc7146d19828273b9b8eda651c9c7ab583767e6338d3d3bee825adf76?s=96&d=mm&r=g\",\"caption\":\"Diario del Sur Digital\"},\"url\":\"https:\\\/\\\/diariodelsurdigital.com.ar\\\/?author=4\"}]}<\/script>\n<!-- \/ Yoast SEO plugin. -->","yoast_head_json":{"title":"Tras jurar como Ministro de Interior, Santilli llega hoy a Entre R\u00edos - Diario del Sur","robots":{"index":"index","follow":"follow","max-snippet":"max-snippet:-1","max-image-preview":"max-image-preview:large","max-video-preview":"max-video-preview:-1"},"canonical":"https:\/\/diariodelsurdigital.com.ar\/?p=5649","og_locale":"es_ES","og_type":"article","og_title":"Tras jurar como Ministro de Interior, Santilli llega hoy a Entre R\u00edos - Diario del Sur","og_description":"El nuevo funcionario ser\u00e1 recibido por el gobernador Rogelio Frigerio en Paran\u00e1 este mi\u00e9rcoles, horas despu\u00e9s de haber jurado como Ministro, en lo que ser\u00e1 la primera actividad oficial en el cargo. Tras asumir formalmente como ministro del Interior, Diego Santilli se lanzar\u00e1 a una gira por las provincias que tendr\u00e1 a Entre R\u00edos como [&hellip;]","og_url":"https:\/\/diariodelsurdigital.com.ar\/?p=5649","og_site_name":"Diario del Sur","article_published_time":"2025-11-12T11:40:42+00:00","article_modified_time":"2025-11-12T11:40:43+00:00","og_image":[{"width":992,"height":707,"url":"https:\/\/diariodelsurdigital.com.ar\/wp-content\/uploads\/2025\/11\/md-10.webp","type":"image\/webp"}],"author":"Diario del Sur Digital","twitter_card":"summary_large_image","twitter_misc":{"Escrito por":"Diario del Sur Digital","Tiempo de lectura":"2 minutos"},"schema":{"@context":"https:\/\/schema.org","@graph":[{"@type":"Article","@id":"https:\/\/diariodelsurdigital.com.ar\/?p=5649#article","isPartOf":{"@id":"https:\/\/diariodelsurdigital.com.ar\/?p=5649"},"author":{"name":"Diario del Sur Digital","@id":"https:\/\/diariodelsurdigital.com.ar\/#\/schema\/person\/1a4992532ed62965c968031b49195c81"},"headline":"Tras jurar como Ministro de Interior, Santilli llega hoy a Entre R\u00edos","datePublished":"2025-11-12T11:40:42+00:00","dateModified":"2025-11-12T11:40:43+00:00","mainEntityOfPage":{"@id":"https:\/\/diariodelsurdigital.com.ar\/?p=5649"},"wordCount":322,"commentCount":0,"image":{"@id":"https:\/\/diariodelsurdigital.com.ar\/?p=5649#primaryimage"},"thumbnailUrl":"https:\/\/diariodelsurdigital.com.ar\/wp-content\/uploads\/2025\/11\/md-10.webp","articleSection":["Pol\u00edtica","Provinciales"],"inLanguage":"es","potentialAction":[{"@type":"CommentAction","name":"Comment","target":["https:\/\/diariodelsurdigital.com.ar\/?p=5649#respond"]}]},{"@type":"WebPage","@id":"https:\/\/diariodelsurdigital.com.ar\/?p=5649","url":"https:\/\/diariodelsurdigital.com.ar\/?p=5649","name":"Tras jurar como Ministro de Interior, Santilli llega hoy a Entre R\u00edos - Diario del Sur","isPartOf":{"@id":"https:\/\/diariodelsurdigital.com.ar\/#website"},"primaryImageOfPage":{"@id":"https:\/\/diariodelsurdigital.com.ar\/?p=5649#primaryimage"},"image":{"@id":"https:\/\/diariodelsurdigital.com.ar\/?p=5649#primaryimage"},"thumbnailUrl":"https:\/\/diariodelsurdigital.com.ar\/wp-content\/uploads\/2025\/11\/md-10.webp","datePublished":"2025-11-12T11:40:42+00:00","dateModified":"2025-11-12T11:40:43+00:00","author":{"@id":"https:\/\/diariodelsurdigital.com.ar\/#\/schema\/person\/1a4992532ed62965c968031b49195c81"},"breadcrumb":{"@id":"https:\/\/diariodelsurdigital.com.ar\/?p=5649#breadcrumb"},"inLanguage":"es","potentialAction":[{"@type":"ReadAction","target":["https:\/\/diariodelsurdigital.com.ar\/?p=5649"]}]},{"@type":"ImageObject","inLanguage":"es","@id":"https:\/\/diariodelsurdigital.com.ar\/?p=5649#primaryimage","url":"https:\/\/diariodelsurdigital.com.ar\/wp-content\/uploads\/2025\/11\/md-10.webp","contentUrl":"https:\/\/diariodelsurdigital.com.ar\/wp-content\/uploads\/2025\/11\/md-10.webp","width":992,"height":707},{"@type":"BreadcrumbList","@id":"https:\/\/diariodelsurdigital.com.ar\/?p=5649#breadcrumb","itemListElement":[{"@type":"ListItem","position":1,"name":"Portada","item":"https:\/\/diariodelsurdigital.com.ar\/"},{"@type":"ListItem","position":2,"name":"Tras jurar como Ministro de Interior, Santilli llega hoy a Entre R\u00edos"}]},{"@type":"WebSite","@id":"https:\/\/diariodelsurdigital.com.ar\/#website","url":"https:\/\/diariodelsurdigital.com.ar\/","name":"Diario del Sur","description":"Digital","potentialAction":[{"@type":"SearchAction","target":{"@type":"EntryPoint","urlTemplate":"https:\/\/diariodelsurdigital.com.ar\/?s={search_term_string}"},"query-input":{"@type":"PropertyValueSpecification","valueRequired":true,"valueName":"search_term_string"}}],"inLanguage":"es"},{"@type":"Person","@id":"https:\/\/diariodelsurdigital.com.ar\/#\/schema\/person\/1a4992532ed62965c968031b49195c81","name":"Diario del Sur Digital","image":{"@type":"ImageObject","inLanguage":"es","@id":"https:\/\/secure.gravatar.com\/avatar\/f0c7c47fc7146d19828273b9b8eda651c9c7ab583767e6338d3d3bee825adf76?s=96&d=mm&r=g","url":"https:\/\/secure.gravatar.com\/avatar\/f0c7c47fc7146d19828273b9b8eda651c9c7ab583767e6338d3d3bee825adf76?s=96&d=mm&r=g","contentUrl":"https:\/\/secure.gravatar.com\/avatar\/f0c7c47fc7146d19828273b9b8eda651c9c7ab583767e6338d3d3bee825adf76?s=96&d=mm&r=g","caption":"Diario del Sur Digital"},"url":"https:\/\/diariodelsurdigital.com.ar\/?author=4"}]}},"_links":{"self":[{"href":"https:\/\/diariodelsurdigital.com.ar\/index.php?rest_route=\/wp\/v2\/posts\/5649","targetHints":{"allow":["GET"]}}],"collection":[{"href":"https:\/\/diariodelsurdigital.com.ar\/index.php?rest_route=\/wp\/v2\/posts"}],"about":[{"href":"https:\/\/diariodelsurdigital.com.ar\/index.php?rest_route=\/wp\/v2\/types\/post"}],"author":[{"embeddable":true,"href":"https:\/\/diariodelsurdigital.com.ar\/index.php?rest_route=\/wp\/v2\/users\/4"}],"replies":[{"embeddable":true,"href":"https:\/\/diariodelsurdigital.com.ar\/index.php?rest_route=%2Fwp%2Fv2%2Fcomments&post=5649"}],"version-history":[{"count":1,"href":"https:\/\/diariodelsurdigital.com.ar\/index.php?rest_route=\/wp\/v2\/posts\/5649\/revisions"}],"predecessor-version":[{"id":5651,"href":"https:\/\/diariodelsurdigital.com.ar\/index.php?rest_route=\/wp\/v2\/posts\/5649\/revisions\/5651"}],"wp:featuredmedia":[{"embeddable":true,"href":"https:\/\/diariodelsurdigital.com.ar\/index.php?rest_route=\/wp\/v2\/media\/5650"}],"wp:attachment":[{"href":"https:\/\/diariodelsurdigital.com.ar\/index.php?rest_route=%2Fwp%2Fv2%2Fmedia&parent=5649"}],"wp:term":[{"taxonomy":"category","embeddable":true,"href":"https:\/\/diariodelsurdigital.com.ar\/index.php?rest_route=%2Fwp%2Fv2%2Fcategories&post=5649"},{"taxonomy":"post_tag","embeddable":true,"href":"https:\/\/diariodelsurdigital.com.ar\/index.php?rest_route=%2Fwp%2Fv2%2Ftags&post=5649"}],"curies":[{"name":"wp","href":"https:\/\/api.w.org\/{rel}","templated":true}]}}