{"id":5656,"date":"2025-11-12T15:47:48","date_gmt":"2025-11-12T18:47:48","guid":{"rendered":"https:\/\/diariodelsurdigital.com.ar\/?p=5656"},"modified":"2025-11-12T15:47:48","modified_gmt":"2025-11-12T18:47:48","slug":"frigerio-entrego-48-nuevos-patrulleros-a-las-distintas-dependencias-policiales","status":"publish","type":"post","link":"https:\/\/diariodelsurdigital.com.ar\/?p=5656","title":{"rendered":"Frigerio entreg\u00f3 48 nuevos patrulleros a las distintas dependencias policiales"},"content":{"rendered":"\n<p><strong>El acto se llev\u00f3 a cabo en Plaza Mansilla con el acompa\u00f1amiento del ministro de Seguridad, N\u00e9stor Roncaglia. \u201cHac\u00eda much\u00edsimo tiempo que no se adquir\u00eda esta cantidad y calidad de veh\u00edculos para la polic\u00eda que se lo merec\u00eda\u201d, expres\u00f3 orgulloso el gobernador Frigerio.<\/strong><\/p>\n\n\n\n<figure class=\"wp-block-image\"><img decoding=\"async\" src=\"https:\/\/cdnartic.ar\/iUDB1fc_ouQRqeK2GYL3BlcuiIk=\/1500x0\/filters:no_upscale():format(webp):quality(40)\/https:\/\/elheraldocdn.eleco.com.ar\/media\/2025\/11\/nuevos_patrulleros.jpeg\" alt=\"Frigerio entreg\u00f3 48 nuevos patrulleros a las distintas dependencias policiales\"\/><\/figure>\n\n\n\n<p>Por su parte, Roncaglia sostuvo: \u201cQueremos una polic\u00eda humana, solidaria, cerca del entrerriano con mucha empat\u00eda, pero fuerte ante el delito\u201d.<\/p>\n\n\n\n<p><strong>Entrega de las nuevas unidades m\u00f3viles&nbsp;para la Polic\u00eda de Entre R\u00edos<\/strong><\/p>\n\n\n\n<p>En Plaza Mansilla, el gobernador Rogelio Frigerio junto al ministro de Seguridad, N\u00e9stor Roncaglia, llev\u00f3 a cabo la entrega de 48 nuevos patrulleros, con una inversi\u00f3n de $2.000 millones de pesos, que ser\u00e1n distribuidos a las diferentes dependencias policiales de la provincia y al 911.<br>\u201cHoy es un d\u00eda hist\u00f3rico para nuestra polic\u00eda porque hac\u00eda much\u00edsimo tiempo que no se adquir\u00eda esta cantidad y calidad de veh\u00edculos para la polic\u00eda que se lo merec\u00eda. Estamos muy orgullosos\u201d, expres\u00f3 Frigerio.<br>Asimismo, el mandatario remarc\u00f3 que la licitaci\u00f3n fue \u201ctrabajosa\u201d pero lograron \u201cpelear precio\u201d y obtener m\u00e1s unidades de las que se hab\u00edan ofrecido en primera instancia. \u201cCuando hay transparencia y competencia, siempre se logra bajar los precios o con la misma plata adquirir m\u00e1s m\u00f3viles y eso tambi\u00e9n nos enorgullece porque estamos cuidando el recurso de la gente\u201d.<\/p>\n\n\n\n<p>Por su parte, Roncaglia manifest\u00f3 felicidad de \u201cfortalecer\u201d la seguridad en la provincia. \u201cEs una herramienta m\u00e1s para el polic\u00eda, la cual queremos que sea humana, solidaria, cerca del entrerriano pero fuerte ante el delito\u201d.<br>Adem\u00e1s, inform\u00f3 que el trabajo que lleva a cabo el Ministerio desde hace dos a\u00f1os transform\u00f3 a Entre R\u00edos en una de las provincias m\u00e1s seguras de Argentina. \u201cHay argentinos de otras provincias que est\u00e1n pensando en venir a vivir ac\u00e1. La seguridad es un privilegio, es un derecho humano que todos nos merecemos\u201d<br>Durante el acto, Frigerio salud\u00f3 a los jefes policiales y polic\u00edas presentes. Adem\u00e1s, se subi\u00f3 a uno de los veh\u00edculos para conocer su interior. Tambi\u00e9n tuvo contacto v\u00eda zoom con las dependencias policiales que recibir\u00e1n estos 0 km. Cabe destacar que estuvo presente un cura que realiz\u00f3 una bendici\u00f3n sobre los veh\u00edculos.<\/p>\n\n\n\n<p>Fuente: El Heraldo<\/p>\n","protected":false},"excerpt":{"rendered":"<p>El acto se llev\u00f3 a cabo en Plaza Mansilla con el acompa\u00f1amiento del ministro de Seguridad, N\u00e9stor Roncaglia. \u201cHac\u00eda much\u00edsimo tiempo que no se adquir\u00eda esta cantidad y calidad de veh\u00edculos para la polic\u00eda que se lo merec\u00eda\u201d, expres\u00f3 orgulloso el gobernador Frigerio. Por su parte, Roncaglia sostuvo: \u201cQueremos una polic\u00eda humana, solidaria, cerca del [&hellip;]<\/p>\n","protected":false},"author":3,"featured_media":5657,"comment_status":"open","ping_status":"open","sticky":false,"template":"","format":"standard","meta":{"footnotes":""},"categories":[21],"tags":[],"class_list":{"0":"post-5656","1":"post","2":"type-post","3":"status-publish","4":"format-standard","5":"has-post-thumbnail","7":"category-policiales"},"yoast_head":"<!-- This site is optimized with the Yoast SEO plugin v27.4 - https:\/\/yoast.com\/product\/yoast-seo-wordpress\/ -->\n<title>Frigerio entreg\u00f3 48 nuevos patrulleros a las distintas dependencias policiales - Diario del Sur<\/title>\n<meta name=\"robots\" content=\"index, follow, max-snippet:-1, max-image-preview:large, max-video-preview:-1\" \/>\n<link rel=\"canonical\" href=\"https:\/\/diariodelsurdigital.com.ar\/?p=5656\" \/>\n<meta property=\"og:locale\" content=\"es_ES\" \/>\n<meta property=\"og:type\" content=\"article\" \/>\n<meta property=\"og:title\" content=\"Frigerio entreg\u00f3 48 nuevos patrulleros a las distintas dependencias policiales - Diario del Sur\" \/>\n<meta property=\"og:description\" content=\"El acto se llev\u00f3 a cabo en Plaza Mansilla con el acompa\u00f1amiento del ministro de Seguridad, N\u00e9stor Roncaglia. \u201cHac\u00eda much\u00edsimo tiempo que no se adquir\u00eda esta cantidad y calidad de veh\u00edculos para la polic\u00eda que se lo merec\u00eda\u201d, expres\u00f3 orgulloso el gobernador Frigerio. Por su parte, Roncaglia sostuvo: \u201cQueremos una polic\u00eda humana, solidaria, cerca del [&hellip;]\" \/>\n<meta property=\"og:url\" content=\"https:\/\/diariodelsurdigital.com.ar\/?p=5656\" \/>\n<meta property=\"og:site_name\" content=\"Diario del Sur\" \/>\n<meta property=\"article:published_time\" content=\"2025-11-12T18:47:48+00:00\" \/>\n<meta property=\"og:image\" content=\"https:\/\/diariodelsurdigital.com.ar\/wp-content\/uploads\/2025\/11\/nuevos_patrulleros.webp\" \/>\n\t<meta property=\"og:image:width\" content=\"992\" \/>\n\t<meta property=\"og:image:height\" content=\"744\" \/>\n\t<meta property=\"og:image:type\" content=\"image\/webp\" \/>\n<meta name=\"author\" content=\"Diario del Sur Digital\" \/>\n<meta name=\"twitter:card\" content=\"summary_large_image\" \/>\n<meta name=\"twitter:label1\" content=\"Escrito por\" \/>\n\t<meta name=\"twitter:data1\" content=\"Diario del Sur Digital\" \/>\n\t<meta name=\"twitter:label2\" content=\"Tiempo de lectura\" \/>\n\t<meta name=\"twitter:data2\" content=\"3 minutos\" \/>\n<script type=\"application\/ld+json\" class=\"yoast-schema-graph\">{\"@context\":\"https:\\\/\\\/schema.org\",\"@graph\":[{\"@type\":\"Article\",\"@id\":\"https:\\\/\\\/diariodelsurdigital.com.ar\\\/?p=5656#article\",\"isPartOf\":{\"@id\":\"https:\\\/\\\/diariodelsurdigital.com.ar\\\/?p=5656\"},\"author\":{\"name\":\"Diario del Sur Digital\",\"@id\":\"https:\\\/\\\/diariodelsurdigital.com.ar\\\/#\\\/schema\\\/person\\\/d794acb23337e88c6e4004a39c32be62\"},\"headline\":\"Frigerio entreg\u00f3 48 nuevos patrulleros a las distintas dependencias policiales\",\"datePublished\":\"2025-11-12T18:47:48+00:00\",\"mainEntityOfPage\":{\"@id\":\"https:\\\/\\\/diariodelsurdigital.com.ar\\\/?p=5656\"},\"wordCount\":409,\"commentCount\":0,\"image\":{\"@id\":\"https:\\\/\\\/diariodelsurdigital.com.ar\\\/?p=5656#primaryimage\"},\"thumbnailUrl\":\"https:\\\/\\\/diariodelsurdigital.com.ar\\\/wp-content\\\/uploads\\\/2025\\\/11\\\/nuevos_patrulleros.webp\",\"articleSection\":[\"Policiales\"],\"inLanguage\":\"es\",\"potentialAction\":[{\"@type\":\"CommentAction\",\"name\":\"Comment\",\"target\":[\"https:\\\/\\\/diariodelsurdigital.com.ar\\\/?p=5656#respond\"]}]},{\"@type\":\"WebPage\",\"@id\":\"https:\\\/\\\/diariodelsurdigital.com.ar\\\/?p=5656\",\"url\":\"https:\\\/\\\/diariodelsurdigital.com.ar\\\/?p=5656\",\"name\":\"Frigerio entreg\u00f3 48 nuevos patrulleros a las distintas dependencias policiales - Diario del Sur\",\"isPartOf\":{\"@id\":\"https:\\\/\\\/diariodelsurdigital.com.ar\\\/#website\"},\"primaryImageOfPage\":{\"@id\":\"https:\\\/\\\/diariodelsurdigital.com.ar\\\/?p=5656#primaryimage\"},\"image\":{\"@id\":\"https:\\\/\\\/diariodelsurdigital.com.ar\\\/?p=5656#primaryimage\"},\"thumbnailUrl\":\"https:\\\/\\\/diariodelsurdigital.com.ar\\\/wp-content\\\/uploads\\\/2025\\\/11\\\/nuevos_patrulleros.webp\",\"datePublished\":\"2025-11-12T18:47:48+00:00\",\"author\":{\"@id\":\"https:\\\/\\\/diariodelsurdigital.com.ar\\\/#\\\/schema\\\/person\\\/d794acb23337e88c6e4004a39c32be62\"},\"breadcrumb\":{\"@id\":\"https:\\\/\\\/diariodelsurdigital.com.ar\\\/?p=5656#breadcrumb\"},\"inLanguage\":\"es\",\"potentialAction\":[{\"@type\":\"ReadAction\",\"target\":[\"https:\\\/\\\/diariodelsurdigital.com.ar\\\/?p=5656\"]}]},{\"@type\":\"ImageObject\",\"inLanguage\":\"es\",\"@id\":\"https:\\\/\\\/diariodelsurdigital.com.ar\\\/?p=5656#primaryimage\",\"url\":\"https:\\\/\\\/diariodelsurdigital.com.ar\\\/wp-content\\\/uploads\\\/2025\\\/11\\\/nuevos_patrulleros.webp\",\"contentUrl\":\"https:\\\/\\\/diariodelsurdigital.com.ar\\\/wp-content\\\/uploads\\\/2025\\\/11\\\/nuevos_patrulleros.webp\",\"width\":992,\"height\":744},{\"@type\":\"BreadcrumbList\",\"@id\":\"https:\\\/\\\/diariodelsurdigital.com.ar\\\/?p=5656#breadcrumb\",\"itemListElement\":[{\"@type\":\"ListItem\",\"position\":1,\"name\":\"Portada\",\"item\":\"https:\\\/\\\/diariodelsurdigital.com.ar\\\/\"},{\"@type\":\"ListItem\",\"position\":2,\"name\":\"Frigerio entreg\u00f3 48 nuevos patrulleros a las distintas dependencias policiales\"}]},{\"@type\":\"WebSite\",\"@id\":\"https:\\\/\\\/diariodelsurdigital.com.ar\\\/#website\",\"url\":\"https:\\\/\\\/diariodelsurdigital.com.ar\\\/\",\"name\":\"Diario del Sur\",\"description\":\"Digital\",\"potentialAction\":[{\"@type\":\"SearchAction\",\"target\":{\"@type\":\"EntryPoint\",\"urlTemplate\":\"https:\\\/\\\/diariodelsurdigital.com.ar\\\/?s={search_term_string}\"},\"query-input\":{\"@type\":\"PropertyValueSpecification\",\"valueRequired\":true,\"valueName\":\"search_term_string\"}}],\"inLanguage\":\"es\"},{\"@type\":\"Person\",\"@id\":\"https:\\\/\\\/diariodelsurdigital.com.ar\\\/#\\\/schema\\\/person\\\/d794acb23337e88c6e4004a39c32be62\",\"name\":\"Diario del Sur Digital\",\"image\":{\"@type\":\"ImageObject\",\"inLanguage\":\"es\",\"@id\":\"https:\\\/\\\/secure.gravatar.com\\\/avatar\\\/47679bcfa15734cfdefc176b6ad58adeeccac22b2e03e095ada6c622af2b463a?s=96&d=mm&r=g\",\"url\":\"https:\\\/\\\/secure.gravatar.com\\\/avatar\\\/47679bcfa15734cfdefc176b6ad58adeeccac22b2e03e095ada6c622af2b463a?s=96&d=mm&r=g\",\"contentUrl\":\"https:\\\/\\\/secure.gravatar.com\\\/avatar\\\/47679bcfa15734cfdefc176b6ad58adeeccac22b2e03e095ada6c622af2b463a?s=96&d=mm&r=g\",\"caption\":\"Diario del Sur Digital\"},\"url\":\"https:\\\/\\\/diariodelsurdigital.com.ar\\\/?author=3\"}]}<\/script>\n<!-- \/ Yoast SEO plugin. -->","yoast_head_json":{"title":"Frigerio entreg\u00f3 48 nuevos patrulleros a las distintas dependencias policiales - Diario del Sur","robots":{"index":"index","follow":"follow","max-snippet":"max-snippet:-1","max-image-preview":"max-image-preview:large","max-video-preview":"max-video-preview:-1"},"canonical":"https:\/\/diariodelsurdigital.com.ar\/?p=5656","og_locale":"es_ES","og_type":"article","og_title":"Frigerio entreg\u00f3 48 nuevos patrulleros a las distintas dependencias policiales - Diario del Sur","og_description":"El acto se llev\u00f3 a cabo en Plaza Mansilla con el acompa\u00f1amiento del ministro de Seguridad, N\u00e9stor Roncaglia. \u201cHac\u00eda much\u00edsimo tiempo que no se adquir\u00eda esta cantidad y calidad de veh\u00edculos para la polic\u00eda que se lo merec\u00eda\u201d, expres\u00f3 orgulloso el gobernador Frigerio. Por su parte, Roncaglia sostuvo: \u201cQueremos una polic\u00eda humana, solidaria, cerca del [&hellip;]","og_url":"https:\/\/diariodelsurdigital.com.ar\/?p=5656","og_site_name":"Diario del Sur","article_published_time":"2025-11-12T18:47:48+00:00","og_image":[{"width":992,"height":744,"url":"https:\/\/diariodelsurdigital.com.ar\/wp-content\/uploads\/2025\/11\/nuevos_patrulleros.webp","type":"image\/webp"}],"author":"Diario del Sur Digital","twitter_card":"summary_large_image","twitter_misc":{"Escrito por":"Diario del Sur Digital","Tiempo de lectura":"3 minutos"},"schema":{"@context":"https:\/\/schema.org","@graph":[{"@type":"Article","@id":"https:\/\/diariodelsurdigital.com.ar\/?p=5656#article","isPartOf":{"@id":"https:\/\/diariodelsurdigital.com.ar\/?p=5656"},"author":{"name":"Diario del Sur Digital","@id":"https:\/\/diariodelsurdigital.com.ar\/#\/schema\/person\/d794acb23337e88c6e4004a39c32be62"},"headline":"Frigerio entreg\u00f3 48 nuevos patrulleros a las distintas dependencias policiales","datePublished":"2025-11-12T18:47:48+00:00","mainEntityOfPage":{"@id":"https:\/\/diariodelsurdigital.com.ar\/?p=5656"},"wordCount":409,"commentCount":0,"image":{"@id":"https:\/\/diariodelsurdigital.com.ar\/?p=5656#primaryimage"},"thumbnailUrl":"https:\/\/diariodelsurdigital.com.ar\/wp-content\/uploads\/2025\/11\/nuevos_patrulleros.webp","articleSection":["Policiales"],"inLanguage":"es","potentialAction":[{"@type":"CommentAction","name":"Comment","target":["https:\/\/diariodelsurdigital.com.ar\/?p=5656#respond"]}]},{"@type":"WebPage","@id":"https:\/\/diariodelsurdigital.com.ar\/?p=5656","url":"https:\/\/diariodelsurdigital.com.ar\/?p=5656","name":"Frigerio entreg\u00f3 48 nuevos patrulleros a las distintas dependencias policiales - Diario del Sur","isPartOf":{"@id":"https:\/\/diariodelsurdigital.com.ar\/#website"},"primaryImageOfPage":{"@id":"https:\/\/diariodelsurdigital.com.ar\/?p=5656#primaryimage"},"image":{"@id":"https:\/\/diariodelsurdigital.com.ar\/?p=5656#primaryimage"},"thumbnailUrl":"https:\/\/diariodelsurdigital.com.ar\/wp-content\/uploads\/2025\/11\/nuevos_patrulleros.webp","datePublished":"2025-11-12T18:47:48+00:00","author":{"@id":"https:\/\/diariodelsurdigital.com.ar\/#\/schema\/person\/d794acb23337e88c6e4004a39c32be62"},"breadcrumb":{"@id":"https:\/\/diariodelsurdigital.com.ar\/?p=5656#breadcrumb"},"inLanguage":"es","potentialAction":[{"@type":"ReadAction","target":["https:\/\/diariodelsurdigital.com.ar\/?p=5656"]}]},{"@type":"ImageObject","inLanguage":"es","@id":"https:\/\/diariodelsurdigital.com.ar\/?p=5656#primaryimage","url":"https:\/\/diariodelsurdigital.com.ar\/wp-content\/uploads\/2025\/11\/nuevos_patrulleros.webp","contentUrl":"https:\/\/diariodelsurdigital.com.ar\/wp-content\/uploads\/2025\/11\/nuevos_patrulleros.webp","width":992,"height":744},{"@type":"BreadcrumbList","@id":"https:\/\/diariodelsurdigital.com.ar\/?p=5656#breadcrumb","itemListElement":[{"@type":"ListItem","position":1,"name":"Portada","item":"https:\/\/diariodelsurdigital.com.ar\/"},{"@type":"ListItem","position":2,"name":"Frigerio entreg\u00f3 48 nuevos patrulleros a las distintas dependencias policiales"}]},{"@type":"WebSite","@id":"https:\/\/diariodelsurdigital.com.ar\/#website","url":"https:\/\/diariodelsurdigital.com.ar\/","name":"Diario del Sur","description":"Digital","potentialAction":[{"@type":"SearchAction","target":{"@type":"EntryPoint","urlTemplate":"https:\/\/diariodelsurdigital.com.ar\/?s={search_term_string}"},"query-input":{"@type":"PropertyValueSpecification","valueRequired":true,"valueName":"search_term_string"}}],"inLanguage":"es"},{"@type":"Person","@id":"https:\/\/diariodelsurdigital.com.ar\/#\/schema\/person\/d794acb23337e88c6e4004a39c32be62","name":"Diario del Sur Digital","image":{"@type":"ImageObject","inLanguage":"es","@id":"https:\/\/secure.gravatar.com\/avatar\/47679bcfa15734cfdefc176b6ad58adeeccac22b2e03e095ada6c622af2b463a?s=96&d=mm&r=g","url":"https:\/\/secure.gravatar.com\/avatar\/47679bcfa15734cfdefc176b6ad58adeeccac22b2e03e095ada6c622af2b463a?s=96&d=mm&r=g","contentUrl":"https:\/\/secure.gravatar.com\/avatar\/47679bcfa15734cfdefc176b6ad58adeeccac22b2e03e095ada6c622af2b463a?s=96&d=mm&r=g","caption":"Diario del Sur Digital"},"url":"https:\/\/diariodelsurdigital.com.ar\/?author=3"}]}},"_links":{"self":[{"href":"https:\/\/diariodelsurdigital.com.ar\/index.php?rest_route=\/wp\/v2\/posts\/5656","targetHints":{"allow":["GET"]}}],"collection":[{"href":"https:\/\/diariodelsurdigital.com.ar\/index.php?rest_route=\/wp\/v2\/posts"}],"about":[{"href":"https:\/\/diariodelsurdigital.com.ar\/index.php?rest_route=\/wp\/v2\/types\/post"}],"author":[{"embeddable":true,"href":"https:\/\/diariodelsurdigital.com.ar\/index.php?rest_route=\/wp\/v2\/users\/3"}],"replies":[{"embeddable":true,"href":"https:\/\/diariodelsurdigital.com.ar\/index.php?rest_route=%2Fwp%2Fv2%2Fcomments&post=5656"}],"version-history":[{"count":1,"href":"https:\/\/diariodelsurdigital.com.ar\/index.php?rest_route=\/wp\/v2\/posts\/5656\/revisions"}],"predecessor-version":[{"id":5658,"href":"https:\/\/diariodelsurdigital.com.ar\/index.php?rest_route=\/wp\/v2\/posts\/5656\/revisions\/5658"}],"wp:featuredmedia":[{"embeddable":true,"href":"https:\/\/diariodelsurdigital.com.ar\/index.php?rest_route=\/wp\/v2\/media\/5657"}],"wp:attachment":[{"href":"https:\/\/diariodelsurdigital.com.ar\/index.php?rest_route=%2Fwp%2Fv2%2Fmedia&parent=5656"}],"wp:term":[{"taxonomy":"category","embeddable":true,"href":"https:\/\/diariodelsurdigital.com.ar\/index.php?rest_route=%2Fwp%2Fv2%2Fcategories&post=5656"},{"taxonomy":"post_tag","embeddable":true,"href":"https:\/\/diariodelsurdigital.com.ar\/index.php?rest_route=%2Fwp%2Fv2%2Ftags&post=5656"}],"curies":[{"name":"wp","href":"https:\/\/api.w.org\/{rel}","templated":true}]}}