{"id":5666,"date":"2025-11-12T21:51:33","date_gmt":"2025-11-13T00:51:33","guid":{"rendered":"https:\/\/diariodelsurdigital.com.ar\/?p=5666"},"modified":"2025-11-12T21:51:33","modified_gmt":"2025-11-13T00:51:33","slug":"realizan-una-colecta-para-trasladar-a-su-ciudad-natal-los-restos-del-profesor-fallecido-tras-choque-en-la-ruta","status":"publish","type":"post","link":"https:\/\/diariodelsurdigital.com.ar\/?p=5666","title":{"rendered":"Realizan una colecta para trasladar a su ciudad natal los restos del profesor fallecido tras choque en la ruta"},"content":{"rendered":"\n<figure class=\"wp-block-image\"><img decoding=\"async\" src=\"https:\/\/media.elentrerios.com\/fotos-v2\/2025\/11\/12\/l_1762980778.jpg\" alt=\"\" title=\"\"\/><\/figure>\n\n\n\n<p>A trav\u00e9s de una publicaci\u00f3n en su perfil de Instagram, el Club San Lorenzo de Villa Adela comunic\u00f3 que la familia del profesor Jonathan Mirol decidi\u00f3 trasladar sus restos a su ciudad natal, R\u00edo Gallegos.<\/p>\n\n\n\n<p>El mensaje fue compartido \u201ccon profundo respeto y cari\u00f1o\u201d por toda la comunidad azulgrana, que acompa\u00f1\u00f3 al entrenador durante su paso por la instituci\u00f3n.<\/p>\n\n\n\n<p>En el posteo, el club inform\u00f3 que el traslado implica un costo importante y apel\u00f3 al coraz\u00f3n solidario de todos los que formaron parte de la vida de Mirol.<\/p>\n\n\n\n<p>\u201cCon profundo respeto y cari\u00f1o queremos comunicar que la familia de nuestro querido Jona Mirol ha decidido trasladar sus restos a su ciudad natal, R\u00edo Gallegos, para que all\u00ed sus familiares y amigos puedan despedirlo como se merece, en la tierra que tanto am\u00f3\u201d, comienza el mensaje difundido por la instituci\u00f3n. <\/p>\n\n\n\n<h3 class=\"wp-block-heading\"><br>Como colaborar<\/h3>\n\n\n\n<p><br>La publicaci\u00f3n agrega que toda colaboraci\u00f3n, por peque\u00f1a que sea, ser\u00e1 de gran ayuda para acompa\u00f1ar a su familia en este dif\u00edcil momento. Adem\u00e1s, se detall\u00f3 el alias para las contribuciones: leffler.es (a nombre de Leffler Estefan\u00eda Janet).<\/p>\n\n\n\n<p>Desde el club, sus compa\u00f1eros, alumnos y amigos expresaron su gratitud por las muestras de apoyo y acompa\u00f1amiento recibidas en las \u00faltimas horas. \u201cAgradecemos profundamente cada muestra de apoyo y solidaridad\u201d, concluye el mensaje difundido en Instagram.<\/p>\n\n\n\n<p>Jonathan Mirol, quien era entrenador de la categor\u00eda Sub-17 y profesor de la Primera Divisi\u00f3n del Club San Lorenzo de Villa Adela, falleci\u00f3 este martes en el Hospital Delicia Concepci\u00f3n Masvernat, a causa de las lesiones sufridas en un accidente ocurrido d\u00edas atr\u00e1s en el acceso a Calabacilla y Puerto Yeru\u00e1.<\/p>\n\n\n\n<p>Fuente: El Entre Rios<\/p>\n","protected":false},"excerpt":{"rendered":"<p>A trav\u00e9s de una publicaci\u00f3n en su perfil de Instagram, el Club San Lorenzo de Villa Adela comunic\u00f3 que la familia del profesor Jonathan Mirol decidi\u00f3 trasladar sus restos a su ciudad natal, R\u00edo Gallegos. El mensaje fue compartido \u201ccon profundo respeto y cari\u00f1o\u201d por toda la comunidad azulgrana, que acompa\u00f1\u00f3 al entrenador durante su [&hellip;]<\/p>\n","protected":false},"author":3,"featured_media":5667,"comment_status":"open","ping_status":"open","sticky":false,"template":"","format":"standard","meta":{"footnotes":""},"categories":[16],"tags":[],"class_list":{"0":"post-5666","1":"post","2":"type-post","3":"status-publish","4":"format-standard","5":"has-post-thumbnail","7":"category-locales"},"yoast_head":"<!-- This site is optimized with the Yoast SEO plugin v27.4 - https:\/\/yoast.com\/product\/yoast-seo-wordpress\/ -->\n<title>Realizan una colecta para trasladar a su ciudad natal los restos del profesor fallecido tras choque en la ruta - Diario del Sur<\/title>\n<meta name=\"robots\" content=\"index, follow, max-snippet:-1, max-image-preview:large, max-video-preview:-1\" \/>\n<link rel=\"canonical\" href=\"https:\/\/diariodelsurdigital.com.ar\/?p=5666\" \/>\n<meta property=\"og:locale\" content=\"es_ES\" \/>\n<meta property=\"og:type\" content=\"article\" \/>\n<meta property=\"og:title\" content=\"Realizan una colecta para trasladar a su ciudad natal los restos del profesor fallecido tras choque en la ruta - Diario del Sur\" \/>\n<meta property=\"og:description\" content=\"A trav\u00e9s de una publicaci\u00f3n en su perfil de Instagram, el Club San Lorenzo de Villa Adela comunic\u00f3 que la familia del profesor Jonathan Mirol decidi\u00f3 trasladar sus restos a su ciudad natal, R\u00edo Gallegos. El mensaje fue compartido \u201ccon profundo respeto y cari\u00f1o\u201d por toda la comunidad azulgrana, que acompa\u00f1\u00f3 al entrenador durante su [&hellip;]\" \/>\n<meta property=\"og:url\" content=\"https:\/\/diariodelsurdigital.com.ar\/?p=5666\" \/>\n<meta property=\"og:site_name\" content=\"Diario del Sur\" \/>\n<meta property=\"article:published_time\" content=\"2025-11-13T00:51:33+00:00\" \/>\n<meta property=\"og:image\" content=\"https:\/\/diariodelsurdigital.com.ar\/wp-content\/uploads\/2025\/11\/l_1762980778.jpg\" \/>\n\t<meta property=\"og:image:width\" content=\"870\" \/>\n\t<meta property=\"og:image:height\" content=\"580\" \/>\n\t<meta property=\"og:image:type\" content=\"image\/jpeg\" \/>\n<meta name=\"author\" content=\"Diario del Sur Digital\" \/>\n<meta name=\"twitter:card\" content=\"summary_large_image\" \/>\n<meta name=\"twitter:label1\" content=\"Escrito por\" \/>\n\t<meta name=\"twitter:data1\" content=\"Diario del Sur Digital\" \/>\n\t<meta name=\"twitter:label2\" content=\"Tiempo de lectura\" \/>\n\t<meta name=\"twitter:data2\" content=\"2 minutos\" \/>\n<script type=\"application\/ld+json\" class=\"yoast-schema-graph\">{\"@context\":\"https:\\\/\\\/schema.org\",\"@graph\":[{\"@type\":\"Article\",\"@id\":\"https:\\\/\\\/diariodelsurdigital.com.ar\\\/?p=5666#article\",\"isPartOf\":{\"@id\":\"https:\\\/\\\/diariodelsurdigital.com.ar\\\/?p=5666\"},\"author\":{\"name\":\"Diario del Sur Digital\",\"@id\":\"https:\\\/\\\/diariodelsurdigital.com.ar\\\/#\\\/schema\\\/person\\\/d794acb23337e88c6e4004a39c32be62\"},\"headline\":\"Realizan una colecta para trasladar a su ciudad natal los restos del profesor fallecido tras choque en la ruta\",\"datePublished\":\"2025-11-13T00:51:33+00:00\",\"mainEntityOfPage\":{\"@id\":\"https:\\\/\\\/diariodelsurdigital.com.ar\\\/?p=5666\"},\"wordCount\":314,\"commentCount\":0,\"image\":{\"@id\":\"https:\\\/\\\/diariodelsurdigital.com.ar\\\/?p=5666#primaryimage\"},\"thumbnailUrl\":\"https:\\\/\\\/diariodelsurdigital.com.ar\\\/wp-content\\\/uploads\\\/2025\\\/11\\\/l_1762980778.jpg\",\"articleSection\":[\"Locales\"],\"inLanguage\":\"es\",\"potentialAction\":[{\"@type\":\"CommentAction\",\"name\":\"Comment\",\"target\":[\"https:\\\/\\\/diariodelsurdigital.com.ar\\\/?p=5666#respond\"]}]},{\"@type\":\"WebPage\",\"@id\":\"https:\\\/\\\/diariodelsurdigital.com.ar\\\/?p=5666\",\"url\":\"https:\\\/\\\/diariodelsurdigital.com.ar\\\/?p=5666\",\"name\":\"Realizan una colecta para trasladar a su ciudad natal los restos del profesor fallecido tras choque en la ruta - Diario del Sur\",\"isPartOf\":{\"@id\":\"https:\\\/\\\/diariodelsurdigital.com.ar\\\/#website\"},\"primaryImageOfPage\":{\"@id\":\"https:\\\/\\\/diariodelsurdigital.com.ar\\\/?p=5666#primaryimage\"},\"image\":{\"@id\":\"https:\\\/\\\/diariodelsurdigital.com.ar\\\/?p=5666#primaryimage\"},\"thumbnailUrl\":\"https:\\\/\\\/diariodelsurdigital.com.ar\\\/wp-content\\\/uploads\\\/2025\\\/11\\\/l_1762980778.jpg\",\"datePublished\":\"2025-11-13T00:51:33+00:00\",\"author\":{\"@id\":\"https:\\\/\\\/diariodelsurdigital.com.ar\\\/#\\\/schema\\\/person\\\/d794acb23337e88c6e4004a39c32be62\"},\"breadcrumb\":{\"@id\":\"https:\\\/\\\/diariodelsurdigital.com.ar\\\/?p=5666#breadcrumb\"},\"inLanguage\":\"es\",\"potentialAction\":[{\"@type\":\"ReadAction\",\"target\":[\"https:\\\/\\\/diariodelsurdigital.com.ar\\\/?p=5666\"]}]},{\"@type\":\"ImageObject\",\"inLanguage\":\"es\",\"@id\":\"https:\\\/\\\/diariodelsurdigital.com.ar\\\/?p=5666#primaryimage\",\"url\":\"https:\\\/\\\/diariodelsurdigital.com.ar\\\/wp-content\\\/uploads\\\/2025\\\/11\\\/l_1762980778.jpg\",\"contentUrl\":\"https:\\\/\\\/diariodelsurdigital.com.ar\\\/wp-content\\\/uploads\\\/2025\\\/11\\\/l_1762980778.jpg\",\"width\":870,\"height\":580},{\"@type\":\"BreadcrumbList\",\"@id\":\"https:\\\/\\\/diariodelsurdigital.com.ar\\\/?p=5666#breadcrumb\",\"itemListElement\":[{\"@type\":\"ListItem\",\"position\":1,\"name\":\"Portada\",\"item\":\"https:\\\/\\\/diariodelsurdigital.com.ar\\\/\"},{\"@type\":\"ListItem\",\"position\":2,\"name\":\"Realizan una colecta para trasladar a su ciudad natal los restos del profesor fallecido tras choque en la ruta\"}]},{\"@type\":\"WebSite\",\"@id\":\"https:\\\/\\\/diariodelsurdigital.com.ar\\\/#website\",\"url\":\"https:\\\/\\\/diariodelsurdigital.com.ar\\\/\",\"name\":\"Diario del Sur\",\"description\":\"Digital\",\"potentialAction\":[{\"@type\":\"SearchAction\",\"target\":{\"@type\":\"EntryPoint\",\"urlTemplate\":\"https:\\\/\\\/diariodelsurdigital.com.ar\\\/?s={search_term_string}\"},\"query-input\":{\"@type\":\"PropertyValueSpecification\",\"valueRequired\":true,\"valueName\":\"search_term_string\"}}],\"inLanguage\":\"es\"},{\"@type\":\"Person\",\"@id\":\"https:\\\/\\\/diariodelsurdigital.com.ar\\\/#\\\/schema\\\/person\\\/d794acb23337e88c6e4004a39c32be62\",\"name\":\"Diario del Sur Digital\",\"image\":{\"@type\":\"ImageObject\",\"inLanguage\":\"es\",\"@id\":\"https:\\\/\\\/secure.gravatar.com\\\/avatar\\\/47679bcfa15734cfdefc176b6ad58adeeccac22b2e03e095ada6c622af2b463a?s=96&d=mm&r=g\",\"url\":\"https:\\\/\\\/secure.gravatar.com\\\/avatar\\\/47679bcfa15734cfdefc176b6ad58adeeccac22b2e03e095ada6c622af2b463a?s=96&d=mm&r=g\",\"contentUrl\":\"https:\\\/\\\/secure.gravatar.com\\\/avatar\\\/47679bcfa15734cfdefc176b6ad58adeeccac22b2e03e095ada6c622af2b463a?s=96&d=mm&r=g\",\"caption\":\"Diario del Sur Digital\"},\"url\":\"https:\\\/\\\/diariodelsurdigital.com.ar\\\/?author=3\"}]}<\/script>\n<!-- \/ Yoast SEO plugin. -->","yoast_head_json":{"title":"Realizan una colecta para trasladar a su ciudad natal los restos del profesor fallecido tras choque en la ruta - Diario del Sur","robots":{"index":"index","follow":"follow","max-snippet":"max-snippet:-1","max-image-preview":"max-image-preview:large","max-video-preview":"max-video-preview:-1"},"canonical":"https:\/\/diariodelsurdigital.com.ar\/?p=5666","og_locale":"es_ES","og_type":"article","og_title":"Realizan una colecta para trasladar a su ciudad natal los restos del profesor fallecido tras choque en la ruta - Diario del Sur","og_description":"A trav\u00e9s de una publicaci\u00f3n en su perfil de Instagram, el Club San Lorenzo de Villa Adela comunic\u00f3 que la familia del profesor Jonathan Mirol decidi\u00f3 trasladar sus restos a su ciudad natal, R\u00edo Gallegos. El mensaje fue compartido \u201ccon profundo respeto y cari\u00f1o\u201d por toda la comunidad azulgrana, que acompa\u00f1\u00f3 al entrenador durante su [&hellip;]","og_url":"https:\/\/diariodelsurdigital.com.ar\/?p=5666","og_site_name":"Diario del Sur","article_published_time":"2025-11-13T00:51:33+00:00","og_image":[{"width":870,"height":580,"url":"https:\/\/diariodelsurdigital.com.ar\/wp-content\/uploads\/2025\/11\/l_1762980778.jpg","type":"image\/jpeg"}],"author":"Diario del Sur Digital","twitter_card":"summary_large_image","twitter_misc":{"Escrito por":"Diario del Sur Digital","Tiempo de lectura":"2 minutos"},"schema":{"@context":"https:\/\/schema.org","@graph":[{"@type":"Article","@id":"https:\/\/diariodelsurdigital.com.ar\/?p=5666#article","isPartOf":{"@id":"https:\/\/diariodelsurdigital.com.ar\/?p=5666"},"author":{"name":"Diario del Sur Digital","@id":"https:\/\/diariodelsurdigital.com.ar\/#\/schema\/person\/d794acb23337e88c6e4004a39c32be62"},"headline":"Realizan una colecta para trasladar a su ciudad natal los restos del profesor fallecido tras choque en la ruta","datePublished":"2025-11-13T00:51:33+00:00","mainEntityOfPage":{"@id":"https:\/\/diariodelsurdigital.com.ar\/?p=5666"},"wordCount":314,"commentCount":0,"image":{"@id":"https:\/\/diariodelsurdigital.com.ar\/?p=5666#primaryimage"},"thumbnailUrl":"https:\/\/diariodelsurdigital.com.ar\/wp-content\/uploads\/2025\/11\/l_1762980778.jpg","articleSection":["Locales"],"inLanguage":"es","potentialAction":[{"@type":"CommentAction","name":"Comment","target":["https:\/\/diariodelsurdigital.com.ar\/?p=5666#respond"]}]},{"@type":"WebPage","@id":"https:\/\/diariodelsurdigital.com.ar\/?p=5666","url":"https:\/\/diariodelsurdigital.com.ar\/?p=5666","name":"Realizan una colecta para trasladar a su ciudad natal los restos del profesor fallecido tras choque en la ruta - Diario del Sur","isPartOf":{"@id":"https:\/\/diariodelsurdigital.com.ar\/#website"},"primaryImageOfPage":{"@id":"https:\/\/diariodelsurdigital.com.ar\/?p=5666#primaryimage"},"image":{"@id":"https:\/\/diariodelsurdigital.com.ar\/?p=5666#primaryimage"},"thumbnailUrl":"https:\/\/diariodelsurdigital.com.ar\/wp-content\/uploads\/2025\/11\/l_1762980778.jpg","datePublished":"2025-11-13T00:51:33+00:00","author":{"@id":"https:\/\/diariodelsurdigital.com.ar\/#\/schema\/person\/d794acb23337e88c6e4004a39c32be62"},"breadcrumb":{"@id":"https:\/\/diariodelsurdigital.com.ar\/?p=5666#breadcrumb"},"inLanguage":"es","potentialAction":[{"@type":"ReadAction","target":["https:\/\/diariodelsurdigital.com.ar\/?p=5666"]}]},{"@type":"ImageObject","inLanguage":"es","@id":"https:\/\/diariodelsurdigital.com.ar\/?p=5666#primaryimage","url":"https:\/\/diariodelsurdigital.com.ar\/wp-content\/uploads\/2025\/11\/l_1762980778.jpg","contentUrl":"https:\/\/diariodelsurdigital.com.ar\/wp-content\/uploads\/2025\/11\/l_1762980778.jpg","width":870,"height":580},{"@type":"BreadcrumbList","@id":"https:\/\/diariodelsurdigital.com.ar\/?p=5666#breadcrumb","itemListElement":[{"@type":"ListItem","position":1,"name":"Portada","item":"https:\/\/diariodelsurdigital.com.ar\/"},{"@type":"ListItem","position":2,"name":"Realizan una colecta para trasladar a su ciudad natal los restos del profesor fallecido tras choque en la ruta"}]},{"@type":"WebSite","@id":"https:\/\/diariodelsurdigital.com.ar\/#website","url":"https:\/\/diariodelsurdigital.com.ar\/","name":"Diario del Sur","description":"Digital","potentialAction":[{"@type":"SearchAction","target":{"@type":"EntryPoint","urlTemplate":"https:\/\/diariodelsurdigital.com.ar\/?s={search_term_string}"},"query-input":{"@type":"PropertyValueSpecification","valueRequired":true,"valueName":"search_term_string"}}],"inLanguage":"es"},{"@type":"Person","@id":"https:\/\/diariodelsurdigital.com.ar\/#\/schema\/person\/d794acb23337e88c6e4004a39c32be62","name":"Diario del Sur Digital","image":{"@type":"ImageObject","inLanguage":"es","@id":"https:\/\/secure.gravatar.com\/avatar\/47679bcfa15734cfdefc176b6ad58adeeccac22b2e03e095ada6c622af2b463a?s=96&d=mm&r=g","url":"https:\/\/secure.gravatar.com\/avatar\/47679bcfa15734cfdefc176b6ad58adeeccac22b2e03e095ada6c622af2b463a?s=96&d=mm&r=g","contentUrl":"https:\/\/secure.gravatar.com\/avatar\/47679bcfa15734cfdefc176b6ad58adeeccac22b2e03e095ada6c622af2b463a?s=96&d=mm&r=g","caption":"Diario del Sur Digital"},"url":"https:\/\/diariodelsurdigital.com.ar\/?author=3"}]}},"_links":{"self":[{"href":"https:\/\/diariodelsurdigital.com.ar\/index.php?rest_route=\/wp\/v2\/posts\/5666","targetHints":{"allow":["GET"]}}],"collection":[{"href":"https:\/\/diariodelsurdigital.com.ar\/index.php?rest_route=\/wp\/v2\/posts"}],"about":[{"href":"https:\/\/diariodelsurdigital.com.ar\/index.php?rest_route=\/wp\/v2\/types\/post"}],"author":[{"embeddable":true,"href":"https:\/\/diariodelsurdigital.com.ar\/index.php?rest_route=\/wp\/v2\/users\/3"}],"replies":[{"embeddable":true,"href":"https:\/\/diariodelsurdigital.com.ar\/index.php?rest_route=%2Fwp%2Fv2%2Fcomments&post=5666"}],"version-history":[{"count":1,"href":"https:\/\/diariodelsurdigital.com.ar\/index.php?rest_route=\/wp\/v2\/posts\/5666\/revisions"}],"predecessor-version":[{"id":5668,"href":"https:\/\/diariodelsurdigital.com.ar\/index.php?rest_route=\/wp\/v2\/posts\/5666\/revisions\/5668"}],"wp:featuredmedia":[{"embeddable":true,"href":"https:\/\/diariodelsurdigital.com.ar\/index.php?rest_route=\/wp\/v2\/media\/5667"}],"wp:attachment":[{"href":"https:\/\/diariodelsurdigital.com.ar\/index.php?rest_route=%2Fwp%2Fv2%2Fmedia&parent=5666"}],"wp:term":[{"taxonomy":"category","embeddable":true,"href":"https:\/\/diariodelsurdigital.com.ar\/index.php?rest_route=%2Fwp%2Fv2%2Fcategories&post=5666"},{"taxonomy":"post_tag","embeddable":true,"href":"https:\/\/diariodelsurdigital.com.ar\/index.php?rest_route=%2Fwp%2Fv2%2Ftags&post=5666"}],"curies":[{"name":"wp","href":"https:\/\/api.w.org\/{rel}","templated":true}]}}