{"id":5671,"date":"2025-11-13T10:04:29","date_gmt":"2025-11-13T13:04:29","guid":{"rendered":"https:\/\/diariodelsurdigital.com.ar\/?p=5671"},"modified":"2025-11-13T10:04:30","modified_gmt":"2025-11-13T13:04:30","slug":"la-cgt-rechaza-cualquier-reforma-laboral","status":"publish","type":"post","link":"https:\/\/diariodelsurdigital.com.ar\/?p=5671","title":{"rendered":"\u201cLa CGT rechaza cualquier reforma laboral\u201d"},"content":{"rendered":"\n<p>La CGT \u201crechazar\u00e1 de plano\u201d cualquier reforma laboral que \u201cavasalle derechos\u201d de los trabajadores, al menos as\u00ed lo afirm\u00f3 Cristian Jer\u00f3nimo, titular del Sindicato del Vidrio y uno de los tres secretarios generales de la central sindical, quien tambi\u00e9n reclam\u00f3 por un \u201cdi\u00e1logo tripartito\u201d con el Gobierno.<\/p>\n\n\n\n<p>El gremialista, que integra el triunvirato cegetista junto a Jorge Sola (seguros) y Octacio Arg\u00fcello (camioneros), reconoci\u00f3 que no hay una propuesta oficial sobre la reforma, pero sostuvo que si bien \u201chasta ahora son todos trascendidos\u201d, se trata de informaciones \u201cque salen del lado del Gobierno\u201d, puntualiz\u00f3.<\/p>\n\n\n\n<p>Enfatiz\u00f3 que si el oficialismo concreta propuestas como las que mencionan los medios de comunicaci\u00f3n, desde la CGT lo van \u201crechazar de plano\u201d y advirti\u00f3: \u201cNo vamos a permitir que se avasallen los derechos adquiridos\u201d.<\/p>\n\n\n\n<p>Para Jer\u00f3nimo, es necesario un \u201c\u00e1mbito de di\u00e1logo tripartito\u201d, que hasta ahora \u201cno ha existido\u201d, y enfatiz\u00f3: \u201cSi quieren discutir, discutamos todo, una negociaci\u00f3n laboral con m\u00e1s derechos, no con menos derechos, discutamos el reparto de ganancias\u201d.<\/p>\n\n\n\n<p>Consider\u00f3, adem\u00e1s, que para la Argentina \u201cel problema no es la reforma laboral, sino que la actividad econ\u00f3mica est\u00e9 totalmente en recesi\u00f3n\u201d y explic\u00f3 que, debido a ello, \u201cel mercado interno no est\u00e1 generando consumo\u201d.<\/p>\n\n\n\n<p>Por otra parte, critic\u00f3 la pol\u00edtica salarial impulsada por el Gobierno y se\u00f1al\u00f3: \u201cSi pis\u00e1s las paritarias al 1 por ciento y el costo de vida aumenta el 2,4 o el 2,8 por ciento y la carne el 10 por ciento, no hay manera de recomponer la econom\u00eda\u201d.<\/p>\n\n\n\n<p>La posici\u00f3n de Jer\u00f3nimo es, junto a la de Arg\u00fcello, la m\u00e1s firme dentro del triunvirato de la CGT. De todas maneras, entre los tres integrantes hay una decisi\u00f3n de mantener la unidad de la central obrera para contener y canalizar los reclamos de los trabajadores, public\u00f3 P\u00e1gina 12.<\/p>\n\n\n\n<p>El triunvirato fue electo el pasado 5 de noviembre durante un debatido congreso ya que hab\u00eda sectores que pugnaban por retornar al viejo esquema de conducci\u00f3n unipersonal.<\/p>\n\n\n\n<p>Por su parte, la Asociaci\u00f3n Trabajadores del Estado (ATE) reclam\u00f3 una vez m\u00e1s la urgente necesidad de realizar medidas de fuerza para defender el salario y los derechos laborales. Al menos as\u00ed lo sostuvo el titular de la seccional de La Matanza, Miguel Federico cuando se refiri\u00f3 a la reforma que impulsa el gobierno nacional: \u201cEs una flexibilizaci\u00f3n laboral con despidos de trabajadores a todo trapo\u201d.<\/p>\n\n\n\n<p>Para el sindicato no hay duda sobre los contenidos negativos del proyecto que la Casa Rosada planea enviar para ser debatido en el Congreso en lo que se conoce como per\u00edodo de sesiones extraordinarias que comienza a partir del pr\u00f3ximo 10 de diciembre. El gremio indic\u00f3 que lo que busca el gobierno libertario es formalizar la extensi\u00f3n de la jornada laboral a doce horas, indemnizaciones pagadas en cuotas, acuerdos salariales por empresa en lugar de por actividad y aumentos por productividad, entre otros puntos.<\/p>\n\n\n\n<p>Ante ese avance, ATE planea responder de manera coordinada en todo el pa\u00eds: \u201cHay medidas que se van a tomar en t\u00e9rminos generales y vamos a estar al frente\u201d, indic\u00f3 Federico.<\/p>\n","protected":false},"excerpt":{"rendered":"<p>La CGT \u201crechazar\u00e1 de plano\u201d cualquier reforma laboral que \u201cavasalle derechos\u201d de los trabajadores, al menos as\u00ed lo afirm\u00f3 Cristian Jer\u00f3nimo, titular del Sindicato del Vidrio y uno de los tres secretarios generales de la central sindical, quien tambi\u00e9n reclam\u00f3 por un \u201cdi\u00e1logo tripartito\u201d con el Gobierno. El gremialista, que integra el triunvirato cegetista junto [&hellip;]<\/p>\n","protected":false},"author":4,"featured_media":5673,"comment_status":"open","ping_status":"open","sticky":false,"template":"","format":"standard","meta":{"footnotes":""},"categories":[18,22],"tags":[],"class_list":{"0":"post-5671","1":"post","2":"type-post","3":"status-publish","4":"format-standard","5":"has-post-thumbnail","7":"category-nacionales","8":"category-politica"},"yoast_head":"<!-- This site is optimized with the Yoast SEO plugin v27.4 - https:\/\/yoast.com\/product\/yoast-seo-wordpress\/ -->\n<title>\u201cLa CGT rechaza cualquier reforma laboral\u201d - Diario del Sur<\/title>\n<meta name=\"robots\" content=\"index, follow, max-snippet:-1, max-image-preview:large, max-video-preview:-1\" \/>\n<link rel=\"canonical\" href=\"https:\/\/diariodelsurdigital.com.ar\/?p=5671\" \/>\n<meta property=\"og:locale\" content=\"es_ES\" \/>\n<meta property=\"og:type\" content=\"article\" \/>\n<meta property=\"og:title\" content=\"\u201cLa CGT rechaza cualquier reforma laboral\u201d - Diario del Sur\" \/>\n<meta property=\"og:description\" content=\"La CGT \u201crechazar\u00e1 de plano\u201d cualquier reforma laboral que \u201cavasalle derechos\u201d de los trabajadores, al menos as\u00ed lo afirm\u00f3 Cristian Jer\u00f3nimo, titular del Sindicato del Vidrio y uno de los tres secretarios generales de la central sindical, quien tambi\u00e9n reclam\u00f3 por un \u201cdi\u00e1logo tripartito\u201d con el Gobierno. El gremialista, que integra el triunvirato cegetista junto [&hellip;]\" \/>\n<meta property=\"og:url\" content=\"https:\/\/diariodelsurdigital.com.ar\/?p=5671\" \/>\n<meta property=\"og:site_name\" content=\"Diario del Sur\" \/>\n<meta property=\"article:published_time\" content=\"2025-11-13T13:04:29+00:00\" \/>\n<meta property=\"article:modified_time\" content=\"2025-11-13T13:04:30+00:00\" \/>\n<meta property=\"og:image\" content=\"https:\/\/diariodelsurdigital.com.ar\/wp-content\/uploads\/2025\/11\/md-12-1.webp\" \/>\n\t<meta property=\"og:image:width\" content=\"992\" \/>\n\t<meta property=\"og:image:height\" content=\"656\" \/>\n\t<meta property=\"og:image:type\" content=\"image\/webp\" \/>\n<meta name=\"author\" content=\"Diario del Sur Digital\" \/>\n<meta name=\"twitter:card\" content=\"summary_large_image\" \/>\n<meta name=\"twitter:label1\" content=\"Escrito por\" \/>\n\t<meta name=\"twitter:data1\" content=\"Diario del Sur Digital\" \/>\n\t<meta name=\"twitter:label2\" content=\"Tiempo de lectura\" \/>\n\t<meta name=\"twitter:data2\" content=\"3 minutos\" \/>\n<script type=\"application\/ld+json\" class=\"yoast-schema-graph\">{\"@context\":\"https:\\\/\\\/schema.org\",\"@graph\":[{\"@type\":\"Article\",\"@id\":\"https:\\\/\\\/diariodelsurdigital.com.ar\\\/?p=5671#article\",\"isPartOf\":{\"@id\":\"https:\\\/\\\/diariodelsurdigital.com.ar\\\/?p=5671\"},\"author\":{\"name\":\"Diario del Sur Digital\",\"@id\":\"https:\\\/\\\/diariodelsurdigital.com.ar\\\/#\\\/schema\\\/person\\\/1a4992532ed62965c968031b49195c81\"},\"headline\":\"\u201cLa CGT rechaza cualquier reforma laboral\u201d\",\"datePublished\":\"2025-11-13T13:04:29+00:00\",\"dateModified\":\"2025-11-13T13:04:30+00:00\",\"mainEntityOfPage\":{\"@id\":\"https:\\\/\\\/diariodelsurdigital.com.ar\\\/?p=5671\"},\"wordCount\":537,\"commentCount\":0,\"image\":{\"@id\":\"https:\\\/\\\/diariodelsurdigital.com.ar\\\/?p=5671#primaryimage\"},\"thumbnailUrl\":\"https:\\\/\\\/diariodelsurdigital.com.ar\\\/wp-content\\\/uploads\\\/2025\\\/11\\\/md-12-1.webp\",\"articleSection\":[\"Nacionales\",\"Pol\u00edtica\"],\"inLanguage\":\"es\",\"potentialAction\":[{\"@type\":\"CommentAction\",\"name\":\"Comment\",\"target\":[\"https:\\\/\\\/diariodelsurdigital.com.ar\\\/?p=5671#respond\"]}]},{\"@type\":\"WebPage\",\"@id\":\"https:\\\/\\\/diariodelsurdigital.com.ar\\\/?p=5671\",\"url\":\"https:\\\/\\\/diariodelsurdigital.com.ar\\\/?p=5671\",\"name\":\"\u201cLa CGT rechaza cualquier reforma laboral\u201d - Diario del Sur\",\"isPartOf\":{\"@id\":\"https:\\\/\\\/diariodelsurdigital.com.ar\\\/#website\"},\"primaryImageOfPage\":{\"@id\":\"https:\\\/\\\/diariodelsurdigital.com.ar\\\/?p=5671#primaryimage\"},\"image\":{\"@id\":\"https:\\\/\\\/diariodelsurdigital.com.ar\\\/?p=5671#primaryimage\"},\"thumbnailUrl\":\"https:\\\/\\\/diariodelsurdigital.com.ar\\\/wp-content\\\/uploads\\\/2025\\\/11\\\/md-12-1.webp\",\"datePublished\":\"2025-11-13T13:04:29+00:00\",\"dateModified\":\"2025-11-13T13:04:30+00:00\",\"author\":{\"@id\":\"https:\\\/\\\/diariodelsurdigital.com.ar\\\/#\\\/schema\\\/person\\\/1a4992532ed62965c968031b49195c81\"},\"breadcrumb\":{\"@id\":\"https:\\\/\\\/diariodelsurdigital.com.ar\\\/?p=5671#breadcrumb\"},\"inLanguage\":\"es\",\"potentialAction\":[{\"@type\":\"ReadAction\",\"target\":[\"https:\\\/\\\/diariodelsurdigital.com.ar\\\/?p=5671\"]}]},{\"@type\":\"ImageObject\",\"inLanguage\":\"es\",\"@id\":\"https:\\\/\\\/diariodelsurdigital.com.ar\\\/?p=5671#primaryimage\",\"url\":\"https:\\\/\\\/diariodelsurdigital.com.ar\\\/wp-content\\\/uploads\\\/2025\\\/11\\\/md-12-1.webp\",\"contentUrl\":\"https:\\\/\\\/diariodelsurdigital.com.ar\\\/wp-content\\\/uploads\\\/2025\\\/11\\\/md-12-1.webp\",\"width\":992,\"height\":656},{\"@type\":\"BreadcrumbList\",\"@id\":\"https:\\\/\\\/diariodelsurdigital.com.ar\\\/?p=5671#breadcrumb\",\"itemListElement\":[{\"@type\":\"ListItem\",\"position\":1,\"name\":\"Portada\",\"item\":\"https:\\\/\\\/diariodelsurdigital.com.ar\\\/\"},{\"@type\":\"ListItem\",\"position\":2,\"name\":\"\u201cLa CGT rechaza cualquier reforma laboral\u201d\"}]},{\"@type\":\"WebSite\",\"@id\":\"https:\\\/\\\/diariodelsurdigital.com.ar\\\/#website\",\"url\":\"https:\\\/\\\/diariodelsurdigital.com.ar\\\/\",\"name\":\"Diario del Sur\",\"description\":\"Digital\",\"potentialAction\":[{\"@type\":\"SearchAction\",\"target\":{\"@type\":\"EntryPoint\",\"urlTemplate\":\"https:\\\/\\\/diariodelsurdigital.com.ar\\\/?s={search_term_string}\"},\"query-input\":{\"@type\":\"PropertyValueSpecification\",\"valueRequired\":true,\"valueName\":\"search_term_string\"}}],\"inLanguage\":\"es\"},{\"@type\":\"Person\",\"@id\":\"https:\\\/\\\/diariodelsurdigital.com.ar\\\/#\\\/schema\\\/person\\\/1a4992532ed62965c968031b49195c81\",\"name\":\"Diario del Sur Digital\",\"image\":{\"@type\":\"ImageObject\",\"inLanguage\":\"es\",\"@id\":\"https:\\\/\\\/secure.gravatar.com\\\/avatar\\\/f0c7c47fc7146d19828273b9b8eda651c9c7ab583767e6338d3d3bee825adf76?s=96&d=mm&r=g\",\"url\":\"https:\\\/\\\/secure.gravatar.com\\\/avatar\\\/f0c7c47fc7146d19828273b9b8eda651c9c7ab583767e6338d3d3bee825adf76?s=96&d=mm&r=g\",\"contentUrl\":\"https:\\\/\\\/secure.gravatar.com\\\/avatar\\\/f0c7c47fc7146d19828273b9b8eda651c9c7ab583767e6338d3d3bee825adf76?s=96&d=mm&r=g\",\"caption\":\"Diario del Sur Digital\"},\"url\":\"https:\\\/\\\/diariodelsurdigital.com.ar\\\/?author=4\"}]}<\/script>\n<!-- \/ Yoast SEO plugin. -->","yoast_head_json":{"title":"\u201cLa CGT rechaza cualquier reforma laboral\u201d - Diario del Sur","robots":{"index":"index","follow":"follow","max-snippet":"max-snippet:-1","max-image-preview":"max-image-preview:large","max-video-preview":"max-video-preview:-1"},"canonical":"https:\/\/diariodelsurdigital.com.ar\/?p=5671","og_locale":"es_ES","og_type":"article","og_title":"\u201cLa CGT rechaza cualquier reforma laboral\u201d - Diario del Sur","og_description":"La CGT \u201crechazar\u00e1 de plano\u201d cualquier reforma laboral que \u201cavasalle derechos\u201d de los trabajadores, al menos as\u00ed lo afirm\u00f3 Cristian Jer\u00f3nimo, titular del Sindicato del Vidrio y uno de los tres secretarios generales de la central sindical, quien tambi\u00e9n reclam\u00f3 por un \u201cdi\u00e1logo tripartito\u201d con el Gobierno. El gremialista, que integra el triunvirato cegetista junto [&hellip;]","og_url":"https:\/\/diariodelsurdigital.com.ar\/?p=5671","og_site_name":"Diario del Sur","article_published_time":"2025-11-13T13:04:29+00:00","article_modified_time":"2025-11-13T13:04:30+00:00","og_image":[{"width":992,"height":656,"url":"https:\/\/diariodelsurdigital.com.ar\/wp-content\/uploads\/2025\/11\/md-12-1.webp","type":"image\/webp"}],"author":"Diario del Sur Digital","twitter_card":"summary_large_image","twitter_misc":{"Escrito por":"Diario del Sur Digital","Tiempo de lectura":"3 minutos"},"schema":{"@context":"https:\/\/schema.org","@graph":[{"@type":"Article","@id":"https:\/\/diariodelsurdigital.com.ar\/?p=5671#article","isPartOf":{"@id":"https:\/\/diariodelsurdigital.com.ar\/?p=5671"},"author":{"name":"Diario del Sur Digital","@id":"https:\/\/diariodelsurdigital.com.ar\/#\/schema\/person\/1a4992532ed62965c968031b49195c81"},"headline":"\u201cLa CGT rechaza cualquier reforma laboral\u201d","datePublished":"2025-11-13T13:04:29+00:00","dateModified":"2025-11-13T13:04:30+00:00","mainEntityOfPage":{"@id":"https:\/\/diariodelsurdigital.com.ar\/?p=5671"},"wordCount":537,"commentCount":0,"image":{"@id":"https:\/\/diariodelsurdigital.com.ar\/?p=5671#primaryimage"},"thumbnailUrl":"https:\/\/diariodelsurdigital.com.ar\/wp-content\/uploads\/2025\/11\/md-12-1.webp","articleSection":["Nacionales","Pol\u00edtica"],"inLanguage":"es","potentialAction":[{"@type":"CommentAction","name":"Comment","target":["https:\/\/diariodelsurdigital.com.ar\/?p=5671#respond"]}]},{"@type":"WebPage","@id":"https:\/\/diariodelsurdigital.com.ar\/?p=5671","url":"https:\/\/diariodelsurdigital.com.ar\/?p=5671","name":"\u201cLa CGT rechaza cualquier reforma laboral\u201d - Diario del Sur","isPartOf":{"@id":"https:\/\/diariodelsurdigital.com.ar\/#website"},"primaryImageOfPage":{"@id":"https:\/\/diariodelsurdigital.com.ar\/?p=5671#primaryimage"},"image":{"@id":"https:\/\/diariodelsurdigital.com.ar\/?p=5671#primaryimage"},"thumbnailUrl":"https:\/\/diariodelsurdigital.com.ar\/wp-content\/uploads\/2025\/11\/md-12-1.webp","datePublished":"2025-11-13T13:04:29+00:00","dateModified":"2025-11-13T13:04:30+00:00","author":{"@id":"https:\/\/diariodelsurdigital.com.ar\/#\/schema\/person\/1a4992532ed62965c968031b49195c81"},"breadcrumb":{"@id":"https:\/\/diariodelsurdigital.com.ar\/?p=5671#breadcrumb"},"inLanguage":"es","potentialAction":[{"@type":"ReadAction","target":["https:\/\/diariodelsurdigital.com.ar\/?p=5671"]}]},{"@type":"ImageObject","inLanguage":"es","@id":"https:\/\/diariodelsurdigital.com.ar\/?p=5671#primaryimage","url":"https:\/\/diariodelsurdigital.com.ar\/wp-content\/uploads\/2025\/11\/md-12-1.webp","contentUrl":"https:\/\/diariodelsurdigital.com.ar\/wp-content\/uploads\/2025\/11\/md-12-1.webp","width":992,"height":656},{"@type":"BreadcrumbList","@id":"https:\/\/diariodelsurdigital.com.ar\/?p=5671#breadcrumb","itemListElement":[{"@type":"ListItem","position":1,"name":"Portada","item":"https:\/\/diariodelsurdigital.com.ar\/"},{"@type":"ListItem","position":2,"name":"\u201cLa CGT rechaza cualquier reforma laboral\u201d"}]},{"@type":"WebSite","@id":"https:\/\/diariodelsurdigital.com.ar\/#website","url":"https:\/\/diariodelsurdigital.com.ar\/","name":"Diario del Sur","description":"Digital","potentialAction":[{"@type":"SearchAction","target":{"@type":"EntryPoint","urlTemplate":"https:\/\/diariodelsurdigital.com.ar\/?s={search_term_string}"},"query-input":{"@type":"PropertyValueSpecification","valueRequired":true,"valueName":"search_term_string"}}],"inLanguage":"es"},{"@type":"Person","@id":"https:\/\/diariodelsurdigital.com.ar\/#\/schema\/person\/1a4992532ed62965c968031b49195c81","name":"Diario del Sur Digital","image":{"@type":"ImageObject","inLanguage":"es","@id":"https:\/\/secure.gravatar.com\/avatar\/f0c7c47fc7146d19828273b9b8eda651c9c7ab583767e6338d3d3bee825adf76?s=96&d=mm&r=g","url":"https:\/\/secure.gravatar.com\/avatar\/f0c7c47fc7146d19828273b9b8eda651c9c7ab583767e6338d3d3bee825adf76?s=96&d=mm&r=g","contentUrl":"https:\/\/secure.gravatar.com\/avatar\/f0c7c47fc7146d19828273b9b8eda651c9c7ab583767e6338d3d3bee825adf76?s=96&d=mm&r=g","caption":"Diario del Sur Digital"},"url":"https:\/\/diariodelsurdigital.com.ar\/?author=4"}]}},"_links":{"self":[{"href":"https:\/\/diariodelsurdigital.com.ar\/index.php?rest_route=\/wp\/v2\/posts\/5671","targetHints":{"allow":["GET"]}}],"collection":[{"href":"https:\/\/diariodelsurdigital.com.ar\/index.php?rest_route=\/wp\/v2\/posts"}],"about":[{"href":"https:\/\/diariodelsurdigital.com.ar\/index.php?rest_route=\/wp\/v2\/types\/post"}],"author":[{"embeddable":true,"href":"https:\/\/diariodelsurdigital.com.ar\/index.php?rest_route=\/wp\/v2\/users\/4"}],"replies":[{"embeddable":true,"href":"https:\/\/diariodelsurdigital.com.ar\/index.php?rest_route=%2Fwp%2Fv2%2Fcomments&post=5671"}],"version-history":[{"count":1,"href":"https:\/\/diariodelsurdigital.com.ar\/index.php?rest_route=\/wp\/v2\/posts\/5671\/revisions"}],"predecessor-version":[{"id":5672,"href":"https:\/\/diariodelsurdigital.com.ar\/index.php?rest_route=\/wp\/v2\/posts\/5671\/revisions\/5672"}],"wp:featuredmedia":[{"embeddable":true,"href":"https:\/\/diariodelsurdigital.com.ar\/index.php?rest_route=\/wp\/v2\/media\/5673"}],"wp:attachment":[{"href":"https:\/\/diariodelsurdigital.com.ar\/index.php?rest_route=%2Fwp%2Fv2%2Fmedia&parent=5671"}],"wp:term":[{"taxonomy":"category","embeddable":true,"href":"https:\/\/diariodelsurdigital.com.ar\/index.php?rest_route=%2Fwp%2Fv2%2Fcategories&post=5671"},{"taxonomy":"post_tag","embeddable":true,"href":"https:\/\/diariodelsurdigital.com.ar\/index.php?rest_route=%2Fwp%2Fv2%2Ftags&post=5671"}],"curies":[{"name":"wp","href":"https:\/\/api.w.org\/{rel}","templated":true}]}}