{"id":568,"date":"2025-01-14T13:09:31","date_gmt":"2025-01-14T16:09:31","guid":{"rendered":"https:\/\/diariodelsurdigital.com.ar\/?p=568"},"modified":"2025-01-14T13:09:32","modified_gmt":"2025-01-14T16:09:32","slug":"salarios-mas-bajos-menos-empleo-y-mayor-desigualdad-advierten-por-impacto-de-la-era-milei-sobre-el-mercado-de-trabajo","status":"publish","type":"post","link":"https:\/\/diariodelsurdigital.com.ar\/?p=568","title":{"rendered":"Salarios m\u00e1s bajos, menos empleo y mayor desigualdad: advierten por impacto de la era Milei sobre el mercado de trabajo"},"content":{"rendered":"\n<p>La CTA public\u00f3 un informe en el cual refleja un deterioro en la mayor\u00eda de las variables vinculadas al mundo del trabajo desde diciembre de 2023. La excepci\u00f3n fue el fuerte incremento real de la AUH.<\/p>\n\n\n\n<p>Las pol\u00edticas econ\u00f3micas del Gobierno de Javier Milei durante su primer a\u00f1o de gesti\u00f3n generaron un impacto negativo sobre el mercado de trabajo. Si bien en los \u00faltimos meses se notaron mejoras en algunas variables, el empleo y la masa salarial son menores, mientras que la desigualdad es mayor.<\/p>\n\n\n\n<p>As\u00ed lo reflej\u00f3 en un informe el Centro de Investigaci\u00f3n y Formaci\u00f3n de la Rep\u00fablica Argentina (CIFRA) de la Central de los Trabajadores de Argentina (CTA ). El trabajo repas\u00f3 la evoluci\u00f3n de diferentes variables vinculadas al mundo del trabajo desde que los libertarios llegaron a la Casa Rosada.<\/p>\n\n\n\n<p>En cuanto al empleo, la CTA remarc\u00f3 una p\u00e9rdida de 187.000 puestos de trabajo asalariados formales entre noviembre de 2023 y octubre de 2024, de los cuales 124.000 se dieron en el sector privado y 43.000 en el Estado. Entre los privados fueron la construcci\u00f3n y la industria manufacturera las actividades m\u00e1s afectadas, en el marco de la paralizaci\u00f3n de la obra p\u00fablica por parte del Gobierno y una recesi\u00f3n que afect\u00f3 principalmente a los rubros vinculados con el mercado interno. Asimismo, en el sector p\u00fablico las razones de la reducci\u00f3n en las fuentes laborales fue consecuencia de los despidos y de los ajustes presupuestarios.<\/p>\n\n\n\n<p>\u00abTanto desde el lado de la oferta como desde la demanda se advierte que la recesi\u00f3n afect\u00f3 especialmente al mercado interno, que al momento actual no muestra tendencias expansivas\u00bb, se\u00f1al\u00f3 el informe.&nbsp;<\/p>\n\n\n\n<h2 class=\"wp-block-heading\">Salarios, Jubilaciones y AUH<\/h2>\n\n\n\n<p>Respecto de los salarios, el trabajo exhibi\u00f3 que los ingresos de los trabajadores formales dentro del sector privado recuperaron recientemente el nivel previo a la asunci\u00f3n de Milei, aunque todav\u00eda se encuentran un 23% por debajo del nivel m\u00e1s alto de la \u00faltima d\u00e9cada (noviembre de 2015). Por el contrario, los sueldos p\u00fablicos todav\u00eda est\u00e1n 15% abajo de noviembre de 2023 (y 38,2% versus 2015), mientras que el deterioro en los ingresos de los trabajadores informales se estim\u00f3 por encima del 10% interanual para el tercer trimestre de 2024.<\/p>\n\n\n\n<p>Esto refleja una profunda heterogeneidad entre trabajadores, que tambi\u00e9n puede vislumbrarse a nivel de estrato social. Mientras que aquellos que m\u00e1s ganan ya recompusieron su p\u00e9rdida de ingresos, los m\u00e1s vulnerables arrojaron entre julio y septiembre un poder adquisitivo un 10% m\u00e1s bajo que en el mismo per\u00edodo del a\u00f1o previo.<\/p>\n\n\n\n<p>En el mismo sentido, la CTA focaliz\u00f3 en el Salario M\u00ednimo Vital y M\u00f3vil, y las jubilaciones, como dos de las variables de ajuste que utiliz\u00f3 el Gobierno para achicar la masa salarial. \u00abLa conjunci\u00f3n de un escenario recesivo con p\u00e9rdidas importantes de salario real y menor empleo sign\u00f3 una p\u00e9rdida de la participaci\u00f3n de la masa salarial en la riqueza econ\u00f3mica generada: en el 1\u00b0 semestre de 2024 las remuneraciones representaron el 44% del Valor Agregado total, cuando esa proporci\u00f3n hab\u00eda sido de 46,6% un a\u00f1o antes\u00bb, se indic\u00f3.<\/p>\n\n\n\n<p>Como excepci\u00f3n, el informe destac\u00f3 el fuerte incremento en el poder adquisitivo de la Asignaci\u00f3n Universal por Hijo (AUH), que casi se duplic\u00f3 entre noviembre de 2023 y diciembre de 2024.&nbsp;<\/p>\n","protected":false},"excerpt":{"rendered":"<p>La CTA public\u00f3 un informe en el cual refleja un deterioro en la mayor\u00eda de las variables vinculadas al mundo del trabajo desde diciembre de 2023. La excepci\u00f3n fue el fuerte incremento real de la AUH. Las pol\u00edticas econ\u00f3micas del Gobierno de Javier Milei durante su primer a\u00f1o de gesti\u00f3n generaron un impacto negativo sobre [&hellip;]<\/p>\n","protected":false},"author":4,"featured_media":569,"comment_status":"open","ping_status":"open","sticky":false,"template":"","format":"standard","meta":{"footnotes":""},"categories":[19,18],"tags":[],"class_list":{"0":"post-568","1":"post","2":"type-post","3":"status-publish","4":"format-standard","5":"has-post-thumbnail","7":"category-interes-general","8":"category-nacionales"},"yoast_head":"<!-- This site is optimized with the Yoast SEO plugin v27.4 - https:\/\/yoast.com\/product\/yoast-seo-wordpress\/ -->\n<title>Salarios m\u00e1s bajos, menos empleo y mayor desigualdad: advierten por impacto de la era Milei sobre el mercado de trabajo - Diario del Sur<\/title>\n<meta name=\"robots\" content=\"index, follow, max-snippet:-1, max-image-preview:large, max-video-preview:-1\" \/>\n<link rel=\"canonical\" href=\"https:\/\/diariodelsurdigital.com.ar\/?p=568\" \/>\n<meta property=\"og:locale\" content=\"es_ES\" \/>\n<meta property=\"og:type\" content=\"article\" \/>\n<meta property=\"og:title\" content=\"Salarios m\u00e1s bajos, menos empleo y mayor desigualdad: advierten por impacto de la era Milei sobre el mercado de trabajo - Diario del Sur\" \/>\n<meta property=\"og:description\" content=\"La CTA public\u00f3 un informe en el cual refleja un deterioro en la mayor\u00eda de las variables vinculadas al mundo del trabajo desde diciembre de 2023. La excepci\u00f3n fue el fuerte incremento real de la AUH. Las pol\u00edticas econ\u00f3micas del Gobierno de Javier Milei durante su primer a\u00f1o de gesti\u00f3n generaron un impacto negativo sobre [&hellip;]\" \/>\n<meta property=\"og:url\" content=\"https:\/\/diariodelsurdigital.com.ar\/?p=568\" \/>\n<meta property=\"og:site_name\" content=\"Diario del Sur\" \/>\n<meta property=\"article:published_time\" content=\"2025-01-14T16:09:31+00:00\" \/>\n<meta property=\"article:modified_time\" content=\"2025-01-14T16:09:32+00:00\" \/>\n<meta property=\"og:image\" content=\"https:\/\/diariodelsurdigital.com.ar\/wp-content\/uploads\/2025\/01\/md-2025-01-14T130744.570.webp\" \/>\n\t<meta property=\"og:image:width\" content=\"992\" \/>\n\t<meta property=\"og:image:height\" content=\"557\" \/>\n\t<meta property=\"og:image:type\" content=\"image\/webp\" \/>\n<meta name=\"author\" content=\"Diario del Sur Digital\" \/>\n<meta name=\"twitter:card\" content=\"summary_large_image\" \/>\n<meta name=\"twitter:label1\" content=\"Escrito por\" \/>\n\t<meta name=\"twitter:data1\" content=\"Diario del Sur Digital\" \/>\n\t<meta name=\"twitter:label2\" content=\"Tiempo de lectura\" \/>\n\t<meta name=\"twitter:data2\" content=\"3 minutos\" \/>\n<script type=\"application\/ld+json\" class=\"yoast-schema-graph\">{\"@context\":\"https:\\\/\\\/schema.org\",\"@graph\":[{\"@type\":\"Article\",\"@id\":\"https:\\\/\\\/diariodelsurdigital.com.ar\\\/?p=568#article\",\"isPartOf\":{\"@id\":\"https:\\\/\\\/diariodelsurdigital.com.ar\\\/?p=568\"},\"author\":{\"name\":\"Diario del Sur Digital\",\"@id\":\"https:\\\/\\\/diariodelsurdigital.com.ar\\\/#\\\/schema\\\/person\\\/1a4992532ed62965c968031b49195c81\"},\"headline\":\"Salarios m\u00e1s bajos, menos empleo y mayor desigualdad: advierten por impacto de la era Milei sobre el mercado de trabajo\",\"datePublished\":\"2025-01-14T16:09:31+00:00\",\"dateModified\":\"2025-01-14T16:09:32+00:00\",\"mainEntityOfPage\":{\"@id\":\"https:\\\/\\\/diariodelsurdigital.com.ar\\\/?p=568\"},\"wordCount\":583,\"commentCount\":0,\"image\":{\"@id\":\"https:\\\/\\\/diariodelsurdigital.com.ar\\\/?p=568#primaryimage\"},\"thumbnailUrl\":\"https:\\\/\\\/diariodelsurdigital.com.ar\\\/wp-content\\\/uploads\\\/2025\\\/01\\\/md-2025-01-14T130744.570.webp\",\"articleSection\":[\"Inter\u00e9s General\",\"Nacionales\"],\"inLanguage\":\"es\",\"potentialAction\":[{\"@type\":\"CommentAction\",\"name\":\"Comment\",\"target\":[\"https:\\\/\\\/diariodelsurdigital.com.ar\\\/?p=568#respond\"]}]},{\"@type\":\"WebPage\",\"@id\":\"https:\\\/\\\/diariodelsurdigital.com.ar\\\/?p=568\",\"url\":\"https:\\\/\\\/diariodelsurdigital.com.ar\\\/?p=568\",\"name\":\"Salarios m\u00e1s bajos, menos empleo y mayor desigualdad: advierten por impacto de la era Milei sobre el mercado de trabajo - Diario del Sur\",\"isPartOf\":{\"@id\":\"https:\\\/\\\/diariodelsurdigital.com.ar\\\/#website\"},\"primaryImageOfPage\":{\"@id\":\"https:\\\/\\\/diariodelsurdigital.com.ar\\\/?p=568#primaryimage\"},\"image\":{\"@id\":\"https:\\\/\\\/diariodelsurdigital.com.ar\\\/?p=568#primaryimage\"},\"thumbnailUrl\":\"https:\\\/\\\/diariodelsurdigital.com.ar\\\/wp-content\\\/uploads\\\/2025\\\/01\\\/md-2025-01-14T130744.570.webp\",\"datePublished\":\"2025-01-14T16:09:31+00:00\",\"dateModified\":\"2025-01-14T16:09:32+00:00\",\"author\":{\"@id\":\"https:\\\/\\\/diariodelsurdigital.com.ar\\\/#\\\/schema\\\/person\\\/1a4992532ed62965c968031b49195c81\"},\"breadcrumb\":{\"@id\":\"https:\\\/\\\/diariodelsurdigital.com.ar\\\/?p=568#breadcrumb\"},\"inLanguage\":\"es\",\"potentialAction\":[{\"@type\":\"ReadAction\",\"target\":[\"https:\\\/\\\/diariodelsurdigital.com.ar\\\/?p=568\"]}]},{\"@type\":\"ImageObject\",\"inLanguage\":\"es\",\"@id\":\"https:\\\/\\\/diariodelsurdigital.com.ar\\\/?p=568#primaryimage\",\"url\":\"https:\\\/\\\/diariodelsurdigital.com.ar\\\/wp-content\\\/uploads\\\/2025\\\/01\\\/md-2025-01-14T130744.570.webp\",\"contentUrl\":\"https:\\\/\\\/diariodelsurdigital.com.ar\\\/wp-content\\\/uploads\\\/2025\\\/01\\\/md-2025-01-14T130744.570.webp\",\"width\":992,\"height\":557},{\"@type\":\"BreadcrumbList\",\"@id\":\"https:\\\/\\\/diariodelsurdigital.com.ar\\\/?p=568#breadcrumb\",\"itemListElement\":[{\"@type\":\"ListItem\",\"position\":1,\"name\":\"Portada\",\"item\":\"https:\\\/\\\/diariodelsurdigital.com.ar\\\/\"},{\"@type\":\"ListItem\",\"position\":2,\"name\":\"Salarios m\u00e1s bajos, menos empleo y mayor desigualdad: advierten por impacto de la era Milei sobre el mercado de trabajo\"}]},{\"@type\":\"WebSite\",\"@id\":\"https:\\\/\\\/diariodelsurdigital.com.ar\\\/#website\",\"url\":\"https:\\\/\\\/diariodelsurdigital.com.ar\\\/\",\"name\":\"Diario del Sur\",\"description\":\"Digital\",\"potentialAction\":[{\"@type\":\"SearchAction\",\"target\":{\"@type\":\"EntryPoint\",\"urlTemplate\":\"https:\\\/\\\/diariodelsurdigital.com.ar\\\/?s={search_term_string}\"},\"query-input\":{\"@type\":\"PropertyValueSpecification\",\"valueRequired\":true,\"valueName\":\"search_term_string\"}}],\"inLanguage\":\"es\"},{\"@type\":\"Person\",\"@id\":\"https:\\\/\\\/diariodelsurdigital.com.ar\\\/#\\\/schema\\\/person\\\/1a4992532ed62965c968031b49195c81\",\"name\":\"Diario del Sur Digital\",\"image\":{\"@type\":\"ImageObject\",\"inLanguage\":\"es\",\"@id\":\"https:\\\/\\\/secure.gravatar.com\\\/avatar\\\/f0c7c47fc7146d19828273b9b8eda651c9c7ab583767e6338d3d3bee825adf76?s=96&d=mm&r=g\",\"url\":\"https:\\\/\\\/secure.gravatar.com\\\/avatar\\\/f0c7c47fc7146d19828273b9b8eda651c9c7ab583767e6338d3d3bee825adf76?s=96&d=mm&r=g\",\"contentUrl\":\"https:\\\/\\\/secure.gravatar.com\\\/avatar\\\/f0c7c47fc7146d19828273b9b8eda651c9c7ab583767e6338d3d3bee825adf76?s=96&d=mm&r=g\",\"caption\":\"Diario del Sur Digital\"},\"url\":\"https:\\\/\\\/diariodelsurdigital.com.ar\\\/?author=4\"}]}<\/script>\n<!-- \/ Yoast SEO plugin. -->","yoast_head_json":{"title":"Salarios m\u00e1s bajos, menos empleo y mayor desigualdad: advierten por impacto de la era Milei sobre el mercado de trabajo - Diario del Sur","robots":{"index":"index","follow":"follow","max-snippet":"max-snippet:-1","max-image-preview":"max-image-preview:large","max-video-preview":"max-video-preview:-1"},"canonical":"https:\/\/diariodelsurdigital.com.ar\/?p=568","og_locale":"es_ES","og_type":"article","og_title":"Salarios m\u00e1s bajos, menos empleo y mayor desigualdad: advierten por impacto de la era Milei sobre el mercado de trabajo - Diario del Sur","og_description":"La CTA public\u00f3 un informe en el cual refleja un deterioro en la mayor\u00eda de las variables vinculadas al mundo del trabajo desde diciembre de 2023. La excepci\u00f3n fue el fuerte incremento real de la AUH. Las pol\u00edticas econ\u00f3micas del Gobierno de Javier Milei durante su primer a\u00f1o de gesti\u00f3n generaron un impacto negativo sobre [&hellip;]","og_url":"https:\/\/diariodelsurdigital.com.ar\/?p=568","og_site_name":"Diario del Sur","article_published_time":"2025-01-14T16:09:31+00:00","article_modified_time":"2025-01-14T16:09:32+00:00","og_image":[{"width":992,"height":557,"url":"https:\/\/diariodelsurdigital.com.ar\/wp-content\/uploads\/2025\/01\/md-2025-01-14T130744.570.webp","type":"image\/webp"}],"author":"Diario del Sur Digital","twitter_card":"summary_large_image","twitter_misc":{"Escrito por":"Diario del Sur Digital","Tiempo de lectura":"3 minutos"},"schema":{"@context":"https:\/\/schema.org","@graph":[{"@type":"Article","@id":"https:\/\/diariodelsurdigital.com.ar\/?p=568#article","isPartOf":{"@id":"https:\/\/diariodelsurdigital.com.ar\/?p=568"},"author":{"name":"Diario del Sur Digital","@id":"https:\/\/diariodelsurdigital.com.ar\/#\/schema\/person\/1a4992532ed62965c968031b49195c81"},"headline":"Salarios m\u00e1s bajos, menos empleo y mayor desigualdad: advierten por impacto de la era Milei sobre el mercado de trabajo","datePublished":"2025-01-14T16:09:31+00:00","dateModified":"2025-01-14T16:09:32+00:00","mainEntityOfPage":{"@id":"https:\/\/diariodelsurdigital.com.ar\/?p=568"},"wordCount":583,"commentCount":0,"image":{"@id":"https:\/\/diariodelsurdigital.com.ar\/?p=568#primaryimage"},"thumbnailUrl":"https:\/\/diariodelsurdigital.com.ar\/wp-content\/uploads\/2025\/01\/md-2025-01-14T130744.570.webp","articleSection":["Inter\u00e9s General","Nacionales"],"inLanguage":"es","potentialAction":[{"@type":"CommentAction","name":"Comment","target":["https:\/\/diariodelsurdigital.com.ar\/?p=568#respond"]}]},{"@type":"WebPage","@id":"https:\/\/diariodelsurdigital.com.ar\/?p=568","url":"https:\/\/diariodelsurdigital.com.ar\/?p=568","name":"Salarios m\u00e1s bajos, menos empleo y mayor desigualdad: advierten por impacto de la era Milei sobre el mercado de trabajo - Diario del Sur","isPartOf":{"@id":"https:\/\/diariodelsurdigital.com.ar\/#website"},"primaryImageOfPage":{"@id":"https:\/\/diariodelsurdigital.com.ar\/?p=568#primaryimage"},"image":{"@id":"https:\/\/diariodelsurdigital.com.ar\/?p=568#primaryimage"},"thumbnailUrl":"https:\/\/diariodelsurdigital.com.ar\/wp-content\/uploads\/2025\/01\/md-2025-01-14T130744.570.webp","datePublished":"2025-01-14T16:09:31+00:00","dateModified":"2025-01-14T16:09:32+00:00","author":{"@id":"https:\/\/diariodelsurdigital.com.ar\/#\/schema\/person\/1a4992532ed62965c968031b49195c81"},"breadcrumb":{"@id":"https:\/\/diariodelsurdigital.com.ar\/?p=568#breadcrumb"},"inLanguage":"es","potentialAction":[{"@type":"ReadAction","target":["https:\/\/diariodelsurdigital.com.ar\/?p=568"]}]},{"@type":"ImageObject","inLanguage":"es","@id":"https:\/\/diariodelsurdigital.com.ar\/?p=568#primaryimage","url":"https:\/\/diariodelsurdigital.com.ar\/wp-content\/uploads\/2025\/01\/md-2025-01-14T130744.570.webp","contentUrl":"https:\/\/diariodelsurdigital.com.ar\/wp-content\/uploads\/2025\/01\/md-2025-01-14T130744.570.webp","width":992,"height":557},{"@type":"BreadcrumbList","@id":"https:\/\/diariodelsurdigital.com.ar\/?p=568#breadcrumb","itemListElement":[{"@type":"ListItem","position":1,"name":"Portada","item":"https:\/\/diariodelsurdigital.com.ar\/"},{"@type":"ListItem","position":2,"name":"Salarios m\u00e1s bajos, menos empleo y mayor desigualdad: advierten por impacto de la era Milei sobre el mercado de trabajo"}]},{"@type":"WebSite","@id":"https:\/\/diariodelsurdigital.com.ar\/#website","url":"https:\/\/diariodelsurdigital.com.ar\/","name":"Diario del Sur","description":"Digital","potentialAction":[{"@type":"SearchAction","target":{"@type":"EntryPoint","urlTemplate":"https:\/\/diariodelsurdigital.com.ar\/?s={search_term_string}"},"query-input":{"@type":"PropertyValueSpecification","valueRequired":true,"valueName":"search_term_string"}}],"inLanguage":"es"},{"@type":"Person","@id":"https:\/\/diariodelsurdigital.com.ar\/#\/schema\/person\/1a4992532ed62965c968031b49195c81","name":"Diario del Sur Digital","image":{"@type":"ImageObject","inLanguage":"es","@id":"https:\/\/secure.gravatar.com\/avatar\/f0c7c47fc7146d19828273b9b8eda651c9c7ab583767e6338d3d3bee825adf76?s=96&d=mm&r=g","url":"https:\/\/secure.gravatar.com\/avatar\/f0c7c47fc7146d19828273b9b8eda651c9c7ab583767e6338d3d3bee825adf76?s=96&d=mm&r=g","contentUrl":"https:\/\/secure.gravatar.com\/avatar\/f0c7c47fc7146d19828273b9b8eda651c9c7ab583767e6338d3d3bee825adf76?s=96&d=mm&r=g","caption":"Diario del Sur Digital"},"url":"https:\/\/diariodelsurdigital.com.ar\/?author=4"}]}},"_links":{"self":[{"href":"https:\/\/diariodelsurdigital.com.ar\/index.php?rest_route=\/wp\/v2\/posts\/568","targetHints":{"allow":["GET"]}}],"collection":[{"href":"https:\/\/diariodelsurdigital.com.ar\/index.php?rest_route=\/wp\/v2\/posts"}],"about":[{"href":"https:\/\/diariodelsurdigital.com.ar\/index.php?rest_route=\/wp\/v2\/types\/post"}],"author":[{"embeddable":true,"href":"https:\/\/diariodelsurdigital.com.ar\/index.php?rest_route=\/wp\/v2\/users\/4"}],"replies":[{"embeddable":true,"href":"https:\/\/diariodelsurdigital.com.ar\/index.php?rest_route=%2Fwp%2Fv2%2Fcomments&post=568"}],"version-history":[{"count":1,"href":"https:\/\/diariodelsurdigital.com.ar\/index.php?rest_route=\/wp\/v2\/posts\/568\/revisions"}],"predecessor-version":[{"id":570,"href":"https:\/\/diariodelsurdigital.com.ar\/index.php?rest_route=\/wp\/v2\/posts\/568\/revisions\/570"}],"wp:featuredmedia":[{"embeddable":true,"href":"https:\/\/diariodelsurdigital.com.ar\/index.php?rest_route=\/wp\/v2\/media\/569"}],"wp:attachment":[{"href":"https:\/\/diariodelsurdigital.com.ar\/index.php?rest_route=%2Fwp%2Fv2%2Fmedia&parent=568"}],"wp:term":[{"taxonomy":"category","embeddable":true,"href":"https:\/\/diariodelsurdigital.com.ar\/index.php?rest_route=%2Fwp%2Fv2%2Fcategories&post=568"},{"taxonomy":"post_tag","embeddable":true,"href":"https:\/\/diariodelsurdigital.com.ar\/index.php?rest_route=%2Fwp%2Fv2%2Ftags&post=568"}],"curies":[{"name":"wp","href":"https:\/\/api.w.org\/{rel}","templated":true}]}}