{"id":5680,"date":"2025-11-13T10:13:36","date_gmt":"2025-11-13T13:13:36","guid":{"rendered":"https:\/\/diariodelsurdigital.com.ar\/?p=5680"},"modified":"2025-11-13T10:13:37","modified_gmt":"2025-11-13T13:13:37","slug":"la-inflacion-de-octubre-fue-de-23-y-ya-supera-el-30-en-los-ultimos-doce-meses","status":"publish","type":"post","link":"https:\/\/diariodelsurdigital.com.ar\/?p=5680","title":{"rendered":"La inflaci\u00f3n de octubre fue de 2,3% y ya supera el 30% en los \u00faltimos doce meses"},"content":{"rendered":"\n<p>El Instituto Nacional de Estad\u00edstica y Censos (INDEC) dio a conocer este mi\u00e9rcoles el \u00cdndice de Precios al Consumidor (IPC) de octubre. Acumul\u00f3 un alza del 31,3% en los \u00faltimos doce meses.<\/p>\n\n\n\n<p>La divisi\u00f3n de mayor aumento en el mes fue Transporte (3,5%), seguida de Vivienda, agua, electricidad, gas y otros combustibles (2,8%).<\/p>\n\n\n\n<p>La divisi\u00f3n con mayor incidencia en la variaci\u00f3n mensual regional fue Alimentos y bebidas no alcoh\u00f3licas, a excepci\u00f3n de Patagonia, cuya mayor incidencia se registr\u00f3 en Vivienda, agua, electricidad, gas y otros combustibles.<\/p>\n\n\n\n<p>Las dos divisiones que registraron las menores variaciones fueron Equipamiento y mantenimiento del hogar y Recreaci\u00f3n y cultura, ambas con 1,6%.<\/p>\n\n\n\n<p>A nivel de las categor\u00edas, los precios Estacionales (2,8%) lideraron el incremento, seguidos por Regulados (2,6%) e IPC n\u00facleo (2,2%).<\/p>\n\n\n\n<p>Tras conocerse el dato, el ministro de Econom\u00eda, Luis Caputo, se expres\u00f3 en su cuenta de X: \u201cLa variaci\u00f3n interanual del IPC Nacional fue de 31,3%, registr\u00e1ndose dieciocho meses consecutivos de desaceleraci\u00f3n en la comparaci\u00f3n contra igual mes del a\u00f1o anterior. Esta variaci\u00f3n interanual es la m\u00e1s baja desde julio de 2018\u2033.<\/p>\n\n\n\n<p>En esa l\u00ednea, asegur\u00f3 que la inflaci\u00f3n acumulada en los primeros 10 meses del a\u00f1o es la menor para este per\u00edodo del a\u00f1o desde 2017, que fue de 19,4%.<\/p>\n\n\n\n<p>\u201cEl proceso de desinflaci\u00f3n continu\u00f3 a pesar de la ca\u00edda en la demanda de dinero generada por la incertidumbre electoral y los intentos de la oposici\u00f3n de romper el ancla fiscal en los \u00faltimos meses. Esto refleja la solidez del programa econ\u00f3mico y el \u00e9xito del orden fiscal y monetario en reducir el impacto de la volatilidad financiera sobre el poder adquisitivo de los argentinos\u201d, destac\u00f3.<\/p>\n","protected":false},"excerpt":{"rendered":"<p>El Instituto Nacional de Estad\u00edstica y Censos (INDEC) dio a conocer este mi\u00e9rcoles el \u00cdndice de Precios al Consumidor (IPC) de octubre. Acumul\u00f3 un alza del 31,3% en los \u00faltimos doce meses. La divisi\u00f3n de mayor aumento en el mes fue Transporte (3,5%), seguida de Vivienda, agua, electricidad, gas y otros combustibles (2,8%). La divisi\u00f3n [&hellip;]<\/p>\n","protected":false},"author":4,"featured_media":5681,"comment_status":"open","ping_status":"open","sticky":false,"template":"","format":"standard","meta":{"footnotes":""},"categories":[19,18],"tags":[],"class_list":{"0":"post-5680","1":"post","2":"type-post","3":"status-publish","4":"format-standard","5":"has-post-thumbnail","7":"category-interes-general","8":"category-nacionales"},"yoast_head":"<!-- This site is optimized with the Yoast SEO plugin v27.4 - https:\/\/yoast.com\/product\/yoast-seo-wordpress\/ -->\n<title>La inflaci\u00f3n de octubre fue de 2,3% y ya supera el 30% en los \u00faltimos doce meses - Diario del Sur<\/title>\n<meta name=\"robots\" content=\"index, follow, max-snippet:-1, max-image-preview:large, max-video-preview:-1\" \/>\n<link rel=\"canonical\" href=\"https:\/\/diariodelsurdigital.com.ar\/?p=5680\" \/>\n<meta property=\"og:locale\" content=\"es_ES\" \/>\n<meta property=\"og:type\" content=\"article\" \/>\n<meta property=\"og:title\" content=\"La inflaci\u00f3n de octubre fue de 2,3% y ya supera el 30% en los \u00faltimos doce meses - Diario del Sur\" \/>\n<meta property=\"og:description\" content=\"El Instituto Nacional de Estad\u00edstica y Censos (INDEC) dio a conocer este mi\u00e9rcoles el \u00cdndice de Precios al Consumidor (IPC) de octubre. Acumul\u00f3 un alza del 31,3% en los \u00faltimos doce meses. La divisi\u00f3n de mayor aumento en el mes fue Transporte (3,5%), seguida de Vivienda, agua, electricidad, gas y otros combustibles (2,8%). La divisi\u00f3n [&hellip;]\" \/>\n<meta property=\"og:url\" content=\"https:\/\/diariodelsurdigital.com.ar\/?p=5680\" \/>\n<meta property=\"og:site_name\" content=\"Diario del Sur\" \/>\n<meta property=\"article:published_time\" content=\"2025-11-13T13:13:36+00:00\" \/>\n<meta property=\"article:modified_time\" content=\"2025-11-13T13:13:37+00:00\" \/>\n<meta property=\"og:image\" content=\"https:\/\/diariodelsurdigital.com.ar\/wp-content\/uploads\/2025\/11\/md-15-1.webp\" \/>\n\t<meta property=\"og:image:width\" content=\"992\" \/>\n\t<meta property=\"og:image:height\" content=\"576\" \/>\n\t<meta property=\"og:image:type\" content=\"image\/webp\" \/>\n<meta name=\"author\" content=\"Diario del Sur Digital\" \/>\n<meta name=\"twitter:card\" content=\"summary_large_image\" \/>\n<meta name=\"twitter:label1\" content=\"Escrito por\" \/>\n\t<meta name=\"twitter:data1\" content=\"Diario del Sur Digital\" \/>\n\t<meta name=\"twitter:label2\" content=\"Tiempo de lectura\" \/>\n\t<meta name=\"twitter:data2\" content=\"2 minutos\" \/>\n<script type=\"application\/ld+json\" class=\"yoast-schema-graph\">{\"@context\":\"https:\\\/\\\/schema.org\",\"@graph\":[{\"@type\":\"Article\",\"@id\":\"https:\\\/\\\/diariodelsurdigital.com.ar\\\/?p=5680#article\",\"isPartOf\":{\"@id\":\"https:\\\/\\\/diariodelsurdigital.com.ar\\\/?p=5680\"},\"author\":{\"name\":\"Diario del Sur Digital\",\"@id\":\"https:\\\/\\\/diariodelsurdigital.com.ar\\\/#\\\/schema\\\/person\\\/1a4992532ed62965c968031b49195c81\"},\"headline\":\"La inflaci\u00f3n de octubre fue de 2,3% y ya supera el 30% en los \u00faltimos doce meses\",\"datePublished\":\"2025-11-13T13:13:36+00:00\",\"dateModified\":\"2025-11-13T13:13:37+00:00\",\"mainEntityOfPage\":{\"@id\":\"https:\\\/\\\/diariodelsurdigital.com.ar\\\/?p=5680\"},\"wordCount\":305,\"commentCount\":0,\"image\":{\"@id\":\"https:\\\/\\\/diariodelsurdigital.com.ar\\\/?p=5680#primaryimage\"},\"thumbnailUrl\":\"https:\\\/\\\/diariodelsurdigital.com.ar\\\/wp-content\\\/uploads\\\/2025\\\/11\\\/md-15-1.webp\",\"articleSection\":[\"Inter\u00e9s General\",\"Nacionales\"],\"inLanguage\":\"es\",\"potentialAction\":[{\"@type\":\"CommentAction\",\"name\":\"Comment\",\"target\":[\"https:\\\/\\\/diariodelsurdigital.com.ar\\\/?p=5680#respond\"]}]},{\"@type\":\"WebPage\",\"@id\":\"https:\\\/\\\/diariodelsurdigital.com.ar\\\/?p=5680\",\"url\":\"https:\\\/\\\/diariodelsurdigital.com.ar\\\/?p=5680\",\"name\":\"La inflaci\u00f3n de octubre fue de 2,3% y ya supera el 30% en los \u00faltimos doce meses - Diario del Sur\",\"isPartOf\":{\"@id\":\"https:\\\/\\\/diariodelsurdigital.com.ar\\\/#website\"},\"primaryImageOfPage\":{\"@id\":\"https:\\\/\\\/diariodelsurdigital.com.ar\\\/?p=5680#primaryimage\"},\"image\":{\"@id\":\"https:\\\/\\\/diariodelsurdigital.com.ar\\\/?p=5680#primaryimage\"},\"thumbnailUrl\":\"https:\\\/\\\/diariodelsurdigital.com.ar\\\/wp-content\\\/uploads\\\/2025\\\/11\\\/md-15-1.webp\",\"datePublished\":\"2025-11-13T13:13:36+00:00\",\"dateModified\":\"2025-11-13T13:13:37+00:00\",\"author\":{\"@id\":\"https:\\\/\\\/diariodelsurdigital.com.ar\\\/#\\\/schema\\\/person\\\/1a4992532ed62965c968031b49195c81\"},\"breadcrumb\":{\"@id\":\"https:\\\/\\\/diariodelsurdigital.com.ar\\\/?p=5680#breadcrumb\"},\"inLanguage\":\"es\",\"potentialAction\":[{\"@type\":\"ReadAction\",\"target\":[\"https:\\\/\\\/diariodelsurdigital.com.ar\\\/?p=5680\"]}]},{\"@type\":\"ImageObject\",\"inLanguage\":\"es\",\"@id\":\"https:\\\/\\\/diariodelsurdigital.com.ar\\\/?p=5680#primaryimage\",\"url\":\"https:\\\/\\\/diariodelsurdigital.com.ar\\\/wp-content\\\/uploads\\\/2025\\\/11\\\/md-15-1.webp\",\"contentUrl\":\"https:\\\/\\\/diariodelsurdigital.com.ar\\\/wp-content\\\/uploads\\\/2025\\\/11\\\/md-15-1.webp\",\"width\":992,\"height\":576},{\"@type\":\"BreadcrumbList\",\"@id\":\"https:\\\/\\\/diariodelsurdigital.com.ar\\\/?p=5680#breadcrumb\",\"itemListElement\":[{\"@type\":\"ListItem\",\"position\":1,\"name\":\"Portada\",\"item\":\"https:\\\/\\\/diariodelsurdigital.com.ar\\\/\"},{\"@type\":\"ListItem\",\"position\":2,\"name\":\"La inflaci\u00f3n de octubre fue de 2,3% y ya supera el 30% en los \u00faltimos doce meses\"}]},{\"@type\":\"WebSite\",\"@id\":\"https:\\\/\\\/diariodelsurdigital.com.ar\\\/#website\",\"url\":\"https:\\\/\\\/diariodelsurdigital.com.ar\\\/\",\"name\":\"Diario del Sur\",\"description\":\"Digital\",\"potentialAction\":[{\"@type\":\"SearchAction\",\"target\":{\"@type\":\"EntryPoint\",\"urlTemplate\":\"https:\\\/\\\/diariodelsurdigital.com.ar\\\/?s={search_term_string}\"},\"query-input\":{\"@type\":\"PropertyValueSpecification\",\"valueRequired\":true,\"valueName\":\"search_term_string\"}}],\"inLanguage\":\"es\"},{\"@type\":\"Person\",\"@id\":\"https:\\\/\\\/diariodelsurdigital.com.ar\\\/#\\\/schema\\\/person\\\/1a4992532ed62965c968031b49195c81\",\"name\":\"Diario del Sur Digital\",\"image\":{\"@type\":\"ImageObject\",\"inLanguage\":\"es\",\"@id\":\"https:\\\/\\\/secure.gravatar.com\\\/avatar\\\/f0c7c47fc7146d19828273b9b8eda651c9c7ab583767e6338d3d3bee825adf76?s=96&d=mm&r=g\",\"url\":\"https:\\\/\\\/secure.gravatar.com\\\/avatar\\\/f0c7c47fc7146d19828273b9b8eda651c9c7ab583767e6338d3d3bee825adf76?s=96&d=mm&r=g\",\"contentUrl\":\"https:\\\/\\\/secure.gravatar.com\\\/avatar\\\/f0c7c47fc7146d19828273b9b8eda651c9c7ab583767e6338d3d3bee825adf76?s=96&d=mm&r=g\",\"caption\":\"Diario del Sur Digital\"},\"url\":\"https:\\\/\\\/diariodelsurdigital.com.ar\\\/?author=4\"}]}<\/script>\n<!-- \/ Yoast SEO plugin. -->","yoast_head_json":{"title":"La inflaci\u00f3n de octubre fue de 2,3% y ya supera el 30% en los \u00faltimos doce meses - Diario del Sur","robots":{"index":"index","follow":"follow","max-snippet":"max-snippet:-1","max-image-preview":"max-image-preview:large","max-video-preview":"max-video-preview:-1"},"canonical":"https:\/\/diariodelsurdigital.com.ar\/?p=5680","og_locale":"es_ES","og_type":"article","og_title":"La inflaci\u00f3n de octubre fue de 2,3% y ya supera el 30% en los \u00faltimos doce meses - Diario del Sur","og_description":"El Instituto Nacional de Estad\u00edstica y Censos (INDEC) dio a conocer este mi\u00e9rcoles el \u00cdndice de Precios al Consumidor (IPC) de octubre. Acumul\u00f3 un alza del 31,3% en los \u00faltimos doce meses. La divisi\u00f3n de mayor aumento en el mes fue Transporte (3,5%), seguida de Vivienda, agua, electricidad, gas y otros combustibles (2,8%). La divisi\u00f3n [&hellip;]","og_url":"https:\/\/diariodelsurdigital.com.ar\/?p=5680","og_site_name":"Diario del Sur","article_published_time":"2025-11-13T13:13:36+00:00","article_modified_time":"2025-11-13T13:13:37+00:00","og_image":[{"width":992,"height":576,"url":"https:\/\/diariodelsurdigital.com.ar\/wp-content\/uploads\/2025\/11\/md-15-1.webp","type":"image\/webp"}],"author":"Diario del Sur Digital","twitter_card":"summary_large_image","twitter_misc":{"Escrito por":"Diario del Sur Digital","Tiempo de lectura":"2 minutos"},"schema":{"@context":"https:\/\/schema.org","@graph":[{"@type":"Article","@id":"https:\/\/diariodelsurdigital.com.ar\/?p=5680#article","isPartOf":{"@id":"https:\/\/diariodelsurdigital.com.ar\/?p=5680"},"author":{"name":"Diario del Sur Digital","@id":"https:\/\/diariodelsurdigital.com.ar\/#\/schema\/person\/1a4992532ed62965c968031b49195c81"},"headline":"La inflaci\u00f3n de octubre fue de 2,3% y ya supera el 30% en los \u00faltimos doce meses","datePublished":"2025-11-13T13:13:36+00:00","dateModified":"2025-11-13T13:13:37+00:00","mainEntityOfPage":{"@id":"https:\/\/diariodelsurdigital.com.ar\/?p=5680"},"wordCount":305,"commentCount":0,"image":{"@id":"https:\/\/diariodelsurdigital.com.ar\/?p=5680#primaryimage"},"thumbnailUrl":"https:\/\/diariodelsurdigital.com.ar\/wp-content\/uploads\/2025\/11\/md-15-1.webp","articleSection":["Inter\u00e9s General","Nacionales"],"inLanguage":"es","potentialAction":[{"@type":"CommentAction","name":"Comment","target":["https:\/\/diariodelsurdigital.com.ar\/?p=5680#respond"]}]},{"@type":"WebPage","@id":"https:\/\/diariodelsurdigital.com.ar\/?p=5680","url":"https:\/\/diariodelsurdigital.com.ar\/?p=5680","name":"La inflaci\u00f3n de octubre fue de 2,3% y ya supera el 30% en los \u00faltimos doce meses - Diario del Sur","isPartOf":{"@id":"https:\/\/diariodelsurdigital.com.ar\/#website"},"primaryImageOfPage":{"@id":"https:\/\/diariodelsurdigital.com.ar\/?p=5680#primaryimage"},"image":{"@id":"https:\/\/diariodelsurdigital.com.ar\/?p=5680#primaryimage"},"thumbnailUrl":"https:\/\/diariodelsurdigital.com.ar\/wp-content\/uploads\/2025\/11\/md-15-1.webp","datePublished":"2025-11-13T13:13:36+00:00","dateModified":"2025-11-13T13:13:37+00:00","author":{"@id":"https:\/\/diariodelsurdigital.com.ar\/#\/schema\/person\/1a4992532ed62965c968031b49195c81"},"breadcrumb":{"@id":"https:\/\/diariodelsurdigital.com.ar\/?p=5680#breadcrumb"},"inLanguage":"es","potentialAction":[{"@type":"ReadAction","target":["https:\/\/diariodelsurdigital.com.ar\/?p=5680"]}]},{"@type":"ImageObject","inLanguage":"es","@id":"https:\/\/diariodelsurdigital.com.ar\/?p=5680#primaryimage","url":"https:\/\/diariodelsurdigital.com.ar\/wp-content\/uploads\/2025\/11\/md-15-1.webp","contentUrl":"https:\/\/diariodelsurdigital.com.ar\/wp-content\/uploads\/2025\/11\/md-15-1.webp","width":992,"height":576},{"@type":"BreadcrumbList","@id":"https:\/\/diariodelsurdigital.com.ar\/?p=5680#breadcrumb","itemListElement":[{"@type":"ListItem","position":1,"name":"Portada","item":"https:\/\/diariodelsurdigital.com.ar\/"},{"@type":"ListItem","position":2,"name":"La inflaci\u00f3n de octubre fue de 2,3% y ya supera el 30% en los \u00faltimos doce meses"}]},{"@type":"WebSite","@id":"https:\/\/diariodelsurdigital.com.ar\/#website","url":"https:\/\/diariodelsurdigital.com.ar\/","name":"Diario del Sur","description":"Digital","potentialAction":[{"@type":"SearchAction","target":{"@type":"EntryPoint","urlTemplate":"https:\/\/diariodelsurdigital.com.ar\/?s={search_term_string}"},"query-input":{"@type":"PropertyValueSpecification","valueRequired":true,"valueName":"search_term_string"}}],"inLanguage":"es"},{"@type":"Person","@id":"https:\/\/diariodelsurdigital.com.ar\/#\/schema\/person\/1a4992532ed62965c968031b49195c81","name":"Diario del Sur Digital","image":{"@type":"ImageObject","inLanguage":"es","@id":"https:\/\/secure.gravatar.com\/avatar\/f0c7c47fc7146d19828273b9b8eda651c9c7ab583767e6338d3d3bee825adf76?s=96&d=mm&r=g","url":"https:\/\/secure.gravatar.com\/avatar\/f0c7c47fc7146d19828273b9b8eda651c9c7ab583767e6338d3d3bee825adf76?s=96&d=mm&r=g","contentUrl":"https:\/\/secure.gravatar.com\/avatar\/f0c7c47fc7146d19828273b9b8eda651c9c7ab583767e6338d3d3bee825adf76?s=96&d=mm&r=g","caption":"Diario del Sur Digital"},"url":"https:\/\/diariodelsurdigital.com.ar\/?author=4"}]}},"_links":{"self":[{"href":"https:\/\/diariodelsurdigital.com.ar\/index.php?rest_route=\/wp\/v2\/posts\/5680","targetHints":{"allow":["GET"]}}],"collection":[{"href":"https:\/\/diariodelsurdigital.com.ar\/index.php?rest_route=\/wp\/v2\/posts"}],"about":[{"href":"https:\/\/diariodelsurdigital.com.ar\/index.php?rest_route=\/wp\/v2\/types\/post"}],"author":[{"embeddable":true,"href":"https:\/\/diariodelsurdigital.com.ar\/index.php?rest_route=\/wp\/v2\/users\/4"}],"replies":[{"embeddable":true,"href":"https:\/\/diariodelsurdigital.com.ar\/index.php?rest_route=%2Fwp%2Fv2%2Fcomments&post=5680"}],"version-history":[{"count":1,"href":"https:\/\/diariodelsurdigital.com.ar\/index.php?rest_route=\/wp\/v2\/posts\/5680\/revisions"}],"predecessor-version":[{"id":5682,"href":"https:\/\/diariodelsurdigital.com.ar\/index.php?rest_route=\/wp\/v2\/posts\/5680\/revisions\/5682"}],"wp:featuredmedia":[{"embeddable":true,"href":"https:\/\/diariodelsurdigital.com.ar\/index.php?rest_route=\/wp\/v2\/media\/5681"}],"wp:attachment":[{"href":"https:\/\/diariodelsurdigital.com.ar\/index.php?rest_route=%2Fwp%2Fv2%2Fmedia&parent=5680"}],"wp:term":[{"taxonomy":"category","embeddable":true,"href":"https:\/\/diariodelsurdigital.com.ar\/index.php?rest_route=%2Fwp%2Fv2%2Fcategories&post=5680"},{"taxonomy":"post_tag","embeddable":true,"href":"https:\/\/diariodelsurdigital.com.ar\/index.php?rest_route=%2Fwp%2Fv2%2Ftags&post=5680"}],"curies":[{"name":"wp","href":"https:\/\/api.w.org\/{rel}","templated":true}]}}