{"id":5688,"date":"2025-11-13T12:40:18","date_gmt":"2025-11-13T15:40:18","guid":{"rendered":"https:\/\/diariodelsurdigital.com.ar\/?p=5688"},"modified":"2025-11-13T12:40:21","modified_gmt":"2025-11-13T15:40:21","slug":"que-se-sabe-del-allanamiento-a-la-casa-de-tarragona-en-causa-por-tenencia-de-material-de-abuso-infantil","status":"publish","type":"post","link":"https:\/\/diariodelsurdigital.com.ar\/?p=5688","title":{"rendered":"\u00bfQu\u00e9 se sabe del allanamiento a la casa de Tarragona, en causa por tenencia de material de abuso infantil?"},"content":{"rendered":"\n<figure class=\"wp-block-image\"><img decoding=\"async\" src=\"https:\/\/media.elentrerios.com\/fotos-v2\/2025\/11\/13\/l_1763046958.jpg\" alt=\"Una de las fotos difundidas del allanamiento.\" title=\"Una de las fotos difundidas del allanamiento.\"\/><\/figure>\n\n\n\n<p>La vivienda donde actualmente reside el delantero de Uni\u00f3n de Santa Fe y exjugador de Patronato de Paran\u00e1 y Colegiales de Concordia, Cristian Tarragona, fue allanada este jueves por personal de la Polic\u00eda de Investigaciones (PDI) y de la secci\u00f3n Trata de Personas, \u201cquienes aclararon que el futbolista no se encuentra dentro del grupo de personas implicadas en la causa\u201d, public\u00f3 \u201cLa Voz\u201d de C\u00f3rdoba.<\/p>\n\n\n\n<h3 class=\"wp-block-heading\">\u00abEscudos para la ni\u00f1ez\u00bb<\/h3>\n\n\n\n<p>En tanto, seg\u00fan inform\u00f3 el sitio web del canal TN, el procedimiento se llev\u00f3 a cabo en una casa ubicada en la Manzana 7 de Alto Verde, Santa Fe, donde actualmente reside el futbolista de 34 a\u00f1os y tambi\u00e9n sus familiares.<\/p>\n\n\n\n<p>El allanamiento forma parte de una investigaci\u00f3n internacional de alta complejidad denominada \u201cEscudos para la ni\u00f1ez\u201d. Este programa, que incluye procedimientos simult\u00e1neos en otros puntos de la provincia, como Villa Constituci\u00f3n, busca espec\u00edficamente secuestrar elementos de inter\u00e9s para la causa, principalmente dispositivos electr\u00f3nicos con contenido de abuso sexual infantil.<\/p>\n\n\n\n<p>Fuentes de la investigaci\u00f3n adelantaron que, si bien Tarragona vive en el domicilio allanado, \u201cno est\u00e1 identificada la persona del grupo\u201d implicada en la investigaci\u00f3n. De hecho, el futbolista se encontraba camino al entrenamiento cuando arrib\u00f3 la polic\u00eda al lugar.<\/p>\n\n\n\n<p>Rolando Galfrascoli, director de Investigaciones del Ministerio de Justicia y Seguridad, explic\u00f3 que la investigaci\u00f3n \u201cse enmarca en un programa internacional que tiene que ver con el combate al delito de la pornograf\u00eda infantil: Escudo Protector\u201d.<\/p>\n\n\n\n<p>En concreto, detall\u00f3 que se llevaron a cabo dos allanamientos, uno en Villa Constituci\u00f3n y otro en Alto Verde, y que en ambos se secuestr\u00f3 material que puede ser valioso para la investigaci\u00f3n, as\u00ed como elementos inform\u00e1ticos que ser\u00e1n peritados.<br>Tambi\u00e9n detall\u00f3 que la causa est\u00e1 a cargo de los fiscales Ignacio Suasnabar y Mat\u00edas Broggi. \u201cNo vamos a dar nombres ni situaciones particulares, y no hay ninguna privaci\u00f3n de libertad dispuesta. Vamos a preservar las identidades porque es un delito muy delicado que ata\u00f1e a menores de edad\u201d, enfatiz\u00f3.<\/p>\n\n\n\n<h3 class=\"wp-block-heading\">Sobre Cristian Tarragona<\/h3>\n\n\n\n<p>El delantero de 34 a\u00f1os es reconocido en el f\u00fatbol argentino debido a su extensa trayectoria profesional. El club Uni\u00f3n de Santa Fe es el 15\u00b0 equipo de su carrera. Lleg\u00f3 all\u00ed como jugador libre en el \u00faltimo mercado de pases, luego de finalizar su v\u00ednculo con Talleres de C\u00f3rdoba a donde hab\u00eda llegado en 2024, proveniente de San Lorenzo.<\/p>\n\n\n\n<p>Durante su paso por el conjunto cordob\u00e9s, el atacante disput\u00f3 38 partidos, convirti\u00f3 cinco goles y se consagr\u00f3 campe\u00f3n de la Supercopa Internacional. Otros clubes por los que pas\u00f3 incluyen V\u00e9lez, Gimnasia La Plata, Patronato de Paran\u00e1 (en la temporada 2019-2020), Temperley y Platense, adem\u00e1s de una experiencia en el Atlante de M\u00e9xico. Antes, entre 2013 y 2014 jug\u00f3 en Colegiales de Concordia.<\/p>\n\n\n\n<p>Fuente: El Entre Rios<\/p>\n","protected":false},"excerpt":{"rendered":"<p>La vivienda donde actualmente reside el delantero de Uni\u00f3n de Santa Fe y exjugador de Patronato de Paran\u00e1 y Colegiales de Concordia, Cristian Tarragona, fue allanada este jueves por personal de la Polic\u00eda de Investigaciones (PDI) y de la secci\u00f3n Trata de Personas, \u201cquienes aclararon que el futbolista no se encuentra dentro del grupo de [&hellip;]<\/p>\n","protected":false},"author":3,"featured_media":5689,"comment_status":"open","ping_status":"open","sticky":false,"template":"","format":"standard","meta":{"footnotes":""},"categories":[21],"tags":[],"class_list":{"0":"post-5688","1":"post","2":"type-post","3":"status-publish","4":"format-standard","5":"has-post-thumbnail","7":"category-policiales"},"yoast_head":"<!-- This site is optimized with the Yoast SEO plugin v27.4 - https:\/\/yoast.com\/product\/yoast-seo-wordpress\/ -->\n<title>\u00bfQu\u00e9 se sabe del allanamiento a la casa de Tarragona, en causa por tenencia de material de abuso infantil? - Diario del Sur<\/title>\n<meta name=\"robots\" content=\"index, follow, max-snippet:-1, max-image-preview:large, max-video-preview:-1\" \/>\n<link rel=\"canonical\" href=\"https:\/\/diariodelsurdigital.com.ar\/?p=5688\" \/>\n<meta property=\"og:locale\" content=\"es_ES\" \/>\n<meta property=\"og:type\" content=\"article\" \/>\n<meta property=\"og:title\" content=\"\u00bfQu\u00e9 se sabe del allanamiento a la casa de Tarragona, en causa por tenencia de material de abuso infantil? - Diario del Sur\" \/>\n<meta property=\"og:description\" content=\"La vivienda donde actualmente reside el delantero de Uni\u00f3n de Santa Fe y exjugador de Patronato de Paran\u00e1 y Colegiales de Concordia, Cristian Tarragona, fue allanada este jueves por personal de la Polic\u00eda de Investigaciones (PDI) y de la secci\u00f3n Trata de Personas, \u201cquienes aclararon que el futbolista no se encuentra dentro del grupo de [&hellip;]\" \/>\n<meta property=\"og:url\" content=\"https:\/\/diariodelsurdigital.com.ar\/?p=5688\" \/>\n<meta property=\"og:site_name\" content=\"Diario del Sur\" \/>\n<meta property=\"article:published_time\" content=\"2025-11-13T15:40:18+00:00\" \/>\n<meta property=\"article:modified_time\" content=\"2025-11-13T15:40:21+00:00\" \/>\n<meta property=\"og:image\" content=\"https:\/\/diariodelsurdigital.com.ar\/wp-content\/uploads\/2025\/11\/l_1763046958.jpg\" \/>\n\t<meta property=\"og:image:width\" content=\"870\" \/>\n\t<meta property=\"og:image:height\" content=\"580\" \/>\n\t<meta property=\"og:image:type\" content=\"image\/jpeg\" \/>\n<meta name=\"author\" content=\"Diario del Sur Digital\" \/>\n<meta name=\"twitter:card\" content=\"summary_large_image\" \/>\n<meta name=\"twitter:label1\" content=\"Escrito por\" \/>\n\t<meta name=\"twitter:data1\" content=\"Diario del Sur Digital\" \/>\n\t<meta name=\"twitter:label2\" content=\"Tiempo de lectura\" \/>\n\t<meta name=\"twitter:data2\" content=\"3 minutos\" \/>\n<script type=\"application\/ld+json\" class=\"yoast-schema-graph\">{\"@context\":\"https:\\\/\\\/schema.org\",\"@graph\":[{\"@type\":\"Article\",\"@id\":\"https:\\\/\\\/diariodelsurdigital.com.ar\\\/?p=5688#article\",\"isPartOf\":{\"@id\":\"https:\\\/\\\/diariodelsurdigital.com.ar\\\/?p=5688\"},\"author\":{\"name\":\"Diario del Sur Digital\",\"@id\":\"https:\\\/\\\/diariodelsurdigital.com.ar\\\/#\\\/schema\\\/person\\\/d794acb23337e88c6e4004a39c32be62\"},\"headline\":\"\u00bfQu\u00e9 se sabe del allanamiento a la casa de Tarragona, en causa por tenencia de material de abuso infantil?\",\"datePublished\":\"2025-11-13T15:40:18+00:00\",\"dateModified\":\"2025-11-13T15:40:21+00:00\",\"mainEntityOfPage\":{\"@id\":\"https:\\\/\\\/diariodelsurdigital.com.ar\\\/?p=5688\"},\"wordCount\":505,\"commentCount\":0,\"image\":{\"@id\":\"https:\\\/\\\/diariodelsurdigital.com.ar\\\/?p=5688#primaryimage\"},\"thumbnailUrl\":\"https:\\\/\\\/diariodelsurdigital.com.ar\\\/wp-content\\\/uploads\\\/2025\\\/11\\\/l_1763046958.jpg\",\"articleSection\":[\"Policiales\"],\"inLanguage\":\"es\",\"potentialAction\":[{\"@type\":\"CommentAction\",\"name\":\"Comment\",\"target\":[\"https:\\\/\\\/diariodelsurdigital.com.ar\\\/?p=5688#respond\"]}]},{\"@type\":\"WebPage\",\"@id\":\"https:\\\/\\\/diariodelsurdigital.com.ar\\\/?p=5688\",\"url\":\"https:\\\/\\\/diariodelsurdigital.com.ar\\\/?p=5688\",\"name\":\"\u00bfQu\u00e9 se sabe del allanamiento a la casa de Tarragona, en causa por tenencia de material de abuso infantil? - Diario del Sur\",\"isPartOf\":{\"@id\":\"https:\\\/\\\/diariodelsurdigital.com.ar\\\/#website\"},\"primaryImageOfPage\":{\"@id\":\"https:\\\/\\\/diariodelsurdigital.com.ar\\\/?p=5688#primaryimage\"},\"image\":{\"@id\":\"https:\\\/\\\/diariodelsurdigital.com.ar\\\/?p=5688#primaryimage\"},\"thumbnailUrl\":\"https:\\\/\\\/diariodelsurdigital.com.ar\\\/wp-content\\\/uploads\\\/2025\\\/11\\\/l_1763046958.jpg\",\"datePublished\":\"2025-11-13T15:40:18+00:00\",\"dateModified\":\"2025-11-13T15:40:21+00:00\",\"author\":{\"@id\":\"https:\\\/\\\/diariodelsurdigital.com.ar\\\/#\\\/schema\\\/person\\\/d794acb23337e88c6e4004a39c32be62\"},\"breadcrumb\":{\"@id\":\"https:\\\/\\\/diariodelsurdigital.com.ar\\\/?p=5688#breadcrumb\"},\"inLanguage\":\"es\",\"potentialAction\":[{\"@type\":\"ReadAction\",\"target\":[\"https:\\\/\\\/diariodelsurdigital.com.ar\\\/?p=5688\"]}]},{\"@type\":\"ImageObject\",\"inLanguage\":\"es\",\"@id\":\"https:\\\/\\\/diariodelsurdigital.com.ar\\\/?p=5688#primaryimage\",\"url\":\"https:\\\/\\\/diariodelsurdigital.com.ar\\\/wp-content\\\/uploads\\\/2025\\\/11\\\/l_1763046958.jpg\",\"contentUrl\":\"https:\\\/\\\/diariodelsurdigital.com.ar\\\/wp-content\\\/uploads\\\/2025\\\/11\\\/l_1763046958.jpg\",\"width\":870,\"height\":580},{\"@type\":\"BreadcrumbList\",\"@id\":\"https:\\\/\\\/diariodelsurdigital.com.ar\\\/?p=5688#breadcrumb\",\"itemListElement\":[{\"@type\":\"ListItem\",\"position\":1,\"name\":\"Portada\",\"item\":\"https:\\\/\\\/diariodelsurdigital.com.ar\\\/\"},{\"@type\":\"ListItem\",\"position\":2,\"name\":\"\u00bfQu\u00e9 se sabe del allanamiento a la casa de Tarragona, en causa por tenencia de material de abuso infantil?\"}]},{\"@type\":\"WebSite\",\"@id\":\"https:\\\/\\\/diariodelsurdigital.com.ar\\\/#website\",\"url\":\"https:\\\/\\\/diariodelsurdigital.com.ar\\\/\",\"name\":\"Diario del Sur\",\"description\":\"Digital\",\"potentialAction\":[{\"@type\":\"SearchAction\",\"target\":{\"@type\":\"EntryPoint\",\"urlTemplate\":\"https:\\\/\\\/diariodelsurdigital.com.ar\\\/?s={search_term_string}\"},\"query-input\":{\"@type\":\"PropertyValueSpecification\",\"valueRequired\":true,\"valueName\":\"search_term_string\"}}],\"inLanguage\":\"es\"},{\"@type\":\"Person\",\"@id\":\"https:\\\/\\\/diariodelsurdigital.com.ar\\\/#\\\/schema\\\/person\\\/d794acb23337e88c6e4004a39c32be62\",\"name\":\"Diario del Sur Digital\",\"image\":{\"@type\":\"ImageObject\",\"inLanguage\":\"es\",\"@id\":\"https:\\\/\\\/secure.gravatar.com\\\/avatar\\\/47679bcfa15734cfdefc176b6ad58adeeccac22b2e03e095ada6c622af2b463a?s=96&d=mm&r=g\",\"url\":\"https:\\\/\\\/secure.gravatar.com\\\/avatar\\\/47679bcfa15734cfdefc176b6ad58adeeccac22b2e03e095ada6c622af2b463a?s=96&d=mm&r=g\",\"contentUrl\":\"https:\\\/\\\/secure.gravatar.com\\\/avatar\\\/47679bcfa15734cfdefc176b6ad58adeeccac22b2e03e095ada6c622af2b463a?s=96&d=mm&r=g\",\"caption\":\"Diario del Sur Digital\"},\"url\":\"https:\\\/\\\/diariodelsurdigital.com.ar\\\/?author=3\"}]}<\/script>\n<!-- \/ Yoast SEO plugin. -->","yoast_head_json":{"title":"\u00bfQu\u00e9 se sabe del allanamiento a la casa de Tarragona, en causa por tenencia de material de abuso infantil? - Diario del Sur","robots":{"index":"index","follow":"follow","max-snippet":"max-snippet:-1","max-image-preview":"max-image-preview:large","max-video-preview":"max-video-preview:-1"},"canonical":"https:\/\/diariodelsurdigital.com.ar\/?p=5688","og_locale":"es_ES","og_type":"article","og_title":"\u00bfQu\u00e9 se sabe del allanamiento a la casa de Tarragona, en causa por tenencia de material de abuso infantil? - Diario del Sur","og_description":"La vivienda donde actualmente reside el delantero de Uni\u00f3n de Santa Fe y exjugador de Patronato de Paran\u00e1 y Colegiales de Concordia, Cristian Tarragona, fue allanada este jueves por personal de la Polic\u00eda de Investigaciones (PDI) y de la secci\u00f3n Trata de Personas, \u201cquienes aclararon que el futbolista no se encuentra dentro del grupo de [&hellip;]","og_url":"https:\/\/diariodelsurdigital.com.ar\/?p=5688","og_site_name":"Diario del Sur","article_published_time":"2025-11-13T15:40:18+00:00","article_modified_time":"2025-11-13T15:40:21+00:00","og_image":[{"width":870,"height":580,"url":"https:\/\/diariodelsurdigital.com.ar\/wp-content\/uploads\/2025\/11\/l_1763046958.jpg","type":"image\/jpeg"}],"author":"Diario del Sur Digital","twitter_card":"summary_large_image","twitter_misc":{"Escrito por":"Diario del Sur Digital","Tiempo de lectura":"3 minutos"},"schema":{"@context":"https:\/\/schema.org","@graph":[{"@type":"Article","@id":"https:\/\/diariodelsurdigital.com.ar\/?p=5688#article","isPartOf":{"@id":"https:\/\/diariodelsurdigital.com.ar\/?p=5688"},"author":{"name":"Diario del Sur Digital","@id":"https:\/\/diariodelsurdigital.com.ar\/#\/schema\/person\/d794acb23337e88c6e4004a39c32be62"},"headline":"\u00bfQu\u00e9 se sabe del allanamiento a la casa de Tarragona, en causa por tenencia de material de abuso infantil?","datePublished":"2025-11-13T15:40:18+00:00","dateModified":"2025-11-13T15:40:21+00:00","mainEntityOfPage":{"@id":"https:\/\/diariodelsurdigital.com.ar\/?p=5688"},"wordCount":505,"commentCount":0,"image":{"@id":"https:\/\/diariodelsurdigital.com.ar\/?p=5688#primaryimage"},"thumbnailUrl":"https:\/\/diariodelsurdigital.com.ar\/wp-content\/uploads\/2025\/11\/l_1763046958.jpg","articleSection":["Policiales"],"inLanguage":"es","potentialAction":[{"@type":"CommentAction","name":"Comment","target":["https:\/\/diariodelsurdigital.com.ar\/?p=5688#respond"]}]},{"@type":"WebPage","@id":"https:\/\/diariodelsurdigital.com.ar\/?p=5688","url":"https:\/\/diariodelsurdigital.com.ar\/?p=5688","name":"\u00bfQu\u00e9 se sabe del allanamiento a la casa de Tarragona, en causa por tenencia de material de abuso infantil? - Diario del Sur","isPartOf":{"@id":"https:\/\/diariodelsurdigital.com.ar\/#website"},"primaryImageOfPage":{"@id":"https:\/\/diariodelsurdigital.com.ar\/?p=5688#primaryimage"},"image":{"@id":"https:\/\/diariodelsurdigital.com.ar\/?p=5688#primaryimage"},"thumbnailUrl":"https:\/\/diariodelsurdigital.com.ar\/wp-content\/uploads\/2025\/11\/l_1763046958.jpg","datePublished":"2025-11-13T15:40:18+00:00","dateModified":"2025-11-13T15:40:21+00:00","author":{"@id":"https:\/\/diariodelsurdigital.com.ar\/#\/schema\/person\/d794acb23337e88c6e4004a39c32be62"},"breadcrumb":{"@id":"https:\/\/diariodelsurdigital.com.ar\/?p=5688#breadcrumb"},"inLanguage":"es","potentialAction":[{"@type":"ReadAction","target":["https:\/\/diariodelsurdigital.com.ar\/?p=5688"]}]},{"@type":"ImageObject","inLanguage":"es","@id":"https:\/\/diariodelsurdigital.com.ar\/?p=5688#primaryimage","url":"https:\/\/diariodelsurdigital.com.ar\/wp-content\/uploads\/2025\/11\/l_1763046958.jpg","contentUrl":"https:\/\/diariodelsurdigital.com.ar\/wp-content\/uploads\/2025\/11\/l_1763046958.jpg","width":870,"height":580},{"@type":"BreadcrumbList","@id":"https:\/\/diariodelsurdigital.com.ar\/?p=5688#breadcrumb","itemListElement":[{"@type":"ListItem","position":1,"name":"Portada","item":"https:\/\/diariodelsurdigital.com.ar\/"},{"@type":"ListItem","position":2,"name":"\u00bfQu\u00e9 se sabe del allanamiento a la casa de Tarragona, en causa por tenencia de material de abuso infantil?"}]},{"@type":"WebSite","@id":"https:\/\/diariodelsurdigital.com.ar\/#website","url":"https:\/\/diariodelsurdigital.com.ar\/","name":"Diario del Sur","description":"Digital","potentialAction":[{"@type":"SearchAction","target":{"@type":"EntryPoint","urlTemplate":"https:\/\/diariodelsurdigital.com.ar\/?s={search_term_string}"},"query-input":{"@type":"PropertyValueSpecification","valueRequired":true,"valueName":"search_term_string"}}],"inLanguage":"es"},{"@type":"Person","@id":"https:\/\/diariodelsurdigital.com.ar\/#\/schema\/person\/d794acb23337e88c6e4004a39c32be62","name":"Diario del Sur Digital","image":{"@type":"ImageObject","inLanguage":"es","@id":"https:\/\/secure.gravatar.com\/avatar\/47679bcfa15734cfdefc176b6ad58adeeccac22b2e03e095ada6c622af2b463a?s=96&d=mm&r=g","url":"https:\/\/secure.gravatar.com\/avatar\/47679bcfa15734cfdefc176b6ad58adeeccac22b2e03e095ada6c622af2b463a?s=96&d=mm&r=g","contentUrl":"https:\/\/secure.gravatar.com\/avatar\/47679bcfa15734cfdefc176b6ad58adeeccac22b2e03e095ada6c622af2b463a?s=96&d=mm&r=g","caption":"Diario del Sur Digital"},"url":"https:\/\/diariodelsurdigital.com.ar\/?author=3"}]}},"_links":{"self":[{"href":"https:\/\/diariodelsurdigital.com.ar\/index.php?rest_route=\/wp\/v2\/posts\/5688","targetHints":{"allow":["GET"]}}],"collection":[{"href":"https:\/\/diariodelsurdigital.com.ar\/index.php?rest_route=\/wp\/v2\/posts"}],"about":[{"href":"https:\/\/diariodelsurdigital.com.ar\/index.php?rest_route=\/wp\/v2\/types\/post"}],"author":[{"embeddable":true,"href":"https:\/\/diariodelsurdigital.com.ar\/index.php?rest_route=\/wp\/v2\/users\/3"}],"replies":[{"embeddable":true,"href":"https:\/\/diariodelsurdigital.com.ar\/index.php?rest_route=%2Fwp%2Fv2%2Fcomments&post=5688"}],"version-history":[{"count":1,"href":"https:\/\/diariodelsurdigital.com.ar\/index.php?rest_route=\/wp\/v2\/posts\/5688\/revisions"}],"predecessor-version":[{"id":5690,"href":"https:\/\/diariodelsurdigital.com.ar\/index.php?rest_route=\/wp\/v2\/posts\/5688\/revisions\/5690"}],"wp:featuredmedia":[{"embeddable":true,"href":"https:\/\/diariodelsurdigital.com.ar\/index.php?rest_route=\/wp\/v2\/media\/5689"}],"wp:attachment":[{"href":"https:\/\/diariodelsurdigital.com.ar\/index.php?rest_route=%2Fwp%2Fv2%2Fmedia&parent=5688"}],"wp:term":[{"taxonomy":"category","embeddable":true,"href":"https:\/\/diariodelsurdigital.com.ar\/index.php?rest_route=%2Fwp%2Fv2%2Fcategories&post=5688"},{"taxonomy":"post_tag","embeddable":true,"href":"https:\/\/diariodelsurdigital.com.ar\/index.php?rest_route=%2Fwp%2Fv2%2Ftags&post=5688"}],"curies":[{"name":"wp","href":"https:\/\/api.w.org\/{rel}","templated":true}]}}