{"id":5692,"date":"2025-11-14T10:21:27","date_gmt":"2025-11-14T13:21:27","guid":{"rendered":"https:\/\/diariodelsurdigital.com.ar\/?p=5692"},"modified":"2025-11-14T10:21:31","modified_gmt":"2025-11-14T13:21:31","slug":"el-subsecretario-de-derechos-humanos-fue-a-la-onu-a-negar-el-numero-de-desaparecidos","status":"publish","type":"post","link":"https:\/\/diariodelsurdigital.com.ar\/?p=5692","title":{"rendered":"El subsecretario de Derechos Humanos fue a la ONU a negar el n\u00famero de desaparecidos"},"content":{"rendered":"\n<p>El funcionario dio un discurso de tinte negacionista y rompi\u00f3 con la tradici\u00f3n dialoguista de la Argentina en \u00e1mbitos internacionales.<\/p>\n\n\n\n<p><\/p>\n\n\n\n<p>El subsecretario de Derechos Humanos de la Naci\u00f3n, Alberto Ba\u00f1os, har\u00e1 historia posiblemente al convertirse en el primer funcionario con ese cargo en presentarse ante un comit\u00e9 de la Organizaci\u00f3n de Naciones Unidas (ONU) para poner en duda el n\u00famero de personas desaparecidas durante los a\u00f1os del terrorismo de Estado y entonar la cantinela de la familia militar ampliada que sostiene que la cifra de los 30.000 fue ideada para perseguir subsidios econ\u00f3micos.<\/p>\n\n\n\n<p>\u201cA partir de que ese n\u00famero no puede ser negado porque entramos en el negacionismo, la verdad no les interesa en absoluto. El tema es cuestionar a la Rep\u00fablica Argentina\u201d, dijo en referencia a los organismos de derechos humanos ante la mirada at\u00f3nita de buena parte de los expertos internacionales.<\/p>\n\n\n\n<p>La Argentina deb\u00eda ser examinada ante el Comit\u00e9 contra la Tortura (CAT) sobre la reducci\u00f3n del espacio c\u00edvico, la represi\u00f3n de la protesta, la penalizaci\u00f3n y el endurecimiento del sistema carcelario, pero termin\u00f3 todo convertido en una diatriba que parec\u00eda escrita en otras \u00e9pocas.<\/p>\n\n\n\n<p>Ba\u00f1os viaj\u00f3 a Ginebra, Suiza, para representar al Estado argentino junto con dos funcionarios del ri\u00f1\u00f3n de Patricia Bullrich: Juli\u00e1n Curi, su abogado y subsecretario de Asuntos Penitenciarios, y Diego Goldman, subsecretario de Asuntos Legales del Ministerio de Seguridad. La voz cantante la llev\u00f3 Ba\u00f1os, que hasta hace dos semanas estaba en la cuerda floja por la anunciada, mas no cumplida, renuncia de Mariano C\u00faneo Libarona.<\/p>\n\n\n\n<p>Posiblemente envalentonado con los resultados de las elecciones de medio t\u00e9rmino, Ba\u00f1os decidi\u00f3 que era hora de pintarse la cara y presentarles batalla a los integrantes del CAT, pero, sobre todo, a los organismos de derechos humanos locales, a quienes les atribuy\u00f3 planes destituyentes. \u201cEl 10 de diciembre de 2023, a horas de haber asumido el Presidente Milei la presidencia de la Argentina, m\u00e1s de 100 organizaciones no gubernamentales poco menos que se juramentaron hacerle la vida imposible al gobierno argentino e ir a todos los organismos internacionales denunciando y cuestionando las pol\u00edticas p\u00fablicas de la nueva gesti\u00f3n\u201d, afirm\u00f3 sin precisar de d\u00f3nde hab\u00eda extra\u00eddo el dato sobre la supuesta concertaci\u00f3n desestabilizadora.<\/p>\n\n\n\n<p>Su principal provocaci\u00f3n lleg\u00f3 con el n\u00famero de los detenidos-desaparecidos. \u201cNo podemos ser ingenuos (sobre) c\u00f3mo se arrib\u00f3 a ese n\u00famero, porque, adem\u00e1s, quien lo ide\u00f3 lo dice p\u00fablicamente\u201d, arranc\u00f3 con jactancia Ba\u00f1os. Se refer\u00eda a Luis Labra\u00f1a, quien se atribuye haber \u201cinventado\u201d la cifra de los 30.000. Para el Gobierno, es palabra santa: lo invit\u00f3 como orador en el video que distribuy\u00f3 al cumplirse 48 a\u00f1os del golpe de Estado.<\/p>\n\n\n\n<p>Ba\u00f1os sostuvo que las pol\u00edticas de memoria no se hab\u00edan desmantelado sino que se estaban ensanchando. \u201cUna memoria amplia, no como pretenden los ide\u00f3logos del pasado\u201d, afirm\u00f3. \u201cLa Secretar\u00eda de Derechos Humanos se convirti\u00f3 en una bolsa de trabajo para aquellos organismos ideologizados que invadieron todos los estamentos del Estado para all\u00ed construir pol\u00edticas supuestamente p\u00fablicas pero que estaban dirigidas a ser c\u00f3mplices de los requerimientos ideol\u00f3gicos del momento\u201d, apunt\u00f3.<\/p>\n\n\n\n<p>El principal objetivo de Ba\u00f1os era enlodar a los organismos de derechos humanos, quienes han presentado denuncias en \u00e1mbitos internacionales, y seg\u00fan \u00e9l, le proporcionaron \u201cinformaci\u00f3n falsa\u201d al CAT. Al comit\u00e9 le recrimin\u00f3 por supuestamente seguir los \u201cdictados\u201d del Centro de Estudios Legales y Sociales (CELS).<\/p>\n\n\n\n<p>\u201cAqu\u00ed de lo que se trata es que hay organismos que est\u00e1n advirtiendo que los negocios del pasado se acabaron. Se hizo un negocio de la defensa de los derechos humanos, y nosotros no lo vamos a tolerar. No van de la mano la corrupci\u00f3n y la defensa de los derechos humanos\u201d, continu\u00f3 Ba\u00f1os, que, pese a sus dichos en el \u00e1mbito internacional, no present\u00f3 denuncia alguna por esos supuestos hechos en el plano local.<\/p>\n\n\n\n<p>Ba\u00f1os aprovech\u00f3 para trazar la hoja de ruta de La Libertad Avanza (LLA). \u201cNosotros vamos por un sistema de memoria completa, no soslayada, no sesgada\u201d. En esa l\u00ednea, afirm\u00f3 que hab\u00eda m\u00e1s de 1000 muertos por la \u201cacci\u00f3n del terrorismo de las milicias guerrilleras\u201d. No es un misterio que el gobierno pretenda juzgar a los sobrevivientes de los a\u00f1os \u201870, a quienes el subsecretario acus\u00f3 de haber incurrido en cr\u00edmenes de lesa humanidad. El viejo plan, urdido por los jerarcas militares, implicaba que si estaban militantes y represores en el banquillo habr\u00eda consenso para una amnist\u00eda general. \u201cRespecto de esos poco m\u00e1s de 1000 muertos no conocemos casi nada. Los hacedores de la memoria no los han tenido en cuenta. Sus deudos no han cobrado leyes reparatorias. No hay monumento que los recuerde ni juicios que juzguen a sus victimarios\u201d, se arrebat\u00f3, seg\u00fan public\u00f3 P\u00e1gina 12.<\/p>\n\n\n\n<p>Como tiro por elevaci\u00f3n para Cristina Fern\u00e1ndez de Kirchner, impulsora de las pol\u00edticas de Memoria, Verdad y Justicia que \u00e9l denosta, Ba\u00f1os afirm\u00f3: \u201cLa justicia es la que los est\u00e1 cercando, la que los est\u00e1 encarcelando por haber probado actos de corrupci\u00f3n, la que est\u00e1 reclamando que devuelvan los dineros mal habidos. La justicia que no hubo por todas esas personas que tambi\u00e9n perdieron la vida por los atentados guerrilleros va por el mismo camino\u201d, a\u00f1adi\u00f3.<\/p>\n\n\n\n<p>Curi, que funge como mano derecha de Bullrich, les pidi\u00f3 a los comisionados tomar nota del juicio de los cuadernos. Fue en el tiempo que le sobr\u00f3 para su acalorada defensa del protocolo antiprotestas. Seg\u00fan \u00e9l, ning\u00fan cuestionamiento era factible para la resoluci\u00f3n 943\/2023 porque Bullrich rasgu\u00f1\u00f3 el 51 por ciento de los votos en la Ciudad de Buenos Aires, lo que debe leerse como una convalidaci\u00f3n de su accionar en el Ministerio de Seguridad. \u201cJusticia y pueblo\u201d, dijo con tono emocionado.<\/p>\n\n\n\n<p>El exabogado de Bullrich tambi\u00e9n afirm\u00f3 que el \u201cEstado argentino no tolera la violencia institucional\u201d y cit\u00f3 algunas resoluciones judiciales como si hubiesen sido impulsadas por el Poder Ejecutivo. Y, sin sonrojarse, a\u00f1adi\u00f3 que \u201cning\u00fan polic\u00eda quiere agredir o lastimar a nadie\u201d. Ya hay varios efectivos \u2013de Gendarmer\u00eda, Prefectura y Polic\u00eda Federal\u2013 procesados por herir a manifestantes.<\/p>\n\n\n\n<p>Goldman, por su parte, justific\u00f3 la decisi\u00f3n del Ministerio de Seguridad de proveerles una defensa oficial a los agentes que enfrentan cargos en la justicia. Sostuvo que la defensor\u00eda general no tiene un \u00e1rea especializada en la defensa de fuerzas de seguridad y que no debe terminar en un proceso que sea \u201ctodos contra el imputado\u201d.<\/p>\n\n\n\n<p>El principal cruce de la delegaci\u00f3n argentina fue con el comisionado Jorge Contesse, quien le record\u00f3 a Ba\u00f1os que estaba hablando con un comit\u00e9 independiente. \u201cNo nos ponemos a disposici\u00f3n de maniobras ni queremos atacar a un pa\u00eds\u201d. El presidente del CAT, Claude Heller, tambi\u00e9n le explic\u00f3 al subsecretario que el organismo se nutre de distintas fuentes para saber lo que pasa en el pa\u00eds.<\/p>\n\n\n\n<p>Ba\u00f1os no dej\u00f3 de refunfu\u00f1ar y los acus\u00f3 de funcionar como un tribunal examinador. Afirm\u00f3 que los integrantes de la ONU eran v\u00edctimas de una \u201ccolonizaci\u00f3n ideol\u00f3gica\u201d.<\/p>\n\n\n\n<p>La cruzada del belicoso Ba\u00f1os continuar\u00e1 la semana pr\u00f3xima ante la Comisi\u00f3n Interamericana de Derechos Humanos (CIDH).<\/p>\n","protected":false},"excerpt":{"rendered":"<p>El funcionario dio un discurso de tinte negacionista y rompi\u00f3 con la tradici\u00f3n dialoguista de la Argentina en \u00e1mbitos internacionales. El subsecretario de Derechos Humanos de la Naci\u00f3n, Alberto Ba\u00f1os, har\u00e1 historia posiblemente al convertirse en el primer funcionario con ese cargo en presentarse ante un comit\u00e9 de la Organizaci\u00f3n de Naciones Unidas (ONU) para [&hellip;]<\/p>\n","protected":false},"author":4,"featured_media":5693,"comment_status":"open","ping_status":"open","sticky":false,"template":"","format":"standard","meta":{"footnotes":""},"categories":[20,22],"tags":[],"class_list":{"0":"post-5692","1":"post","2":"type-post","3":"status-publish","4":"format-standard","5":"has-post-thumbnail","7":"category-internacionales","8":"category-politica"},"yoast_head":"<!-- This site is optimized with the Yoast SEO plugin v27.4 - https:\/\/yoast.com\/product\/yoast-seo-wordpress\/ -->\n<title>El subsecretario de Derechos Humanos fue a la ONU a negar el n\u00famero de desaparecidos - Diario del Sur<\/title>\n<meta name=\"robots\" content=\"index, follow, max-snippet:-1, max-image-preview:large, max-video-preview:-1\" \/>\n<link rel=\"canonical\" href=\"https:\/\/diariodelsurdigital.com.ar\/?p=5692\" \/>\n<meta property=\"og:locale\" content=\"es_ES\" \/>\n<meta property=\"og:type\" content=\"article\" \/>\n<meta property=\"og:title\" content=\"El subsecretario de Derechos Humanos fue a la ONU a negar el n\u00famero de desaparecidos - Diario del Sur\" \/>\n<meta property=\"og:description\" content=\"El funcionario dio un discurso de tinte negacionista y rompi\u00f3 con la tradici\u00f3n dialoguista de la Argentina en \u00e1mbitos internacionales. El subsecretario de Derechos Humanos de la Naci\u00f3n, Alberto Ba\u00f1os, har\u00e1 historia posiblemente al convertirse en el primer funcionario con ese cargo en presentarse ante un comit\u00e9 de la Organizaci\u00f3n de Naciones Unidas (ONU) para [&hellip;]\" \/>\n<meta property=\"og:url\" content=\"https:\/\/diariodelsurdigital.com.ar\/?p=5692\" \/>\n<meta property=\"og:site_name\" content=\"Diario del Sur\" \/>\n<meta property=\"article:published_time\" content=\"2025-11-14T13:21:27+00:00\" \/>\n<meta property=\"article:modified_time\" content=\"2025-11-14T13:21:31+00:00\" \/>\n<meta property=\"og:image\" content=\"https:\/\/diariodelsurdigital.com.ar\/wp-content\/uploads\/2025\/11\/md-16-1.webp\" \/>\n\t<meta property=\"og:image:width\" content=\"992\" \/>\n\t<meta property=\"og:image:height\" content=\"654\" \/>\n\t<meta property=\"og:image:type\" content=\"image\/webp\" \/>\n<meta name=\"author\" content=\"Diario del Sur Digital\" \/>\n<meta name=\"twitter:card\" content=\"summary_large_image\" \/>\n<meta name=\"twitter:label1\" content=\"Escrito por\" \/>\n\t<meta name=\"twitter:data1\" content=\"Diario del Sur Digital\" \/>\n\t<meta name=\"twitter:label2\" content=\"Tiempo de lectura\" \/>\n\t<meta name=\"twitter:data2\" content=\"6 minutos\" \/>\n<script type=\"application\/ld+json\" class=\"yoast-schema-graph\">{\"@context\":\"https:\\\/\\\/schema.org\",\"@graph\":[{\"@type\":\"Article\",\"@id\":\"https:\\\/\\\/diariodelsurdigital.com.ar\\\/?p=5692#article\",\"isPartOf\":{\"@id\":\"https:\\\/\\\/diariodelsurdigital.com.ar\\\/?p=5692\"},\"author\":{\"name\":\"Diario del Sur Digital\",\"@id\":\"https:\\\/\\\/diariodelsurdigital.com.ar\\\/#\\\/schema\\\/person\\\/1a4992532ed62965c968031b49195c81\"},\"headline\":\"El subsecretario de Derechos Humanos fue a la ONU a negar el n\u00famero de desaparecidos\",\"datePublished\":\"2025-11-14T13:21:27+00:00\",\"dateModified\":\"2025-11-14T13:21:31+00:00\",\"mainEntityOfPage\":{\"@id\":\"https:\\\/\\\/diariodelsurdigital.com.ar\\\/?p=5692\"},\"wordCount\":1258,\"commentCount\":0,\"image\":{\"@id\":\"https:\\\/\\\/diariodelsurdigital.com.ar\\\/?p=5692#primaryimage\"},\"thumbnailUrl\":\"https:\\\/\\\/diariodelsurdigital.com.ar\\\/wp-content\\\/uploads\\\/2025\\\/11\\\/md-16-1.webp\",\"articleSection\":[\"Internacionales\",\"Pol\u00edtica\"],\"inLanguage\":\"es\",\"potentialAction\":[{\"@type\":\"CommentAction\",\"name\":\"Comment\",\"target\":[\"https:\\\/\\\/diariodelsurdigital.com.ar\\\/?p=5692#respond\"]}]},{\"@type\":\"WebPage\",\"@id\":\"https:\\\/\\\/diariodelsurdigital.com.ar\\\/?p=5692\",\"url\":\"https:\\\/\\\/diariodelsurdigital.com.ar\\\/?p=5692\",\"name\":\"El subsecretario de Derechos Humanos fue a la ONU a negar el n\u00famero de desaparecidos - Diario del Sur\",\"isPartOf\":{\"@id\":\"https:\\\/\\\/diariodelsurdigital.com.ar\\\/#website\"},\"primaryImageOfPage\":{\"@id\":\"https:\\\/\\\/diariodelsurdigital.com.ar\\\/?p=5692#primaryimage\"},\"image\":{\"@id\":\"https:\\\/\\\/diariodelsurdigital.com.ar\\\/?p=5692#primaryimage\"},\"thumbnailUrl\":\"https:\\\/\\\/diariodelsurdigital.com.ar\\\/wp-content\\\/uploads\\\/2025\\\/11\\\/md-16-1.webp\",\"datePublished\":\"2025-11-14T13:21:27+00:00\",\"dateModified\":\"2025-11-14T13:21:31+00:00\",\"author\":{\"@id\":\"https:\\\/\\\/diariodelsurdigital.com.ar\\\/#\\\/schema\\\/person\\\/1a4992532ed62965c968031b49195c81\"},\"breadcrumb\":{\"@id\":\"https:\\\/\\\/diariodelsurdigital.com.ar\\\/?p=5692#breadcrumb\"},\"inLanguage\":\"es\",\"potentialAction\":[{\"@type\":\"ReadAction\",\"target\":[\"https:\\\/\\\/diariodelsurdigital.com.ar\\\/?p=5692\"]}]},{\"@type\":\"ImageObject\",\"inLanguage\":\"es\",\"@id\":\"https:\\\/\\\/diariodelsurdigital.com.ar\\\/?p=5692#primaryimage\",\"url\":\"https:\\\/\\\/diariodelsurdigital.com.ar\\\/wp-content\\\/uploads\\\/2025\\\/11\\\/md-16-1.webp\",\"contentUrl\":\"https:\\\/\\\/diariodelsurdigital.com.ar\\\/wp-content\\\/uploads\\\/2025\\\/11\\\/md-16-1.webp\",\"width\":992,\"height\":654},{\"@type\":\"BreadcrumbList\",\"@id\":\"https:\\\/\\\/diariodelsurdigital.com.ar\\\/?p=5692#breadcrumb\",\"itemListElement\":[{\"@type\":\"ListItem\",\"position\":1,\"name\":\"Portada\",\"item\":\"https:\\\/\\\/diariodelsurdigital.com.ar\\\/\"},{\"@type\":\"ListItem\",\"position\":2,\"name\":\"El subsecretario de Derechos Humanos fue a la ONU a negar el n\u00famero de desaparecidos\"}]},{\"@type\":\"WebSite\",\"@id\":\"https:\\\/\\\/diariodelsurdigital.com.ar\\\/#website\",\"url\":\"https:\\\/\\\/diariodelsurdigital.com.ar\\\/\",\"name\":\"Diario del Sur\",\"description\":\"Digital\",\"potentialAction\":[{\"@type\":\"SearchAction\",\"target\":{\"@type\":\"EntryPoint\",\"urlTemplate\":\"https:\\\/\\\/diariodelsurdigital.com.ar\\\/?s={search_term_string}\"},\"query-input\":{\"@type\":\"PropertyValueSpecification\",\"valueRequired\":true,\"valueName\":\"search_term_string\"}}],\"inLanguage\":\"es\"},{\"@type\":\"Person\",\"@id\":\"https:\\\/\\\/diariodelsurdigital.com.ar\\\/#\\\/schema\\\/person\\\/1a4992532ed62965c968031b49195c81\",\"name\":\"Diario del Sur Digital\",\"image\":{\"@type\":\"ImageObject\",\"inLanguage\":\"es\",\"@id\":\"https:\\\/\\\/secure.gravatar.com\\\/avatar\\\/f0c7c47fc7146d19828273b9b8eda651c9c7ab583767e6338d3d3bee825adf76?s=96&d=mm&r=g\",\"url\":\"https:\\\/\\\/secure.gravatar.com\\\/avatar\\\/f0c7c47fc7146d19828273b9b8eda651c9c7ab583767e6338d3d3bee825adf76?s=96&d=mm&r=g\",\"contentUrl\":\"https:\\\/\\\/secure.gravatar.com\\\/avatar\\\/f0c7c47fc7146d19828273b9b8eda651c9c7ab583767e6338d3d3bee825adf76?s=96&d=mm&r=g\",\"caption\":\"Diario del Sur Digital\"},\"url\":\"https:\\\/\\\/diariodelsurdigital.com.ar\\\/?author=4\"}]}<\/script>\n<!-- \/ Yoast SEO plugin. -->","yoast_head_json":{"title":"El subsecretario de Derechos Humanos fue a la ONU a negar el n\u00famero de desaparecidos - Diario del Sur","robots":{"index":"index","follow":"follow","max-snippet":"max-snippet:-1","max-image-preview":"max-image-preview:large","max-video-preview":"max-video-preview:-1"},"canonical":"https:\/\/diariodelsurdigital.com.ar\/?p=5692","og_locale":"es_ES","og_type":"article","og_title":"El subsecretario de Derechos Humanos fue a la ONU a negar el n\u00famero de desaparecidos - Diario del Sur","og_description":"El funcionario dio un discurso de tinte negacionista y rompi\u00f3 con la tradici\u00f3n dialoguista de la Argentina en \u00e1mbitos internacionales. El subsecretario de Derechos Humanos de la Naci\u00f3n, Alberto Ba\u00f1os, har\u00e1 historia posiblemente al convertirse en el primer funcionario con ese cargo en presentarse ante un comit\u00e9 de la Organizaci\u00f3n de Naciones Unidas (ONU) para [&hellip;]","og_url":"https:\/\/diariodelsurdigital.com.ar\/?p=5692","og_site_name":"Diario del Sur","article_published_time":"2025-11-14T13:21:27+00:00","article_modified_time":"2025-11-14T13:21:31+00:00","og_image":[{"width":992,"height":654,"url":"https:\/\/diariodelsurdigital.com.ar\/wp-content\/uploads\/2025\/11\/md-16-1.webp","type":"image\/webp"}],"author":"Diario del Sur Digital","twitter_card":"summary_large_image","twitter_misc":{"Escrito por":"Diario del Sur Digital","Tiempo de lectura":"6 minutos"},"schema":{"@context":"https:\/\/schema.org","@graph":[{"@type":"Article","@id":"https:\/\/diariodelsurdigital.com.ar\/?p=5692#article","isPartOf":{"@id":"https:\/\/diariodelsurdigital.com.ar\/?p=5692"},"author":{"name":"Diario del Sur Digital","@id":"https:\/\/diariodelsurdigital.com.ar\/#\/schema\/person\/1a4992532ed62965c968031b49195c81"},"headline":"El subsecretario de Derechos Humanos fue a la ONU a negar el n\u00famero de desaparecidos","datePublished":"2025-11-14T13:21:27+00:00","dateModified":"2025-11-14T13:21:31+00:00","mainEntityOfPage":{"@id":"https:\/\/diariodelsurdigital.com.ar\/?p=5692"},"wordCount":1258,"commentCount":0,"image":{"@id":"https:\/\/diariodelsurdigital.com.ar\/?p=5692#primaryimage"},"thumbnailUrl":"https:\/\/diariodelsurdigital.com.ar\/wp-content\/uploads\/2025\/11\/md-16-1.webp","articleSection":["Internacionales","Pol\u00edtica"],"inLanguage":"es","potentialAction":[{"@type":"CommentAction","name":"Comment","target":["https:\/\/diariodelsurdigital.com.ar\/?p=5692#respond"]}]},{"@type":"WebPage","@id":"https:\/\/diariodelsurdigital.com.ar\/?p=5692","url":"https:\/\/diariodelsurdigital.com.ar\/?p=5692","name":"El subsecretario de Derechos Humanos fue a la ONU a negar el n\u00famero de desaparecidos - Diario del Sur","isPartOf":{"@id":"https:\/\/diariodelsurdigital.com.ar\/#website"},"primaryImageOfPage":{"@id":"https:\/\/diariodelsurdigital.com.ar\/?p=5692#primaryimage"},"image":{"@id":"https:\/\/diariodelsurdigital.com.ar\/?p=5692#primaryimage"},"thumbnailUrl":"https:\/\/diariodelsurdigital.com.ar\/wp-content\/uploads\/2025\/11\/md-16-1.webp","datePublished":"2025-11-14T13:21:27+00:00","dateModified":"2025-11-14T13:21:31+00:00","author":{"@id":"https:\/\/diariodelsurdigital.com.ar\/#\/schema\/person\/1a4992532ed62965c968031b49195c81"},"breadcrumb":{"@id":"https:\/\/diariodelsurdigital.com.ar\/?p=5692#breadcrumb"},"inLanguage":"es","potentialAction":[{"@type":"ReadAction","target":["https:\/\/diariodelsurdigital.com.ar\/?p=5692"]}]},{"@type":"ImageObject","inLanguage":"es","@id":"https:\/\/diariodelsurdigital.com.ar\/?p=5692#primaryimage","url":"https:\/\/diariodelsurdigital.com.ar\/wp-content\/uploads\/2025\/11\/md-16-1.webp","contentUrl":"https:\/\/diariodelsurdigital.com.ar\/wp-content\/uploads\/2025\/11\/md-16-1.webp","width":992,"height":654},{"@type":"BreadcrumbList","@id":"https:\/\/diariodelsurdigital.com.ar\/?p=5692#breadcrumb","itemListElement":[{"@type":"ListItem","position":1,"name":"Portada","item":"https:\/\/diariodelsurdigital.com.ar\/"},{"@type":"ListItem","position":2,"name":"El subsecretario de Derechos Humanos fue a la ONU a negar el n\u00famero de desaparecidos"}]},{"@type":"WebSite","@id":"https:\/\/diariodelsurdigital.com.ar\/#website","url":"https:\/\/diariodelsurdigital.com.ar\/","name":"Diario del Sur","description":"Digital","potentialAction":[{"@type":"SearchAction","target":{"@type":"EntryPoint","urlTemplate":"https:\/\/diariodelsurdigital.com.ar\/?s={search_term_string}"},"query-input":{"@type":"PropertyValueSpecification","valueRequired":true,"valueName":"search_term_string"}}],"inLanguage":"es"},{"@type":"Person","@id":"https:\/\/diariodelsurdigital.com.ar\/#\/schema\/person\/1a4992532ed62965c968031b49195c81","name":"Diario del Sur Digital","image":{"@type":"ImageObject","inLanguage":"es","@id":"https:\/\/secure.gravatar.com\/avatar\/f0c7c47fc7146d19828273b9b8eda651c9c7ab583767e6338d3d3bee825adf76?s=96&d=mm&r=g","url":"https:\/\/secure.gravatar.com\/avatar\/f0c7c47fc7146d19828273b9b8eda651c9c7ab583767e6338d3d3bee825adf76?s=96&d=mm&r=g","contentUrl":"https:\/\/secure.gravatar.com\/avatar\/f0c7c47fc7146d19828273b9b8eda651c9c7ab583767e6338d3d3bee825adf76?s=96&d=mm&r=g","caption":"Diario del Sur Digital"},"url":"https:\/\/diariodelsurdigital.com.ar\/?author=4"}]}},"_links":{"self":[{"href":"https:\/\/diariodelsurdigital.com.ar\/index.php?rest_route=\/wp\/v2\/posts\/5692","targetHints":{"allow":["GET"]}}],"collection":[{"href":"https:\/\/diariodelsurdigital.com.ar\/index.php?rest_route=\/wp\/v2\/posts"}],"about":[{"href":"https:\/\/diariodelsurdigital.com.ar\/index.php?rest_route=\/wp\/v2\/types\/post"}],"author":[{"embeddable":true,"href":"https:\/\/diariodelsurdigital.com.ar\/index.php?rest_route=\/wp\/v2\/users\/4"}],"replies":[{"embeddable":true,"href":"https:\/\/diariodelsurdigital.com.ar\/index.php?rest_route=%2Fwp%2Fv2%2Fcomments&post=5692"}],"version-history":[{"count":1,"href":"https:\/\/diariodelsurdigital.com.ar\/index.php?rest_route=\/wp\/v2\/posts\/5692\/revisions"}],"predecessor-version":[{"id":5694,"href":"https:\/\/diariodelsurdigital.com.ar\/index.php?rest_route=\/wp\/v2\/posts\/5692\/revisions\/5694"}],"wp:featuredmedia":[{"embeddable":true,"href":"https:\/\/diariodelsurdigital.com.ar\/index.php?rest_route=\/wp\/v2\/media\/5693"}],"wp:attachment":[{"href":"https:\/\/diariodelsurdigital.com.ar\/index.php?rest_route=%2Fwp%2Fv2%2Fmedia&parent=5692"}],"wp:term":[{"taxonomy":"category","embeddable":true,"href":"https:\/\/diariodelsurdigital.com.ar\/index.php?rest_route=%2Fwp%2Fv2%2Fcategories&post=5692"},{"taxonomy":"post_tag","embeddable":true,"href":"https:\/\/diariodelsurdigital.com.ar\/index.php?rest_route=%2Fwp%2Fv2%2Ftags&post=5692"}],"curies":[{"name":"wp","href":"https:\/\/api.w.org\/{rel}","templated":true}]}}