{"id":5695,"date":"2025-11-14T10:28:36","date_gmt":"2025-11-14T13:28:36","guid":{"rendered":"https:\/\/diariodelsurdigital.com.ar\/?p=5695"},"modified":"2025-11-14T10:28:37","modified_gmt":"2025-11-14T13:28:37","slug":"inflacion-en-america-latina-cuanto-subieron-los-precios-de-la-region-en-octubre","status":"publish","type":"post","link":"https:\/\/diariodelsurdigital.com.ar\/?p=5695","title":{"rendered":"Inflaci\u00f3n en Am\u00e9rica Latina: cu\u00e1nto subieron los precios de la regi\u00f3n en octubre"},"content":{"rendered":"\n<p>Con el IPC del d\u00e9cimo mes que difundi\u00f3 el INDEC, el pa\u00eds qued\u00f3 en segundo lugar del podio a nivel regional.<\/p>\n\n\n\n<p>La inflaci\u00f3n de octubre en la Argentina fue de 2,3% y volvi\u00f3 a quedar en segundo lugar en el ranking entre los pa\u00edses de Am\u00e9rica Latina con mayores alzas en sus precios medidos de forma mensual.<\/p>\n\n\n\n<p>En lo que va de 2025, los precios acumularon una suba de 24,8%. En tanto, los \u00faltimos 12 meses, en tanto, el indicador totaliz\u00f3 31,3%, seg\u00fan inform\u00f3 el Indec.<\/p>\n\n\n\n<p>La Argentina, Bolivia y Venezuela son los \u00fanicos que registran cifras de inflaci\u00f3n anualizadas de dos d\u00edgitos, a diferencia del resto de los pa\u00edses de la regi\u00f3n.<\/p>\n\n\n\n<p>Inflaci\u00f3n en Am\u00e9rica Latina: qu\u00e9 pas\u00f3 con los precios en Argentina y el resto de la regi\u00f3n en octubre<\/p>\n\n\n\n<p>Argentina anot\u00f3 una variaci\u00f3n de precios de 2,3% en octubre. Desde enero, la inflaci\u00f3n acumul\u00f3 24,8%, mientras sum\u00f3 31,3% en los \u00faltimos 12 meses.<\/p>\n\n\n\n<p>El \u00faltimo dato disponible de Venezuela es de mayo, cuando registr\u00f3 una inflaci\u00f3n de 18,4% en el quinto mes. No hay datos oficiales de la inflaci\u00f3n de septiembre del pa\u00eds gobernado por Nicol\u00e1s Maduro, ya que dejo de funcionar la web del Observatorio Venezolano de Finanzas.<\/p>\n\n\n\n<p>Bolivia anot\u00f3 una suba de precios de 0,75% en octubre. Desde enero, el indicador arroj\u00f3 una suba de 19,22% y la cifra interanual se ubic\u00f3 en 22,23%.<\/p>\n\n\n\n<p>La inflaci\u00f3n mensual de Uruguay fue 0,40%. Acumul\u00f3 3,60% en lo que va de 2025. En los \u00faltimos 12 meses, los precios sumaron 4,32%.<\/p>\n\n\n\n<p>Brasil mostr\u00f3 una variaci\u00f3n de 0,18% en octubre, seg\u00fan los datos oficiales del \u00cdndice de Precios al Consumidor Amplio (IPCA) del IBGE. A nivel interanual, el indicador arroj\u00f3 un alza de 4,94%.<\/p>\n\n\n\n<p>Chile no registr\u00f3 variaciones de precios en octubre al anotar 0%. As\u00ed, acumul\u00f3 3,4% en lo que va de 2025. En los \u00faltimos 12 meses, los precios sumaron 3,4%.<\/p>\n\n\n\n<p>El Departamento Administrativo Nacional de Estad\u00edstica (DANE) de Colombia difundi\u00f3 un aumento del 0,18% para los precios en octubre y 4,74% desde enero. Medida de forma interanual, la cifra lleg\u00f3 a 5,51%.<\/p>\n\n\n\n<p>En Ecuador, la inflaci\u00f3n registrada el mes pasado fue de 0,28%. Desde enero, el \u00edndice de precios acumula 1,24% y medido de forma interanual, el indicador mostr\u00f3 un alza de 2,51%.<\/p>\n\n\n\n<p>Per\u00fa y Paraguay registraron deflaci\u00f3n mensual en octubre<\/p>\n\n\n\n<p>Hubo dos pa\u00edses latinoamericanos en donde los precios bajaron el mes pasado. Per\u00fa tuvo deflaci\u00f3n en octubre, al marcar un \u00edndice de -0,10%. All\u00ed los precios aumentaron 1,35% en los \u00faltimos 12 meses y 1,15% desde enero.<\/p>\n\n\n\n<p>Por su parte, el \u00edndice de precios de Paraguay mostr\u00f3 una contracci\u00f3n de 0,1% en el d\u00e9cimo mes de 2025. Aunque, a nivel interanual, los precios subieron 4,1%.<\/p>\n","protected":false},"excerpt":{"rendered":"<p>Con el IPC del d\u00e9cimo mes que difundi\u00f3 el INDEC, el pa\u00eds qued\u00f3 en segundo lugar del podio a nivel regional. La inflaci\u00f3n de octubre en la Argentina fue de 2,3% y volvi\u00f3 a quedar en segundo lugar en el ranking entre los pa\u00edses de Am\u00e9rica Latina con mayores alzas en sus precios medidos de [&hellip;]<\/p>\n","protected":false},"author":4,"featured_media":5696,"comment_status":"open","ping_status":"open","sticky":false,"template":"","format":"standard","meta":{"footnotes":""},"categories":[20],"tags":[],"class_list":{"0":"post-5695","1":"post","2":"type-post","3":"status-publish","4":"format-standard","5":"has-post-thumbnail","7":"category-internacionales"},"yoast_head":"<!-- This site is optimized with the Yoast SEO plugin v27.4 - https:\/\/yoast.com\/product\/yoast-seo-wordpress\/ -->\n<title>Inflaci\u00f3n en Am\u00e9rica Latina: cu\u00e1nto subieron los precios de la regi\u00f3n en octubre - Diario del Sur<\/title>\n<meta name=\"robots\" content=\"index, follow, max-snippet:-1, max-image-preview:large, max-video-preview:-1\" \/>\n<link rel=\"canonical\" href=\"https:\/\/diariodelsurdigital.com.ar\/?p=5695\" \/>\n<meta property=\"og:locale\" content=\"es_ES\" \/>\n<meta property=\"og:type\" content=\"article\" \/>\n<meta property=\"og:title\" content=\"Inflaci\u00f3n en Am\u00e9rica Latina: cu\u00e1nto subieron los precios de la regi\u00f3n en octubre - Diario del Sur\" \/>\n<meta property=\"og:description\" content=\"Con el IPC del d\u00e9cimo mes que difundi\u00f3 el INDEC, el pa\u00eds qued\u00f3 en segundo lugar del podio a nivel regional. La inflaci\u00f3n de octubre en la Argentina fue de 2,3% y volvi\u00f3 a quedar en segundo lugar en el ranking entre los pa\u00edses de Am\u00e9rica Latina con mayores alzas en sus precios medidos de [&hellip;]\" \/>\n<meta property=\"og:url\" content=\"https:\/\/diariodelsurdigital.com.ar\/?p=5695\" \/>\n<meta property=\"og:site_name\" content=\"Diario del Sur\" \/>\n<meta property=\"article:published_time\" content=\"2025-11-14T13:28:36+00:00\" \/>\n<meta property=\"article:modified_time\" content=\"2025-11-14T13:28:37+00:00\" \/>\n<meta property=\"og:image\" content=\"https:\/\/diariodelsurdigital.com.ar\/wp-content\/uploads\/2025\/11\/md-17-1.webp\" \/>\n\t<meta property=\"og:image:width\" content=\"992\" \/>\n\t<meta property=\"og:image:height\" content=\"663\" \/>\n\t<meta property=\"og:image:type\" content=\"image\/webp\" \/>\n<meta name=\"author\" content=\"Diario del Sur Digital\" \/>\n<meta name=\"twitter:card\" content=\"summary_large_image\" \/>\n<meta name=\"twitter:label1\" content=\"Escrito por\" \/>\n\t<meta name=\"twitter:data1\" content=\"Diario del Sur Digital\" \/>\n\t<meta name=\"twitter:label2\" content=\"Tiempo de lectura\" \/>\n\t<meta name=\"twitter:data2\" content=\"3 minutos\" \/>\n<script type=\"application\/ld+json\" class=\"yoast-schema-graph\">{\"@context\":\"https:\\\/\\\/schema.org\",\"@graph\":[{\"@type\":\"Article\",\"@id\":\"https:\\\/\\\/diariodelsurdigital.com.ar\\\/?p=5695#article\",\"isPartOf\":{\"@id\":\"https:\\\/\\\/diariodelsurdigital.com.ar\\\/?p=5695\"},\"author\":{\"name\":\"Diario del Sur Digital\",\"@id\":\"https:\\\/\\\/diariodelsurdigital.com.ar\\\/#\\\/schema\\\/person\\\/1a4992532ed62965c968031b49195c81\"},\"headline\":\"Inflaci\u00f3n en Am\u00e9rica Latina: cu\u00e1nto subieron los precios de la regi\u00f3n en octubre\",\"datePublished\":\"2025-11-14T13:28:36+00:00\",\"dateModified\":\"2025-11-14T13:28:37+00:00\",\"mainEntityOfPage\":{\"@id\":\"https:\\\/\\\/diariodelsurdigital.com.ar\\\/?p=5695\"},\"wordCount\":459,\"commentCount\":0,\"image\":{\"@id\":\"https:\\\/\\\/diariodelsurdigital.com.ar\\\/?p=5695#primaryimage\"},\"thumbnailUrl\":\"https:\\\/\\\/diariodelsurdigital.com.ar\\\/wp-content\\\/uploads\\\/2025\\\/11\\\/md-17-1.webp\",\"articleSection\":[\"Internacionales\"],\"inLanguage\":\"es\",\"potentialAction\":[{\"@type\":\"CommentAction\",\"name\":\"Comment\",\"target\":[\"https:\\\/\\\/diariodelsurdigital.com.ar\\\/?p=5695#respond\"]}]},{\"@type\":\"WebPage\",\"@id\":\"https:\\\/\\\/diariodelsurdigital.com.ar\\\/?p=5695\",\"url\":\"https:\\\/\\\/diariodelsurdigital.com.ar\\\/?p=5695\",\"name\":\"Inflaci\u00f3n en Am\u00e9rica Latina: cu\u00e1nto subieron los precios de la regi\u00f3n en octubre - Diario del Sur\",\"isPartOf\":{\"@id\":\"https:\\\/\\\/diariodelsurdigital.com.ar\\\/#website\"},\"primaryImageOfPage\":{\"@id\":\"https:\\\/\\\/diariodelsurdigital.com.ar\\\/?p=5695#primaryimage\"},\"image\":{\"@id\":\"https:\\\/\\\/diariodelsurdigital.com.ar\\\/?p=5695#primaryimage\"},\"thumbnailUrl\":\"https:\\\/\\\/diariodelsurdigital.com.ar\\\/wp-content\\\/uploads\\\/2025\\\/11\\\/md-17-1.webp\",\"datePublished\":\"2025-11-14T13:28:36+00:00\",\"dateModified\":\"2025-11-14T13:28:37+00:00\",\"author\":{\"@id\":\"https:\\\/\\\/diariodelsurdigital.com.ar\\\/#\\\/schema\\\/person\\\/1a4992532ed62965c968031b49195c81\"},\"breadcrumb\":{\"@id\":\"https:\\\/\\\/diariodelsurdigital.com.ar\\\/?p=5695#breadcrumb\"},\"inLanguage\":\"es\",\"potentialAction\":[{\"@type\":\"ReadAction\",\"target\":[\"https:\\\/\\\/diariodelsurdigital.com.ar\\\/?p=5695\"]}]},{\"@type\":\"ImageObject\",\"inLanguage\":\"es\",\"@id\":\"https:\\\/\\\/diariodelsurdigital.com.ar\\\/?p=5695#primaryimage\",\"url\":\"https:\\\/\\\/diariodelsurdigital.com.ar\\\/wp-content\\\/uploads\\\/2025\\\/11\\\/md-17-1.webp\",\"contentUrl\":\"https:\\\/\\\/diariodelsurdigital.com.ar\\\/wp-content\\\/uploads\\\/2025\\\/11\\\/md-17-1.webp\",\"width\":992,\"height\":663},{\"@type\":\"BreadcrumbList\",\"@id\":\"https:\\\/\\\/diariodelsurdigital.com.ar\\\/?p=5695#breadcrumb\",\"itemListElement\":[{\"@type\":\"ListItem\",\"position\":1,\"name\":\"Portada\",\"item\":\"https:\\\/\\\/diariodelsurdigital.com.ar\\\/\"},{\"@type\":\"ListItem\",\"position\":2,\"name\":\"Inflaci\u00f3n en Am\u00e9rica Latina: cu\u00e1nto subieron los precios de la regi\u00f3n en octubre\"}]},{\"@type\":\"WebSite\",\"@id\":\"https:\\\/\\\/diariodelsurdigital.com.ar\\\/#website\",\"url\":\"https:\\\/\\\/diariodelsurdigital.com.ar\\\/\",\"name\":\"Diario del Sur\",\"description\":\"Digital\",\"potentialAction\":[{\"@type\":\"SearchAction\",\"target\":{\"@type\":\"EntryPoint\",\"urlTemplate\":\"https:\\\/\\\/diariodelsurdigital.com.ar\\\/?s={search_term_string}\"},\"query-input\":{\"@type\":\"PropertyValueSpecification\",\"valueRequired\":true,\"valueName\":\"search_term_string\"}}],\"inLanguage\":\"es\"},{\"@type\":\"Person\",\"@id\":\"https:\\\/\\\/diariodelsurdigital.com.ar\\\/#\\\/schema\\\/person\\\/1a4992532ed62965c968031b49195c81\",\"name\":\"Diario del Sur Digital\",\"image\":{\"@type\":\"ImageObject\",\"inLanguage\":\"es\",\"@id\":\"https:\\\/\\\/secure.gravatar.com\\\/avatar\\\/f0c7c47fc7146d19828273b9b8eda651c9c7ab583767e6338d3d3bee825adf76?s=96&d=mm&r=g\",\"url\":\"https:\\\/\\\/secure.gravatar.com\\\/avatar\\\/f0c7c47fc7146d19828273b9b8eda651c9c7ab583767e6338d3d3bee825adf76?s=96&d=mm&r=g\",\"contentUrl\":\"https:\\\/\\\/secure.gravatar.com\\\/avatar\\\/f0c7c47fc7146d19828273b9b8eda651c9c7ab583767e6338d3d3bee825adf76?s=96&d=mm&r=g\",\"caption\":\"Diario del Sur Digital\"},\"url\":\"https:\\\/\\\/diariodelsurdigital.com.ar\\\/?author=4\"}]}<\/script>\n<!-- \/ Yoast SEO plugin. -->","yoast_head_json":{"title":"Inflaci\u00f3n en Am\u00e9rica Latina: cu\u00e1nto subieron los precios de la regi\u00f3n en octubre - Diario del Sur","robots":{"index":"index","follow":"follow","max-snippet":"max-snippet:-1","max-image-preview":"max-image-preview:large","max-video-preview":"max-video-preview:-1"},"canonical":"https:\/\/diariodelsurdigital.com.ar\/?p=5695","og_locale":"es_ES","og_type":"article","og_title":"Inflaci\u00f3n en Am\u00e9rica Latina: cu\u00e1nto subieron los precios de la regi\u00f3n en octubre - Diario del Sur","og_description":"Con el IPC del d\u00e9cimo mes que difundi\u00f3 el INDEC, el pa\u00eds qued\u00f3 en segundo lugar del podio a nivel regional. La inflaci\u00f3n de octubre en la Argentina fue de 2,3% y volvi\u00f3 a quedar en segundo lugar en el ranking entre los pa\u00edses de Am\u00e9rica Latina con mayores alzas en sus precios medidos de [&hellip;]","og_url":"https:\/\/diariodelsurdigital.com.ar\/?p=5695","og_site_name":"Diario del Sur","article_published_time":"2025-11-14T13:28:36+00:00","article_modified_time":"2025-11-14T13:28:37+00:00","og_image":[{"width":992,"height":663,"url":"https:\/\/diariodelsurdigital.com.ar\/wp-content\/uploads\/2025\/11\/md-17-1.webp","type":"image\/webp"}],"author":"Diario del Sur Digital","twitter_card":"summary_large_image","twitter_misc":{"Escrito por":"Diario del Sur Digital","Tiempo de lectura":"3 minutos"},"schema":{"@context":"https:\/\/schema.org","@graph":[{"@type":"Article","@id":"https:\/\/diariodelsurdigital.com.ar\/?p=5695#article","isPartOf":{"@id":"https:\/\/diariodelsurdigital.com.ar\/?p=5695"},"author":{"name":"Diario del Sur Digital","@id":"https:\/\/diariodelsurdigital.com.ar\/#\/schema\/person\/1a4992532ed62965c968031b49195c81"},"headline":"Inflaci\u00f3n en Am\u00e9rica Latina: cu\u00e1nto subieron los precios de la regi\u00f3n en octubre","datePublished":"2025-11-14T13:28:36+00:00","dateModified":"2025-11-14T13:28:37+00:00","mainEntityOfPage":{"@id":"https:\/\/diariodelsurdigital.com.ar\/?p=5695"},"wordCount":459,"commentCount":0,"image":{"@id":"https:\/\/diariodelsurdigital.com.ar\/?p=5695#primaryimage"},"thumbnailUrl":"https:\/\/diariodelsurdigital.com.ar\/wp-content\/uploads\/2025\/11\/md-17-1.webp","articleSection":["Internacionales"],"inLanguage":"es","potentialAction":[{"@type":"CommentAction","name":"Comment","target":["https:\/\/diariodelsurdigital.com.ar\/?p=5695#respond"]}]},{"@type":"WebPage","@id":"https:\/\/diariodelsurdigital.com.ar\/?p=5695","url":"https:\/\/diariodelsurdigital.com.ar\/?p=5695","name":"Inflaci\u00f3n en Am\u00e9rica Latina: cu\u00e1nto subieron los precios de la regi\u00f3n en octubre - Diario del Sur","isPartOf":{"@id":"https:\/\/diariodelsurdigital.com.ar\/#website"},"primaryImageOfPage":{"@id":"https:\/\/diariodelsurdigital.com.ar\/?p=5695#primaryimage"},"image":{"@id":"https:\/\/diariodelsurdigital.com.ar\/?p=5695#primaryimage"},"thumbnailUrl":"https:\/\/diariodelsurdigital.com.ar\/wp-content\/uploads\/2025\/11\/md-17-1.webp","datePublished":"2025-11-14T13:28:36+00:00","dateModified":"2025-11-14T13:28:37+00:00","author":{"@id":"https:\/\/diariodelsurdigital.com.ar\/#\/schema\/person\/1a4992532ed62965c968031b49195c81"},"breadcrumb":{"@id":"https:\/\/diariodelsurdigital.com.ar\/?p=5695#breadcrumb"},"inLanguage":"es","potentialAction":[{"@type":"ReadAction","target":["https:\/\/diariodelsurdigital.com.ar\/?p=5695"]}]},{"@type":"ImageObject","inLanguage":"es","@id":"https:\/\/diariodelsurdigital.com.ar\/?p=5695#primaryimage","url":"https:\/\/diariodelsurdigital.com.ar\/wp-content\/uploads\/2025\/11\/md-17-1.webp","contentUrl":"https:\/\/diariodelsurdigital.com.ar\/wp-content\/uploads\/2025\/11\/md-17-1.webp","width":992,"height":663},{"@type":"BreadcrumbList","@id":"https:\/\/diariodelsurdigital.com.ar\/?p=5695#breadcrumb","itemListElement":[{"@type":"ListItem","position":1,"name":"Portada","item":"https:\/\/diariodelsurdigital.com.ar\/"},{"@type":"ListItem","position":2,"name":"Inflaci\u00f3n en Am\u00e9rica Latina: cu\u00e1nto subieron los precios de la regi\u00f3n en octubre"}]},{"@type":"WebSite","@id":"https:\/\/diariodelsurdigital.com.ar\/#website","url":"https:\/\/diariodelsurdigital.com.ar\/","name":"Diario del Sur","description":"Digital","potentialAction":[{"@type":"SearchAction","target":{"@type":"EntryPoint","urlTemplate":"https:\/\/diariodelsurdigital.com.ar\/?s={search_term_string}"},"query-input":{"@type":"PropertyValueSpecification","valueRequired":true,"valueName":"search_term_string"}}],"inLanguage":"es"},{"@type":"Person","@id":"https:\/\/diariodelsurdigital.com.ar\/#\/schema\/person\/1a4992532ed62965c968031b49195c81","name":"Diario del Sur Digital","image":{"@type":"ImageObject","inLanguage":"es","@id":"https:\/\/secure.gravatar.com\/avatar\/f0c7c47fc7146d19828273b9b8eda651c9c7ab583767e6338d3d3bee825adf76?s=96&d=mm&r=g","url":"https:\/\/secure.gravatar.com\/avatar\/f0c7c47fc7146d19828273b9b8eda651c9c7ab583767e6338d3d3bee825adf76?s=96&d=mm&r=g","contentUrl":"https:\/\/secure.gravatar.com\/avatar\/f0c7c47fc7146d19828273b9b8eda651c9c7ab583767e6338d3d3bee825adf76?s=96&d=mm&r=g","caption":"Diario del Sur Digital"},"url":"https:\/\/diariodelsurdigital.com.ar\/?author=4"}]}},"_links":{"self":[{"href":"https:\/\/diariodelsurdigital.com.ar\/index.php?rest_route=\/wp\/v2\/posts\/5695","targetHints":{"allow":["GET"]}}],"collection":[{"href":"https:\/\/diariodelsurdigital.com.ar\/index.php?rest_route=\/wp\/v2\/posts"}],"about":[{"href":"https:\/\/diariodelsurdigital.com.ar\/index.php?rest_route=\/wp\/v2\/types\/post"}],"author":[{"embeddable":true,"href":"https:\/\/diariodelsurdigital.com.ar\/index.php?rest_route=\/wp\/v2\/users\/4"}],"replies":[{"embeddable":true,"href":"https:\/\/diariodelsurdigital.com.ar\/index.php?rest_route=%2Fwp%2Fv2%2Fcomments&post=5695"}],"version-history":[{"count":1,"href":"https:\/\/diariodelsurdigital.com.ar\/index.php?rest_route=\/wp\/v2\/posts\/5695\/revisions"}],"predecessor-version":[{"id":5697,"href":"https:\/\/diariodelsurdigital.com.ar\/index.php?rest_route=\/wp\/v2\/posts\/5695\/revisions\/5697"}],"wp:featuredmedia":[{"embeddable":true,"href":"https:\/\/diariodelsurdigital.com.ar\/index.php?rest_route=\/wp\/v2\/media\/5696"}],"wp:attachment":[{"href":"https:\/\/diariodelsurdigital.com.ar\/index.php?rest_route=%2Fwp%2Fv2%2Fmedia&parent=5695"}],"wp:term":[{"taxonomy":"category","embeddable":true,"href":"https:\/\/diariodelsurdigital.com.ar\/index.php?rest_route=%2Fwp%2Fv2%2Fcategories&post=5695"},{"taxonomy":"post_tag","embeddable":true,"href":"https:\/\/diariodelsurdigital.com.ar\/index.php?rest_route=%2Fwp%2Fv2%2Ftags&post=5695"}],"curies":[{"name":"wp","href":"https:\/\/api.w.org\/{rel}","templated":true}]}}