{"id":5704,"date":"2025-11-15T20:03:04","date_gmt":"2025-11-15T23:03:04","guid":{"rendered":"https:\/\/diariodelsurdigital.com.ar\/?p=5704"},"modified":"2025-11-15T22:45:40","modified_gmt":"2025-11-16T01:45:40","slug":"militantes-de-ahora-la-patria-se-reunieron-en-gualeguay-este-viernes","status":"publish","type":"post","link":"https:\/\/diariodelsurdigital.com.ar\/?p=5704","title":{"rendered":"Militantes de \u00abAhora la Patria\u00bb se reunieron en Gualeguay este viernes"},"content":{"rendered":"\n<p>Los integrantes de<strong> Ahora la PATRIA<\/strong> se reunieron en la \u00abCasa Compa\u00f1era\u00bb de la ciudad de Gualeguay, para ratificar la necesidad del fortalecer \u00abUn Frente Pol\u00edtico que re\u00fana a peronistas y progresistas entrerrianos para realizar un aporte a la unidad del campo nacional y popular para resistir las medidas de miseria ajuste y entrega de soberan\u00eda de la patria que afectan al pueblo argentino y a las cuales nos somete el gobierno de Javier MILEI y generar con nuestra militancia una propuesta para una Entre R\u00edos humana, productiva e igualitaria para todos los entrerrianos y entrerrianas\u00bb, aseguraron.<\/p>\n\n\n\n<p><br>Los presentes se manifestaron solidariamente con las compa\u00f1eras Carolina Gaillard y Paola Rubatino, ante el intento de sanci\u00f3n por parte del Partido Justicialista y expresaron que \u00abLo que necesitamos es articular un programa para recuperar la provincia y la naci\u00f3n en el 2027, donde puedan confluir todos los sectores del campo nacional y popular y no estar persiguiendo a compa\u00f1eros y compa\u00f1eras que ped\u00edan promover el debate en el partido que no se dio\u00bb, se\u00f1alaron desde el sector.<\/p>\n\n\n\n<p> En el c\u00f3nclave en donde fue anfitriona Paola Rubatino y que reuni\u00f3 a medio centenar de referentes de toda la provincia, se expres\u00f3 que \u00abHay que mirar para adelante y construir con compromiso, militancia y generosidad un programa que vuelva a representar a los entrerrianos. Esa es la tarea que nos debemos. Un programa que piense el ambiente, la salud, la educaci\u00f3n y el trabajo desde una perspectiva humanista\u00bb, expresaron.<\/p>\n\n\n\n<p>Los presentes, militantes de toda la provincia que fueron parte de Ahora 503, ratificaron la voluntad de seguir articulando un espacio que represente la voz del campo nacional y popular en entre R\u00edos.<\/p>\n\n\n\n<figure class=\"wp-block-image size-large\"><img loading=\"lazy\" decoding=\"async\" width=\"1024\" height=\"768\" src=\"https:\/\/diariodelsurdigital.com.ar\/wp-content\/uploads\/2025\/11\/Imagen-de-WhatsApp-2025-11-15-a-las-19.58.59_2b0fb5e5-1024x768.jpg\" alt=\"\" class=\"wp-image-5707\" srcset=\"https:\/\/diariodelsurdigital.com.ar\/wp-content\/uploads\/2025\/11\/Imagen-de-WhatsApp-2025-11-15-a-las-19.58.59_2b0fb5e5-1024x768.jpg 1024w, https:\/\/diariodelsurdigital.com.ar\/wp-content\/uploads\/2025\/11\/Imagen-de-WhatsApp-2025-11-15-a-las-19.58.59_2b0fb5e5-300x225.jpg 300w, https:\/\/diariodelsurdigital.com.ar\/wp-content\/uploads\/2025\/11\/Imagen-de-WhatsApp-2025-11-15-a-las-19.58.59_2b0fb5e5-768x576.jpg 768w, https:\/\/diariodelsurdigital.com.ar\/wp-content\/uploads\/2025\/11\/Imagen-de-WhatsApp-2025-11-15-a-las-19.58.59_2b0fb5e5-560x420.jpg 560w, https:\/\/diariodelsurdigital.com.ar\/wp-content\/uploads\/2025\/11\/Imagen-de-WhatsApp-2025-11-15-a-las-19.58.59_2b0fb5e5-80x60.jpg 80w, https:\/\/diariodelsurdigital.com.ar\/wp-content\/uploads\/2025\/11\/Imagen-de-WhatsApp-2025-11-15-a-las-19.58.59_2b0fb5e5-696x522.jpg 696w, https:\/\/diariodelsurdigital.com.ar\/wp-content\/uploads\/2025\/11\/Imagen-de-WhatsApp-2025-11-15-a-las-19.58.59_2b0fb5e5-1068x801.jpg 1068w, https:\/\/diariodelsurdigital.com.ar\/wp-content\/uploads\/2025\/11\/Imagen-de-WhatsApp-2025-11-15-a-las-19.58.59_2b0fb5e5-265x198.jpg 265w, https:\/\/diariodelsurdigital.com.ar\/wp-content\/uploads\/2025\/11\/Imagen-de-WhatsApp-2025-11-15-a-las-19.58.59_2b0fb5e5.jpg 1280w\" sizes=\"auto, (max-width: 1024px) 100vw, 1024px\" \/><\/figure>\n\n\n\n<figure class=\"wp-block-image size-large\"><img loading=\"lazy\" decoding=\"async\" width=\"1024\" height=\"768\" src=\"https:\/\/diariodelsurdigital.com.ar\/wp-content\/uploads\/2025\/11\/Imagen-de-WhatsApp-2025-11-15-a-las-19.59.17_ef814f2b-1-1024x768.jpg\" alt=\"\" class=\"wp-image-5708\" srcset=\"https:\/\/diariodelsurdigital.com.ar\/wp-content\/uploads\/2025\/11\/Imagen-de-WhatsApp-2025-11-15-a-las-19.59.17_ef814f2b-1-1024x768.jpg 1024w, https:\/\/diariodelsurdigital.com.ar\/wp-content\/uploads\/2025\/11\/Imagen-de-WhatsApp-2025-11-15-a-las-19.59.17_ef814f2b-1-300x225.jpg 300w, https:\/\/diariodelsurdigital.com.ar\/wp-content\/uploads\/2025\/11\/Imagen-de-WhatsApp-2025-11-15-a-las-19.59.17_ef814f2b-1-768x576.jpg 768w, https:\/\/diariodelsurdigital.com.ar\/wp-content\/uploads\/2025\/11\/Imagen-de-WhatsApp-2025-11-15-a-las-19.59.17_ef814f2b-1-560x420.jpg 560w, https:\/\/diariodelsurdigital.com.ar\/wp-content\/uploads\/2025\/11\/Imagen-de-WhatsApp-2025-11-15-a-las-19.59.17_ef814f2b-1-80x60.jpg 80w, https:\/\/diariodelsurdigital.com.ar\/wp-content\/uploads\/2025\/11\/Imagen-de-WhatsApp-2025-11-15-a-las-19.59.17_ef814f2b-1-696x522.jpg 696w, https:\/\/diariodelsurdigital.com.ar\/wp-content\/uploads\/2025\/11\/Imagen-de-WhatsApp-2025-11-15-a-las-19.59.17_ef814f2b-1-1068x801.jpg 1068w, https:\/\/diariodelsurdigital.com.ar\/wp-content\/uploads\/2025\/11\/Imagen-de-WhatsApp-2025-11-15-a-las-19.59.17_ef814f2b-1-265x198.jpg 265w, https:\/\/diariodelsurdigital.com.ar\/wp-content\/uploads\/2025\/11\/Imagen-de-WhatsApp-2025-11-15-a-las-19.59.17_ef814f2b-1.jpg 1280w\" sizes=\"auto, (max-width: 1024px) 100vw, 1024px\" \/><\/figure>\n","protected":false},"excerpt":{"rendered":"<p>Los integrantes de Ahora la PATRIA se reunieron en la \u00abCasa Compa\u00f1era\u00bb de la ciudad de Gualeguay, para ratificar la necesidad del fortalecer \u00abUn Frente Pol\u00edtico que re\u00fana a peronistas y progresistas entrerrianos para realizar un aporte a la unidad del campo nacional y popular para resistir las medidas de miseria ajuste y entrega de [&hellip;]<\/p>\n","protected":false},"author":2,"featured_media":5705,"comment_status":"open","ping_status":"open","sticky":false,"template":"","format":"standard","meta":{"footnotes":""},"categories":[22,17,1],"tags":[],"class_list":{"0":"post-5704","1":"post","2":"type-post","3":"status-publish","4":"format-standard","5":"has-post-thumbnail","7":"category-politica","8":"category-provinciales","9":"category-uncategorized"},"yoast_head":"<!-- This site is optimized with the Yoast SEO plugin v27.4 - https:\/\/yoast.com\/product\/yoast-seo-wordpress\/ -->\n<title>Militantes de &quot;Ahora la Patria&quot; se reunieron en Gualeguay este viernes - Diario del Sur<\/title>\n<meta name=\"robots\" content=\"index, follow, max-snippet:-1, max-image-preview:large, max-video-preview:-1\" \/>\n<link rel=\"canonical\" href=\"https:\/\/diariodelsurdigital.com.ar\/?p=5704\" \/>\n<meta property=\"og:locale\" content=\"es_ES\" \/>\n<meta property=\"og:type\" content=\"article\" \/>\n<meta property=\"og:title\" content=\"Militantes de &quot;Ahora la Patria&quot; se reunieron en Gualeguay este viernes - Diario del Sur\" \/>\n<meta property=\"og:description\" content=\"Los integrantes de Ahora la PATRIA se reunieron en la \u00abCasa Compa\u00f1era\u00bb de la ciudad de Gualeguay, para ratificar la necesidad del fortalecer \u00abUn Frente Pol\u00edtico que re\u00fana a peronistas y progresistas entrerrianos para realizar un aporte a la unidad del campo nacional y popular para resistir las medidas de miseria ajuste y entrega de [&hellip;]\" \/>\n<meta property=\"og:url\" content=\"https:\/\/diariodelsurdigital.com.ar\/?p=5704\" \/>\n<meta property=\"og:site_name\" content=\"Diario del Sur\" \/>\n<meta property=\"article:published_time\" content=\"2025-11-15T23:03:04+00:00\" \/>\n<meta property=\"article:modified_time\" content=\"2025-11-16T01:45:40+00:00\" \/>\n<meta property=\"og:image\" content=\"https:\/\/diariodelsurdigital.com.ar\/wp-content\/uploads\/2025\/11\/Imagen-de-WhatsApp-2025-11-15-a-las-18.25.34_09afbf3b.jpg\" \/>\n\t<meta property=\"og:image:width\" content=\"575\" \/>\n\t<meta property=\"og:image:height\" content=\"330\" \/>\n\t<meta property=\"og:image:type\" content=\"image\/jpeg\" \/>\n<meta name=\"author\" content=\"Diario del Sur Digital\" \/>\n<meta name=\"twitter:card\" content=\"summary_large_image\" \/>\n<meta name=\"twitter:label1\" content=\"Escrito por\" \/>\n\t<meta name=\"twitter:data1\" content=\"Diario del Sur Digital\" \/>\n\t<meta name=\"twitter:label2\" content=\"Tiempo de lectura\" \/>\n\t<meta name=\"twitter:data2\" content=\"2 minutos\" \/>\n<script type=\"application\/ld+json\" class=\"yoast-schema-graph\">{\"@context\":\"https:\\\/\\\/schema.org\",\"@graph\":[{\"@type\":\"Article\",\"@id\":\"https:\\\/\\\/diariodelsurdigital.com.ar\\\/?p=5704#article\",\"isPartOf\":{\"@id\":\"https:\\\/\\\/diariodelsurdigital.com.ar\\\/?p=5704\"},\"author\":{\"name\":\"Diario del Sur Digital\",\"@id\":\"https:\\\/\\\/diariodelsurdigital.com.ar\\\/#\\\/schema\\\/person\\\/6136a32571657f7dba980b88b04c5465\"},\"headline\":\"Militantes de \u00abAhora la Patria\u00bb se reunieron en Gualeguay este viernes\",\"datePublished\":\"2025-11-15T23:03:04+00:00\",\"dateModified\":\"2025-11-16T01:45:40+00:00\",\"mainEntityOfPage\":{\"@id\":\"https:\\\/\\\/diariodelsurdigital.com.ar\\\/?p=5704\"},\"wordCount\":302,\"commentCount\":2,\"image\":{\"@id\":\"https:\\\/\\\/diariodelsurdigital.com.ar\\\/?p=5704#primaryimage\"},\"thumbnailUrl\":\"https:\\\/\\\/diariodelsurdigital.com.ar\\\/wp-content\\\/uploads\\\/2025\\\/11\\\/Imagen-de-WhatsApp-2025-11-15-a-las-18.25.34_09afbf3b.jpg\",\"articleSection\":[\"Pol\u00edtica\",\"Provinciales\",\"Uncategorized\"],\"inLanguage\":\"es\",\"potentialAction\":[{\"@type\":\"CommentAction\",\"name\":\"Comment\",\"target\":[\"https:\\\/\\\/diariodelsurdigital.com.ar\\\/?p=5704#respond\"]}]},{\"@type\":\"WebPage\",\"@id\":\"https:\\\/\\\/diariodelsurdigital.com.ar\\\/?p=5704\",\"url\":\"https:\\\/\\\/diariodelsurdigital.com.ar\\\/?p=5704\",\"name\":\"Militantes de \\\"Ahora la Patria\\\" se reunieron en Gualeguay este viernes - Diario del Sur\",\"isPartOf\":{\"@id\":\"https:\\\/\\\/diariodelsurdigital.com.ar\\\/#website\"},\"primaryImageOfPage\":{\"@id\":\"https:\\\/\\\/diariodelsurdigital.com.ar\\\/?p=5704#primaryimage\"},\"image\":{\"@id\":\"https:\\\/\\\/diariodelsurdigital.com.ar\\\/?p=5704#primaryimage\"},\"thumbnailUrl\":\"https:\\\/\\\/diariodelsurdigital.com.ar\\\/wp-content\\\/uploads\\\/2025\\\/11\\\/Imagen-de-WhatsApp-2025-11-15-a-las-18.25.34_09afbf3b.jpg\",\"datePublished\":\"2025-11-15T23:03:04+00:00\",\"dateModified\":\"2025-11-16T01:45:40+00:00\",\"author\":{\"@id\":\"https:\\\/\\\/diariodelsurdigital.com.ar\\\/#\\\/schema\\\/person\\\/6136a32571657f7dba980b88b04c5465\"},\"breadcrumb\":{\"@id\":\"https:\\\/\\\/diariodelsurdigital.com.ar\\\/?p=5704#breadcrumb\"},\"inLanguage\":\"es\",\"potentialAction\":[{\"@type\":\"ReadAction\",\"target\":[\"https:\\\/\\\/diariodelsurdigital.com.ar\\\/?p=5704\"]}]},{\"@type\":\"ImageObject\",\"inLanguage\":\"es\",\"@id\":\"https:\\\/\\\/diariodelsurdigital.com.ar\\\/?p=5704#primaryimage\",\"url\":\"https:\\\/\\\/diariodelsurdigital.com.ar\\\/wp-content\\\/uploads\\\/2025\\\/11\\\/Imagen-de-WhatsApp-2025-11-15-a-las-18.25.34_09afbf3b.jpg\",\"contentUrl\":\"https:\\\/\\\/diariodelsurdigital.com.ar\\\/wp-content\\\/uploads\\\/2025\\\/11\\\/Imagen-de-WhatsApp-2025-11-15-a-las-18.25.34_09afbf3b.jpg\",\"width\":575,\"height\":330},{\"@type\":\"BreadcrumbList\",\"@id\":\"https:\\\/\\\/diariodelsurdigital.com.ar\\\/?p=5704#breadcrumb\",\"itemListElement\":[{\"@type\":\"ListItem\",\"position\":1,\"name\":\"Portada\",\"item\":\"https:\\\/\\\/diariodelsurdigital.com.ar\\\/\"},{\"@type\":\"ListItem\",\"position\":2,\"name\":\"Militantes de \u00abAhora la Patria\u00bb se reunieron en Gualeguay este viernes\"}]},{\"@type\":\"WebSite\",\"@id\":\"https:\\\/\\\/diariodelsurdigital.com.ar\\\/#website\",\"url\":\"https:\\\/\\\/diariodelsurdigital.com.ar\\\/\",\"name\":\"Diario del Sur\",\"description\":\"Digital\",\"potentialAction\":[{\"@type\":\"SearchAction\",\"target\":{\"@type\":\"EntryPoint\",\"urlTemplate\":\"https:\\\/\\\/diariodelsurdigital.com.ar\\\/?s={search_term_string}\"},\"query-input\":{\"@type\":\"PropertyValueSpecification\",\"valueRequired\":true,\"valueName\":\"search_term_string\"}}],\"inLanguage\":\"es\"},{\"@type\":\"Person\",\"@id\":\"https:\\\/\\\/diariodelsurdigital.com.ar\\\/#\\\/schema\\\/person\\\/6136a32571657f7dba980b88b04c5465\",\"name\":\"Diario del Sur Digital\",\"image\":{\"@type\":\"ImageObject\",\"inLanguage\":\"es\",\"@id\":\"https:\\\/\\\/secure.gravatar.com\\\/avatar\\\/4c29ceac98541dd42460b2474aaa5dd37594d6ce6cb3cf2c101d09b48ee287ba?s=96&d=mm&r=g\",\"url\":\"https:\\\/\\\/secure.gravatar.com\\\/avatar\\\/4c29ceac98541dd42460b2474aaa5dd37594d6ce6cb3cf2c101d09b48ee287ba?s=96&d=mm&r=g\",\"contentUrl\":\"https:\\\/\\\/secure.gravatar.com\\\/avatar\\\/4c29ceac98541dd42460b2474aaa5dd37594d6ce6cb3cf2c101d09b48ee287ba?s=96&d=mm&r=g\",\"caption\":\"Diario del Sur Digital\"},\"url\":\"https:\\\/\\\/diariodelsurdigital.com.ar\\\/?author=2\"}]}<\/script>\n<!-- \/ Yoast SEO plugin. -->","yoast_head_json":{"title":"Militantes de \"Ahora la Patria\" se reunieron en Gualeguay este viernes - Diario del Sur","robots":{"index":"index","follow":"follow","max-snippet":"max-snippet:-1","max-image-preview":"max-image-preview:large","max-video-preview":"max-video-preview:-1"},"canonical":"https:\/\/diariodelsurdigital.com.ar\/?p=5704","og_locale":"es_ES","og_type":"article","og_title":"Militantes de \"Ahora la Patria\" se reunieron en Gualeguay este viernes - Diario del Sur","og_description":"Los integrantes de Ahora la PATRIA se reunieron en la \u00abCasa Compa\u00f1era\u00bb de la ciudad de Gualeguay, para ratificar la necesidad del fortalecer \u00abUn Frente Pol\u00edtico que re\u00fana a peronistas y progresistas entrerrianos para realizar un aporte a la unidad del campo nacional y popular para resistir las medidas de miseria ajuste y entrega de [&hellip;]","og_url":"https:\/\/diariodelsurdigital.com.ar\/?p=5704","og_site_name":"Diario del Sur","article_published_time":"2025-11-15T23:03:04+00:00","article_modified_time":"2025-11-16T01:45:40+00:00","og_image":[{"width":575,"height":330,"url":"https:\/\/diariodelsurdigital.com.ar\/wp-content\/uploads\/2025\/11\/Imagen-de-WhatsApp-2025-11-15-a-las-18.25.34_09afbf3b.jpg","type":"image\/jpeg"}],"author":"Diario del Sur Digital","twitter_card":"summary_large_image","twitter_misc":{"Escrito por":"Diario del Sur Digital","Tiempo de lectura":"2 minutos"},"schema":{"@context":"https:\/\/schema.org","@graph":[{"@type":"Article","@id":"https:\/\/diariodelsurdigital.com.ar\/?p=5704#article","isPartOf":{"@id":"https:\/\/diariodelsurdigital.com.ar\/?p=5704"},"author":{"name":"Diario del Sur Digital","@id":"https:\/\/diariodelsurdigital.com.ar\/#\/schema\/person\/6136a32571657f7dba980b88b04c5465"},"headline":"Militantes de \u00abAhora la Patria\u00bb se reunieron en Gualeguay este viernes","datePublished":"2025-11-15T23:03:04+00:00","dateModified":"2025-11-16T01:45:40+00:00","mainEntityOfPage":{"@id":"https:\/\/diariodelsurdigital.com.ar\/?p=5704"},"wordCount":302,"commentCount":2,"image":{"@id":"https:\/\/diariodelsurdigital.com.ar\/?p=5704#primaryimage"},"thumbnailUrl":"https:\/\/diariodelsurdigital.com.ar\/wp-content\/uploads\/2025\/11\/Imagen-de-WhatsApp-2025-11-15-a-las-18.25.34_09afbf3b.jpg","articleSection":["Pol\u00edtica","Provinciales","Uncategorized"],"inLanguage":"es","potentialAction":[{"@type":"CommentAction","name":"Comment","target":["https:\/\/diariodelsurdigital.com.ar\/?p=5704#respond"]}]},{"@type":"WebPage","@id":"https:\/\/diariodelsurdigital.com.ar\/?p=5704","url":"https:\/\/diariodelsurdigital.com.ar\/?p=5704","name":"Militantes de \"Ahora la Patria\" se reunieron en Gualeguay este viernes - Diario del Sur","isPartOf":{"@id":"https:\/\/diariodelsurdigital.com.ar\/#website"},"primaryImageOfPage":{"@id":"https:\/\/diariodelsurdigital.com.ar\/?p=5704#primaryimage"},"image":{"@id":"https:\/\/diariodelsurdigital.com.ar\/?p=5704#primaryimage"},"thumbnailUrl":"https:\/\/diariodelsurdigital.com.ar\/wp-content\/uploads\/2025\/11\/Imagen-de-WhatsApp-2025-11-15-a-las-18.25.34_09afbf3b.jpg","datePublished":"2025-11-15T23:03:04+00:00","dateModified":"2025-11-16T01:45:40+00:00","author":{"@id":"https:\/\/diariodelsurdigital.com.ar\/#\/schema\/person\/6136a32571657f7dba980b88b04c5465"},"breadcrumb":{"@id":"https:\/\/diariodelsurdigital.com.ar\/?p=5704#breadcrumb"},"inLanguage":"es","potentialAction":[{"@type":"ReadAction","target":["https:\/\/diariodelsurdigital.com.ar\/?p=5704"]}]},{"@type":"ImageObject","inLanguage":"es","@id":"https:\/\/diariodelsurdigital.com.ar\/?p=5704#primaryimage","url":"https:\/\/diariodelsurdigital.com.ar\/wp-content\/uploads\/2025\/11\/Imagen-de-WhatsApp-2025-11-15-a-las-18.25.34_09afbf3b.jpg","contentUrl":"https:\/\/diariodelsurdigital.com.ar\/wp-content\/uploads\/2025\/11\/Imagen-de-WhatsApp-2025-11-15-a-las-18.25.34_09afbf3b.jpg","width":575,"height":330},{"@type":"BreadcrumbList","@id":"https:\/\/diariodelsurdigital.com.ar\/?p=5704#breadcrumb","itemListElement":[{"@type":"ListItem","position":1,"name":"Portada","item":"https:\/\/diariodelsurdigital.com.ar\/"},{"@type":"ListItem","position":2,"name":"Militantes de \u00abAhora la Patria\u00bb se reunieron en Gualeguay este viernes"}]},{"@type":"WebSite","@id":"https:\/\/diariodelsurdigital.com.ar\/#website","url":"https:\/\/diariodelsurdigital.com.ar\/","name":"Diario del Sur","description":"Digital","potentialAction":[{"@type":"SearchAction","target":{"@type":"EntryPoint","urlTemplate":"https:\/\/diariodelsurdigital.com.ar\/?s={search_term_string}"},"query-input":{"@type":"PropertyValueSpecification","valueRequired":true,"valueName":"search_term_string"}}],"inLanguage":"es"},{"@type":"Person","@id":"https:\/\/diariodelsurdigital.com.ar\/#\/schema\/person\/6136a32571657f7dba980b88b04c5465","name":"Diario del Sur Digital","image":{"@type":"ImageObject","inLanguage":"es","@id":"https:\/\/secure.gravatar.com\/avatar\/4c29ceac98541dd42460b2474aaa5dd37594d6ce6cb3cf2c101d09b48ee287ba?s=96&d=mm&r=g","url":"https:\/\/secure.gravatar.com\/avatar\/4c29ceac98541dd42460b2474aaa5dd37594d6ce6cb3cf2c101d09b48ee287ba?s=96&d=mm&r=g","contentUrl":"https:\/\/secure.gravatar.com\/avatar\/4c29ceac98541dd42460b2474aaa5dd37594d6ce6cb3cf2c101d09b48ee287ba?s=96&d=mm&r=g","caption":"Diario del Sur Digital"},"url":"https:\/\/diariodelsurdigital.com.ar\/?author=2"}]}},"_links":{"self":[{"href":"https:\/\/diariodelsurdigital.com.ar\/index.php?rest_route=\/wp\/v2\/posts\/5704","targetHints":{"allow":["GET"]}}],"collection":[{"href":"https:\/\/diariodelsurdigital.com.ar\/index.php?rest_route=\/wp\/v2\/posts"}],"about":[{"href":"https:\/\/diariodelsurdigital.com.ar\/index.php?rest_route=\/wp\/v2\/types\/post"}],"author":[{"embeddable":true,"href":"https:\/\/diariodelsurdigital.com.ar\/index.php?rest_route=\/wp\/v2\/users\/2"}],"replies":[{"embeddable":true,"href":"https:\/\/diariodelsurdigital.com.ar\/index.php?rest_route=%2Fwp%2Fv2%2Fcomments&post=5704"}],"version-history":[{"count":1,"href":"https:\/\/diariodelsurdigital.com.ar\/index.php?rest_route=\/wp\/v2\/posts\/5704\/revisions"}],"predecessor-version":[{"id":5709,"href":"https:\/\/diariodelsurdigital.com.ar\/index.php?rest_route=\/wp\/v2\/posts\/5704\/revisions\/5709"}],"wp:featuredmedia":[{"embeddable":true,"href":"https:\/\/diariodelsurdigital.com.ar\/index.php?rest_route=\/wp\/v2\/media\/5705"}],"wp:attachment":[{"href":"https:\/\/diariodelsurdigital.com.ar\/index.php?rest_route=%2Fwp%2Fv2%2Fmedia&parent=5704"}],"wp:term":[{"taxonomy":"category","embeddable":true,"href":"https:\/\/diariodelsurdigital.com.ar\/index.php?rest_route=%2Fwp%2Fv2%2Fcategories&post=5704"},{"taxonomy":"post_tag","embeddable":true,"href":"https:\/\/diariodelsurdigital.com.ar\/index.php?rest_route=%2Fwp%2Fv2%2Ftags&post=5704"}],"curies":[{"name":"wp","href":"https:\/\/api.w.org\/{rel}","templated":true}]}}