{"id":5710,"date":"2025-11-15T22:44:54","date_gmt":"2025-11-16T01:44:54","guid":{"rendered":"https:\/\/diariodelsurdigital.com.ar\/?p=5710"},"modified":"2025-11-15T22:46:24","modified_gmt":"2025-11-16T01:46:24","slug":"5710","status":"publish","type":"post","link":"https:\/\/diariodelsurdigital.com.ar\/?p=5710","title":{"rendered":"Viejas caras pejotistas se reunieron en Gualeguaych\u00fa"},"content":{"rendered":"\n<h4 class=\"wp-block-heading\">En Aldea San Antonio, departamento de Gualeguaych\u00fa, el pejotismo entrerriano promet\u00eda congreso, casi asamblea refundacional. Terminaron en una mesa cada vez m\u00e1s chica, donde la puesta en escena pesa m\u00e1s que la pol\u00edtica. De \u201ccongreso\u201d pasaron a \u201cencuentro\u201d, de encuentro a \u201cliga ampliada\u201d, y ahora a esta versi\u00f3n m\u00ednima donde hasta hubo que aclarar qui\u00e9nes se excusaban de ir.<\/h4>\n\n\n\n<p>El documento habla de \u201cideas renovadas, federalismo y di\u00e1logo para la etapa que viene\u201d. Palabras prolijas, foto cuidada y firma colectiva. Pero la realidad es otra: en Paran\u00e1 perdieron por m\u00e1s de 20 puntos, una paliza que no fue un accidente meteorol\u00f3gico, sino el resultado de a\u00f1os de prepotencia pol\u00edtica, favores cruzados y un sistema de premios internos desconectado de la sociedad. El castigo no fue a un partido abstracto: fue, con nombre y apellido, a la forma de hacer pol\u00edtica que encarn\u00f3 Michel en la capital y en la provincia.<\/p>\n\n\n\n<p>Mientras el texto oficial promete \u201cfederalismo\u201d y \u201cdi\u00e1logo\u201d, la pr\u00e1ctica es la misma de siempre: la misma mesa, las mismas caras, la misma falsa autocr\u00edtica. El diagn\u00f3stico se repite como letan\u00eda \u2013\u201ctenemos que revisar errores\u201d, \u201cvolver al territorio\u201d, \u201cescuchar a la gente\u201d\u2013 pero nadie pone sobre la mesa ni los decretos, ni las cajas, ni los contratos, ni las listas cerradas que los trajeron hasta ac\u00e1.<\/p>\n\n\n\n<p>La dirigencia se sigue mirando el ombligo en la provincia donde el peronismo perdi\u00f3 ciudades hist\u00f3ricas, y en la propia Paran\u00e1, s\u00edmbolo del derrumbe, se comportan como si el problema fuera de \u201ccomunicaci\u00f3n\u201d y no de poder, negocios y complicidades. Hablan de futuro, pero el reparto de sillas es el de siempre.<\/p>\n\n\n\n<p>Si la pel\u00edcula sigue as\u00ed, la famosa \u201cliga ampliada\u201d va a terminar siendo un partido de truco entre mentirosos, con mesa cuadrada reservada para los tres que van a quedar: Romero, Bahl y Michel, discutiendo en voz baja c\u00f3mo maquillar la pr\u00f3xima derrota mientras juran que ahora s\u00ed entendieron el mensaje de las urnas.<\/p>\n\n\n\n<p>Fuente: La Caldera<\/p>\n","protected":false},"excerpt":{"rendered":"<p>En Aldea San Antonio, departamento de Gualeguaych\u00fa, el pejotismo entrerriano promet\u00eda congreso, casi asamblea refundacional. Terminaron en una mesa cada vez m\u00e1s chica, donde la puesta en escena pesa m\u00e1s que la pol\u00edtica. De \u201ccongreso\u201d pasaron a \u201cencuentro\u201d, de encuentro a \u201cliga ampliada\u201d, y ahora a esta versi\u00f3n m\u00ednima donde hasta hubo que aclarar qui\u00e9nes [&hellip;]<\/p>\n","protected":false},"author":2,"featured_media":5711,"comment_status":"open","ping_status":"open","sticky":false,"template":"","format":"standard","meta":{"footnotes":""},"categories":[22,17],"tags":[],"class_list":{"0":"post-5710","1":"post","2":"type-post","3":"status-publish","4":"format-standard","5":"has-post-thumbnail","7":"category-politica","8":"category-provinciales"},"yoast_head":"<!-- This site is optimized with the Yoast SEO plugin v27.4 - https:\/\/yoast.com\/product\/yoast-seo-wordpress\/ -->\n<title>Viejas caras pejotistas se reunieron en Gualeguaych\u00fa - Diario del Sur<\/title>\n<meta name=\"robots\" content=\"index, follow, max-snippet:-1, max-image-preview:large, max-video-preview:-1\" \/>\n<link rel=\"canonical\" href=\"https:\/\/diariodelsurdigital.com.ar\/?p=5710\" \/>\n<meta property=\"og:locale\" content=\"es_ES\" \/>\n<meta property=\"og:type\" content=\"article\" \/>\n<meta property=\"og:title\" content=\"Viejas caras pejotistas se reunieron en Gualeguaych\u00fa - Diario del Sur\" \/>\n<meta property=\"og:description\" content=\"En Aldea San Antonio, departamento de Gualeguaych\u00fa, el pejotismo entrerriano promet\u00eda congreso, casi asamblea refundacional. Terminaron en una mesa cada vez m\u00e1s chica, donde la puesta en escena pesa m\u00e1s que la pol\u00edtica. De \u201ccongreso\u201d pasaron a \u201cencuentro\u201d, de encuentro a \u201cliga ampliada\u201d, y ahora a esta versi\u00f3n m\u00ednima donde hasta hubo que aclarar qui\u00e9nes [&hellip;]\" \/>\n<meta property=\"og:url\" content=\"https:\/\/diariodelsurdigital.com.ar\/?p=5710\" \/>\n<meta property=\"og:site_name\" content=\"Diario del Sur\" \/>\n<meta property=\"article:published_time\" content=\"2025-11-16T01:44:54+00:00\" \/>\n<meta property=\"article:modified_time\" content=\"2025-11-16T01:46:24+00:00\" \/>\n<meta property=\"og:image\" content=\"https:\/\/diariodelsurdigital.com.ar\/wp-content\/uploads\/2025\/11\/lg.png\" \/>\n\t<meta property=\"og:image:width\" content=\"480\" \/>\n\t<meta property=\"og:image:height\" content=\"297\" \/>\n\t<meta property=\"og:image:type\" content=\"image\/png\" \/>\n<meta name=\"author\" content=\"Diario del Sur Digital\" \/>\n<meta name=\"twitter:card\" content=\"summary_large_image\" \/>\n<meta name=\"twitter:label1\" content=\"Escrito por\" \/>\n\t<meta name=\"twitter:data1\" content=\"Diario del Sur Digital\" \/>\n\t<meta name=\"twitter:label2\" content=\"Tiempo de lectura\" \/>\n\t<meta name=\"twitter:data2\" content=\"2 minutos\" \/>\n<script type=\"application\/ld+json\" class=\"yoast-schema-graph\">{\"@context\":\"https:\\\/\\\/schema.org\",\"@graph\":[{\"@type\":\"Article\",\"@id\":\"https:\\\/\\\/diariodelsurdigital.com.ar\\\/?p=5710#article\",\"isPartOf\":{\"@id\":\"https:\\\/\\\/diariodelsurdigital.com.ar\\\/?p=5710\"},\"author\":{\"name\":\"Diario del Sur Digital\",\"@id\":\"https:\\\/\\\/diariodelsurdigital.com.ar\\\/#\\\/schema\\\/person\\\/6136a32571657f7dba980b88b04c5465\"},\"headline\":\"Viejas caras pejotistas se reunieron en Gualeguaych\u00fa\",\"datePublished\":\"2025-11-16T01:44:54+00:00\",\"dateModified\":\"2025-11-16T01:46:24+00:00\",\"mainEntityOfPage\":{\"@id\":\"https:\\\/\\\/diariodelsurdigital.com.ar\\\/?p=5710\"},\"wordCount\":355,\"commentCount\":0,\"image\":{\"@id\":\"https:\\\/\\\/diariodelsurdigital.com.ar\\\/?p=5710#primaryimage\"},\"thumbnailUrl\":\"https:\\\/\\\/diariodelsurdigital.com.ar\\\/wp-content\\\/uploads\\\/2025\\\/11\\\/lg.png\",\"articleSection\":[\"Pol\u00edtica\",\"Provinciales\"],\"inLanguage\":\"es\",\"potentialAction\":[{\"@type\":\"CommentAction\",\"name\":\"Comment\",\"target\":[\"https:\\\/\\\/diariodelsurdigital.com.ar\\\/?p=5710#respond\"]}]},{\"@type\":\"WebPage\",\"@id\":\"https:\\\/\\\/diariodelsurdigital.com.ar\\\/?p=5710\",\"url\":\"https:\\\/\\\/diariodelsurdigital.com.ar\\\/?p=5710\",\"name\":\"Viejas caras pejotistas se reunieron en Gualeguaych\u00fa - Diario del Sur\",\"isPartOf\":{\"@id\":\"https:\\\/\\\/diariodelsurdigital.com.ar\\\/#website\"},\"primaryImageOfPage\":{\"@id\":\"https:\\\/\\\/diariodelsurdigital.com.ar\\\/?p=5710#primaryimage\"},\"image\":{\"@id\":\"https:\\\/\\\/diariodelsurdigital.com.ar\\\/?p=5710#primaryimage\"},\"thumbnailUrl\":\"https:\\\/\\\/diariodelsurdigital.com.ar\\\/wp-content\\\/uploads\\\/2025\\\/11\\\/lg.png\",\"datePublished\":\"2025-11-16T01:44:54+00:00\",\"dateModified\":\"2025-11-16T01:46:24+00:00\",\"author\":{\"@id\":\"https:\\\/\\\/diariodelsurdigital.com.ar\\\/#\\\/schema\\\/person\\\/6136a32571657f7dba980b88b04c5465\"},\"breadcrumb\":{\"@id\":\"https:\\\/\\\/diariodelsurdigital.com.ar\\\/?p=5710#breadcrumb\"},\"inLanguage\":\"es\",\"potentialAction\":[{\"@type\":\"ReadAction\",\"target\":[\"https:\\\/\\\/diariodelsurdigital.com.ar\\\/?p=5710\"]}]},{\"@type\":\"ImageObject\",\"inLanguage\":\"es\",\"@id\":\"https:\\\/\\\/diariodelsurdigital.com.ar\\\/?p=5710#primaryimage\",\"url\":\"https:\\\/\\\/diariodelsurdigital.com.ar\\\/wp-content\\\/uploads\\\/2025\\\/11\\\/lg.png\",\"contentUrl\":\"https:\\\/\\\/diariodelsurdigital.com.ar\\\/wp-content\\\/uploads\\\/2025\\\/11\\\/lg.png\",\"width\":480,\"height\":297},{\"@type\":\"BreadcrumbList\",\"@id\":\"https:\\\/\\\/diariodelsurdigital.com.ar\\\/?p=5710#breadcrumb\",\"itemListElement\":[{\"@type\":\"ListItem\",\"position\":1,\"name\":\"Portada\",\"item\":\"https:\\\/\\\/diariodelsurdigital.com.ar\\\/\"},{\"@type\":\"ListItem\",\"position\":2,\"name\":\"Viejas caras pejotistas se reunieron en Gualeguaych\u00fa\"}]},{\"@type\":\"WebSite\",\"@id\":\"https:\\\/\\\/diariodelsurdigital.com.ar\\\/#website\",\"url\":\"https:\\\/\\\/diariodelsurdigital.com.ar\\\/\",\"name\":\"Diario del Sur\",\"description\":\"Digital\",\"potentialAction\":[{\"@type\":\"SearchAction\",\"target\":{\"@type\":\"EntryPoint\",\"urlTemplate\":\"https:\\\/\\\/diariodelsurdigital.com.ar\\\/?s={search_term_string}\"},\"query-input\":{\"@type\":\"PropertyValueSpecification\",\"valueRequired\":true,\"valueName\":\"search_term_string\"}}],\"inLanguage\":\"es\"},{\"@type\":\"Person\",\"@id\":\"https:\\\/\\\/diariodelsurdigital.com.ar\\\/#\\\/schema\\\/person\\\/6136a32571657f7dba980b88b04c5465\",\"name\":\"Diario del Sur Digital\",\"image\":{\"@type\":\"ImageObject\",\"inLanguage\":\"es\",\"@id\":\"https:\\\/\\\/secure.gravatar.com\\\/avatar\\\/4c29ceac98541dd42460b2474aaa5dd37594d6ce6cb3cf2c101d09b48ee287ba?s=96&d=mm&r=g\",\"url\":\"https:\\\/\\\/secure.gravatar.com\\\/avatar\\\/4c29ceac98541dd42460b2474aaa5dd37594d6ce6cb3cf2c101d09b48ee287ba?s=96&d=mm&r=g\",\"contentUrl\":\"https:\\\/\\\/secure.gravatar.com\\\/avatar\\\/4c29ceac98541dd42460b2474aaa5dd37594d6ce6cb3cf2c101d09b48ee287ba?s=96&d=mm&r=g\",\"caption\":\"Diario del Sur Digital\"},\"url\":\"https:\\\/\\\/diariodelsurdigital.com.ar\\\/?author=2\"}]}<\/script>\n<!-- \/ Yoast SEO plugin. -->","yoast_head_json":{"title":"Viejas caras pejotistas se reunieron en Gualeguaych\u00fa - Diario del Sur","robots":{"index":"index","follow":"follow","max-snippet":"max-snippet:-1","max-image-preview":"max-image-preview:large","max-video-preview":"max-video-preview:-1"},"canonical":"https:\/\/diariodelsurdigital.com.ar\/?p=5710","og_locale":"es_ES","og_type":"article","og_title":"Viejas caras pejotistas se reunieron en Gualeguaych\u00fa - Diario del Sur","og_description":"En Aldea San Antonio, departamento de Gualeguaych\u00fa, el pejotismo entrerriano promet\u00eda congreso, casi asamblea refundacional. Terminaron en una mesa cada vez m\u00e1s chica, donde la puesta en escena pesa m\u00e1s que la pol\u00edtica. De \u201ccongreso\u201d pasaron a \u201cencuentro\u201d, de encuentro a \u201cliga ampliada\u201d, y ahora a esta versi\u00f3n m\u00ednima donde hasta hubo que aclarar qui\u00e9nes [&hellip;]","og_url":"https:\/\/diariodelsurdigital.com.ar\/?p=5710","og_site_name":"Diario del Sur","article_published_time":"2025-11-16T01:44:54+00:00","article_modified_time":"2025-11-16T01:46:24+00:00","og_image":[{"width":480,"height":297,"url":"https:\/\/diariodelsurdigital.com.ar\/wp-content\/uploads\/2025\/11\/lg.png","type":"image\/png"}],"author":"Diario del Sur Digital","twitter_card":"summary_large_image","twitter_misc":{"Escrito por":"Diario del Sur Digital","Tiempo de lectura":"2 minutos"},"schema":{"@context":"https:\/\/schema.org","@graph":[{"@type":"Article","@id":"https:\/\/diariodelsurdigital.com.ar\/?p=5710#article","isPartOf":{"@id":"https:\/\/diariodelsurdigital.com.ar\/?p=5710"},"author":{"name":"Diario del Sur Digital","@id":"https:\/\/diariodelsurdigital.com.ar\/#\/schema\/person\/6136a32571657f7dba980b88b04c5465"},"headline":"Viejas caras pejotistas se reunieron en Gualeguaych\u00fa","datePublished":"2025-11-16T01:44:54+00:00","dateModified":"2025-11-16T01:46:24+00:00","mainEntityOfPage":{"@id":"https:\/\/diariodelsurdigital.com.ar\/?p=5710"},"wordCount":355,"commentCount":0,"image":{"@id":"https:\/\/diariodelsurdigital.com.ar\/?p=5710#primaryimage"},"thumbnailUrl":"https:\/\/diariodelsurdigital.com.ar\/wp-content\/uploads\/2025\/11\/lg.png","articleSection":["Pol\u00edtica","Provinciales"],"inLanguage":"es","potentialAction":[{"@type":"CommentAction","name":"Comment","target":["https:\/\/diariodelsurdigital.com.ar\/?p=5710#respond"]}]},{"@type":"WebPage","@id":"https:\/\/diariodelsurdigital.com.ar\/?p=5710","url":"https:\/\/diariodelsurdigital.com.ar\/?p=5710","name":"Viejas caras pejotistas se reunieron en Gualeguaych\u00fa - Diario del Sur","isPartOf":{"@id":"https:\/\/diariodelsurdigital.com.ar\/#website"},"primaryImageOfPage":{"@id":"https:\/\/diariodelsurdigital.com.ar\/?p=5710#primaryimage"},"image":{"@id":"https:\/\/diariodelsurdigital.com.ar\/?p=5710#primaryimage"},"thumbnailUrl":"https:\/\/diariodelsurdigital.com.ar\/wp-content\/uploads\/2025\/11\/lg.png","datePublished":"2025-11-16T01:44:54+00:00","dateModified":"2025-11-16T01:46:24+00:00","author":{"@id":"https:\/\/diariodelsurdigital.com.ar\/#\/schema\/person\/6136a32571657f7dba980b88b04c5465"},"breadcrumb":{"@id":"https:\/\/diariodelsurdigital.com.ar\/?p=5710#breadcrumb"},"inLanguage":"es","potentialAction":[{"@type":"ReadAction","target":["https:\/\/diariodelsurdigital.com.ar\/?p=5710"]}]},{"@type":"ImageObject","inLanguage":"es","@id":"https:\/\/diariodelsurdigital.com.ar\/?p=5710#primaryimage","url":"https:\/\/diariodelsurdigital.com.ar\/wp-content\/uploads\/2025\/11\/lg.png","contentUrl":"https:\/\/diariodelsurdigital.com.ar\/wp-content\/uploads\/2025\/11\/lg.png","width":480,"height":297},{"@type":"BreadcrumbList","@id":"https:\/\/diariodelsurdigital.com.ar\/?p=5710#breadcrumb","itemListElement":[{"@type":"ListItem","position":1,"name":"Portada","item":"https:\/\/diariodelsurdigital.com.ar\/"},{"@type":"ListItem","position":2,"name":"Viejas caras pejotistas se reunieron en Gualeguaych\u00fa"}]},{"@type":"WebSite","@id":"https:\/\/diariodelsurdigital.com.ar\/#website","url":"https:\/\/diariodelsurdigital.com.ar\/","name":"Diario del Sur","description":"Digital","potentialAction":[{"@type":"SearchAction","target":{"@type":"EntryPoint","urlTemplate":"https:\/\/diariodelsurdigital.com.ar\/?s={search_term_string}"},"query-input":{"@type":"PropertyValueSpecification","valueRequired":true,"valueName":"search_term_string"}}],"inLanguage":"es"},{"@type":"Person","@id":"https:\/\/diariodelsurdigital.com.ar\/#\/schema\/person\/6136a32571657f7dba980b88b04c5465","name":"Diario del Sur Digital","image":{"@type":"ImageObject","inLanguage":"es","@id":"https:\/\/secure.gravatar.com\/avatar\/4c29ceac98541dd42460b2474aaa5dd37594d6ce6cb3cf2c101d09b48ee287ba?s=96&d=mm&r=g","url":"https:\/\/secure.gravatar.com\/avatar\/4c29ceac98541dd42460b2474aaa5dd37594d6ce6cb3cf2c101d09b48ee287ba?s=96&d=mm&r=g","contentUrl":"https:\/\/secure.gravatar.com\/avatar\/4c29ceac98541dd42460b2474aaa5dd37594d6ce6cb3cf2c101d09b48ee287ba?s=96&d=mm&r=g","caption":"Diario del Sur Digital"},"url":"https:\/\/diariodelsurdigital.com.ar\/?author=2"}]}},"_links":{"self":[{"href":"https:\/\/diariodelsurdigital.com.ar\/index.php?rest_route=\/wp\/v2\/posts\/5710","targetHints":{"allow":["GET"]}}],"collection":[{"href":"https:\/\/diariodelsurdigital.com.ar\/index.php?rest_route=\/wp\/v2\/posts"}],"about":[{"href":"https:\/\/diariodelsurdigital.com.ar\/index.php?rest_route=\/wp\/v2\/types\/post"}],"author":[{"embeddable":true,"href":"https:\/\/diariodelsurdigital.com.ar\/index.php?rest_route=\/wp\/v2\/users\/2"}],"replies":[{"embeddable":true,"href":"https:\/\/diariodelsurdigital.com.ar\/index.php?rest_route=%2Fwp%2Fv2%2Fcomments&post=5710"}],"version-history":[{"count":3,"href":"https:\/\/diariodelsurdigital.com.ar\/index.php?rest_route=\/wp\/v2\/posts\/5710\/revisions"}],"predecessor-version":[{"id":5714,"href":"https:\/\/diariodelsurdigital.com.ar\/index.php?rest_route=\/wp\/v2\/posts\/5710\/revisions\/5714"}],"wp:featuredmedia":[{"embeddable":true,"href":"https:\/\/diariodelsurdigital.com.ar\/index.php?rest_route=\/wp\/v2\/media\/5711"}],"wp:attachment":[{"href":"https:\/\/diariodelsurdigital.com.ar\/index.php?rest_route=%2Fwp%2Fv2%2Fmedia&parent=5710"}],"wp:term":[{"taxonomy":"category","embeddable":true,"href":"https:\/\/diariodelsurdigital.com.ar\/index.php?rest_route=%2Fwp%2Fv2%2Fcategories&post=5710"},{"taxonomy":"post_tag","embeddable":true,"href":"https:\/\/diariodelsurdigital.com.ar\/index.php?rest_route=%2Fwp%2Fv2%2Ftags&post=5710"}],"curies":[{"name":"wp","href":"https:\/\/api.w.org\/{rel}","templated":true}]}}